{"id":6025,"date":"2011-10-24T23:55:00","date_gmt":"2011-10-24T23:55:00","guid":{"rendered":"https:\/\/www.fraczinet.cl\/sitio\/2011\/10\/24\/instituto-de-salud-mental-otro-aporte-intelectual-de-nuestro-lider-aunque-el-no-sepa\/"},"modified":"2022-09-23T22:22:45","modified_gmt":"2022-09-23T22:22:45","slug":"instituto-de-salud-mental-otro-aporte-intelectual-de-nuestro-lider-aunque-el-no-sepa","status":"publish","type":"post","link":"https:\/\/www.fraczinet.cl\/sitio\/2011\/10\/24\/instituto-de-salud-mental-otro-aporte-intelectual-de-nuestro-lider-aunque-el-no-sepa\/","title":{"rendered":"Instituto De Salud Mental&#8230; Otro Aporte Intelectual De Nuestro L\u00edder"},"content":{"rendered":"<p><a href=\"http:\/\/2.bp.blogspot.com\/-YQLjTCzF02c\/TqX_RCcW1aI\/AAAAAAAATj0\/qVTr5GYhhP8\/s1600\/alf%2Bllamando.jpg\"><img decoding=\"async\" id=\"BLOGGER_PHOTO_ID_5667216374294304162\" class=\"alignleft\" style=\"display: block; margin: 0px auto 10px; text-align: center; cursor: hand; width: 400px; height: 358px;\" src=\"http:\/\/2.bp.blogspot.com\/-YQLjTCzF02c\/TqX_RCcW1aI\/AAAAAAAATj0\/qVTr5GYhhP8\/s400\/alf%2Bllamando.jpg\" alt=\"\" border=\"0\" \/><\/a><\/p>\n<p>\u00abGracias por llamar al Instituto de Salud Mental, la compa\u00f1\u00eda m\u00e1s sana para sus momentos de mayor locura&#8230;\u00bb<\/p>\n<p>\u00abSi usted es obsesivo-compulsivo,<br \/>\npresione repetidamente el n\u00famero 1\u00bb.<\/p>\n<p>\u00abSi usted es co-dependiente,<br \/>\np\u00eddale a alguien que presione el no. 2 por usted\u00bb.<\/p>\n<p>\u00abSi usted tiene m\u00faltiples personalidades,<br \/>\npresione el 3, 4, 5 y 6\u00bb.<\/p>\n<p>\u00abSi usted es paranoico,<br \/>\nnosotros ya sabemos quien es usted, sabemos lo que hace y sabemos<br \/>\nlo que quiere, de modo que espere en l\u00ednea mientras rastreamos su<br \/>\nllamada\u00bb.<\/p>\n<p>\u00abSi usted sufre de alucinaciones,<br \/>\npresione el 7 en ese Tel\u00e9fono gigante de colores que usted (y s\u00f3lo<br \/>\nusted) ve a su derecha\u00bb.<\/p>\n<p>\u00abSi usted es esquizofr\u00e9nico,<br \/>\nescuche cuidadosamente y una peque\u00f1a voz interior le indicar\u00e1 que<br \/>\nn\u00famero presionar\u00bb.<\/p>\n<p>\u00abSi usted es depresivo,<br \/>\nno importa que n\u00famero marque nada conseguir\u00e1 sacarlo de su<br \/>\nlamentable situaci\u00f3n\u00bb.<\/p>\n<p>\u00abSi usted sufre de amnesia,<br \/>\npresione 8 y diga en voz alta su nombre, direcci\u00f3n, tel\u00e9fonos,<br \/>\nc\u00e9dula, fecha de Nacimiento, estado civil y el apellido de soltera<br \/>\nde su madre\u00bb.<\/p>\n<p>\u00abSi usted sufre de indecisi\u00f3n,<br \/>\ndeje su mensaje despu\u00e9s de escuchar el tono&#8230; O antes del<br \/>\ntono&#8230; O despu\u00e9s del tono&#8230; O durante el tono. En todo caso<br \/>\nespere el tono\u00bb.<\/p>\n<p>\u00abSi sufre de p\u00e9rdida de la memoria a corto plazo,<br \/>\npresione 9.<br \/>\nSi sufre de p\u00e9rdida de la memoria a corto plazo<br \/>\npresione 9.<br \/>\nSi sufre de p\u00e9rdida de la memoria a corto plazo<br \/>\npresione 9\u00bb.<\/p>\n<p>\u00abSi tiene la autoestima baja,<br \/>\npor favor cuelgue. Todos nuestros operadores est\u00e1n atendiendo a<br \/>\npersonas m\u00e1s importantes que usted\u00bb.<\/p>\n<p>\u00abSi su crisis se debe a que usted vot\u00f3 por \u00bb Pi\u00f1era&#8230;\u00bb lo sentimos, aqu\u00ed atendemos locos, no hueones\u00bb<\/p>\n<p><span style=\"font-weight: bold;\">Fuente: El amigo de un amigo de una amiga de Facebook<\/span><\/p>\n","protected":false},"excerpt":{"rendered":"<p>\u00abGracias por llamar al Instituto de Salud Mental, la compa\u00f1\u00eda m\u00e1s sana para sus momentos de mayor locura&#8230;\u00bb \u00abSi usted es obsesivo-compulsivo, presione repetidamente el n\u00famero 1\u00bb. \u00abSi usted es co-dependiente, p\u00eddale a alguien que presione el no. 2 por usted\u00bb. \u00abSi usted tiene m\u00faltiples personalidades, presione el 3, 4, 5 y 6\u00bb. \u00abSi usted [&hellip;]<\/p>\n","protected":false},"author":1,"featured_media":13247,"comment_status":"open","ping_status":"open","sticky":false,"template":"","format":"standard","meta":{"footnotes":""},"categories":[180],"tags":[],"class_list":["post-6025","post","type-post","status-publish","format-standard","has-post-thumbnail","hentry","category-salud"],"yoast_head":"<!-- This site is optimized with the Yoast SEO plugin v25.0 - https:\/\/yoast.com\/wordpress\/plugins\/seo\/ -->\n<title>Instituto De Salud Mental... Otro Aporte Intelectual De Nuestro L\u00edder - Nuestro Bio B\u00edo<\/title>\n<meta name=\"robots\" content=\"index, follow, max-snippet:-1, max-image-preview:large, max-video-preview:-1\" \/>\n<link rel=\"canonical\" href=\"https:\/\/www.fraczinet.cl\/sitio\/2011\/10\/24\/instituto-de-salud-mental-otro-aporte-intelectual-de-nuestro-lider-aunque-el-no-sepa\/\" \/>\n<meta property=\"og:locale\" content=\"es_ES\" \/>\n<meta property=\"og:type\" content=\"article\" \/>\n<meta property=\"og:title\" content=\"Instituto De Salud Mental... Otro Aporte Intelectual De Nuestro L\u00edder - Nuestro Bio B\u00edo\" \/>\n<meta property=\"og:description\" content=\"\u00abGracias por llamar al Instituto de Salud Mental, la compa\u00f1\u00eda m\u00e1s sana para sus momentos de mayor locura&#8230;\u00bb \u00abSi usted es obsesivo-compulsivo, presione repetidamente el n\u00famero 1\u00bb. \u00abSi usted es co-dependiente, p\u00eddale a alguien que presione el no. 2 por usted\u00bb. \u00abSi usted tiene m\u00faltiples personalidades, presione el 3, 4, 5 y 6\u00bb. \u00abSi usted [&hellip;]\" \/>\n<meta property=\"og:url\" content=\"https:\/\/www.fraczinet.cl\/sitio\/2011\/10\/24\/instituto-de-salud-mental-otro-aporte-intelectual-de-nuestro-lider-aunque-el-no-sepa\/\" \/>\n<meta property=\"og:site_name\" content=\"Nuestro Bio B\u00edo\" \/>\n<meta property=\"article:published_time\" content=\"2011-10-24T23:55:00+00:00\" \/>\n<meta property=\"article:modified_time\" content=\"2022-09-23T22:22:45+00:00\" \/>\n<meta property=\"og:image\" content=\"https:\/\/www.fraczinet.cl\/sitio\/wp-content\/uploads\/2011\/10\/alf-llamando.jpg\" \/>\n\t<meta property=\"og:image:width\" content=\"404\" \/>\n\t<meta property=\"og:image:height\" content=\"362\" \/>\n\t<meta property=\"og:image:type\" content=\"image\/jpeg\" \/>\n<meta name=\"author\" content=\"admin\" \/>\n<meta name=\"twitter:card\" content=\"summary_large_image\" \/>\n<meta name=\"twitter:creator\" content=\"@nuestrobiobio\" \/>\n<meta name=\"twitter:site\" content=\"@nuestrobiobio\" \/>\n<meta name=\"twitter:label1\" content=\"Escrito por\" \/>\n\t<meta name=\"twitter:data1\" content=\"admin\" \/>\n\t<meta name=\"twitter:label2\" content=\"Tiempo de lectura\" \/>\n\t<meta name=\"twitter:data2\" content=\"1 minuto\" \/>\n<script type=\"application\/ld+json\" class=\"yoast-schema-graph\">{\"@context\":\"https:\/\/schema.org\",\"@graph\":[{\"@type\":\"Article\",\"@id\":\"https:\/\/www.fraczinet.cl\/sitio\/2011\/10\/24\/instituto-de-salud-mental-otro-aporte-intelectual-de-nuestro-lider-aunque-el-no-sepa\/#article\",\"isPartOf\":{\"@id\":\"https:\/\/www.fraczinet.cl\/sitio\/2011\/10\/24\/instituto-de-salud-mental-otro-aporte-intelectual-de-nuestro-lider-aunque-el-no-sepa\/\"},\"author\":{\"name\":\"admin\",\"@id\":\"https:\/\/www.fraczinet.cl\/sitio\/#\/schema\/person\/bc30f98e9cb10ae7e119dbe14bc93784\"},\"headline\":\"Instituto De Salud Mental&#8230; Otro Aporte Intelectual De Nuestro L\u00edder\",\"datePublished\":\"2011-10-24T23:55:00+00:00\",\"dateModified\":\"2022-09-23T22:22:45+00:00\",\"mainEntityOfPage\":{\"@id\":\"https:\/\/www.fraczinet.cl\/sitio\/2011\/10\/24\/instituto-de-salud-mental-otro-aporte-intelectual-de-nuestro-lider-aunque-el-no-sepa\/\"},\"wordCount\":307,\"commentCount\":0,\"publisher\":{\"@id\":\"https:\/\/www.fraczinet.cl\/sitio\/#\/schema\/person\/aec8ee4da68df2b9b0eefdad24a0d582\"},\"image\":{\"@id\":\"https:\/\/www.fraczinet.cl\/sitio\/2011\/10\/24\/instituto-de-salud-mental-otro-aporte-intelectual-de-nuestro-lider-aunque-el-no-sepa\/#primaryimage\"},\"thumbnailUrl\":\"https:\/\/www.fraczinet.cl\/sitio\/wp-content\/uploads\/2011\/10\/alf-llamando.jpg\",\"articleSection\":[\"Salud\"],\"inLanguage\":\"es\",\"potentialAction\":[{\"@type\":\"CommentAction\",\"name\":\"Comment\",\"target\":[\"https:\/\/www.fraczinet.cl\/sitio\/2011\/10\/24\/instituto-de-salud-mental-otro-aporte-intelectual-de-nuestro-lider-aunque-el-no-sepa\/#respond\"]}]},{\"@type\":\"WebPage\",\"@id\":\"https:\/\/www.fraczinet.cl\/sitio\/2011\/10\/24\/instituto-de-salud-mental-otro-aporte-intelectual-de-nuestro-lider-aunque-el-no-sepa\/\",\"url\":\"https:\/\/www.fraczinet.cl\/sitio\/2011\/10\/24\/instituto-de-salud-mental-otro-aporte-intelectual-de-nuestro-lider-aunque-el-no-sepa\/\",\"name\":\"Instituto De Salud Mental... Otro Aporte Intelectual De Nuestro L\u00edder - Nuestro Bio B\u00edo\",\"isPartOf\":{\"@id\":\"https:\/\/www.fraczinet.cl\/sitio\/#website\"},\"primaryImageOfPage\":{\"@id\":\"https:\/\/www.fraczinet.cl\/sitio\/2011\/10\/24\/instituto-de-salud-mental-otro-aporte-intelectual-de-nuestro-lider-aunque-el-no-sepa\/#primaryimage\"},\"image\":{\"@id\":\"https:\/\/www.fraczinet.cl\/sitio\/2011\/10\/24\/instituto-de-salud-mental-otro-aporte-intelectual-de-nuestro-lider-aunque-el-no-sepa\/#primaryimage\"},\"thumbnailUrl\":\"https:\/\/www.fraczinet.cl\/sitio\/wp-content\/uploads\/2011\/10\/alf-llamando.jpg\",\"datePublished\":\"2011-10-24T23:55:00+00:00\",\"dateModified\":\"2022-09-23T22:22:45+00:00\",\"breadcrumb\":{\"@id\":\"https:\/\/www.fraczinet.cl\/sitio\/2011\/10\/24\/instituto-de-salud-mental-otro-aporte-intelectual-de-nuestro-lider-aunque-el-no-sepa\/#breadcrumb\"},\"inLanguage\":\"es\",\"potentialAction\":[{\"@type\":\"ReadAction\",\"target\":[\"https:\/\/www.fraczinet.cl\/sitio\/2011\/10\/24\/instituto-de-salud-mental-otro-aporte-intelectual-de-nuestro-lider-aunque-el-no-sepa\/\"]}]},{\"@type\":\"ImageObject\",\"inLanguage\":\"es\",\"@id\":\"https:\/\/www.fraczinet.cl\/sitio\/2011\/10\/24\/instituto-de-salud-mental-otro-aporte-intelectual-de-nuestro-lider-aunque-el-no-sepa\/#primaryimage\",\"url\":\"https:\/\/www.fraczinet.cl\/sitio\/wp-content\/uploads\/2011\/10\/alf-llamando.jpg\",\"contentUrl\":\"https:\/\/www.fraczinet.cl\/sitio\/wp-content\/uploads\/2011\/10\/alf-llamando.jpg\",\"width\":404,\"height\":362},{\"@type\":\"BreadcrumbList\",\"@id\":\"https:\/\/www.fraczinet.cl\/sitio\/2011\/10\/24\/instituto-de-salud-mental-otro-aporte-intelectual-de-nuestro-lider-aunque-el-no-sepa\/#breadcrumb\",\"itemListElement\":[{\"@type\":\"ListItem\",\"position\":1,\"name\":\"Portada\",\"item\":\"https:\/\/www.fraczinet.cl\/sitio\/\"},{\"@type\":\"ListItem\",\"position\":2,\"name\":\"Instituto De Salud Mental&#8230; Otro Aporte Intelectual De Nuestro L\u00edder\"}]},{\"@type\":\"WebSite\",\"@id\":\"https:\/\/www.fraczinet.cl\/sitio\/#website\",\"url\":\"https:\/\/www.fraczinet.cl\/sitio\/\",\"name\":\"Nuestro Bio B\u00edo\",\"description\":\"Tierra de Encuentros\",\"publisher\":{\"@id\":\"https:\/\/www.fraczinet.cl\/sitio\/#\/schema\/person\/aec8ee4da68df2b9b0eefdad24a0d582\"},\"potentialAction\":[{\"@type\":\"SearchAction\",\"target\":{\"@type\":\"EntryPoint\",\"urlTemplate\":\"https:\/\/www.fraczinet.cl\/sitio\/?s={search_term_string}\"},\"query-input\":{\"@type\":\"PropertyValueSpecification\",\"valueRequired\":true,\"valueName\":\"search_term_string\"}}],\"inLanguage\":\"es\"},{\"@type\":[\"Person\",\"Organization\"],\"@id\":\"https:\/\/www.fraczinet.cl\/sitio\/#\/schema\/person\/aec8ee4da68df2b9b0eefdad24a0d582\",\"name\":\"Luis Fernando Fraczinet\",\"image\":{\"@type\":\"ImageObject\",\"inLanguage\":\"es\",\"@id\":\"https:\/\/www.fraczinet.cl\/sitio\/#\/schema\/person\/image\/\",\"url\":\"https:\/\/www.fraczinet.cl\/sitio\/wp-content\/uploads\/2021\/07\/bannerlogo-1.gif\",\"contentUrl\":\"https:\/\/www.fraczinet.cl\/sitio\/wp-content\/uploads\/2021\/07\/bannerlogo-1.gif\",\"width\":159,\"height\":79,\"caption\":\"Luis Fernando Fraczinet\"},\"logo\":{\"@id\":\"https:\/\/www.fraczinet.cl\/sitio\/#\/schema\/person\/image\/\"},\"sameAs\":[\"https:\/\/www.fraczinet.cl\/sitio\/\"]},{\"@type\":\"Person\",\"@id\":\"https:\/\/www.fraczinet.cl\/sitio\/#\/schema\/person\/bc30f98e9cb10ae7e119dbe14bc93784\",\"name\":\"admin\",\"image\":{\"@type\":\"ImageObject\",\"inLanguage\":\"es\",\"@id\":\"https:\/\/www.fraczinet.cl\/sitio\/#\/schema\/person\/image\/\",\"url\":\"https:\/\/secure.gravatar.com\/avatar\/d5ad3cf7ef3b23a2bb5be73be780c86b2fc8545c3ad6b149f3913ff458c00099?s=96&d=mm&r=g\",\"contentUrl\":\"https:\/\/secure.gravatar.com\/avatar\/d5ad3cf7ef3b23a2bb5be73be780c86b2fc8545c3ad6b149f3913ff458c00099?s=96&d=mm&r=g\",\"caption\":\"admin\"},\"sameAs\":[\"https:\/\/www.fraczinet.cl\/sitio\"]}]}<\/script>\n<!-- \/ Yoast SEO plugin. -->","yoast_head_json":{"title":"Instituto De Salud Mental... Otro Aporte Intelectual De Nuestro L\u00edder - Nuestro Bio B\u00edo","robots":{"index":"index","follow":"follow","max-snippet":"max-snippet:-1","max-image-preview":"max-image-preview:large","max-video-preview":"max-video-preview:-1"},"canonical":"https:\/\/www.fraczinet.cl\/sitio\/2011\/10\/24\/instituto-de-salud-mental-otro-aporte-intelectual-de-nuestro-lider-aunque-el-no-sepa\/","og_locale":"es_ES","og_type":"article","og_title":"Instituto De Salud Mental... Otro Aporte Intelectual De Nuestro L\u00edder - Nuestro Bio B\u00edo","og_description":"\u00abGracias por llamar al Instituto de Salud Mental, la compa\u00f1\u00eda m\u00e1s sana para sus momentos de mayor locura&#8230;\u00bb \u00abSi usted es obsesivo-compulsivo, presione repetidamente el n\u00famero 1\u00bb. \u00abSi usted es co-dependiente, p\u00eddale a alguien que presione el no. 2 por usted\u00bb. \u00abSi usted tiene m\u00faltiples personalidades, presione el 3, 4, 5 y 6\u00bb. \u00abSi usted [&hellip;]","og_url":"https:\/\/www.fraczinet.cl\/sitio\/2011\/10\/24\/instituto-de-salud-mental-otro-aporte-intelectual-de-nuestro-lider-aunque-el-no-sepa\/","og_site_name":"Nuestro Bio B\u00edo","article_published_time":"2011-10-24T23:55:00+00:00","article_modified_time":"2022-09-23T22:22:45+00:00","og_image":[{"width":404,"height":362,"url":"https:\/\/www.fraczinet.cl\/sitio\/wp-content\/uploads\/2011\/10\/alf-llamando.jpg","type":"image\/jpeg"}],"author":"admin","twitter_card":"summary_large_image","twitter_creator":"@nuestrobiobio","twitter_site":"@nuestrobiobio","twitter_misc":{"Escrito por":"admin","Tiempo de lectura":"1 minuto"},"schema":{"@context":"https:\/\/schema.org","@graph":[{"@type":"Article","@id":"https:\/\/www.fraczinet.cl\/sitio\/2011\/10\/24\/instituto-de-salud-mental-otro-aporte-intelectual-de-nuestro-lider-aunque-el-no-sepa\/#article","isPartOf":{"@id":"https:\/\/www.fraczinet.cl\/sitio\/2011\/10\/24\/instituto-de-salud-mental-otro-aporte-intelectual-de-nuestro-lider-aunque-el-no-sepa\/"},"author":{"name":"admin","@id":"https:\/\/www.fraczinet.cl\/sitio\/#\/schema\/person\/bc30f98e9cb10ae7e119dbe14bc93784"},"headline":"Instituto De Salud Mental&#8230; Otro Aporte Intelectual De Nuestro L\u00edder","datePublished":"2011-10-24T23:55:00+00:00","dateModified":"2022-09-23T22:22:45+00:00","mainEntityOfPage":{"@id":"https:\/\/www.fraczinet.cl\/sitio\/2011\/10\/24\/instituto-de-salud-mental-otro-aporte-intelectual-de-nuestro-lider-aunque-el-no-sepa\/"},"wordCount":307,"commentCount":0,"publisher":{"@id":"https:\/\/www.fraczinet.cl\/sitio\/#\/schema\/person\/aec8ee4da68df2b9b0eefdad24a0d582"},"image":{"@id":"https:\/\/www.fraczinet.cl\/sitio\/2011\/10\/24\/instituto-de-salud-mental-otro-aporte-intelectual-de-nuestro-lider-aunque-el-no-sepa\/#primaryimage"},"thumbnailUrl":"https:\/\/www.fraczinet.cl\/sitio\/wp-content\/uploads\/2011\/10\/alf-llamando.jpg","articleSection":["Salud"],"inLanguage":"es","potentialAction":[{"@type":"CommentAction","name":"Comment","target":["https:\/\/www.fraczinet.cl\/sitio\/2011\/10\/24\/instituto-de-salud-mental-otro-aporte-intelectual-de-nuestro-lider-aunque-el-no-sepa\/#respond"]}]},{"@type":"WebPage","@id":"https:\/\/www.fraczinet.cl\/sitio\/2011\/10\/24\/instituto-de-salud-mental-otro-aporte-intelectual-de-nuestro-lider-aunque-el-no-sepa\/","url":"https:\/\/www.fraczinet.cl\/sitio\/2011\/10\/24\/instituto-de-salud-mental-otro-aporte-intelectual-de-nuestro-lider-aunque-el-no-sepa\/","name":"Instituto De Salud Mental... Otro Aporte Intelectual De Nuestro L\u00edder - Nuestro Bio B\u00edo","isPartOf":{"@id":"https:\/\/www.fraczinet.cl\/sitio\/#website"},"primaryImageOfPage":{"@id":"https:\/\/www.fraczinet.cl\/sitio\/2011\/10\/24\/instituto-de-salud-mental-otro-aporte-intelectual-de-nuestro-lider-aunque-el-no-sepa\/#primaryimage"},"image":{"@id":"https:\/\/www.fraczinet.cl\/sitio\/2011\/10\/24\/instituto-de-salud-mental-otro-aporte-intelectual-de-nuestro-lider-aunque-el-no-sepa\/#primaryimage"},"thumbnailUrl":"https:\/\/www.fraczinet.cl\/sitio\/wp-content\/uploads\/2011\/10\/alf-llamando.jpg","datePublished":"2011-10-24T23:55:00+00:00","dateModified":"2022-09-23T22:22:45+00:00","breadcrumb":{"@id":"https:\/\/www.fraczinet.cl\/sitio\/2011\/10\/24\/instituto-de-salud-mental-otro-aporte-intelectual-de-nuestro-lider-aunque-el-no-sepa\/#breadcrumb"},"inLanguage":"es","potentialAction":[{"@type":"ReadAction","target":["https:\/\/www.fraczinet.cl\/sitio\/2011\/10\/24\/instituto-de-salud-mental-otro-aporte-intelectual-de-nuestro-lider-aunque-el-no-sepa\/"]}]},{"@type":"ImageObject","inLanguage":"es","@id":"https:\/\/www.fraczinet.cl\/sitio\/2011\/10\/24\/instituto-de-salud-mental-otro-aporte-intelectual-de-nuestro-lider-aunque-el-no-sepa\/#primaryimage","url":"https:\/\/www.fraczinet.cl\/sitio\/wp-content\/uploads\/2011\/10\/alf-llamando.jpg","contentUrl":"https:\/\/www.fraczinet.cl\/sitio\/wp-content\/uploads\/2011\/10\/alf-llamando.jpg","width":404,"height":362},{"@type":"BreadcrumbList","@id":"https:\/\/www.fraczinet.cl\/sitio\/2011\/10\/24\/instituto-de-salud-mental-otro-aporte-intelectual-de-nuestro-lider-aunque-el-no-sepa\/#breadcrumb","itemListElement":[{"@type":"ListItem","position":1,"name":"Portada","item":"https:\/\/www.fraczinet.cl\/sitio\/"},{"@type":"ListItem","position":2,"name":"Instituto De Salud Mental&#8230; Otro Aporte Intelectual De Nuestro L\u00edder"}]},{"@type":"WebSite","@id":"https:\/\/www.fraczinet.cl\/sitio\/#website","url":"https:\/\/www.fraczinet.cl\/sitio\/","name":"Nuestro Bio B\u00edo","description":"Tierra de Encuentros","publisher":{"@id":"https:\/\/www.fraczinet.cl\/sitio\/#\/schema\/person\/aec8ee4da68df2b9b0eefdad24a0d582"},"potentialAction":[{"@type":"SearchAction","target":{"@type":"EntryPoint","urlTemplate":"https:\/\/www.fraczinet.cl\/sitio\/?s={search_term_string}"},"query-input":{"@type":"PropertyValueSpecification","valueRequired":true,"valueName":"search_term_string"}}],"inLanguage":"es"},{"@type":["Person","Organization"],"@id":"https:\/\/www.fraczinet.cl\/sitio\/#\/schema\/person\/aec8ee4da68df2b9b0eefdad24a0d582","name":"Luis Fernando Fraczinet","image":{"@type":"ImageObject","inLanguage":"es","@id":"https:\/\/www.fraczinet.cl\/sitio\/#\/schema\/person\/image\/","url":"https:\/\/www.fraczinet.cl\/sitio\/wp-content\/uploads\/2021\/07\/bannerlogo-1.gif","contentUrl":"https:\/\/www.fraczinet.cl\/sitio\/wp-content\/uploads\/2021\/07\/bannerlogo-1.gif","width":159,"height":79,"caption":"Luis Fernando Fraczinet"},"logo":{"@id":"https:\/\/www.fraczinet.cl\/sitio\/#\/schema\/person\/image\/"},"sameAs":["https:\/\/www.fraczinet.cl\/sitio\/"]},{"@type":"Person","@id":"https:\/\/www.fraczinet.cl\/sitio\/#\/schema\/person\/bc30f98e9cb10ae7e119dbe14bc93784","name":"admin","image":{"@type":"ImageObject","inLanguage":"es","@id":"https:\/\/www.fraczinet.cl\/sitio\/#\/schema\/person\/image\/","url":"https:\/\/secure.gravatar.com\/avatar\/d5ad3cf7ef3b23a2bb5be73be780c86b2fc8545c3ad6b149f3913ff458c00099?s=96&d=mm&r=g","contentUrl":"https:\/\/secure.gravatar.com\/avatar\/d5ad3cf7ef3b23a2bb5be73be780c86b2fc8545c3ad6b149f3913ff458c00099?s=96&d=mm&r=g","caption":"admin"},"sameAs":["https:\/\/www.fraczinet.cl\/sitio"]}]}},"_links":{"self":[{"href":"https:\/\/www.fraczinet.cl\/sitio\/wp-json\/wp\/v2\/posts\/6025","targetHints":{"allow":["GET"]}}],"collection":[{"href":"https:\/\/www.fraczinet.cl\/sitio\/wp-json\/wp\/v2\/posts"}],"about":[{"href":"https:\/\/www.fraczinet.cl\/sitio\/wp-json\/wp\/v2\/types\/post"}],"author":[{"embeddable":true,"href":"https:\/\/www.fraczinet.cl\/sitio\/wp-json\/wp\/v2\/users\/1"}],"replies":[{"embeddable":true,"href":"https:\/\/www.fraczinet.cl\/sitio\/wp-json\/wp\/v2\/comments?post=6025"}],"version-history":[{"count":4,"href":"https:\/\/www.fraczinet.cl\/sitio\/wp-json\/wp\/v2\/posts\/6025\/revisions"}],"predecessor-version":[{"id":13252,"href":"https:\/\/www.fraczinet.cl\/sitio\/wp-json\/wp\/v2\/posts\/6025\/revisions\/13252"}],"wp:featuredmedia":[{"embeddable":true,"href":"https:\/\/www.fraczinet.cl\/sitio\/wp-json\/wp\/v2\/media\/13247"}],"wp:attachment":[{"href":"https:\/\/www.fraczinet.cl\/sitio\/wp-json\/wp\/v2\/media?parent=6025"}],"wp:term":[{"taxonomy":"category","embeddable":true,"href":"https:\/\/www.fraczinet.cl\/sitio\/wp-json\/wp\/v2\/categories?post=6025"},{"taxonomy":"post_tag","embeddable":true,"href":"https:\/\/www.fraczinet.cl\/sitio\/wp-json\/wp\/v2\/tags?post=6025"}],"curies":[{"name":"wp","href":"https:\/\/api.w.org\/{rel}","templated":true}]}}