{"id":6037,"date":"2011-10-17T19:28:00","date_gmt":"2011-10-17T19:28:00","guid":{"rendered":"https:\/\/www.fraczinet.cl\/sitio\/2011\/10\/17\/comenzaron-los-trabajos-de-instalacion-de-alcantarillado-y-agua-potable-en-nueva-aldea-comona-de-ranquil\/"},"modified":"2022-10-07T00:27:24","modified_gmt":"2022-10-07T00:27:24","slug":"comenzaron-los-trabajos-de-instalacion-de-alcantarillado-y-agua-potable-en-nueva-aldea-comona-de-ranquil","status":"publish","type":"post","link":"https:\/\/www.fraczinet.cl\/sitio\/2011\/10\/17\/comenzaron-los-trabajos-de-instalacion-de-alcantarillado-y-agua-potable-en-nueva-aldea-comona-de-ranquil\/","title":{"rendered":"Comenzaron Los Trabajos De Instalaci\u00f3n De Alcantarillado Y Agua Potable En Nueva Aldea Comona De R\u00e1nquil"},"content":{"rendered":"<p>Se iniciaron los trabajos de instalaci\u00f3n de redes de alcantarillado y agua potable y luego de pavimentaci\u00f3n del sector de Nueva Aldea de la comuna de R\u00e1nquil, que vendr\u00e1 a favorecer a las familias que por a\u00f1os vieron frustradas sus aspiraciones de contar con estos servicios tan  b\u00e1sicos en tiempos  actuales.  Las gestiones realizadas por los Dirigentes y en especial del Alcalde Sr. Carlos Garrido ante las autoridades de la Subdere dieron sus frutos y con ello se logro atraves de Fondo de acciones concursable correspondiente  a mejoramiento de barrios  y con ello  se  creo un programa de trabajo denominado Costruccion de Red de Alcantarillado y de aguas servidas de Nueva Aldea por 179.950.022 pesos cuyo plazo de ejecucion alcamza a 150 dias.  El programa incluye una posterior instalacion de red de agua potable, planta de tratamiento y pavimentacion de toda la localidad de esta manera se avanza  hacia una modernizaci\u00f3n y por ende la soluci\u00f3n a un problema que  no hab\u00eda tenido soluci\u00f3n en el tiempo y se prolongaba por a\u00f1os.  Los dirigentes manifestaron la alegr\u00eda y satisfacci\u00f3n y han sido ellos mismo los que han mantenido la comunicaci\u00f3n con la empresa para que se contrate mano obra del sector.  <a href=\"http:\/\/2.bp.blogspot.com\/-H1LchXiNLFM\/TpyEM9JQuhI\/AAAAAAAATeM\/X8dKIarHHtY\/s1600\/P1040906%2B%2528Copiar%2529.JPG\"><img decoding=\"async\" alt=\"\" border=\"0\" id=\"BLOGGER_PHOTO_ID_5664547789431945746\" src=\"http:\/\/2.bp.blogspot.com\/-H1LchXiNLFM\/TpyEM9JQuhI\/AAAAAAAATeM\/X8dKIarHHtY\/s400\/P1040906%2B%2528Copiar%2529.JPG\" style=\"cursor: pointer; display: block; height: 300px; margin: 0px auto 10px; text-align: center; width: 400px;\" \/><\/a><a href=\"http:\/\/2.bp.blogspot.com\/-JTvgETYR8ek\/TpyEM8gkuXI\/AAAAAAAATd8\/ZYak4Z9yNBA\/s1600\/P1040905%2B%2528Copiar%2529.JPG\"><img decoding=\"async\" alt=\"\" border=\"0\" id=\"BLOGGER_PHOTO_ID_5664547789261289842\" src=\"http:\/\/2.bp.blogspot.com\/-JTvgETYR8ek\/TpyEM8gkuXI\/AAAAAAAATd8\/ZYak4Z9yNBA\/s400\/P1040905%2B%2528Copiar%2529.JPG\" style=\"cursor: pointer; display: block; height: 300px; margin: 0px auto 10px; text-align: center; width: 400px;\" \/><\/a><a href=\"http:\/\/1.bp.blogspot.com\/-X79b7VypYoU\/TpyENXwZEbI\/AAAAAAAATeU\/XIR2OkWUqK8\/s1600\/P1040907%2B%2528Copiar%2529.JPG\"><img decoding=\"async\" alt=\"\" border=\"0\" id=\"BLOGGER_PHOTO_ID_5664547796575392178\" src=\"http:\/\/1.bp.blogspot.com\/-X79b7VypYoU\/TpyENXwZEbI\/AAAAAAAATeU\/XIR2OkWUqK8\/s400\/P1040907%2B%2528Copiar%2529.JPG\" style=\"cursor: pointer; display: block; height: 300px; margin: 0px auto 10px; text-align: center; width: 400px;\" \/><\/a><a href=\"http:\/\/4.bp.blogspot.com\/-kEWm1tVnbRQ\/TpyD34ZyyEI\/AAAAAAAATdg\/RpkiPapUpkI\/s1600\/P1040903%2B%2528Copiar%2529.JPG\"><img decoding=\"async\" alt=\"\" border=\"0\" id=\"BLOGGER_PHOTO_ID_5664547427381856322\" src=\"http:\/\/4.bp.blogspot.com\/-kEWm1tVnbRQ\/TpyD34ZyyEI\/AAAAAAAATdg\/RpkiPapUpkI\/s400\/P1040903%2B%2528Copiar%2529.JPG\" style=\"cursor: pointer; display: block; height: 300px; margin: 0px auto 10px; text-align: center; width: 400px;\" \/><\/a><a href=\"http:\/\/3.bp.blogspot.com\/-rqbjVYSYebA\/TpyD36HhgjI\/AAAAAAAATdY\/lgxR_GfVp6w\/s1600\/P1040902%2B%2528Copiar%2529.JPG\"><img decoding=\"async\" alt=\"\" border=\"0\" id=\"BLOGGER_PHOTO_ID_5664547427842097714\" src=\"http:\/\/3.bp.blogspot.com\/-rqbjVYSYebA\/TpyD36HhgjI\/AAAAAAAATdY\/lgxR_GfVp6w\/s400\/P1040902%2B%2528Copiar%2529.JPG\" style=\"cursor: pointer; display: block; height: 300px; margin: 0px auto 10px; text-align: center; width: 400px;\" \/><\/a><a href=\"http:\/\/4.bp.blogspot.com\/-dKynPeU0dDo\/TpyD3Ru0mrI\/AAAAAAAATdQ\/wS8YKQNAW_w\/s1600\/P1040901%2B%2528Copiar%2529.JPG\"><img decoding=\"async\" alt=\"\" border=\"0\" id=\"BLOGGER_PHOTO_ID_5664547417001073330\" src=\"http:\/\/4.bp.blogspot.com\/-dKynPeU0dDo\/TpyD3Ru0mrI\/AAAAAAAATdQ\/wS8YKQNAW_w\/s400\/P1040901%2B%2528Copiar%2529.JPG\" style=\"cursor: pointer; display: block; height: 300px; margin: 0px auto 10px; text-align: center; width: 400px;\" \/><\/a><a href=\"http:\/\/2.bp.blogspot.com\/-87PvnvDnSg0\/TpyD3G77KqI\/AAAAAAAATdA\/2W7v31fr1Ug\/s1600\/P1040900%2B%2528Copiar%2529.JPG\"><img decoding=\"async\" alt=\"\" border=\"0\" id=\"BLOGGER_PHOTO_ID_5664547414103239330\" src=\"http:\/\/2.bp.blogspot.com\/-87PvnvDnSg0\/TpyD3G77KqI\/AAAAAAAATdA\/2W7v31fr1Ug\/s400\/P1040900%2B%2528Copiar%2529.JPG\" style=\"cursor: pointer; display: block; height: 300px; margin: 0px auto 10px; text-align: center; width: 400px;\" \/><\/a><a href=\"http:\/\/2.bp.blogspot.com\/-yS3trxyVuQo\/TpyD4McTT3I\/AAAAAAAATdw\/tc4H5siTZSQ\/s1600\/P1040904%2B%2528Copiar%2529.JPG\"><img decoding=\"async\" alt=\"\" border=\"0\" id=\"BLOGGER_PHOTO_ID_5664547432761085810\" src=\"http:\/\/2.bp.blogspot.com\/-yS3trxyVuQo\/TpyD4McTT3I\/AAAAAAAATdw\/tc4H5siTZSQ\/s400\/P1040904%2B%2528Copiar%2529.JPG\" style=\"cursor: pointer; display: block; height: 300px; margin: 0px auto 10px; text-align: center; width: 400px;\" \/><\/a><\/p>\n","protected":false},"excerpt":{"rendered":"<p>Se iniciaron los trabajos de instalaci\u00f3n de redes de alcantarillado y agua potable y luego de pavimentaci\u00f3n del sector de Nueva Aldea de la comuna de R\u00e1nquil, que vendr\u00e1 a favorecer a las familias que por a\u00f1os vieron frustradas sus aspiraciones de contar con estos servicios tan b\u00e1sicos en tiempos actuales. Las gestiones realizadas por [&hellip;]<\/p>\n","protected":false},"author":1,"featured_media":0,"comment_status":"open","ping_status":"open","sticky":false,"template":"","format":"standard","meta":{"footnotes":""},"categories":[131],"tags":[],"class_list":["post-6037","post","type-post","status-publish","format-standard","hentry","category-politica"],"yoast_head":"<!-- This site is optimized with the Yoast SEO plugin v25.0 - https:\/\/yoast.com\/wordpress\/plugins\/seo\/ -->\n<title>Comenzaron Los Trabajos De Instalaci\u00f3n De Alcantarillado Y Agua Potable En Nueva Aldea Comona De R\u00e1nquil - Nuestro Bio B\u00edo<\/title>\n<meta name=\"robots\" content=\"index, follow, max-snippet:-1, max-image-preview:large, max-video-preview:-1\" \/>\n<link rel=\"canonical\" href=\"https:\/\/www.fraczinet.cl\/sitio\/2011\/10\/17\/comenzaron-los-trabajos-de-instalacion-de-alcantarillado-y-agua-potable-en-nueva-aldea-comona-de-ranquil\/\" \/>\n<meta property=\"og:locale\" content=\"es_ES\" \/>\n<meta property=\"og:type\" content=\"article\" \/>\n<meta property=\"og:title\" content=\"Comenzaron Los Trabajos De Instalaci\u00f3n De Alcantarillado Y Agua Potable En Nueva Aldea Comona De R\u00e1nquil - Nuestro Bio B\u00edo\" \/>\n<meta property=\"og:description\" content=\"Se iniciaron los trabajos de instalaci\u00f3n de redes de alcantarillado y agua potable y luego de pavimentaci\u00f3n del sector de Nueva Aldea de la comuna de R\u00e1nquil, que vendr\u00e1 a favorecer a las familias que por a\u00f1os vieron frustradas sus aspiraciones de contar con estos servicios tan b\u00e1sicos en tiempos actuales. Las gestiones realizadas por [&hellip;]\" \/>\n<meta property=\"og:url\" content=\"https:\/\/www.fraczinet.cl\/sitio\/2011\/10\/17\/comenzaron-los-trabajos-de-instalacion-de-alcantarillado-y-agua-potable-en-nueva-aldea-comona-de-ranquil\/\" \/>\n<meta property=\"og:site_name\" content=\"Nuestro Bio B\u00edo\" \/>\n<meta property=\"article:published_time\" content=\"2011-10-17T19:28:00+00:00\" \/>\n<meta property=\"article:modified_time\" content=\"2022-10-07T00:27:24+00:00\" \/>\n<meta property=\"og:image\" content=\"http:\/\/2.bp.blogspot.com\/-H1LchXiNLFM\/TpyEM9JQuhI\/AAAAAAAATeM\/X8dKIarHHtY\/s400\/P1040906%2B%2528Copiar%2529.JPG\" \/>\n<meta name=\"author\" content=\"admin\" \/>\n<meta name=\"twitter:card\" content=\"summary_large_image\" \/>\n<meta name=\"twitter:creator\" content=\"@nuestrobiobio\" \/>\n<meta name=\"twitter:site\" content=\"@nuestrobiobio\" \/>\n<meta name=\"twitter:label1\" content=\"Escrito por\" \/>\n\t<meta name=\"twitter:data1\" content=\"admin\" \/>\n\t<meta name=\"twitter:label2\" content=\"Tiempo de lectura\" \/>\n\t<meta name=\"twitter:data2\" content=\"1 minuto\" \/>\n<script type=\"application\/ld+json\" class=\"yoast-schema-graph\">{\"@context\":\"https:\/\/schema.org\",\"@graph\":[{\"@type\":\"Article\",\"@id\":\"https:\/\/www.fraczinet.cl\/sitio\/2011\/10\/17\/comenzaron-los-trabajos-de-instalacion-de-alcantarillado-y-agua-potable-en-nueva-aldea-comona-de-ranquil\/#article\",\"isPartOf\":{\"@id\":\"https:\/\/www.fraczinet.cl\/sitio\/2011\/10\/17\/comenzaron-los-trabajos-de-instalacion-de-alcantarillado-y-agua-potable-en-nueva-aldea-comona-de-ranquil\/\"},\"author\":{\"name\":\"admin\",\"@id\":\"https:\/\/www.fraczinet.cl\/sitio\/#\/schema\/person\/bc30f98e9cb10ae7e119dbe14bc93784\"},\"headline\":\"Comenzaron Los Trabajos De Instalaci\u00f3n De Alcantarillado Y Agua Potable En Nueva Aldea Comona De R\u00e1nquil\",\"datePublished\":\"2011-10-17T19:28:00+00:00\",\"dateModified\":\"2022-10-07T00:27:24+00:00\",\"mainEntityOfPage\":{\"@id\":\"https:\/\/www.fraczinet.cl\/sitio\/2011\/10\/17\/comenzaron-los-trabajos-de-instalacion-de-alcantarillado-y-agua-potable-en-nueva-aldea-comona-de-ranquil\/\"},\"wordCount\":230,\"commentCount\":0,\"publisher\":{\"@id\":\"https:\/\/www.fraczinet.cl\/sitio\/#\/schema\/person\/aec8ee4da68df2b9b0eefdad24a0d582\"},\"image\":{\"@id\":\"https:\/\/www.fraczinet.cl\/sitio\/2011\/10\/17\/comenzaron-los-trabajos-de-instalacion-de-alcantarillado-y-agua-potable-en-nueva-aldea-comona-de-ranquil\/#primaryimage\"},\"thumbnailUrl\":\"http:\/\/2.bp.blogspot.com\/-H1LchXiNLFM\/TpyEM9JQuhI\/AAAAAAAATeM\/X8dKIarHHtY\/s400\/P1040906%2B%2528Copiar%2529.JPG\",\"articleSection\":[\"Pol\u00edtica\"],\"inLanguage\":\"es\",\"potentialAction\":[{\"@type\":\"CommentAction\",\"name\":\"Comment\",\"target\":[\"https:\/\/www.fraczinet.cl\/sitio\/2011\/10\/17\/comenzaron-los-trabajos-de-instalacion-de-alcantarillado-y-agua-potable-en-nueva-aldea-comona-de-ranquil\/#respond\"]}]},{\"@type\":\"WebPage\",\"@id\":\"https:\/\/www.fraczinet.cl\/sitio\/2011\/10\/17\/comenzaron-los-trabajos-de-instalacion-de-alcantarillado-y-agua-potable-en-nueva-aldea-comona-de-ranquil\/\",\"url\":\"https:\/\/www.fraczinet.cl\/sitio\/2011\/10\/17\/comenzaron-los-trabajos-de-instalacion-de-alcantarillado-y-agua-potable-en-nueva-aldea-comona-de-ranquil\/\",\"name\":\"Comenzaron Los Trabajos De Instalaci\u00f3n De Alcantarillado Y Agua Potable En Nueva Aldea Comona De R\u00e1nquil - Nuestro Bio B\u00edo\",\"isPartOf\":{\"@id\":\"https:\/\/www.fraczinet.cl\/sitio\/#website\"},\"primaryImageOfPage\":{\"@id\":\"https:\/\/www.fraczinet.cl\/sitio\/2011\/10\/17\/comenzaron-los-trabajos-de-instalacion-de-alcantarillado-y-agua-potable-en-nueva-aldea-comona-de-ranquil\/#primaryimage\"},\"image\":{\"@id\":\"https:\/\/www.fraczinet.cl\/sitio\/2011\/10\/17\/comenzaron-los-trabajos-de-instalacion-de-alcantarillado-y-agua-potable-en-nueva-aldea-comona-de-ranquil\/#primaryimage\"},\"thumbnailUrl\":\"http:\/\/2.bp.blogspot.com\/-H1LchXiNLFM\/TpyEM9JQuhI\/AAAAAAAATeM\/X8dKIarHHtY\/s400\/P1040906%2B%2528Copiar%2529.JPG\",\"datePublished\":\"2011-10-17T19:28:00+00:00\",\"dateModified\":\"2022-10-07T00:27:24+00:00\",\"breadcrumb\":{\"@id\":\"https:\/\/www.fraczinet.cl\/sitio\/2011\/10\/17\/comenzaron-los-trabajos-de-instalacion-de-alcantarillado-y-agua-potable-en-nueva-aldea-comona-de-ranquil\/#breadcrumb\"},\"inLanguage\":\"es\",\"potentialAction\":[{\"@type\":\"ReadAction\",\"target\":[\"https:\/\/www.fraczinet.cl\/sitio\/2011\/10\/17\/comenzaron-los-trabajos-de-instalacion-de-alcantarillado-y-agua-potable-en-nueva-aldea-comona-de-ranquil\/\"]}]},{\"@type\":\"ImageObject\",\"inLanguage\":\"es\",\"@id\":\"https:\/\/www.fraczinet.cl\/sitio\/2011\/10\/17\/comenzaron-los-trabajos-de-instalacion-de-alcantarillado-y-agua-potable-en-nueva-aldea-comona-de-ranquil\/#primaryimage\",\"url\":\"http:\/\/2.bp.blogspot.com\/-H1LchXiNLFM\/TpyEM9JQuhI\/AAAAAAAATeM\/X8dKIarHHtY\/s400\/P1040906%2B%2528Copiar%2529.JPG\",\"contentUrl\":\"http:\/\/2.bp.blogspot.com\/-H1LchXiNLFM\/TpyEM9JQuhI\/AAAAAAAATeM\/X8dKIarHHtY\/s400\/P1040906%2B%2528Copiar%2529.JPG\"},{\"@type\":\"BreadcrumbList\",\"@id\":\"https:\/\/www.fraczinet.cl\/sitio\/2011\/10\/17\/comenzaron-los-trabajos-de-instalacion-de-alcantarillado-y-agua-potable-en-nueva-aldea-comona-de-ranquil\/#breadcrumb\",\"itemListElement\":[{\"@type\":\"ListItem\",\"position\":1,\"name\":\"Portada\",\"item\":\"https:\/\/www.fraczinet.cl\/sitio\/\"},{\"@type\":\"ListItem\",\"position\":2,\"name\":\"Comenzaron Los Trabajos De Instalaci\u00f3n De Alcantarillado Y Agua Potable En Nueva Aldea Comona De R\u00e1nquil\"}]},{\"@type\":\"WebSite\",\"@id\":\"https:\/\/www.fraczinet.cl\/sitio\/#website\",\"url\":\"https:\/\/www.fraczinet.cl\/sitio\/\",\"name\":\"Nuestro Bio B\u00edo\",\"description\":\"Tierra de Encuentros\",\"publisher\":{\"@id\":\"https:\/\/www.fraczinet.cl\/sitio\/#\/schema\/person\/aec8ee4da68df2b9b0eefdad24a0d582\"},\"potentialAction\":[{\"@type\":\"SearchAction\",\"target\":{\"@type\":\"EntryPoint\",\"urlTemplate\":\"https:\/\/www.fraczinet.cl\/sitio\/?s={search_term_string}\"},\"query-input\":{\"@type\":\"PropertyValueSpecification\",\"valueRequired\":true,\"valueName\":\"search_term_string\"}}],\"inLanguage\":\"es\"},{\"@type\":[\"Person\",\"Organization\"],\"@id\":\"https:\/\/www.fraczinet.cl\/sitio\/#\/schema\/person\/aec8ee4da68df2b9b0eefdad24a0d582\",\"name\":\"Luis Fernando Fraczinet\",\"image\":{\"@type\":\"ImageObject\",\"inLanguage\":\"es\",\"@id\":\"https:\/\/www.fraczinet.cl\/sitio\/#\/schema\/person\/image\/\",\"url\":\"https:\/\/www.fraczinet.cl\/sitio\/wp-content\/uploads\/2021\/07\/bannerlogo-1.gif\",\"contentUrl\":\"https:\/\/www.fraczinet.cl\/sitio\/wp-content\/uploads\/2021\/07\/bannerlogo-1.gif\",\"width\":159,\"height\":79,\"caption\":\"Luis Fernando Fraczinet\"},\"logo\":{\"@id\":\"https:\/\/www.fraczinet.cl\/sitio\/#\/schema\/person\/image\/\"},\"sameAs\":[\"https:\/\/www.fraczinet.cl\/sitio\/\"]},{\"@type\":\"Person\",\"@id\":\"https:\/\/www.fraczinet.cl\/sitio\/#\/schema\/person\/bc30f98e9cb10ae7e119dbe14bc93784\",\"name\":\"admin\",\"image\":{\"@type\":\"ImageObject\",\"inLanguage\":\"es\",\"@id\":\"https:\/\/www.fraczinet.cl\/sitio\/#\/schema\/person\/image\/\",\"url\":\"https:\/\/secure.gravatar.com\/avatar\/d5ad3cf7ef3b23a2bb5be73be780c86b2fc8545c3ad6b149f3913ff458c00099?s=96&d=mm&r=g\",\"contentUrl\":\"https:\/\/secure.gravatar.com\/avatar\/d5ad3cf7ef3b23a2bb5be73be780c86b2fc8545c3ad6b149f3913ff458c00099?s=96&d=mm&r=g\",\"caption\":\"admin\"},\"sameAs\":[\"https:\/\/www.fraczinet.cl\/sitio\"]}]}<\/script>\n<!-- \/ Yoast SEO plugin. -->","yoast_head_json":{"title":"Comenzaron Los Trabajos De Instalaci\u00f3n De Alcantarillado Y Agua Potable En Nueva Aldea Comona De R\u00e1nquil - Nuestro Bio B\u00edo","robots":{"index":"index","follow":"follow","max-snippet":"max-snippet:-1","max-image-preview":"max-image-preview:large","max-video-preview":"max-video-preview:-1"},"canonical":"https:\/\/www.fraczinet.cl\/sitio\/2011\/10\/17\/comenzaron-los-trabajos-de-instalacion-de-alcantarillado-y-agua-potable-en-nueva-aldea-comona-de-ranquil\/","og_locale":"es_ES","og_type":"article","og_title":"Comenzaron Los Trabajos De Instalaci\u00f3n De Alcantarillado Y Agua Potable En Nueva Aldea Comona De R\u00e1nquil - Nuestro Bio B\u00edo","og_description":"Se iniciaron los trabajos de instalaci\u00f3n de redes de alcantarillado y agua potable y luego de pavimentaci\u00f3n del sector de Nueva Aldea de la comuna de R\u00e1nquil, que vendr\u00e1 a favorecer a las familias que por a\u00f1os vieron frustradas sus aspiraciones de contar con estos servicios tan b\u00e1sicos en tiempos actuales. Las gestiones realizadas por [&hellip;]","og_url":"https:\/\/www.fraczinet.cl\/sitio\/2011\/10\/17\/comenzaron-los-trabajos-de-instalacion-de-alcantarillado-y-agua-potable-en-nueva-aldea-comona-de-ranquil\/","og_site_name":"Nuestro Bio B\u00edo","article_published_time":"2011-10-17T19:28:00+00:00","article_modified_time":"2022-10-07T00:27:24+00:00","og_image":[{"url":"http:\/\/2.bp.blogspot.com\/-H1LchXiNLFM\/TpyEM9JQuhI\/AAAAAAAATeM\/X8dKIarHHtY\/s400\/P1040906%2B%2528Copiar%2529.JPG","type":"","width":"","height":""}],"author":"admin","twitter_card":"summary_large_image","twitter_creator":"@nuestrobiobio","twitter_site":"@nuestrobiobio","twitter_misc":{"Escrito por":"admin","Tiempo de lectura":"1 minuto"},"schema":{"@context":"https:\/\/schema.org","@graph":[{"@type":"Article","@id":"https:\/\/www.fraczinet.cl\/sitio\/2011\/10\/17\/comenzaron-los-trabajos-de-instalacion-de-alcantarillado-y-agua-potable-en-nueva-aldea-comona-de-ranquil\/#article","isPartOf":{"@id":"https:\/\/www.fraczinet.cl\/sitio\/2011\/10\/17\/comenzaron-los-trabajos-de-instalacion-de-alcantarillado-y-agua-potable-en-nueva-aldea-comona-de-ranquil\/"},"author":{"name":"admin","@id":"https:\/\/www.fraczinet.cl\/sitio\/#\/schema\/person\/bc30f98e9cb10ae7e119dbe14bc93784"},"headline":"Comenzaron Los Trabajos De Instalaci\u00f3n De Alcantarillado Y Agua Potable En Nueva Aldea Comona De R\u00e1nquil","datePublished":"2011-10-17T19:28:00+00:00","dateModified":"2022-10-07T00:27:24+00:00","mainEntityOfPage":{"@id":"https:\/\/www.fraczinet.cl\/sitio\/2011\/10\/17\/comenzaron-los-trabajos-de-instalacion-de-alcantarillado-y-agua-potable-en-nueva-aldea-comona-de-ranquil\/"},"wordCount":230,"commentCount":0,"publisher":{"@id":"https:\/\/www.fraczinet.cl\/sitio\/#\/schema\/person\/aec8ee4da68df2b9b0eefdad24a0d582"},"image":{"@id":"https:\/\/www.fraczinet.cl\/sitio\/2011\/10\/17\/comenzaron-los-trabajos-de-instalacion-de-alcantarillado-y-agua-potable-en-nueva-aldea-comona-de-ranquil\/#primaryimage"},"thumbnailUrl":"http:\/\/2.bp.blogspot.com\/-H1LchXiNLFM\/TpyEM9JQuhI\/AAAAAAAATeM\/X8dKIarHHtY\/s400\/P1040906%2B%2528Copiar%2529.JPG","articleSection":["Pol\u00edtica"],"inLanguage":"es","potentialAction":[{"@type":"CommentAction","name":"Comment","target":["https:\/\/www.fraczinet.cl\/sitio\/2011\/10\/17\/comenzaron-los-trabajos-de-instalacion-de-alcantarillado-y-agua-potable-en-nueva-aldea-comona-de-ranquil\/#respond"]}]},{"@type":"WebPage","@id":"https:\/\/www.fraczinet.cl\/sitio\/2011\/10\/17\/comenzaron-los-trabajos-de-instalacion-de-alcantarillado-y-agua-potable-en-nueva-aldea-comona-de-ranquil\/","url":"https:\/\/www.fraczinet.cl\/sitio\/2011\/10\/17\/comenzaron-los-trabajos-de-instalacion-de-alcantarillado-y-agua-potable-en-nueva-aldea-comona-de-ranquil\/","name":"Comenzaron Los Trabajos De Instalaci\u00f3n De Alcantarillado Y Agua Potable En Nueva Aldea Comona De R\u00e1nquil - Nuestro Bio B\u00edo","isPartOf":{"@id":"https:\/\/www.fraczinet.cl\/sitio\/#website"},"primaryImageOfPage":{"@id":"https:\/\/www.fraczinet.cl\/sitio\/2011\/10\/17\/comenzaron-los-trabajos-de-instalacion-de-alcantarillado-y-agua-potable-en-nueva-aldea-comona-de-ranquil\/#primaryimage"},"image":{"@id":"https:\/\/www.fraczinet.cl\/sitio\/2011\/10\/17\/comenzaron-los-trabajos-de-instalacion-de-alcantarillado-y-agua-potable-en-nueva-aldea-comona-de-ranquil\/#primaryimage"},"thumbnailUrl":"http:\/\/2.bp.blogspot.com\/-H1LchXiNLFM\/TpyEM9JQuhI\/AAAAAAAATeM\/X8dKIarHHtY\/s400\/P1040906%2B%2528Copiar%2529.JPG","datePublished":"2011-10-17T19:28:00+00:00","dateModified":"2022-10-07T00:27:24+00:00","breadcrumb":{"@id":"https:\/\/www.fraczinet.cl\/sitio\/2011\/10\/17\/comenzaron-los-trabajos-de-instalacion-de-alcantarillado-y-agua-potable-en-nueva-aldea-comona-de-ranquil\/#breadcrumb"},"inLanguage":"es","potentialAction":[{"@type":"ReadAction","target":["https:\/\/www.fraczinet.cl\/sitio\/2011\/10\/17\/comenzaron-los-trabajos-de-instalacion-de-alcantarillado-y-agua-potable-en-nueva-aldea-comona-de-ranquil\/"]}]},{"@type":"ImageObject","inLanguage":"es","@id":"https:\/\/www.fraczinet.cl\/sitio\/2011\/10\/17\/comenzaron-los-trabajos-de-instalacion-de-alcantarillado-y-agua-potable-en-nueva-aldea-comona-de-ranquil\/#primaryimage","url":"http:\/\/2.bp.blogspot.com\/-H1LchXiNLFM\/TpyEM9JQuhI\/AAAAAAAATeM\/X8dKIarHHtY\/s400\/P1040906%2B%2528Copiar%2529.JPG","contentUrl":"http:\/\/2.bp.blogspot.com\/-H1LchXiNLFM\/TpyEM9JQuhI\/AAAAAAAATeM\/X8dKIarHHtY\/s400\/P1040906%2B%2528Copiar%2529.JPG"},{"@type":"BreadcrumbList","@id":"https:\/\/www.fraczinet.cl\/sitio\/2011\/10\/17\/comenzaron-los-trabajos-de-instalacion-de-alcantarillado-y-agua-potable-en-nueva-aldea-comona-de-ranquil\/#breadcrumb","itemListElement":[{"@type":"ListItem","position":1,"name":"Portada","item":"https:\/\/www.fraczinet.cl\/sitio\/"},{"@type":"ListItem","position":2,"name":"Comenzaron Los Trabajos De Instalaci\u00f3n De Alcantarillado Y Agua Potable En Nueva Aldea Comona De R\u00e1nquil"}]},{"@type":"WebSite","@id":"https:\/\/www.fraczinet.cl\/sitio\/#website","url":"https:\/\/www.fraczinet.cl\/sitio\/","name":"Nuestro Bio B\u00edo","description":"Tierra de Encuentros","publisher":{"@id":"https:\/\/www.fraczinet.cl\/sitio\/#\/schema\/person\/aec8ee4da68df2b9b0eefdad24a0d582"},"potentialAction":[{"@type":"SearchAction","target":{"@type":"EntryPoint","urlTemplate":"https:\/\/www.fraczinet.cl\/sitio\/?s={search_term_string}"},"query-input":{"@type":"PropertyValueSpecification","valueRequired":true,"valueName":"search_term_string"}}],"inLanguage":"es"},{"@type":["Person","Organization"],"@id":"https:\/\/www.fraczinet.cl\/sitio\/#\/schema\/person\/aec8ee4da68df2b9b0eefdad24a0d582","name":"Luis Fernando Fraczinet","image":{"@type":"ImageObject","inLanguage":"es","@id":"https:\/\/www.fraczinet.cl\/sitio\/#\/schema\/person\/image\/","url":"https:\/\/www.fraczinet.cl\/sitio\/wp-content\/uploads\/2021\/07\/bannerlogo-1.gif","contentUrl":"https:\/\/www.fraczinet.cl\/sitio\/wp-content\/uploads\/2021\/07\/bannerlogo-1.gif","width":159,"height":79,"caption":"Luis Fernando Fraczinet"},"logo":{"@id":"https:\/\/www.fraczinet.cl\/sitio\/#\/schema\/person\/image\/"},"sameAs":["https:\/\/www.fraczinet.cl\/sitio\/"]},{"@type":"Person","@id":"https:\/\/www.fraczinet.cl\/sitio\/#\/schema\/person\/bc30f98e9cb10ae7e119dbe14bc93784","name":"admin","image":{"@type":"ImageObject","inLanguage":"es","@id":"https:\/\/www.fraczinet.cl\/sitio\/#\/schema\/person\/image\/","url":"https:\/\/secure.gravatar.com\/avatar\/d5ad3cf7ef3b23a2bb5be73be780c86b2fc8545c3ad6b149f3913ff458c00099?s=96&d=mm&r=g","contentUrl":"https:\/\/secure.gravatar.com\/avatar\/d5ad3cf7ef3b23a2bb5be73be780c86b2fc8545c3ad6b149f3913ff458c00099?s=96&d=mm&r=g","caption":"admin"},"sameAs":["https:\/\/www.fraczinet.cl\/sitio"]}]}},"_links":{"self":[{"href":"https:\/\/www.fraczinet.cl\/sitio\/wp-json\/wp\/v2\/posts\/6037","targetHints":{"allow":["GET"]}}],"collection":[{"href":"https:\/\/www.fraczinet.cl\/sitio\/wp-json\/wp\/v2\/posts"}],"about":[{"href":"https:\/\/www.fraczinet.cl\/sitio\/wp-json\/wp\/v2\/types\/post"}],"author":[{"embeddable":true,"href":"https:\/\/www.fraczinet.cl\/sitio\/wp-json\/wp\/v2\/users\/1"}],"replies":[{"embeddable":true,"href":"https:\/\/www.fraczinet.cl\/sitio\/wp-json\/wp\/v2\/comments?post=6037"}],"version-history":[{"count":1,"href":"https:\/\/www.fraczinet.cl\/sitio\/wp-json\/wp\/v2\/posts\/6037\/revisions"}],"predecessor-version":[{"id":14399,"href":"https:\/\/www.fraczinet.cl\/sitio\/wp-json\/wp\/v2\/posts\/6037\/revisions\/14399"}],"wp:attachment":[{"href":"https:\/\/www.fraczinet.cl\/sitio\/wp-json\/wp\/v2\/media?parent=6037"}],"wp:term":[{"taxonomy":"category","embeddable":true,"href":"https:\/\/www.fraczinet.cl\/sitio\/wp-json\/wp\/v2\/categories?post=6037"},{"taxonomy":"post_tag","embeddable":true,"href":"https:\/\/www.fraczinet.cl\/sitio\/wp-json\/wp\/v2\/tags?post=6037"}],"curies":[{"name":"wp","href":"https:\/\/api.w.org\/{rel}","templated":true}]}}