{"id":6079,"date":"2011-08-30T12:39:00","date_gmt":"2011-08-30T12:39:00","guid":{"rendered":"https:\/\/www.fraczinet.cl\/sitio\/2011\/08\/30\/unicef-critica-al-excluyente-sistema-educativo-chileno\/"},"modified":"2022-09-23T23:41:31","modified_gmt":"2022-09-23T23:41:31","slug":"unicef-critica-al-excluyente-sistema-educativo-chileno","status":"publish","type":"post","link":"https:\/\/www.fraczinet.cl\/sitio\/2011\/08\/30\/unicef-critica-al-excluyente-sistema-educativo-chileno\/","title":{"rendered":"UNICEF Critica Al Excluyente Sistema Educativo Chileno"},"content":{"rendered":"<p><a href=\"https:\/\/www.youtube.com\/watch?v=rar9CacYm2c\">https:\/\/www.youtube.com\/watch?v=rar9CacYm2c<\/a><\/p>\n<p>El Fondo de las Naciones Unidas para la Infancia (UNICEF), ha reconocido abiertamente que el sistema educativo en Chile es uno de los m\u00e1s excluyentes del mundo, por lo que los pobres reciben una pobre educaci\u00f3n y los ricos una excelente educaci\u00f3n.<\/p>\n","protected":false},"excerpt":{"rendered":"<p>El Fondo de las Naciones Unidas para la Infancia (UNICEF), ha reconocido abiertamente que el sistema educativo en Chile es uno de los m\u00e1s excluyentes del mundo, por lo que los pobres reciben una pobre educaci\u00f3n y los ricos una excelente educaci\u00f3n.<\/p>\n","protected":false},"author":1,"featured_media":13289,"comment_status":"open","ping_status":"open","sticky":false,"template":"","format":"standard","meta":{"footnotes":""},"categories":[151],"tags":[],"class_list":["post-6079","post","type-post","status-publish","format-standard","has-post-thumbnail","hentry","category-educacion"],"yoast_head":"<!-- This site is optimized with the Yoast SEO plugin v25.0 - https:\/\/yoast.com\/wordpress\/plugins\/seo\/ -->\n<title>UNICEF Critica Al Excluyente Sistema Educativo Chileno - Nuestro Bio B\u00edo<\/title>\n<meta name=\"robots\" content=\"index, follow, max-snippet:-1, max-image-preview:large, max-video-preview:-1\" \/>\n<link rel=\"canonical\" href=\"https:\/\/www.fraczinet.cl\/sitio\/2011\/08\/30\/unicef-critica-al-excluyente-sistema-educativo-chileno\/\" \/>\n<meta property=\"og:locale\" content=\"es_ES\" \/>\n<meta property=\"og:type\" content=\"article\" \/>\n<meta property=\"og:title\" content=\"UNICEF Critica Al Excluyente Sistema Educativo Chileno - Nuestro Bio B\u00edo\" \/>\n<meta property=\"og:description\" content=\"El Fondo de las Naciones Unidas para la Infancia (UNICEF), ha reconocido abiertamente que el sistema educativo en Chile es uno de los m\u00e1s excluyentes del mundo, por lo que los pobres reciben una pobre educaci\u00f3n y los ricos una excelente educaci\u00f3n.\" \/>\n<meta property=\"og:url\" content=\"https:\/\/www.fraczinet.cl\/sitio\/2011\/08\/30\/unicef-critica-al-excluyente-sistema-educativo-chileno\/\" \/>\n<meta property=\"og:site_name\" content=\"Nuestro Bio B\u00edo\" \/>\n<meta property=\"article:published_time\" content=\"2011-08-30T12:39:00+00:00\" \/>\n<meta property=\"article:modified_time\" content=\"2022-09-23T23:41:31+00:00\" \/>\n<meta property=\"og:image\" content=\"https:\/\/www.fraczinet.cl\/sitio\/wp-content\/uploads\/2011\/08\/Unicef.png\" \/>\n\t<meta property=\"og:image:width\" content=\"216\" \/>\n\t<meta property=\"og:image:height\" content=\"183\" \/>\n\t<meta property=\"og:image:type\" content=\"image\/png\" \/>\n<meta name=\"author\" content=\"admin\" \/>\n<meta name=\"twitter:card\" content=\"summary_large_image\" \/>\n<meta name=\"twitter:creator\" content=\"@nuestrobiobio\" \/>\n<meta name=\"twitter:site\" content=\"@nuestrobiobio\" \/>\n<meta name=\"twitter:label1\" content=\"Escrito por\" \/>\n\t<meta name=\"twitter:data1\" content=\"admin\" \/>\n<script type=\"application\/ld+json\" class=\"yoast-schema-graph\">{\"@context\":\"https:\/\/schema.org\",\"@graph\":[{\"@type\":\"Article\",\"@id\":\"https:\/\/www.fraczinet.cl\/sitio\/2011\/08\/30\/unicef-critica-al-excluyente-sistema-educativo-chileno\/#article\",\"isPartOf\":{\"@id\":\"https:\/\/www.fraczinet.cl\/sitio\/2011\/08\/30\/unicef-critica-al-excluyente-sistema-educativo-chileno\/\"},\"author\":{\"name\":\"admin\",\"@id\":\"https:\/\/www.fraczinet.cl\/sitio\/#\/schema\/person\/bc30f98e9cb10ae7e119dbe14bc93784\"},\"headline\":\"UNICEF Critica Al Excluyente Sistema Educativo Chileno\",\"datePublished\":\"2011-08-30T12:39:00+00:00\",\"dateModified\":\"2022-09-23T23:41:31+00:00\",\"mainEntityOfPage\":{\"@id\":\"https:\/\/www.fraczinet.cl\/sitio\/2011\/08\/30\/unicef-critica-al-excluyente-sistema-educativo-chileno\/\"},\"wordCount\":63,\"commentCount\":0,\"publisher\":{\"@id\":\"https:\/\/www.fraczinet.cl\/sitio\/#\/schema\/person\/aec8ee4da68df2b9b0eefdad24a0d582\"},\"image\":{\"@id\":\"https:\/\/www.fraczinet.cl\/sitio\/2011\/08\/30\/unicef-critica-al-excluyente-sistema-educativo-chileno\/#primaryimage\"},\"thumbnailUrl\":\"https:\/\/www.fraczinet.cl\/sitio\/wp-content\/uploads\/2011\/08\/Unicef.png\",\"articleSection\":[\"Educaci\u00f3n\"],\"inLanguage\":\"es\",\"potentialAction\":[{\"@type\":\"CommentAction\",\"name\":\"Comment\",\"target\":[\"https:\/\/www.fraczinet.cl\/sitio\/2011\/08\/30\/unicef-critica-al-excluyente-sistema-educativo-chileno\/#respond\"]}]},{\"@type\":\"WebPage\",\"@id\":\"https:\/\/www.fraczinet.cl\/sitio\/2011\/08\/30\/unicef-critica-al-excluyente-sistema-educativo-chileno\/\",\"url\":\"https:\/\/www.fraczinet.cl\/sitio\/2011\/08\/30\/unicef-critica-al-excluyente-sistema-educativo-chileno\/\",\"name\":\"UNICEF Critica Al Excluyente Sistema Educativo Chileno - Nuestro Bio B\u00edo\",\"isPartOf\":{\"@id\":\"https:\/\/www.fraczinet.cl\/sitio\/#website\"},\"primaryImageOfPage\":{\"@id\":\"https:\/\/www.fraczinet.cl\/sitio\/2011\/08\/30\/unicef-critica-al-excluyente-sistema-educativo-chileno\/#primaryimage\"},\"image\":{\"@id\":\"https:\/\/www.fraczinet.cl\/sitio\/2011\/08\/30\/unicef-critica-al-excluyente-sistema-educativo-chileno\/#primaryimage\"},\"thumbnailUrl\":\"https:\/\/www.fraczinet.cl\/sitio\/wp-content\/uploads\/2011\/08\/Unicef.png\",\"datePublished\":\"2011-08-30T12:39:00+00:00\",\"dateModified\":\"2022-09-23T23:41:31+00:00\",\"breadcrumb\":{\"@id\":\"https:\/\/www.fraczinet.cl\/sitio\/2011\/08\/30\/unicef-critica-al-excluyente-sistema-educativo-chileno\/#breadcrumb\"},\"inLanguage\":\"es\",\"potentialAction\":[{\"@type\":\"ReadAction\",\"target\":[\"https:\/\/www.fraczinet.cl\/sitio\/2011\/08\/30\/unicef-critica-al-excluyente-sistema-educativo-chileno\/\"]}]},{\"@type\":\"ImageObject\",\"inLanguage\":\"es\",\"@id\":\"https:\/\/www.fraczinet.cl\/sitio\/2011\/08\/30\/unicef-critica-al-excluyente-sistema-educativo-chileno\/#primaryimage\",\"url\":\"https:\/\/www.fraczinet.cl\/sitio\/wp-content\/uploads\/2011\/08\/Unicef.png\",\"contentUrl\":\"https:\/\/www.fraczinet.cl\/sitio\/wp-content\/uploads\/2011\/08\/Unicef.png\",\"width\":216,\"height\":183},{\"@type\":\"BreadcrumbList\",\"@id\":\"https:\/\/www.fraczinet.cl\/sitio\/2011\/08\/30\/unicef-critica-al-excluyente-sistema-educativo-chileno\/#breadcrumb\",\"itemListElement\":[{\"@type\":\"ListItem\",\"position\":1,\"name\":\"Portada\",\"item\":\"https:\/\/www.fraczinet.cl\/sitio\/\"},{\"@type\":\"ListItem\",\"position\":2,\"name\":\"UNICEF Critica Al Excluyente Sistema Educativo Chileno\"}]},{\"@type\":\"WebSite\",\"@id\":\"https:\/\/www.fraczinet.cl\/sitio\/#website\",\"url\":\"https:\/\/www.fraczinet.cl\/sitio\/\",\"name\":\"Nuestro Bio B\u00edo\",\"description\":\"Tierra de Encuentros\",\"publisher\":{\"@id\":\"https:\/\/www.fraczinet.cl\/sitio\/#\/schema\/person\/aec8ee4da68df2b9b0eefdad24a0d582\"},\"potentialAction\":[{\"@type\":\"SearchAction\",\"target\":{\"@type\":\"EntryPoint\",\"urlTemplate\":\"https:\/\/www.fraczinet.cl\/sitio\/?s={search_term_string}\"},\"query-input\":{\"@type\":\"PropertyValueSpecification\",\"valueRequired\":true,\"valueName\":\"search_term_string\"}}],\"inLanguage\":\"es\"},{\"@type\":[\"Person\",\"Organization\"],\"@id\":\"https:\/\/www.fraczinet.cl\/sitio\/#\/schema\/person\/aec8ee4da68df2b9b0eefdad24a0d582\",\"name\":\"Luis Fernando Fraczinet\",\"image\":{\"@type\":\"ImageObject\",\"inLanguage\":\"es\",\"@id\":\"https:\/\/www.fraczinet.cl\/sitio\/#\/schema\/person\/image\/\",\"url\":\"https:\/\/www.fraczinet.cl\/sitio\/wp-content\/uploads\/2021\/07\/bannerlogo-1.gif\",\"contentUrl\":\"https:\/\/www.fraczinet.cl\/sitio\/wp-content\/uploads\/2021\/07\/bannerlogo-1.gif\",\"width\":159,\"height\":79,\"caption\":\"Luis Fernando Fraczinet\"},\"logo\":{\"@id\":\"https:\/\/www.fraczinet.cl\/sitio\/#\/schema\/person\/image\/\"},\"sameAs\":[\"https:\/\/www.fraczinet.cl\/sitio\/\"]},{\"@type\":\"Person\",\"@id\":\"https:\/\/www.fraczinet.cl\/sitio\/#\/schema\/person\/bc30f98e9cb10ae7e119dbe14bc93784\",\"name\":\"admin\",\"image\":{\"@type\":\"ImageObject\",\"inLanguage\":\"es\",\"@id\":\"https:\/\/www.fraczinet.cl\/sitio\/#\/schema\/person\/image\/\",\"url\":\"https:\/\/secure.gravatar.com\/avatar\/d5ad3cf7ef3b23a2bb5be73be780c86b2fc8545c3ad6b149f3913ff458c00099?s=96&d=mm&r=g\",\"contentUrl\":\"https:\/\/secure.gravatar.com\/avatar\/d5ad3cf7ef3b23a2bb5be73be780c86b2fc8545c3ad6b149f3913ff458c00099?s=96&d=mm&r=g\",\"caption\":\"admin\"},\"sameAs\":[\"https:\/\/www.fraczinet.cl\/sitio\"]}]}<\/script>\n<!-- \/ Yoast SEO plugin. -->","yoast_head_json":{"title":"UNICEF Critica Al Excluyente Sistema Educativo Chileno - Nuestro Bio B\u00edo","robots":{"index":"index","follow":"follow","max-snippet":"max-snippet:-1","max-image-preview":"max-image-preview:large","max-video-preview":"max-video-preview:-1"},"canonical":"https:\/\/www.fraczinet.cl\/sitio\/2011\/08\/30\/unicef-critica-al-excluyente-sistema-educativo-chileno\/","og_locale":"es_ES","og_type":"article","og_title":"UNICEF Critica Al Excluyente Sistema Educativo Chileno - Nuestro Bio B\u00edo","og_description":"El Fondo de las Naciones Unidas para la Infancia (UNICEF), ha reconocido abiertamente que el sistema educativo en Chile es uno de los m\u00e1s excluyentes del mundo, por lo que los pobres reciben una pobre educaci\u00f3n y los ricos una excelente educaci\u00f3n.","og_url":"https:\/\/www.fraczinet.cl\/sitio\/2011\/08\/30\/unicef-critica-al-excluyente-sistema-educativo-chileno\/","og_site_name":"Nuestro Bio B\u00edo","article_published_time":"2011-08-30T12:39:00+00:00","article_modified_time":"2022-09-23T23:41:31+00:00","og_image":[{"width":216,"height":183,"url":"https:\/\/www.fraczinet.cl\/sitio\/wp-content\/uploads\/2011\/08\/Unicef.png","type":"image\/png"}],"author":"admin","twitter_card":"summary_large_image","twitter_creator":"@nuestrobiobio","twitter_site":"@nuestrobiobio","twitter_misc":{"Escrito por":"admin"},"schema":{"@context":"https:\/\/schema.org","@graph":[{"@type":"Article","@id":"https:\/\/www.fraczinet.cl\/sitio\/2011\/08\/30\/unicef-critica-al-excluyente-sistema-educativo-chileno\/#article","isPartOf":{"@id":"https:\/\/www.fraczinet.cl\/sitio\/2011\/08\/30\/unicef-critica-al-excluyente-sistema-educativo-chileno\/"},"author":{"name":"admin","@id":"https:\/\/www.fraczinet.cl\/sitio\/#\/schema\/person\/bc30f98e9cb10ae7e119dbe14bc93784"},"headline":"UNICEF Critica Al Excluyente Sistema Educativo Chileno","datePublished":"2011-08-30T12:39:00+00:00","dateModified":"2022-09-23T23:41:31+00:00","mainEntityOfPage":{"@id":"https:\/\/www.fraczinet.cl\/sitio\/2011\/08\/30\/unicef-critica-al-excluyente-sistema-educativo-chileno\/"},"wordCount":63,"commentCount":0,"publisher":{"@id":"https:\/\/www.fraczinet.cl\/sitio\/#\/schema\/person\/aec8ee4da68df2b9b0eefdad24a0d582"},"image":{"@id":"https:\/\/www.fraczinet.cl\/sitio\/2011\/08\/30\/unicef-critica-al-excluyente-sistema-educativo-chileno\/#primaryimage"},"thumbnailUrl":"https:\/\/www.fraczinet.cl\/sitio\/wp-content\/uploads\/2011\/08\/Unicef.png","articleSection":["Educaci\u00f3n"],"inLanguage":"es","potentialAction":[{"@type":"CommentAction","name":"Comment","target":["https:\/\/www.fraczinet.cl\/sitio\/2011\/08\/30\/unicef-critica-al-excluyente-sistema-educativo-chileno\/#respond"]}]},{"@type":"WebPage","@id":"https:\/\/www.fraczinet.cl\/sitio\/2011\/08\/30\/unicef-critica-al-excluyente-sistema-educativo-chileno\/","url":"https:\/\/www.fraczinet.cl\/sitio\/2011\/08\/30\/unicef-critica-al-excluyente-sistema-educativo-chileno\/","name":"UNICEF Critica Al Excluyente Sistema Educativo Chileno - Nuestro Bio B\u00edo","isPartOf":{"@id":"https:\/\/www.fraczinet.cl\/sitio\/#website"},"primaryImageOfPage":{"@id":"https:\/\/www.fraczinet.cl\/sitio\/2011\/08\/30\/unicef-critica-al-excluyente-sistema-educativo-chileno\/#primaryimage"},"image":{"@id":"https:\/\/www.fraczinet.cl\/sitio\/2011\/08\/30\/unicef-critica-al-excluyente-sistema-educativo-chileno\/#primaryimage"},"thumbnailUrl":"https:\/\/www.fraczinet.cl\/sitio\/wp-content\/uploads\/2011\/08\/Unicef.png","datePublished":"2011-08-30T12:39:00+00:00","dateModified":"2022-09-23T23:41:31+00:00","breadcrumb":{"@id":"https:\/\/www.fraczinet.cl\/sitio\/2011\/08\/30\/unicef-critica-al-excluyente-sistema-educativo-chileno\/#breadcrumb"},"inLanguage":"es","potentialAction":[{"@type":"ReadAction","target":["https:\/\/www.fraczinet.cl\/sitio\/2011\/08\/30\/unicef-critica-al-excluyente-sistema-educativo-chileno\/"]}]},{"@type":"ImageObject","inLanguage":"es","@id":"https:\/\/www.fraczinet.cl\/sitio\/2011\/08\/30\/unicef-critica-al-excluyente-sistema-educativo-chileno\/#primaryimage","url":"https:\/\/www.fraczinet.cl\/sitio\/wp-content\/uploads\/2011\/08\/Unicef.png","contentUrl":"https:\/\/www.fraczinet.cl\/sitio\/wp-content\/uploads\/2011\/08\/Unicef.png","width":216,"height":183},{"@type":"BreadcrumbList","@id":"https:\/\/www.fraczinet.cl\/sitio\/2011\/08\/30\/unicef-critica-al-excluyente-sistema-educativo-chileno\/#breadcrumb","itemListElement":[{"@type":"ListItem","position":1,"name":"Portada","item":"https:\/\/www.fraczinet.cl\/sitio\/"},{"@type":"ListItem","position":2,"name":"UNICEF Critica Al Excluyente Sistema Educativo Chileno"}]},{"@type":"WebSite","@id":"https:\/\/www.fraczinet.cl\/sitio\/#website","url":"https:\/\/www.fraczinet.cl\/sitio\/","name":"Nuestro Bio B\u00edo","description":"Tierra de Encuentros","publisher":{"@id":"https:\/\/www.fraczinet.cl\/sitio\/#\/schema\/person\/aec8ee4da68df2b9b0eefdad24a0d582"},"potentialAction":[{"@type":"SearchAction","target":{"@type":"EntryPoint","urlTemplate":"https:\/\/www.fraczinet.cl\/sitio\/?s={search_term_string}"},"query-input":{"@type":"PropertyValueSpecification","valueRequired":true,"valueName":"search_term_string"}}],"inLanguage":"es"},{"@type":["Person","Organization"],"@id":"https:\/\/www.fraczinet.cl\/sitio\/#\/schema\/person\/aec8ee4da68df2b9b0eefdad24a0d582","name":"Luis Fernando Fraczinet","image":{"@type":"ImageObject","inLanguage":"es","@id":"https:\/\/www.fraczinet.cl\/sitio\/#\/schema\/person\/image\/","url":"https:\/\/www.fraczinet.cl\/sitio\/wp-content\/uploads\/2021\/07\/bannerlogo-1.gif","contentUrl":"https:\/\/www.fraczinet.cl\/sitio\/wp-content\/uploads\/2021\/07\/bannerlogo-1.gif","width":159,"height":79,"caption":"Luis Fernando Fraczinet"},"logo":{"@id":"https:\/\/www.fraczinet.cl\/sitio\/#\/schema\/person\/image\/"},"sameAs":["https:\/\/www.fraczinet.cl\/sitio\/"]},{"@type":"Person","@id":"https:\/\/www.fraczinet.cl\/sitio\/#\/schema\/person\/bc30f98e9cb10ae7e119dbe14bc93784","name":"admin","image":{"@type":"ImageObject","inLanguage":"es","@id":"https:\/\/www.fraczinet.cl\/sitio\/#\/schema\/person\/image\/","url":"https:\/\/secure.gravatar.com\/avatar\/d5ad3cf7ef3b23a2bb5be73be780c86b2fc8545c3ad6b149f3913ff458c00099?s=96&d=mm&r=g","contentUrl":"https:\/\/secure.gravatar.com\/avatar\/d5ad3cf7ef3b23a2bb5be73be780c86b2fc8545c3ad6b149f3913ff458c00099?s=96&d=mm&r=g","caption":"admin"},"sameAs":["https:\/\/www.fraczinet.cl\/sitio"]}]}},"_links":{"self":[{"href":"https:\/\/www.fraczinet.cl\/sitio\/wp-json\/wp\/v2\/posts\/6079","targetHints":{"allow":["GET"]}}],"collection":[{"href":"https:\/\/www.fraczinet.cl\/sitio\/wp-json\/wp\/v2\/posts"}],"about":[{"href":"https:\/\/www.fraczinet.cl\/sitio\/wp-json\/wp\/v2\/types\/post"}],"author":[{"embeddable":true,"href":"https:\/\/www.fraczinet.cl\/sitio\/wp-json\/wp\/v2\/users\/1"}],"replies":[{"embeddable":true,"href":"https:\/\/www.fraczinet.cl\/sitio\/wp-json\/wp\/v2\/comments?post=6079"}],"version-history":[{"count":2,"href":"https:\/\/www.fraczinet.cl\/sitio\/wp-json\/wp\/v2\/posts\/6079\/revisions"}],"predecessor-version":[{"id":13290,"href":"https:\/\/www.fraczinet.cl\/sitio\/wp-json\/wp\/v2\/posts\/6079\/revisions\/13290"}],"wp:featuredmedia":[{"embeddable":true,"href":"https:\/\/www.fraczinet.cl\/sitio\/wp-json\/wp\/v2\/media\/13289"}],"wp:attachment":[{"href":"https:\/\/www.fraczinet.cl\/sitio\/wp-json\/wp\/v2\/media?parent=6079"}],"wp:term":[{"taxonomy":"category","embeddable":true,"href":"https:\/\/www.fraczinet.cl\/sitio\/wp-json\/wp\/v2\/categories?post=6079"},{"taxonomy":"post_tag","embeddable":true,"href":"https:\/\/www.fraczinet.cl\/sitio\/wp-json\/wp\/v2\/tags?post=6079"}],"curies":[{"name":"wp","href":"https:\/\/api.w.org\/{rel}","templated":true}]}}