{"id":6080,"date":"2011-08-29T21:16:00","date_gmt":"2011-08-29T21:16:00","guid":{"rendered":"https:\/\/www.fraczinet.cl\/sitio\/2011\/08\/29\/tertulia-ohiggins-y-carrera-padres-fundadores\/"},"modified":"2022-10-04T14:21:31","modified_gmt":"2022-10-04T14:21:31","slug":"tertulia-ohiggins-y-carrera-padres-fundadores","status":"publish","type":"post","link":"https:\/\/www.fraczinet.cl\/sitio\/2011\/08\/29\/tertulia-ohiggins-y-carrera-padres-fundadores\/","title":{"rendered":"Tertulia: O&#8217;Higgins Y Carrera Padres Fundadores"},"content":{"rendered":"<p><a href=\"http:\/\/3.bp.blogspot.com\/-0eeRXxZssXY\/TlwDTWmfowI\/AAAAAAAATNw\/l8ersVe_CkQ\/s1600\/Carrera.jpg\"><img decoding=\"async\" alt=\"\" border=\"0\" id=\"BLOGGER_PHOTO_ID_5646391663835194114\" src=\"http:\/\/3.bp.blogspot.com\/-0eeRXxZssXY\/TlwDTWmfowI\/AAAAAAAATNw\/l8ersVe_CkQ\/s400\/Carrera.jpg\" style=\"cursor: pointer; float: left; height: 257px; margin: 0px 10px 10px 0px; width: 196px;\" \/><\/a>La Corporaci\u00f3n de Monumentos Hist\u00f3ricos Nacionales de Los \u00c1ngeles, tiene el agrado de invitarlo a su tradicional tertulia del primer jueves de cada mes.  En esta oportunidad el tema a tratar ser\u00e1:  \u00abO\u2019Higgins y Carrera Padres Fundadores\u00bb.  As\u00ed como en el Senado y en la capital de la rep\u00fablica se han hecho esfuerzos por destacar lo que uni\u00f3 a nuestros padres fundadores, invitamos a una tertulia para rescatar, despu\u00e9s de 200 a\u00f1os el legado de O\u2019Higgins y Carrera.&nbsp;<\/p>\n<div><\/div>\n<div>Liderar\u00e1n esta conversaci\u00f3n los se\u00f1ores Alejandro Mege e \u00cdtalo Ansiani se explayar\u00e1n en el tema. Esperamos que  el p\u00fablico asistente contribuya a enriquecer el an\u00e1lisis al comenzar el mes de Septiembre, mes de la patria.  Como siempre esta actividad se llevar\u00e1 a cabo el pr\u00f3ximo Jueves, 1 de septiembre a las 19 hrs., en el auditorio de la Universidad Santo Tom\u00e1s, en calle Lautaro 286.    Aprovechamos la oportunidad para agradecer la gentileza de esta casa de estudios por su constante apoyo en nuestra labor.  CORPORACION DE MONUMENTOS HISTORICOS NACIONALES DE LOS ANGELES Abril 2011 corp.monumentos.historicos.nac.la@gmail.com &#8211;  9-716-4087- 043-369727<\/div>\n","protected":false},"excerpt":{"rendered":"<p>La Corporaci\u00f3n de Monumentos Hist\u00f3ricos Nacionales de Los \u00c1ngeles, tiene el agrado de invitarlo a su tradicional tertulia del primer jueves de cada mes. En esta oportunidad el tema a tratar ser\u00e1: \u00abO\u2019Higgins y Carrera Padres Fundadores\u00bb. As\u00ed como en el Senado y en la capital de la rep\u00fablica se han hecho esfuerzos por destacar [&hellip;]<\/p>\n","protected":false},"author":1,"featured_media":0,"comment_status":"open","ping_status":"open","sticky":false,"template":"","format":"standard","meta":{"footnotes":""},"categories":[169,10],"tags":[],"class_list":["post-6080","post","type-post","status-publish","format-standard","hentry","category-charlas","category-historia"],"yoast_head":"<!-- This site is optimized with the Yoast SEO plugin v25.0 - https:\/\/yoast.com\/wordpress\/plugins\/seo\/ -->\n<title>Tertulia: O&#039;Higgins Y Carrera Padres Fundadores - Nuestro Bio B\u00edo<\/title>\n<meta name=\"robots\" content=\"index, follow, max-snippet:-1, max-image-preview:large, max-video-preview:-1\" \/>\n<link rel=\"canonical\" href=\"https:\/\/www.fraczinet.cl\/sitio\/2011\/08\/29\/tertulia-ohiggins-y-carrera-padres-fundadores\/\" \/>\n<meta property=\"og:locale\" content=\"es_ES\" \/>\n<meta property=\"og:type\" content=\"article\" \/>\n<meta property=\"og:title\" content=\"Tertulia: O&#039;Higgins Y Carrera Padres Fundadores - Nuestro Bio B\u00edo\" \/>\n<meta property=\"og:description\" content=\"La Corporaci\u00f3n de Monumentos Hist\u00f3ricos Nacionales de Los \u00c1ngeles, tiene el agrado de invitarlo a su tradicional tertulia del primer jueves de cada mes. En esta oportunidad el tema a tratar ser\u00e1: \u00abO\u2019Higgins y Carrera Padres Fundadores\u00bb. As\u00ed como en el Senado y en la capital de la rep\u00fablica se han hecho esfuerzos por destacar [&hellip;]\" \/>\n<meta property=\"og:url\" content=\"https:\/\/www.fraczinet.cl\/sitio\/2011\/08\/29\/tertulia-ohiggins-y-carrera-padres-fundadores\/\" \/>\n<meta property=\"og:site_name\" content=\"Nuestro Bio B\u00edo\" \/>\n<meta property=\"article:published_time\" content=\"2011-08-29T21:16:00+00:00\" \/>\n<meta property=\"article:modified_time\" content=\"2022-10-04T14:21:31+00:00\" \/>\n<meta property=\"og:image\" content=\"http:\/\/3.bp.blogspot.com\/-0eeRXxZssXY\/TlwDTWmfowI\/AAAAAAAATNw\/l8ersVe_CkQ\/s400\/Carrera.jpg\" \/>\n<meta name=\"author\" content=\"admin\" \/>\n<meta name=\"twitter:card\" content=\"summary_large_image\" \/>\n<meta name=\"twitter:creator\" content=\"@nuestrobiobio\" \/>\n<meta name=\"twitter:site\" content=\"@nuestrobiobio\" \/>\n<meta name=\"twitter:label1\" content=\"Escrito por\" \/>\n\t<meta name=\"twitter:data1\" content=\"admin\" \/>\n\t<meta name=\"twitter:label2\" content=\"Tiempo de lectura\" \/>\n\t<meta name=\"twitter:data2\" content=\"1 minuto\" \/>\n<script type=\"application\/ld+json\" class=\"yoast-schema-graph\">{\"@context\":\"https:\/\/schema.org\",\"@graph\":[{\"@type\":\"Article\",\"@id\":\"https:\/\/www.fraczinet.cl\/sitio\/2011\/08\/29\/tertulia-ohiggins-y-carrera-padres-fundadores\/#article\",\"isPartOf\":{\"@id\":\"https:\/\/www.fraczinet.cl\/sitio\/2011\/08\/29\/tertulia-ohiggins-y-carrera-padres-fundadores\/\"},\"author\":{\"name\":\"admin\",\"@id\":\"https:\/\/www.fraczinet.cl\/sitio\/#\/schema\/person\/bc30f98e9cb10ae7e119dbe14bc93784\"},\"headline\":\"Tertulia: O&#8217;Higgins Y Carrera Padres Fundadores\",\"datePublished\":\"2011-08-29T21:16:00+00:00\",\"dateModified\":\"2022-10-04T14:21:31+00:00\",\"mainEntityOfPage\":{\"@id\":\"https:\/\/www.fraczinet.cl\/sitio\/2011\/08\/29\/tertulia-ohiggins-y-carrera-padres-fundadores\/\"},\"wordCount\":201,\"commentCount\":0,\"publisher\":{\"@id\":\"https:\/\/www.fraczinet.cl\/sitio\/#\/schema\/person\/aec8ee4da68df2b9b0eefdad24a0d582\"},\"image\":{\"@id\":\"https:\/\/www.fraczinet.cl\/sitio\/2011\/08\/29\/tertulia-ohiggins-y-carrera-padres-fundadores\/#primaryimage\"},\"thumbnailUrl\":\"http:\/\/3.bp.blogspot.com\/-0eeRXxZssXY\/TlwDTWmfowI\/AAAAAAAATNw\/l8ersVe_CkQ\/s400\/Carrera.jpg\",\"articleSection\":[\"Charlas\",\"Historia\"],\"inLanguage\":\"es\",\"potentialAction\":[{\"@type\":\"CommentAction\",\"name\":\"Comment\",\"target\":[\"https:\/\/www.fraczinet.cl\/sitio\/2011\/08\/29\/tertulia-ohiggins-y-carrera-padres-fundadores\/#respond\"]}]},{\"@type\":\"WebPage\",\"@id\":\"https:\/\/www.fraczinet.cl\/sitio\/2011\/08\/29\/tertulia-ohiggins-y-carrera-padres-fundadores\/\",\"url\":\"https:\/\/www.fraczinet.cl\/sitio\/2011\/08\/29\/tertulia-ohiggins-y-carrera-padres-fundadores\/\",\"name\":\"Tertulia: O'Higgins Y Carrera Padres Fundadores - Nuestro Bio B\u00edo\",\"isPartOf\":{\"@id\":\"https:\/\/www.fraczinet.cl\/sitio\/#website\"},\"primaryImageOfPage\":{\"@id\":\"https:\/\/www.fraczinet.cl\/sitio\/2011\/08\/29\/tertulia-ohiggins-y-carrera-padres-fundadores\/#primaryimage\"},\"image\":{\"@id\":\"https:\/\/www.fraczinet.cl\/sitio\/2011\/08\/29\/tertulia-ohiggins-y-carrera-padres-fundadores\/#primaryimage\"},\"thumbnailUrl\":\"http:\/\/3.bp.blogspot.com\/-0eeRXxZssXY\/TlwDTWmfowI\/AAAAAAAATNw\/l8ersVe_CkQ\/s400\/Carrera.jpg\",\"datePublished\":\"2011-08-29T21:16:00+00:00\",\"dateModified\":\"2022-10-04T14:21:31+00:00\",\"breadcrumb\":{\"@id\":\"https:\/\/www.fraczinet.cl\/sitio\/2011\/08\/29\/tertulia-ohiggins-y-carrera-padres-fundadores\/#breadcrumb\"},\"inLanguage\":\"es\",\"potentialAction\":[{\"@type\":\"ReadAction\",\"target\":[\"https:\/\/www.fraczinet.cl\/sitio\/2011\/08\/29\/tertulia-ohiggins-y-carrera-padres-fundadores\/\"]}]},{\"@type\":\"ImageObject\",\"inLanguage\":\"es\",\"@id\":\"https:\/\/www.fraczinet.cl\/sitio\/2011\/08\/29\/tertulia-ohiggins-y-carrera-padres-fundadores\/#primaryimage\",\"url\":\"http:\/\/3.bp.blogspot.com\/-0eeRXxZssXY\/TlwDTWmfowI\/AAAAAAAATNw\/l8ersVe_CkQ\/s400\/Carrera.jpg\",\"contentUrl\":\"http:\/\/3.bp.blogspot.com\/-0eeRXxZssXY\/TlwDTWmfowI\/AAAAAAAATNw\/l8ersVe_CkQ\/s400\/Carrera.jpg\"},{\"@type\":\"BreadcrumbList\",\"@id\":\"https:\/\/www.fraczinet.cl\/sitio\/2011\/08\/29\/tertulia-ohiggins-y-carrera-padres-fundadores\/#breadcrumb\",\"itemListElement\":[{\"@type\":\"ListItem\",\"position\":1,\"name\":\"Portada\",\"item\":\"https:\/\/www.fraczinet.cl\/sitio\/\"},{\"@type\":\"ListItem\",\"position\":2,\"name\":\"Tertulia: O&#8217;Higgins Y Carrera Padres Fundadores\"}]},{\"@type\":\"WebSite\",\"@id\":\"https:\/\/www.fraczinet.cl\/sitio\/#website\",\"url\":\"https:\/\/www.fraczinet.cl\/sitio\/\",\"name\":\"Nuestro Bio B\u00edo\",\"description\":\"Tierra de Encuentros\",\"publisher\":{\"@id\":\"https:\/\/www.fraczinet.cl\/sitio\/#\/schema\/person\/aec8ee4da68df2b9b0eefdad24a0d582\"},\"potentialAction\":[{\"@type\":\"SearchAction\",\"target\":{\"@type\":\"EntryPoint\",\"urlTemplate\":\"https:\/\/www.fraczinet.cl\/sitio\/?s={search_term_string}\"},\"query-input\":{\"@type\":\"PropertyValueSpecification\",\"valueRequired\":true,\"valueName\":\"search_term_string\"}}],\"inLanguage\":\"es\"},{\"@type\":[\"Person\",\"Organization\"],\"@id\":\"https:\/\/www.fraczinet.cl\/sitio\/#\/schema\/person\/aec8ee4da68df2b9b0eefdad24a0d582\",\"name\":\"Luis Fernando Fraczinet\",\"image\":{\"@type\":\"ImageObject\",\"inLanguage\":\"es\",\"@id\":\"https:\/\/www.fraczinet.cl\/sitio\/#\/schema\/person\/image\/\",\"url\":\"https:\/\/www.fraczinet.cl\/sitio\/wp-content\/uploads\/2021\/07\/bannerlogo-1.gif\",\"contentUrl\":\"https:\/\/www.fraczinet.cl\/sitio\/wp-content\/uploads\/2021\/07\/bannerlogo-1.gif\",\"width\":159,\"height\":79,\"caption\":\"Luis Fernando Fraczinet\"},\"logo\":{\"@id\":\"https:\/\/www.fraczinet.cl\/sitio\/#\/schema\/person\/image\/\"},\"sameAs\":[\"https:\/\/www.fraczinet.cl\/sitio\/\"]},{\"@type\":\"Person\",\"@id\":\"https:\/\/www.fraczinet.cl\/sitio\/#\/schema\/person\/bc30f98e9cb10ae7e119dbe14bc93784\",\"name\":\"admin\",\"image\":{\"@type\":\"ImageObject\",\"inLanguage\":\"es\",\"@id\":\"https:\/\/www.fraczinet.cl\/sitio\/#\/schema\/person\/image\/\",\"url\":\"https:\/\/secure.gravatar.com\/avatar\/d5ad3cf7ef3b23a2bb5be73be780c86b2fc8545c3ad6b149f3913ff458c00099?s=96&d=mm&r=g\",\"contentUrl\":\"https:\/\/secure.gravatar.com\/avatar\/d5ad3cf7ef3b23a2bb5be73be780c86b2fc8545c3ad6b149f3913ff458c00099?s=96&d=mm&r=g\",\"caption\":\"admin\"},\"sameAs\":[\"https:\/\/www.fraczinet.cl\/sitio\"]}]}<\/script>\n<!-- \/ Yoast SEO plugin. -->","yoast_head_json":{"title":"Tertulia: O'Higgins Y Carrera Padres Fundadores - Nuestro Bio B\u00edo","robots":{"index":"index","follow":"follow","max-snippet":"max-snippet:-1","max-image-preview":"max-image-preview:large","max-video-preview":"max-video-preview:-1"},"canonical":"https:\/\/www.fraczinet.cl\/sitio\/2011\/08\/29\/tertulia-ohiggins-y-carrera-padres-fundadores\/","og_locale":"es_ES","og_type":"article","og_title":"Tertulia: O'Higgins Y Carrera Padres Fundadores - Nuestro Bio B\u00edo","og_description":"La Corporaci\u00f3n de Monumentos Hist\u00f3ricos Nacionales de Los \u00c1ngeles, tiene el agrado de invitarlo a su tradicional tertulia del primer jueves de cada mes. En esta oportunidad el tema a tratar ser\u00e1: \u00abO\u2019Higgins y Carrera Padres Fundadores\u00bb. As\u00ed como en el Senado y en la capital de la rep\u00fablica se han hecho esfuerzos por destacar [&hellip;]","og_url":"https:\/\/www.fraczinet.cl\/sitio\/2011\/08\/29\/tertulia-ohiggins-y-carrera-padres-fundadores\/","og_site_name":"Nuestro Bio B\u00edo","article_published_time":"2011-08-29T21:16:00+00:00","article_modified_time":"2022-10-04T14:21:31+00:00","og_image":[{"url":"http:\/\/3.bp.blogspot.com\/-0eeRXxZssXY\/TlwDTWmfowI\/AAAAAAAATNw\/l8ersVe_CkQ\/s400\/Carrera.jpg","type":"","width":"","height":""}],"author":"admin","twitter_card":"summary_large_image","twitter_creator":"@nuestrobiobio","twitter_site":"@nuestrobiobio","twitter_misc":{"Escrito por":"admin","Tiempo de lectura":"1 minuto"},"schema":{"@context":"https:\/\/schema.org","@graph":[{"@type":"Article","@id":"https:\/\/www.fraczinet.cl\/sitio\/2011\/08\/29\/tertulia-ohiggins-y-carrera-padres-fundadores\/#article","isPartOf":{"@id":"https:\/\/www.fraczinet.cl\/sitio\/2011\/08\/29\/tertulia-ohiggins-y-carrera-padres-fundadores\/"},"author":{"name":"admin","@id":"https:\/\/www.fraczinet.cl\/sitio\/#\/schema\/person\/bc30f98e9cb10ae7e119dbe14bc93784"},"headline":"Tertulia: O&#8217;Higgins Y Carrera Padres Fundadores","datePublished":"2011-08-29T21:16:00+00:00","dateModified":"2022-10-04T14:21:31+00:00","mainEntityOfPage":{"@id":"https:\/\/www.fraczinet.cl\/sitio\/2011\/08\/29\/tertulia-ohiggins-y-carrera-padres-fundadores\/"},"wordCount":201,"commentCount":0,"publisher":{"@id":"https:\/\/www.fraczinet.cl\/sitio\/#\/schema\/person\/aec8ee4da68df2b9b0eefdad24a0d582"},"image":{"@id":"https:\/\/www.fraczinet.cl\/sitio\/2011\/08\/29\/tertulia-ohiggins-y-carrera-padres-fundadores\/#primaryimage"},"thumbnailUrl":"http:\/\/3.bp.blogspot.com\/-0eeRXxZssXY\/TlwDTWmfowI\/AAAAAAAATNw\/l8ersVe_CkQ\/s400\/Carrera.jpg","articleSection":["Charlas","Historia"],"inLanguage":"es","potentialAction":[{"@type":"CommentAction","name":"Comment","target":["https:\/\/www.fraczinet.cl\/sitio\/2011\/08\/29\/tertulia-ohiggins-y-carrera-padres-fundadores\/#respond"]}]},{"@type":"WebPage","@id":"https:\/\/www.fraczinet.cl\/sitio\/2011\/08\/29\/tertulia-ohiggins-y-carrera-padres-fundadores\/","url":"https:\/\/www.fraczinet.cl\/sitio\/2011\/08\/29\/tertulia-ohiggins-y-carrera-padres-fundadores\/","name":"Tertulia: O'Higgins Y Carrera Padres Fundadores - Nuestro Bio B\u00edo","isPartOf":{"@id":"https:\/\/www.fraczinet.cl\/sitio\/#website"},"primaryImageOfPage":{"@id":"https:\/\/www.fraczinet.cl\/sitio\/2011\/08\/29\/tertulia-ohiggins-y-carrera-padres-fundadores\/#primaryimage"},"image":{"@id":"https:\/\/www.fraczinet.cl\/sitio\/2011\/08\/29\/tertulia-ohiggins-y-carrera-padres-fundadores\/#primaryimage"},"thumbnailUrl":"http:\/\/3.bp.blogspot.com\/-0eeRXxZssXY\/TlwDTWmfowI\/AAAAAAAATNw\/l8ersVe_CkQ\/s400\/Carrera.jpg","datePublished":"2011-08-29T21:16:00+00:00","dateModified":"2022-10-04T14:21:31+00:00","breadcrumb":{"@id":"https:\/\/www.fraczinet.cl\/sitio\/2011\/08\/29\/tertulia-ohiggins-y-carrera-padres-fundadores\/#breadcrumb"},"inLanguage":"es","potentialAction":[{"@type":"ReadAction","target":["https:\/\/www.fraczinet.cl\/sitio\/2011\/08\/29\/tertulia-ohiggins-y-carrera-padres-fundadores\/"]}]},{"@type":"ImageObject","inLanguage":"es","@id":"https:\/\/www.fraczinet.cl\/sitio\/2011\/08\/29\/tertulia-ohiggins-y-carrera-padres-fundadores\/#primaryimage","url":"http:\/\/3.bp.blogspot.com\/-0eeRXxZssXY\/TlwDTWmfowI\/AAAAAAAATNw\/l8ersVe_CkQ\/s400\/Carrera.jpg","contentUrl":"http:\/\/3.bp.blogspot.com\/-0eeRXxZssXY\/TlwDTWmfowI\/AAAAAAAATNw\/l8ersVe_CkQ\/s400\/Carrera.jpg"},{"@type":"BreadcrumbList","@id":"https:\/\/www.fraczinet.cl\/sitio\/2011\/08\/29\/tertulia-ohiggins-y-carrera-padres-fundadores\/#breadcrumb","itemListElement":[{"@type":"ListItem","position":1,"name":"Portada","item":"https:\/\/www.fraczinet.cl\/sitio\/"},{"@type":"ListItem","position":2,"name":"Tertulia: O&#8217;Higgins Y Carrera Padres Fundadores"}]},{"@type":"WebSite","@id":"https:\/\/www.fraczinet.cl\/sitio\/#website","url":"https:\/\/www.fraczinet.cl\/sitio\/","name":"Nuestro Bio B\u00edo","description":"Tierra de Encuentros","publisher":{"@id":"https:\/\/www.fraczinet.cl\/sitio\/#\/schema\/person\/aec8ee4da68df2b9b0eefdad24a0d582"},"potentialAction":[{"@type":"SearchAction","target":{"@type":"EntryPoint","urlTemplate":"https:\/\/www.fraczinet.cl\/sitio\/?s={search_term_string}"},"query-input":{"@type":"PropertyValueSpecification","valueRequired":true,"valueName":"search_term_string"}}],"inLanguage":"es"},{"@type":["Person","Organization"],"@id":"https:\/\/www.fraczinet.cl\/sitio\/#\/schema\/person\/aec8ee4da68df2b9b0eefdad24a0d582","name":"Luis Fernando Fraczinet","image":{"@type":"ImageObject","inLanguage":"es","@id":"https:\/\/www.fraczinet.cl\/sitio\/#\/schema\/person\/image\/","url":"https:\/\/www.fraczinet.cl\/sitio\/wp-content\/uploads\/2021\/07\/bannerlogo-1.gif","contentUrl":"https:\/\/www.fraczinet.cl\/sitio\/wp-content\/uploads\/2021\/07\/bannerlogo-1.gif","width":159,"height":79,"caption":"Luis Fernando Fraczinet"},"logo":{"@id":"https:\/\/www.fraczinet.cl\/sitio\/#\/schema\/person\/image\/"},"sameAs":["https:\/\/www.fraczinet.cl\/sitio\/"]},{"@type":"Person","@id":"https:\/\/www.fraczinet.cl\/sitio\/#\/schema\/person\/bc30f98e9cb10ae7e119dbe14bc93784","name":"admin","image":{"@type":"ImageObject","inLanguage":"es","@id":"https:\/\/www.fraczinet.cl\/sitio\/#\/schema\/person\/image\/","url":"https:\/\/secure.gravatar.com\/avatar\/d5ad3cf7ef3b23a2bb5be73be780c86b2fc8545c3ad6b149f3913ff458c00099?s=96&d=mm&r=g","contentUrl":"https:\/\/secure.gravatar.com\/avatar\/d5ad3cf7ef3b23a2bb5be73be780c86b2fc8545c3ad6b149f3913ff458c00099?s=96&d=mm&r=g","caption":"admin"},"sameAs":["https:\/\/www.fraczinet.cl\/sitio"]}]}},"_links":{"self":[{"href":"https:\/\/www.fraczinet.cl\/sitio\/wp-json\/wp\/v2\/posts\/6080","targetHints":{"allow":["GET"]}}],"collection":[{"href":"https:\/\/www.fraczinet.cl\/sitio\/wp-json\/wp\/v2\/posts"}],"about":[{"href":"https:\/\/www.fraczinet.cl\/sitio\/wp-json\/wp\/v2\/types\/post"}],"author":[{"embeddable":true,"href":"https:\/\/www.fraczinet.cl\/sitio\/wp-json\/wp\/v2\/users\/1"}],"replies":[{"embeddable":true,"href":"https:\/\/www.fraczinet.cl\/sitio\/wp-json\/wp\/v2\/comments?post=6080"}],"version-history":[{"count":1,"href":"https:\/\/www.fraczinet.cl\/sitio\/wp-json\/wp\/v2\/posts\/6080\/revisions"}],"predecessor-version":[{"id":13834,"href":"https:\/\/www.fraczinet.cl\/sitio\/wp-json\/wp\/v2\/posts\/6080\/revisions\/13834"}],"wp:attachment":[{"href":"https:\/\/www.fraczinet.cl\/sitio\/wp-json\/wp\/v2\/media?parent=6080"}],"wp:term":[{"taxonomy":"category","embeddable":true,"href":"https:\/\/www.fraczinet.cl\/sitio\/wp-json\/wp\/v2\/categories?post=6080"},{"taxonomy":"post_tag","embeddable":true,"href":"https:\/\/www.fraczinet.cl\/sitio\/wp-json\/wp\/v2\/tags?post=6080"}],"curies":[{"name":"wp","href":"https:\/\/api.w.org\/{rel}","templated":true}]}}