{"id":6092,"date":"2011-08-24T14:47:00","date_gmt":"2011-08-24T14:47:00","guid":{"rendered":"https:\/\/www.fraczinet.cl\/sitio\/2011\/08\/24\/en-tome-presentaran-tres-tristes-tigres-historia\/"},"modified":"2022-10-06T23:02:35","modified_gmt":"2022-10-06T23:02:35","slug":"en-tome-presentaran-tres-tristes-tigres-historia","status":"publish","type":"post","link":"https:\/\/www.fraczinet.cl\/sitio\/2011\/08\/24\/en-tome-presentaran-tres-tristes-tigres-historia\/","title":{"rendered":"En Tom\u00e9 Presentar\u00e1n Tres Tristes Tigres (Historia)"},"content":{"rendered":"<p>En Tom\u00e9 se presentar\u00e1 la cinta TRES TRISTES TIGRES Homenaje a RA\u00daL RUIZ (1941-2011)  Director y gui\u00f3n: Ra\u00fal Ruiz. Basada en la obra de teatro de Alejandro Sieveking Formato: 35mm Fotograf\u00eda: Blanco y negro. Duraci\u00f3n: 100 minutos. Int\u00e9rpretes: Luis Alarc\u00f3n, Fernando Colina, Delfina Guzm\u00e1n, Shenda Rom\u00e1n, Jaime Vadell, Nelson Villagra.  Invita: Departamento de Cultura, I. Municipalidad de Tom\u00e9 PencopolitaniA Films.&nbsp;<\/p>\n<div><span style=\"font-weight: bold;\">Casa de la Cultura,&nbsp;<\/span><\/div>\n<div><span style=\"font-weight: bold;\">Jueves 25 de agosto, 19 hrs,&nbsp;<\/span><\/div>\n<div><span style=\"font-weight: bold;\">Entrada liberada. Caf\u00e9 gratis.<\/span>&nbsp;<\/div>\n<div>Direcci\u00f3n de la Casa de la Cultura de Tom\u00e9: Sotomayor 947, Tom\u00e9.&nbsp;<\/div>\n<div><\/div>\n<div><span style=\"font-weight: bold;\">Sinopsis<\/span> <a href=\"http:\/\/3.bp.blogspot.com\/-twGn3QbeVwY\/TlUcK22EOWI\/AAAAAAAATLQ\/8jQ53qIi2Js\/s1600\/trestristestigres.jpg\"><img decoding=\"async\" alt=\"\" border=\"0\" id=\"BLOGGER_PHOTO_ID_5644448680825338210\" src=\"http:\/\/3.bp.blogspot.com\/-twGn3QbeVwY\/TlUcK22EOWI\/AAAAAAAATLQ\/8jQ53qIi2Js\/s320\/trestristestigres.jpg\" style=\"cursor: pointer; float: left; height: 94px; margin: 0px 10px 10px 0px; width: 180px;\" \/><\/a><\/div>\n<div><\/div>\n<div>Argumento: En 1968 film\u00f3 \u201cTres Tristes Tigres\u201d, el primer filme completo que realiza. Anteriormente deja sin terminar \u201cEl Tango Viudo\u201d(1967) y \u201cLa Maleta\u201d (1960). \u201cTres Tristes Tigres\u201d gan\u00f3 varios premios internacionales, entre ellos el Leopardo de Oro del Festival de Locarno (\u201cel premio era un felino dorado, grande y muy bonito, que me lo traje en un canasto junto a un queso cuando volv\u00ed de Europa\u201d).&nbsp;<\/div>\n<div><\/div>\n<div>La pel\u00edcula es un viaje por los distintos bares santiaguinos que hace un grupo de amigotes que nunca dejan de conversar, seguidos c\u00e1mara al hombro con una fotograf\u00eda en blanco y negro que recuerda la Nouvelle Vague francesa, y Jaime Vadell, Shenda Rom\u00e1n, Luis Alarc\u00f3n y otros en el elenco.&nbsp;<\/div>\n<div><\/div>\n<div>Historia: Tres Tristes Tigres, la legendaria cinta del premio Nacional de Arte Ra\u00fal Ruiz, tiene una historia peculiar. Se estren\u00f3 en Chile en noviembre de 1968 con un \u00e9xito relativo de p\u00fablico (17.771 espectadores) y escasa repercusi\u00f3n cr\u00edtica. Poco m\u00e1s se supo de ella, hasta que Ruiz sali\u00f3 al exilio y su obra devino en mito a pasos agigantados. Con el transcurso del tiempo, la pel\u00edcula creci\u00f3 y comenz\u00f3 a encabezar todas las listas de las mejores pel\u00edculas de la historia, pero nunca m\u00e1s se pudo ver en Chile, hasta 1993. En ese tiempo, s\u00f3lo exist\u00edan dos copias del largometraje en el mundo: una en Suiza (Ruiz gan\u00f3 el Festival de Locarno con esta pel\u00edcula) y otra en Montevideo.&nbsp;<\/div>\n<div><\/div>\n<div>En 1993, el filme se exhibi\u00f3 en el Festival de Cine de Vi\u00f1a del Mar, con un \u00e9xito rotundo. Ese mismo a\u00f1o, un grupo de personas tom\u00f3 contacto con las autoridades de la Cinemateca Uruguaya para intentar que Chile tuviera una copia de su pel\u00edcula m\u00e1s aclamada.  Despu\u00e9s, la emergente Corporaci\u00f3n Cultural Cinemateca Chilena postul\u00f3 con \u00e9xito al Fondart para restaurar Tres Tristes Tigres. Con cerca de 12 millones de pesos de presupuesto, se obtuvo un negativo de la copia uruguaya y se trabaj\u00f3 en \u00e9l, quedando un original en Chile.  \u201cLa pel\u00edcula devino m\u00eda, es decir, de repente se produjo la posibilidad de hacer un filme con un argumento como \u00e9se: que tuviera elementos comunes a cualquier pel\u00edcula mexicana. La obra original hab\u00eda sido un melodrama de relativo \u00e9xito dentro del teatro chileno y conten\u00eda, desde el punto de vista de la actuaci\u00f3n, una gran riqueza de matices, situaciones y actitudes que eran aportes directos de los actores.  Mi trabajo consisti\u00f3 justamente en hacer la contrapartida de eso, dejar el melodramatismo en tercer plano y darle una posible escala de valores, subvirtiendo de alguna manera lo que ve\u00edamos a trav\u00e9s del comportamiento de los personajes; por ejemplo, llevado al extremo, un personaje va a acuchillar a otro sin mirarlo a la cara, en lo opuesto a lo que en esos momentos har\u00eda un \u201cguapo\u201d normal.&nbsp;<\/div>\n<div><\/div>\n<div>\u00bfC\u00f3mo has trabajado la recuperaci\u00f3n de lo popular y visi\u00f3n social en este filme? En primer lugar estar\u00eda una preocupaci\u00f3n previa, no s\u00f3lo m\u00eda, sino de toda la gente que trabaja conmigo. Hay que agregar otra cosa: es imposible valorizar los elementos populares sin que a uno le gusten.Y all\u00ed ya intervienen razones como mi gusto por los boleros, etc&#8230;&nbsp;<\/div>\n<div><\/div>\n<div>Ricardo Mahnke Escritor y cineasta<\/div>\n","protected":false},"excerpt":{"rendered":"<p>En Tom\u00e9 se presentar\u00e1 la cinta TRES TRISTES TIGRES Homenaje a RA\u00daL RUIZ (1941-2011) Director y gui\u00f3n: Ra\u00fal Ruiz. Basada en la obra de teatro de Alejandro Sieveking Formato: 35mm Fotograf\u00eda: Blanco y negro. Duraci\u00f3n: 100 minutos. Int\u00e9rpretes: Luis Alarc\u00f3n, Fernando Colina, Delfina Guzm\u00e1n, Shenda Rom\u00e1n, Jaime Vadell, Nelson Villagra. Invita: Departamento de Cultura, I. [&hellip;]<\/p>\n","protected":false},"author":1,"featured_media":0,"comment_status":"open","ping_status":"open","sticky":false,"template":"","format":"standard","meta":{"footnotes":""},"categories":[32,10],"tags":[],"class_list":["post-6092","post","type-post","status-publish","format-standard","hentry","category-cine","category-historia"],"yoast_head":"<!-- This site is optimized with the Yoast SEO plugin v25.0 - https:\/\/yoast.com\/wordpress\/plugins\/seo\/ -->\n<title>En Tom\u00e9 Presentar\u00e1n Tres Tristes Tigres (Historia) - Nuestro Bio B\u00edo<\/title>\n<meta name=\"robots\" content=\"index, follow, max-snippet:-1, max-image-preview:large, max-video-preview:-1\" \/>\n<link rel=\"canonical\" href=\"https:\/\/www.fraczinet.cl\/sitio\/2011\/08\/24\/en-tome-presentaran-tres-tristes-tigres-historia\/\" \/>\n<meta property=\"og:locale\" content=\"es_ES\" \/>\n<meta property=\"og:type\" content=\"article\" \/>\n<meta property=\"og:title\" content=\"En Tom\u00e9 Presentar\u00e1n Tres Tristes Tigres (Historia) - Nuestro Bio B\u00edo\" \/>\n<meta property=\"og:description\" content=\"En Tom\u00e9 se presentar\u00e1 la cinta TRES TRISTES TIGRES Homenaje a RA\u00daL RUIZ (1941-2011) Director y gui\u00f3n: Ra\u00fal Ruiz. Basada en la obra de teatro de Alejandro Sieveking Formato: 35mm Fotograf\u00eda: Blanco y negro. Duraci\u00f3n: 100 minutos. Int\u00e9rpretes: Luis Alarc\u00f3n, Fernando Colina, Delfina Guzm\u00e1n, Shenda Rom\u00e1n, Jaime Vadell, Nelson Villagra. Invita: Departamento de Cultura, I. [&hellip;]\" \/>\n<meta property=\"og:url\" content=\"https:\/\/www.fraczinet.cl\/sitio\/2011\/08\/24\/en-tome-presentaran-tres-tristes-tigres-historia\/\" \/>\n<meta property=\"og:site_name\" content=\"Nuestro Bio B\u00edo\" \/>\n<meta property=\"article:published_time\" content=\"2011-08-24T14:47:00+00:00\" \/>\n<meta property=\"article:modified_time\" content=\"2022-10-06T23:02:35+00:00\" \/>\n<meta property=\"og:image\" content=\"http:\/\/3.bp.blogspot.com\/-twGn3QbeVwY\/TlUcK22EOWI\/AAAAAAAATLQ\/8jQ53qIi2Js\/s320\/trestristestigres.jpg\" \/>\n<meta name=\"author\" content=\"admin\" \/>\n<meta name=\"twitter:card\" content=\"summary_large_image\" \/>\n<meta name=\"twitter:creator\" content=\"@nuestrobiobio\" \/>\n<meta name=\"twitter:site\" content=\"@nuestrobiobio\" \/>\n<meta name=\"twitter:label1\" content=\"Escrito por\" \/>\n\t<meta name=\"twitter:data1\" content=\"admin\" \/>\n\t<meta name=\"twitter:label2\" content=\"Tiempo de lectura\" \/>\n\t<meta name=\"twitter:data2\" content=\"3 minutos\" \/>\n<script type=\"application\/ld+json\" class=\"yoast-schema-graph\">{\"@context\":\"https:\/\/schema.org\",\"@graph\":[{\"@type\":\"Article\",\"@id\":\"https:\/\/www.fraczinet.cl\/sitio\/2011\/08\/24\/en-tome-presentaran-tres-tristes-tigres-historia\/#article\",\"isPartOf\":{\"@id\":\"https:\/\/www.fraczinet.cl\/sitio\/2011\/08\/24\/en-tome-presentaran-tres-tristes-tigres-historia\/\"},\"author\":{\"name\":\"admin\",\"@id\":\"https:\/\/www.fraczinet.cl\/sitio\/#\/schema\/person\/bc30f98e9cb10ae7e119dbe14bc93784\"},\"headline\":\"En Tom\u00e9 Presentar\u00e1n Tres Tristes Tigres (Historia)\",\"datePublished\":\"2011-08-24T14:47:00+00:00\",\"dateModified\":\"2022-10-06T23:02:35+00:00\",\"mainEntityOfPage\":{\"@id\":\"https:\/\/www.fraczinet.cl\/sitio\/2011\/08\/24\/en-tome-presentaran-tres-tristes-tigres-historia\/\"},\"wordCount\":669,\"commentCount\":0,\"publisher\":{\"@id\":\"https:\/\/www.fraczinet.cl\/sitio\/#\/schema\/person\/aec8ee4da68df2b9b0eefdad24a0d582\"},\"image\":{\"@id\":\"https:\/\/www.fraczinet.cl\/sitio\/2011\/08\/24\/en-tome-presentaran-tres-tristes-tigres-historia\/#primaryimage\"},\"thumbnailUrl\":\"http:\/\/3.bp.blogspot.com\/-twGn3QbeVwY\/TlUcK22EOWI\/AAAAAAAATLQ\/8jQ53qIi2Js\/s320\/trestristestigres.jpg\",\"articleSection\":[\"Cine\",\"Historia\"],\"inLanguage\":\"es\",\"potentialAction\":[{\"@type\":\"CommentAction\",\"name\":\"Comment\",\"target\":[\"https:\/\/www.fraczinet.cl\/sitio\/2011\/08\/24\/en-tome-presentaran-tres-tristes-tigres-historia\/#respond\"]}]},{\"@type\":\"WebPage\",\"@id\":\"https:\/\/www.fraczinet.cl\/sitio\/2011\/08\/24\/en-tome-presentaran-tres-tristes-tigres-historia\/\",\"url\":\"https:\/\/www.fraczinet.cl\/sitio\/2011\/08\/24\/en-tome-presentaran-tres-tristes-tigres-historia\/\",\"name\":\"En Tom\u00e9 Presentar\u00e1n Tres Tristes Tigres (Historia) - Nuestro Bio B\u00edo\",\"isPartOf\":{\"@id\":\"https:\/\/www.fraczinet.cl\/sitio\/#website\"},\"primaryImageOfPage\":{\"@id\":\"https:\/\/www.fraczinet.cl\/sitio\/2011\/08\/24\/en-tome-presentaran-tres-tristes-tigres-historia\/#primaryimage\"},\"image\":{\"@id\":\"https:\/\/www.fraczinet.cl\/sitio\/2011\/08\/24\/en-tome-presentaran-tres-tristes-tigres-historia\/#primaryimage\"},\"thumbnailUrl\":\"http:\/\/3.bp.blogspot.com\/-twGn3QbeVwY\/TlUcK22EOWI\/AAAAAAAATLQ\/8jQ53qIi2Js\/s320\/trestristestigres.jpg\",\"datePublished\":\"2011-08-24T14:47:00+00:00\",\"dateModified\":\"2022-10-06T23:02:35+00:00\",\"breadcrumb\":{\"@id\":\"https:\/\/www.fraczinet.cl\/sitio\/2011\/08\/24\/en-tome-presentaran-tres-tristes-tigres-historia\/#breadcrumb\"},\"inLanguage\":\"es\",\"potentialAction\":[{\"@type\":\"ReadAction\",\"target\":[\"https:\/\/www.fraczinet.cl\/sitio\/2011\/08\/24\/en-tome-presentaran-tres-tristes-tigres-historia\/\"]}]},{\"@type\":\"ImageObject\",\"inLanguage\":\"es\",\"@id\":\"https:\/\/www.fraczinet.cl\/sitio\/2011\/08\/24\/en-tome-presentaran-tres-tristes-tigres-historia\/#primaryimage\",\"url\":\"http:\/\/3.bp.blogspot.com\/-twGn3QbeVwY\/TlUcK22EOWI\/AAAAAAAATLQ\/8jQ53qIi2Js\/s320\/trestristestigres.jpg\",\"contentUrl\":\"http:\/\/3.bp.blogspot.com\/-twGn3QbeVwY\/TlUcK22EOWI\/AAAAAAAATLQ\/8jQ53qIi2Js\/s320\/trestristestigres.jpg\"},{\"@type\":\"BreadcrumbList\",\"@id\":\"https:\/\/www.fraczinet.cl\/sitio\/2011\/08\/24\/en-tome-presentaran-tres-tristes-tigres-historia\/#breadcrumb\",\"itemListElement\":[{\"@type\":\"ListItem\",\"position\":1,\"name\":\"Portada\",\"item\":\"https:\/\/www.fraczinet.cl\/sitio\/\"},{\"@type\":\"ListItem\",\"position\":2,\"name\":\"En Tom\u00e9 Presentar\u00e1n Tres Tristes Tigres (Historia)\"}]},{\"@type\":\"WebSite\",\"@id\":\"https:\/\/www.fraczinet.cl\/sitio\/#website\",\"url\":\"https:\/\/www.fraczinet.cl\/sitio\/\",\"name\":\"Nuestro Bio B\u00edo\",\"description\":\"Tierra de Encuentros\",\"publisher\":{\"@id\":\"https:\/\/www.fraczinet.cl\/sitio\/#\/schema\/person\/aec8ee4da68df2b9b0eefdad24a0d582\"},\"potentialAction\":[{\"@type\":\"SearchAction\",\"target\":{\"@type\":\"EntryPoint\",\"urlTemplate\":\"https:\/\/www.fraczinet.cl\/sitio\/?s={search_term_string}\"},\"query-input\":{\"@type\":\"PropertyValueSpecification\",\"valueRequired\":true,\"valueName\":\"search_term_string\"}}],\"inLanguage\":\"es\"},{\"@type\":[\"Person\",\"Organization\"],\"@id\":\"https:\/\/www.fraczinet.cl\/sitio\/#\/schema\/person\/aec8ee4da68df2b9b0eefdad24a0d582\",\"name\":\"Luis Fernando Fraczinet\",\"image\":{\"@type\":\"ImageObject\",\"inLanguage\":\"es\",\"@id\":\"https:\/\/www.fraczinet.cl\/sitio\/#\/schema\/person\/image\/\",\"url\":\"https:\/\/www.fraczinet.cl\/sitio\/wp-content\/uploads\/2021\/07\/bannerlogo-1.gif\",\"contentUrl\":\"https:\/\/www.fraczinet.cl\/sitio\/wp-content\/uploads\/2021\/07\/bannerlogo-1.gif\",\"width\":159,\"height\":79,\"caption\":\"Luis Fernando Fraczinet\"},\"logo\":{\"@id\":\"https:\/\/www.fraczinet.cl\/sitio\/#\/schema\/person\/image\/\"},\"sameAs\":[\"https:\/\/www.fraczinet.cl\/sitio\/\"]},{\"@type\":\"Person\",\"@id\":\"https:\/\/www.fraczinet.cl\/sitio\/#\/schema\/person\/bc30f98e9cb10ae7e119dbe14bc93784\",\"name\":\"admin\",\"image\":{\"@type\":\"ImageObject\",\"inLanguage\":\"es\",\"@id\":\"https:\/\/www.fraczinet.cl\/sitio\/#\/schema\/person\/image\/\",\"url\":\"https:\/\/secure.gravatar.com\/avatar\/d5ad3cf7ef3b23a2bb5be73be780c86b2fc8545c3ad6b149f3913ff458c00099?s=96&d=mm&r=g\",\"contentUrl\":\"https:\/\/secure.gravatar.com\/avatar\/d5ad3cf7ef3b23a2bb5be73be780c86b2fc8545c3ad6b149f3913ff458c00099?s=96&d=mm&r=g\",\"caption\":\"admin\"},\"sameAs\":[\"https:\/\/www.fraczinet.cl\/sitio\"]}]}<\/script>\n<!-- \/ Yoast SEO plugin. -->","yoast_head_json":{"title":"En Tom\u00e9 Presentar\u00e1n Tres Tristes Tigres (Historia) - Nuestro Bio B\u00edo","robots":{"index":"index","follow":"follow","max-snippet":"max-snippet:-1","max-image-preview":"max-image-preview:large","max-video-preview":"max-video-preview:-1"},"canonical":"https:\/\/www.fraczinet.cl\/sitio\/2011\/08\/24\/en-tome-presentaran-tres-tristes-tigres-historia\/","og_locale":"es_ES","og_type":"article","og_title":"En Tom\u00e9 Presentar\u00e1n Tres Tristes Tigres (Historia) - Nuestro Bio B\u00edo","og_description":"En Tom\u00e9 se presentar\u00e1 la cinta TRES TRISTES TIGRES Homenaje a RA\u00daL RUIZ (1941-2011) Director y gui\u00f3n: Ra\u00fal Ruiz. Basada en la obra de teatro de Alejandro Sieveking Formato: 35mm Fotograf\u00eda: Blanco y negro. Duraci\u00f3n: 100 minutos. Int\u00e9rpretes: Luis Alarc\u00f3n, Fernando Colina, Delfina Guzm\u00e1n, Shenda Rom\u00e1n, Jaime Vadell, Nelson Villagra. Invita: Departamento de Cultura, I. [&hellip;]","og_url":"https:\/\/www.fraczinet.cl\/sitio\/2011\/08\/24\/en-tome-presentaran-tres-tristes-tigres-historia\/","og_site_name":"Nuestro Bio B\u00edo","article_published_time":"2011-08-24T14:47:00+00:00","article_modified_time":"2022-10-06T23:02:35+00:00","og_image":[{"url":"http:\/\/3.bp.blogspot.com\/-twGn3QbeVwY\/TlUcK22EOWI\/AAAAAAAATLQ\/8jQ53qIi2Js\/s320\/trestristestigres.jpg","type":"","width":"","height":""}],"author":"admin","twitter_card":"summary_large_image","twitter_creator":"@nuestrobiobio","twitter_site":"@nuestrobiobio","twitter_misc":{"Escrito por":"admin","Tiempo de lectura":"3 minutos"},"schema":{"@context":"https:\/\/schema.org","@graph":[{"@type":"Article","@id":"https:\/\/www.fraczinet.cl\/sitio\/2011\/08\/24\/en-tome-presentaran-tres-tristes-tigres-historia\/#article","isPartOf":{"@id":"https:\/\/www.fraczinet.cl\/sitio\/2011\/08\/24\/en-tome-presentaran-tres-tristes-tigres-historia\/"},"author":{"name":"admin","@id":"https:\/\/www.fraczinet.cl\/sitio\/#\/schema\/person\/bc30f98e9cb10ae7e119dbe14bc93784"},"headline":"En Tom\u00e9 Presentar\u00e1n Tres Tristes Tigres (Historia)","datePublished":"2011-08-24T14:47:00+00:00","dateModified":"2022-10-06T23:02:35+00:00","mainEntityOfPage":{"@id":"https:\/\/www.fraczinet.cl\/sitio\/2011\/08\/24\/en-tome-presentaran-tres-tristes-tigres-historia\/"},"wordCount":669,"commentCount":0,"publisher":{"@id":"https:\/\/www.fraczinet.cl\/sitio\/#\/schema\/person\/aec8ee4da68df2b9b0eefdad24a0d582"},"image":{"@id":"https:\/\/www.fraczinet.cl\/sitio\/2011\/08\/24\/en-tome-presentaran-tres-tristes-tigres-historia\/#primaryimage"},"thumbnailUrl":"http:\/\/3.bp.blogspot.com\/-twGn3QbeVwY\/TlUcK22EOWI\/AAAAAAAATLQ\/8jQ53qIi2Js\/s320\/trestristestigres.jpg","articleSection":["Cine","Historia"],"inLanguage":"es","potentialAction":[{"@type":"CommentAction","name":"Comment","target":["https:\/\/www.fraczinet.cl\/sitio\/2011\/08\/24\/en-tome-presentaran-tres-tristes-tigres-historia\/#respond"]}]},{"@type":"WebPage","@id":"https:\/\/www.fraczinet.cl\/sitio\/2011\/08\/24\/en-tome-presentaran-tres-tristes-tigres-historia\/","url":"https:\/\/www.fraczinet.cl\/sitio\/2011\/08\/24\/en-tome-presentaran-tres-tristes-tigres-historia\/","name":"En Tom\u00e9 Presentar\u00e1n Tres Tristes Tigres (Historia) - Nuestro Bio B\u00edo","isPartOf":{"@id":"https:\/\/www.fraczinet.cl\/sitio\/#website"},"primaryImageOfPage":{"@id":"https:\/\/www.fraczinet.cl\/sitio\/2011\/08\/24\/en-tome-presentaran-tres-tristes-tigres-historia\/#primaryimage"},"image":{"@id":"https:\/\/www.fraczinet.cl\/sitio\/2011\/08\/24\/en-tome-presentaran-tres-tristes-tigres-historia\/#primaryimage"},"thumbnailUrl":"http:\/\/3.bp.blogspot.com\/-twGn3QbeVwY\/TlUcK22EOWI\/AAAAAAAATLQ\/8jQ53qIi2Js\/s320\/trestristestigres.jpg","datePublished":"2011-08-24T14:47:00+00:00","dateModified":"2022-10-06T23:02:35+00:00","breadcrumb":{"@id":"https:\/\/www.fraczinet.cl\/sitio\/2011\/08\/24\/en-tome-presentaran-tres-tristes-tigres-historia\/#breadcrumb"},"inLanguage":"es","potentialAction":[{"@type":"ReadAction","target":["https:\/\/www.fraczinet.cl\/sitio\/2011\/08\/24\/en-tome-presentaran-tres-tristes-tigres-historia\/"]}]},{"@type":"ImageObject","inLanguage":"es","@id":"https:\/\/www.fraczinet.cl\/sitio\/2011\/08\/24\/en-tome-presentaran-tres-tristes-tigres-historia\/#primaryimage","url":"http:\/\/3.bp.blogspot.com\/-twGn3QbeVwY\/TlUcK22EOWI\/AAAAAAAATLQ\/8jQ53qIi2Js\/s320\/trestristestigres.jpg","contentUrl":"http:\/\/3.bp.blogspot.com\/-twGn3QbeVwY\/TlUcK22EOWI\/AAAAAAAATLQ\/8jQ53qIi2Js\/s320\/trestristestigres.jpg"},{"@type":"BreadcrumbList","@id":"https:\/\/www.fraczinet.cl\/sitio\/2011\/08\/24\/en-tome-presentaran-tres-tristes-tigres-historia\/#breadcrumb","itemListElement":[{"@type":"ListItem","position":1,"name":"Portada","item":"https:\/\/www.fraczinet.cl\/sitio\/"},{"@type":"ListItem","position":2,"name":"En Tom\u00e9 Presentar\u00e1n Tres Tristes Tigres (Historia)"}]},{"@type":"WebSite","@id":"https:\/\/www.fraczinet.cl\/sitio\/#website","url":"https:\/\/www.fraczinet.cl\/sitio\/","name":"Nuestro Bio B\u00edo","description":"Tierra de Encuentros","publisher":{"@id":"https:\/\/www.fraczinet.cl\/sitio\/#\/schema\/person\/aec8ee4da68df2b9b0eefdad24a0d582"},"potentialAction":[{"@type":"SearchAction","target":{"@type":"EntryPoint","urlTemplate":"https:\/\/www.fraczinet.cl\/sitio\/?s={search_term_string}"},"query-input":{"@type":"PropertyValueSpecification","valueRequired":true,"valueName":"search_term_string"}}],"inLanguage":"es"},{"@type":["Person","Organization"],"@id":"https:\/\/www.fraczinet.cl\/sitio\/#\/schema\/person\/aec8ee4da68df2b9b0eefdad24a0d582","name":"Luis Fernando Fraczinet","image":{"@type":"ImageObject","inLanguage":"es","@id":"https:\/\/www.fraczinet.cl\/sitio\/#\/schema\/person\/image\/","url":"https:\/\/www.fraczinet.cl\/sitio\/wp-content\/uploads\/2021\/07\/bannerlogo-1.gif","contentUrl":"https:\/\/www.fraczinet.cl\/sitio\/wp-content\/uploads\/2021\/07\/bannerlogo-1.gif","width":159,"height":79,"caption":"Luis Fernando Fraczinet"},"logo":{"@id":"https:\/\/www.fraczinet.cl\/sitio\/#\/schema\/person\/image\/"},"sameAs":["https:\/\/www.fraczinet.cl\/sitio\/"]},{"@type":"Person","@id":"https:\/\/www.fraczinet.cl\/sitio\/#\/schema\/person\/bc30f98e9cb10ae7e119dbe14bc93784","name":"admin","image":{"@type":"ImageObject","inLanguage":"es","@id":"https:\/\/www.fraczinet.cl\/sitio\/#\/schema\/person\/image\/","url":"https:\/\/secure.gravatar.com\/avatar\/d5ad3cf7ef3b23a2bb5be73be780c86b2fc8545c3ad6b149f3913ff458c00099?s=96&d=mm&r=g","contentUrl":"https:\/\/secure.gravatar.com\/avatar\/d5ad3cf7ef3b23a2bb5be73be780c86b2fc8545c3ad6b149f3913ff458c00099?s=96&d=mm&r=g","caption":"admin"},"sameAs":["https:\/\/www.fraczinet.cl\/sitio"]}]}},"_links":{"self":[{"href":"https:\/\/www.fraczinet.cl\/sitio\/wp-json\/wp\/v2\/posts\/6092","targetHints":{"allow":["GET"]}}],"collection":[{"href":"https:\/\/www.fraczinet.cl\/sitio\/wp-json\/wp\/v2\/posts"}],"about":[{"href":"https:\/\/www.fraczinet.cl\/sitio\/wp-json\/wp\/v2\/types\/post"}],"author":[{"embeddable":true,"href":"https:\/\/www.fraczinet.cl\/sitio\/wp-json\/wp\/v2\/users\/1"}],"replies":[{"embeddable":true,"href":"https:\/\/www.fraczinet.cl\/sitio\/wp-json\/wp\/v2\/comments?post=6092"}],"version-history":[{"count":1,"href":"https:\/\/www.fraczinet.cl\/sitio\/wp-json\/wp\/v2\/posts\/6092\/revisions"}],"predecessor-version":[{"id":14327,"href":"https:\/\/www.fraczinet.cl\/sitio\/wp-json\/wp\/v2\/posts\/6092\/revisions\/14327"}],"wp:attachment":[{"href":"https:\/\/www.fraczinet.cl\/sitio\/wp-json\/wp\/v2\/media?parent=6092"}],"wp:term":[{"taxonomy":"category","embeddable":true,"href":"https:\/\/www.fraczinet.cl\/sitio\/wp-json\/wp\/v2\/categories?post=6092"},{"taxonomy":"post_tag","embeddable":true,"href":"https:\/\/www.fraczinet.cl\/sitio\/wp-json\/wp\/v2\/tags?post=6092"}],"curies":[{"name":"wp","href":"https:\/\/api.w.org\/{rel}","templated":true}]}}