{"id":6105,"date":"2011-08-11T01:56:00","date_gmt":"2011-08-11T01:56:00","guid":{"rendered":"https:\/\/www.fraczinet.cl\/sitio\/2011\/08\/11\/egac-condena-declaraciones-de-secretaria-ejecutiva-del-fondo-de-libro-en-contra-de-presidenta-de-la-fech\/"},"modified":"2022-09-23T23:55:21","modified_gmt":"2022-09-23T23:55:21","slug":"egac-condena-declaraciones-de-secretaria-ejecutiva-del-fondo-de-libro-en-contra-de-presidenta-de-la-fech","status":"publish","type":"post","link":"https:\/\/www.fraczinet.cl\/sitio\/2011\/08\/11\/egac-condena-declaraciones-de-secretaria-ejecutiva-del-fondo-de-libro-en-contra-de-presidenta-de-la-fech\/","title":{"rendered":"Egac condena declaraciones de secretaria ejecutiva del Fondo de Libro en contra de Presidenta de la FECH"},"content":{"rendered":"<p>Ante los graves dichos formulados por la Secretaria Ejecutiva del Fondo de Libro del Consejo Nacional de la Cultura y las Artes, Tatiana Acu\u00f1a, quien refri\u00e9ndose a la Presidenta de la Federaci\u00f3n de Estudiantes de la Universidad de Chile, FECH, se\u00f1al\u00f3 que \u201cse mata a la perra y se acaba la leva\u201d, la Escuela de Gestores y Animadores Culturales, EGAC, considera su deber manifestar lo siguiente:<\/p>\n<p>Condenamos de forma categ\u00f3rica la forma y el fondo de estas desafortunadas expresiones que en nada se condicen con la alta responsabilidad que ostenta esta funcionaria en la principal instituci\u00f3n cultural del pa\u00eds.<\/p>\n<p>Este tipo declaraciones, en nada inocentes ni casuales, se dan en el contexto de la mayor movilizaci\u00f3n nacional de las \u00faltimas d\u00e9cadas, encabezada por los estudiantes por el acceso a una educaci\u00f3n gratuita y de calidad para todos los chilenos, por lo que ofenden la conciencia nacional, trayendo a la memoria los peores m\u00e9todos utilizados por el terrorismo de Estado en d\u00e9cadas pasadas en contra de quienes pensaban distinto.<\/p>\n<p>Consideramos que dada la gravedad de estas declaraciones la mencionada funcionaria est\u00e1 moralmente inhabilitada para continuar ejerciendo tan importante responsabilidad, por lo que esperamos tenga la grandeza de dar un paso al costado, independientemente de las medidas administrativas que la instituci\u00f3n debe impulsar para sancionar y prevenir este tipo de conductas en los funcionarios del Consejo de la Cultura.<\/p>\n<p>Finalmente, llamamos a nuestros colegas gestores organizaciones y trabajadores del mundo de la cultura a redoblar esfuerzos por construir una institucionalidad cultural democr\u00e1tica, inclusiva y participativa, tal como viene demandando la ciudadan\u00eda y los propios desaf\u00edos que enfrenta el sector.<\/p>\n<p>Santiago, 9 de Agosto de 2011<\/p>\n<p><a href=\"http:\/\/egac.wordpress.com\/\">Escuela de Gestores y Animadores Culturales<\/a><\/p>\n","protected":false},"excerpt":{"rendered":"<p>Ante los graves dichos formulados por la Secretaria Ejecutiva del Fondo de Libro del Consejo Nacional de la Cultura y las Artes, Tatiana Acu\u00f1a, quien refri\u00e9ndose a la Presidenta de la Federaci\u00f3n de Estudiantes de la Universidad de Chile, FECH, se\u00f1al\u00f3 que \u201cse mata a la perra y se acaba la leva\u201d, la Escuela de [&hellip;]<\/p>\n","protected":false},"author":1,"featured_media":13236,"comment_status":"open","ping_status":"open","sticky":false,"template":"","format":"standard","meta":{"footnotes":""},"categories":[207],"tags":[],"class_list":["post-6105","post","type-post","status-publish","format-standard","has-post-thumbnail","hentry","category-gestion-cultural"],"yoast_head":"<!-- This site is optimized with the Yoast SEO plugin v25.0 - https:\/\/yoast.com\/wordpress\/plugins\/seo\/ -->\n<title>Egac condena declaraciones de secretaria ejecutiva del Fondo de Libro en contra de Presidenta de la FECH - Nuestro Bio B\u00edo<\/title>\n<meta name=\"robots\" content=\"index, follow, max-snippet:-1, max-image-preview:large, max-video-preview:-1\" \/>\n<link rel=\"canonical\" href=\"https:\/\/www.fraczinet.cl\/sitio\/2011\/08\/11\/egac-condena-declaraciones-de-secretaria-ejecutiva-del-fondo-de-libro-en-contra-de-presidenta-de-la-fech\/\" \/>\n<meta property=\"og:locale\" content=\"es_ES\" \/>\n<meta property=\"og:type\" content=\"article\" \/>\n<meta property=\"og:title\" content=\"Egac condena declaraciones de secretaria ejecutiva del Fondo de Libro en contra de Presidenta de la FECH - Nuestro Bio B\u00edo\" \/>\n<meta property=\"og:description\" content=\"Ante los graves dichos formulados por la Secretaria Ejecutiva del Fondo de Libro del Consejo Nacional de la Cultura y las Artes, Tatiana Acu\u00f1a, quien refri\u00e9ndose a la Presidenta de la Federaci\u00f3n de Estudiantes de la Universidad de Chile, FECH, se\u00f1al\u00f3 que \u201cse mata a la perra y se acaba la leva\u201d, la Escuela de [&hellip;]\" \/>\n<meta property=\"og:url\" content=\"https:\/\/www.fraczinet.cl\/sitio\/2011\/08\/11\/egac-condena-declaraciones-de-secretaria-ejecutiva-del-fondo-de-libro-en-contra-de-presidenta-de-la-fech\/\" \/>\n<meta property=\"og:site_name\" content=\"Nuestro Bio B\u00edo\" \/>\n<meta property=\"article:published_time\" content=\"2011-08-11T01:56:00+00:00\" \/>\n<meta property=\"article:modified_time\" content=\"2022-09-23T23:55:21+00:00\" \/>\n<meta property=\"og:image\" content=\"https:\/\/www.fraczinet.cl\/sitio\/wp-content\/uploads\/2011\/11\/Fondos-de-cultura.png\" \/>\n\t<meta property=\"og:image:width\" content=\"300\" \/>\n\t<meta property=\"og:image:height\" content=\"168\" \/>\n\t<meta property=\"og:image:type\" content=\"image\/png\" \/>\n<meta name=\"author\" content=\"admin\" \/>\n<meta name=\"twitter:card\" content=\"summary_large_image\" \/>\n<meta name=\"twitter:creator\" content=\"@nuestrobiobio\" \/>\n<meta name=\"twitter:site\" content=\"@nuestrobiobio\" \/>\n<meta name=\"twitter:label1\" content=\"Escrito por\" \/>\n\t<meta name=\"twitter:data1\" content=\"admin\" \/>\n\t<meta name=\"twitter:label2\" content=\"Tiempo de lectura\" \/>\n\t<meta name=\"twitter:data2\" content=\"1 minuto\" \/>\n<script type=\"application\/ld+json\" class=\"yoast-schema-graph\">{\"@context\":\"https:\/\/schema.org\",\"@graph\":[{\"@type\":\"Article\",\"@id\":\"https:\/\/www.fraczinet.cl\/sitio\/2011\/08\/11\/egac-condena-declaraciones-de-secretaria-ejecutiva-del-fondo-de-libro-en-contra-de-presidenta-de-la-fech\/#article\",\"isPartOf\":{\"@id\":\"https:\/\/www.fraczinet.cl\/sitio\/2011\/08\/11\/egac-condena-declaraciones-de-secretaria-ejecutiva-del-fondo-de-libro-en-contra-de-presidenta-de-la-fech\/\"},\"author\":{\"name\":\"admin\",\"@id\":\"https:\/\/www.fraczinet.cl\/sitio\/#\/schema\/person\/bc30f98e9cb10ae7e119dbe14bc93784\"},\"headline\":\"Egac condena declaraciones de secretaria ejecutiva del Fondo de Libro en contra de Presidenta de la FECH\",\"datePublished\":\"2011-08-11T01:56:00+00:00\",\"dateModified\":\"2022-09-23T23:55:21+00:00\",\"mainEntityOfPage\":{\"@id\":\"https:\/\/www.fraczinet.cl\/sitio\/2011\/08\/11\/egac-condena-declaraciones-de-secretaria-ejecutiva-del-fondo-de-libro-en-contra-de-presidenta-de-la-fech\/\"},\"wordCount\":310,\"commentCount\":0,\"publisher\":{\"@id\":\"https:\/\/www.fraczinet.cl\/sitio\/#\/schema\/person\/aec8ee4da68df2b9b0eefdad24a0d582\"},\"image\":{\"@id\":\"https:\/\/www.fraczinet.cl\/sitio\/2011\/08\/11\/egac-condena-declaraciones-de-secretaria-ejecutiva-del-fondo-de-libro-en-contra-de-presidenta-de-la-fech\/#primaryimage\"},\"thumbnailUrl\":\"https:\/\/www.fraczinet.cl\/sitio\/wp-content\/uploads\/2011\/11\/Fondos-de-cultura.png\",\"articleSection\":[\"Gesti\u00f3n Cultural\"],\"inLanguage\":\"es\",\"potentialAction\":[{\"@type\":\"CommentAction\",\"name\":\"Comment\",\"target\":[\"https:\/\/www.fraczinet.cl\/sitio\/2011\/08\/11\/egac-condena-declaraciones-de-secretaria-ejecutiva-del-fondo-de-libro-en-contra-de-presidenta-de-la-fech\/#respond\"]}]},{\"@type\":\"WebPage\",\"@id\":\"https:\/\/www.fraczinet.cl\/sitio\/2011\/08\/11\/egac-condena-declaraciones-de-secretaria-ejecutiva-del-fondo-de-libro-en-contra-de-presidenta-de-la-fech\/\",\"url\":\"https:\/\/www.fraczinet.cl\/sitio\/2011\/08\/11\/egac-condena-declaraciones-de-secretaria-ejecutiva-del-fondo-de-libro-en-contra-de-presidenta-de-la-fech\/\",\"name\":\"Egac condena declaraciones de secretaria ejecutiva del Fondo de Libro en contra de Presidenta de la FECH - Nuestro Bio B\u00edo\",\"isPartOf\":{\"@id\":\"https:\/\/www.fraczinet.cl\/sitio\/#website\"},\"primaryImageOfPage\":{\"@id\":\"https:\/\/www.fraczinet.cl\/sitio\/2011\/08\/11\/egac-condena-declaraciones-de-secretaria-ejecutiva-del-fondo-de-libro-en-contra-de-presidenta-de-la-fech\/#primaryimage\"},\"image\":{\"@id\":\"https:\/\/www.fraczinet.cl\/sitio\/2011\/08\/11\/egac-condena-declaraciones-de-secretaria-ejecutiva-del-fondo-de-libro-en-contra-de-presidenta-de-la-fech\/#primaryimage\"},\"thumbnailUrl\":\"https:\/\/www.fraczinet.cl\/sitio\/wp-content\/uploads\/2011\/11\/Fondos-de-cultura.png\",\"datePublished\":\"2011-08-11T01:56:00+00:00\",\"dateModified\":\"2022-09-23T23:55:21+00:00\",\"breadcrumb\":{\"@id\":\"https:\/\/www.fraczinet.cl\/sitio\/2011\/08\/11\/egac-condena-declaraciones-de-secretaria-ejecutiva-del-fondo-de-libro-en-contra-de-presidenta-de-la-fech\/#breadcrumb\"},\"inLanguage\":\"es\",\"potentialAction\":[{\"@type\":\"ReadAction\",\"target\":[\"https:\/\/www.fraczinet.cl\/sitio\/2011\/08\/11\/egac-condena-declaraciones-de-secretaria-ejecutiva-del-fondo-de-libro-en-contra-de-presidenta-de-la-fech\/\"]}]},{\"@type\":\"ImageObject\",\"inLanguage\":\"es\",\"@id\":\"https:\/\/www.fraczinet.cl\/sitio\/2011\/08\/11\/egac-condena-declaraciones-de-secretaria-ejecutiva-del-fondo-de-libro-en-contra-de-presidenta-de-la-fech\/#primaryimage\",\"url\":\"https:\/\/www.fraczinet.cl\/sitio\/wp-content\/uploads\/2011\/11\/Fondos-de-cultura.png\",\"contentUrl\":\"https:\/\/www.fraczinet.cl\/sitio\/wp-content\/uploads\/2011\/11\/Fondos-de-cultura.png\",\"width\":300,\"height\":168},{\"@type\":\"BreadcrumbList\",\"@id\":\"https:\/\/www.fraczinet.cl\/sitio\/2011\/08\/11\/egac-condena-declaraciones-de-secretaria-ejecutiva-del-fondo-de-libro-en-contra-de-presidenta-de-la-fech\/#breadcrumb\",\"itemListElement\":[{\"@type\":\"ListItem\",\"position\":1,\"name\":\"Portada\",\"item\":\"https:\/\/www.fraczinet.cl\/sitio\/\"},{\"@type\":\"ListItem\",\"position\":2,\"name\":\"Egac condena declaraciones de secretaria ejecutiva del Fondo de Libro en contra de Presidenta de la FECH\"}]},{\"@type\":\"WebSite\",\"@id\":\"https:\/\/www.fraczinet.cl\/sitio\/#website\",\"url\":\"https:\/\/www.fraczinet.cl\/sitio\/\",\"name\":\"Nuestro Bio B\u00edo\",\"description\":\"Tierra de Encuentros\",\"publisher\":{\"@id\":\"https:\/\/www.fraczinet.cl\/sitio\/#\/schema\/person\/aec8ee4da68df2b9b0eefdad24a0d582\"},\"potentialAction\":[{\"@type\":\"SearchAction\",\"target\":{\"@type\":\"EntryPoint\",\"urlTemplate\":\"https:\/\/www.fraczinet.cl\/sitio\/?s={search_term_string}\"},\"query-input\":{\"@type\":\"PropertyValueSpecification\",\"valueRequired\":true,\"valueName\":\"search_term_string\"}}],\"inLanguage\":\"es\"},{\"@type\":[\"Person\",\"Organization\"],\"@id\":\"https:\/\/www.fraczinet.cl\/sitio\/#\/schema\/person\/aec8ee4da68df2b9b0eefdad24a0d582\",\"name\":\"Luis Fernando Fraczinet\",\"image\":{\"@type\":\"ImageObject\",\"inLanguage\":\"es\",\"@id\":\"https:\/\/www.fraczinet.cl\/sitio\/#\/schema\/person\/image\/\",\"url\":\"https:\/\/www.fraczinet.cl\/sitio\/wp-content\/uploads\/2021\/07\/bannerlogo-1.gif\",\"contentUrl\":\"https:\/\/www.fraczinet.cl\/sitio\/wp-content\/uploads\/2021\/07\/bannerlogo-1.gif\",\"width\":159,\"height\":79,\"caption\":\"Luis Fernando Fraczinet\"},\"logo\":{\"@id\":\"https:\/\/www.fraczinet.cl\/sitio\/#\/schema\/person\/image\/\"},\"sameAs\":[\"https:\/\/www.fraczinet.cl\/sitio\/\"]},{\"@type\":\"Person\",\"@id\":\"https:\/\/www.fraczinet.cl\/sitio\/#\/schema\/person\/bc30f98e9cb10ae7e119dbe14bc93784\",\"name\":\"admin\",\"image\":{\"@type\":\"ImageObject\",\"inLanguage\":\"es\",\"@id\":\"https:\/\/www.fraczinet.cl\/sitio\/#\/schema\/person\/image\/\",\"url\":\"https:\/\/secure.gravatar.com\/avatar\/d5ad3cf7ef3b23a2bb5be73be780c86b2fc8545c3ad6b149f3913ff458c00099?s=96&d=mm&r=g\",\"contentUrl\":\"https:\/\/secure.gravatar.com\/avatar\/d5ad3cf7ef3b23a2bb5be73be780c86b2fc8545c3ad6b149f3913ff458c00099?s=96&d=mm&r=g\",\"caption\":\"admin\"},\"sameAs\":[\"https:\/\/www.fraczinet.cl\/sitio\"]}]}<\/script>\n<!-- \/ Yoast SEO plugin. -->","yoast_head_json":{"title":"Egac condena declaraciones de secretaria ejecutiva del Fondo de Libro en contra de Presidenta de la FECH - Nuestro Bio B\u00edo","robots":{"index":"index","follow":"follow","max-snippet":"max-snippet:-1","max-image-preview":"max-image-preview:large","max-video-preview":"max-video-preview:-1"},"canonical":"https:\/\/www.fraczinet.cl\/sitio\/2011\/08\/11\/egac-condena-declaraciones-de-secretaria-ejecutiva-del-fondo-de-libro-en-contra-de-presidenta-de-la-fech\/","og_locale":"es_ES","og_type":"article","og_title":"Egac condena declaraciones de secretaria ejecutiva del Fondo de Libro en contra de Presidenta de la FECH - Nuestro Bio B\u00edo","og_description":"Ante los graves dichos formulados por la Secretaria Ejecutiva del Fondo de Libro del Consejo Nacional de la Cultura y las Artes, Tatiana Acu\u00f1a, quien refri\u00e9ndose a la Presidenta de la Federaci\u00f3n de Estudiantes de la Universidad de Chile, FECH, se\u00f1al\u00f3 que \u201cse mata a la perra y se acaba la leva\u201d, la Escuela de [&hellip;]","og_url":"https:\/\/www.fraczinet.cl\/sitio\/2011\/08\/11\/egac-condena-declaraciones-de-secretaria-ejecutiva-del-fondo-de-libro-en-contra-de-presidenta-de-la-fech\/","og_site_name":"Nuestro Bio B\u00edo","article_published_time":"2011-08-11T01:56:00+00:00","article_modified_time":"2022-09-23T23:55:21+00:00","og_image":[{"width":300,"height":168,"url":"https:\/\/www.fraczinet.cl\/sitio\/wp-content\/uploads\/2011\/11\/Fondos-de-cultura.png","type":"image\/png"}],"author":"admin","twitter_card":"summary_large_image","twitter_creator":"@nuestrobiobio","twitter_site":"@nuestrobiobio","twitter_misc":{"Escrito por":"admin","Tiempo de lectura":"1 minuto"},"schema":{"@context":"https:\/\/schema.org","@graph":[{"@type":"Article","@id":"https:\/\/www.fraczinet.cl\/sitio\/2011\/08\/11\/egac-condena-declaraciones-de-secretaria-ejecutiva-del-fondo-de-libro-en-contra-de-presidenta-de-la-fech\/#article","isPartOf":{"@id":"https:\/\/www.fraczinet.cl\/sitio\/2011\/08\/11\/egac-condena-declaraciones-de-secretaria-ejecutiva-del-fondo-de-libro-en-contra-de-presidenta-de-la-fech\/"},"author":{"name":"admin","@id":"https:\/\/www.fraczinet.cl\/sitio\/#\/schema\/person\/bc30f98e9cb10ae7e119dbe14bc93784"},"headline":"Egac condena declaraciones de secretaria ejecutiva del Fondo de Libro en contra de Presidenta de la FECH","datePublished":"2011-08-11T01:56:00+00:00","dateModified":"2022-09-23T23:55:21+00:00","mainEntityOfPage":{"@id":"https:\/\/www.fraczinet.cl\/sitio\/2011\/08\/11\/egac-condena-declaraciones-de-secretaria-ejecutiva-del-fondo-de-libro-en-contra-de-presidenta-de-la-fech\/"},"wordCount":310,"commentCount":0,"publisher":{"@id":"https:\/\/www.fraczinet.cl\/sitio\/#\/schema\/person\/aec8ee4da68df2b9b0eefdad24a0d582"},"image":{"@id":"https:\/\/www.fraczinet.cl\/sitio\/2011\/08\/11\/egac-condena-declaraciones-de-secretaria-ejecutiva-del-fondo-de-libro-en-contra-de-presidenta-de-la-fech\/#primaryimage"},"thumbnailUrl":"https:\/\/www.fraczinet.cl\/sitio\/wp-content\/uploads\/2011\/11\/Fondos-de-cultura.png","articleSection":["Gesti\u00f3n Cultural"],"inLanguage":"es","potentialAction":[{"@type":"CommentAction","name":"Comment","target":["https:\/\/www.fraczinet.cl\/sitio\/2011\/08\/11\/egac-condena-declaraciones-de-secretaria-ejecutiva-del-fondo-de-libro-en-contra-de-presidenta-de-la-fech\/#respond"]}]},{"@type":"WebPage","@id":"https:\/\/www.fraczinet.cl\/sitio\/2011\/08\/11\/egac-condena-declaraciones-de-secretaria-ejecutiva-del-fondo-de-libro-en-contra-de-presidenta-de-la-fech\/","url":"https:\/\/www.fraczinet.cl\/sitio\/2011\/08\/11\/egac-condena-declaraciones-de-secretaria-ejecutiva-del-fondo-de-libro-en-contra-de-presidenta-de-la-fech\/","name":"Egac condena declaraciones de secretaria ejecutiva del Fondo de Libro en contra de Presidenta de la FECH - Nuestro Bio B\u00edo","isPartOf":{"@id":"https:\/\/www.fraczinet.cl\/sitio\/#website"},"primaryImageOfPage":{"@id":"https:\/\/www.fraczinet.cl\/sitio\/2011\/08\/11\/egac-condena-declaraciones-de-secretaria-ejecutiva-del-fondo-de-libro-en-contra-de-presidenta-de-la-fech\/#primaryimage"},"image":{"@id":"https:\/\/www.fraczinet.cl\/sitio\/2011\/08\/11\/egac-condena-declaraciones-de-secretaria-ejecutiva-del-fondo-de-libro-en-contra-de-presidenta-de-la-fech\/#primaryimage"},"thumbnailUrl":"https:\/\/www.fraczinet.cl\/sitio\/wp-content\/uploads\/2011\/11\/Fondos-de-cultura.png","datePublished":"2011-08-11T01:56:00+00:00","dateModified":"2022-09-23T23:55:21+00:00","breadcrumb":{"@id":"https:\/\/www.fraczinet.cl\/sitio\/2011\/08\/11\/egac-condena-declaraciones-de-secretaria-ejecutiva-del-fondo-de-libro-en-contra-de-presidenta-de-la-fech\/#breadcrumb"},"inLanguage":"es","potentialAction":[{"@type":"ReadAction","target":["https:\/\/www.fraczinet.cl\/sitio\/2011\/08\/11\/egac-condena-declaraciones-de-secretaria-ejecutiva-del-fondo-de-libro-en-contra-de-presidenta-de-la-fech\/"]}]},{"@type":"ImageObject","inLanguage":"es","@id":"https:\/\/www.fraczinet.cl\/sitio\/2011\/08\/11\/egac-condena-declaraciones-de-secretaria-ejecutiva-del-fondo-de-libro-en-contra-de-presidenta-de-la-fech\/#primaryimage","url":"https:\/\/www.fraczinet.cl\/sitio\/wp-content\/uploads\/2011\/11\/Fondos-de-cultura.png","contentUrl":"https:\/\/www.fraczinet.cl\/sitio\/wp-content\/uploads\/2011\/11\/Fondos-de-cultura.png","width":300,"height":168},{"@type":"BreadcrumbList","@id":"https:\/\/www.fraczinet.cl\/sitio\/2011\/08\/11\/egac-condena-declaraciones-de-secretaria-ejecutiva-del-fondo-de-libro-en-contra-de-presidenta-de-la-fech\/#breadcrumb","itemListElement":[{"@type":"ListItem","position":1,"name":"Portada","item":"https:\/\/www.fraczinet.cl\/sitio\/"},{"@type":"ListItem","position":2,"name":"Egac condena declaraciones de secretaria ejecutiva del Fondo de Libro en contra de Presidenta de la FECH"}]},{"@type":"WebSite","@id":"https:\/\/www.fraczinet.cl\/sitio\/#website","url":"https:\/\/www.fraczinet.cl\/sitio\/","name":"Nuestro Bio B\u00edo","description":"Tierra de Encuentros","publisher":{"@id":"https:\/\/www.fraczinet.cl\/sitio\/#\/schema\/person\/aec8ee4da68df2b9b0eefdad24a0d582"},"potentialAction":[{"@type":"SearchAction","target":{"@type":"EntryPoint","urlTemplate":"https:\/\/www.fraczinet.cl\/sitio\/?s={search_term_string}"},"query-input":{"@type":"PropertyValueSpecification","valueRequired":true,"valueName":"search_term_string"}}],"inLanguage":"es"},{"@type":["Person","Organization"],"@id":"https:\/\/www.fraczinet.cl\/sitio\/#\/schema\/person\/aec8ee4da68df2b9b0eefdad24a0d582","name":"Luis Fernando Fraczinet","image":{"@type":"ImageObject","inLanguage":"es","@id":"https:\/\/www.fraczinet.cl\/sitio\/#\/schema\/person\/image\/","url":"https:\/\/www.fraczinet.cl\/sitio\/wp-content\/uploads\/2021\/07\/bannerlogo-1.gif","contentUrl":"https:\/\/www.fraczinet.cl\/sitio\/wp-content\/uploads\/2021\/07\/bannerlogo-1.gif","width":159,"height":79,"caption":"Luis Fernando Fraczinet"},"logo":{"@id":"https:\/\/www.fraczinet.cl\/sitio\/#\/schema\/person\/image\/"},"sameAs":["https:\/\/www.fraczinet.cl\/sitio\/"]},{"@type":"Person","@id":"https:\/\/www.fraczinet.cl\/sitio\/#\/schema\/person\/bc30f98e9cb10ae7e119dbe14bc93784","name":"admin","image":{"@type":"ImageObject","inLanguage":"es","@id":"https:\/\/www.fraczinet.cl\/sitio\/#\/schema\/person\/image\/","url":"https:\/\/secure.gravatar.com\/avatar\/d5ad3cf7ef3b23a2bb5be73be780c86b2fc8545c3ad6b149f3913ff458c00099?s=96&d=mm&r=g","contentUrl":"https:\/\/secure.gravatar.com\/avatar\/d5ad3cf7ef3b23a2bb5be73be780c86b2fc8545c3ad6b149f3913ff458c00099?s=96&d=mm&r=g","caption":"admin"},"sameAs":["https:\/\/www.fraczinet.cl\/sitio"]}]}},"_links":{"self":[{"href":"https:\/\/www.fraczinet.cl\/sitio\/wp-json\/wp\/v2\/posts\/6105","targetHints":{"allow":["GET"]}}],"collection":[{"href":"https:\/\/www.fraczinet.cl\/sitio\/wp-json\/wp\/v2\/posts"}],"about":[{"href":"https:\/\/www.fraczinet.cl\/sitio\/wp-json\/wp\/v2\/types\/post"}],"author":[{"embeddable":true,"href":"https:\/\/www.fraczinet.cl\/sitio\/wp-json\/wp\/v2\/users\/1"}],"replies":[{"embeddable":true,"href":"https:\/\/www.fraczinet.cl\/sitio\/wp-json\/wp\/v2\/comments?post=6105"}],"version-history":[{"count":1,"href":"https:\/\/www.fraczinet.cl\/sitio\/wp-json\/wp\/v2\/posts\/6105\/revisions"}],"predecessor-version":[{"id":13302,"href":"https:\/\/www.fraczinet.cl\/sitio\/wp-json\/wp\/v2\/posts\/6105\/revisions\/13302"}],"wp:featuredmedia":[{"embeddable":true,"href":"https:\/\/www.fraczinet.cl\/sitio\/wp-json\/wp\/v2\/media\/13236"}],"wp:attachment":[{"href":"https:\/\/www.fraczinet.cl\/sitio\/wp-json\/wp\/v2\/media?parent=6105"}],"wp:term":[{"taxonomy":"category","embeddable":true,"href":"https:\/\/www.fraczinet.cl\/sitio\/wp-json\/wp\/v2\/categories?post=6105"},{"taxonomy":"post_tag","embeddable":true,"href":"https:\/\/www.fraczinet.cl\/sitio\/wp-json\/wp\/v2\/tags?post=6105"}],"curies":[{"name":"wp","href":"https:\/\/api.w.org\/{rel}","templated":true}]}}