{"id":6109,"date":"2011-08-10T14:09:00","date_gmt":"2011-08-10T14:09:00","guid":{"rendered":"https:\/\/www.fraczinet.cl\/sitio\/2011\/08\/10\/alcalde-de-ranquil-inaugura-paraderos-para-la-locomocion-en-el-quilo\/"},"modified":"2022-10-07T00:28:27","modified_gmt":"2022-10-07T00:28:27","slug":"alcalde-de-ranquil-inaugura-paraderos-para-la-locomocion-en-el-quilo","status":"publish","type":"post","link":"https:\/\/www.fraczinet.cl\/sitio\/2011\/08\/10\/alcalde-de-ranquil-inaugura-paraderos-para-la-locomocion-en-el-quilo\/","title":{"rendered":"Alcalde De R\u00e1nquil Inaugura  Paraderos Para La Locomoci\u00f3n En El Quilo"},"content":{"rendered":"<p><a href=\"http:\/\/1.bp.blogspot.com\/-wKhtneFpEb4\/TkKYnRiremI\/AAAAAAAATIw\/yQo15hkYYlA\/s1600\/P1040027600.jpg\"><img decoding=\"async\" alt=\"\" border=\"0\" id=\"BLOGGER_PHOTO_ID_5639237483912460898\" src=\"http:\/\/1.bp.blogspot.com\/-wKhtneFpEb4\/TkKYnRiremI\/AAAAAAAATIw\/yQo15hkYYlA\/s400\/P1040027600.jpg\" style=\"cursor: pointer; display: block; height: 300px; margin: 0px auto 10px; text-align: center; width: 400px;\" \/><\/a><a href=\"http:\/\/2.bp.blogspot.com\/-iQvKsUv8ZTQ\/TkKYnX6EXTI\/AAAAAAAATIo\/7KAuoaXfGek\/s1600\/IMG00186-20110706-0917600.jpg\"><img decoding=\"async\" alt=\"\" border=\"0\" id=\"BLOGGER_PHOTO_ID_5639237485621173554\" src=\"http:\/\/2.bp.blogspot.com\/-iQvKsUv8ZTQ\/TkKYnX6EXTI\/AAAAAAAATIo\/7KAuoaXfGek\/s400\/IMG00186-20110706-0917600.jpg\" style=\"cursor: pointer; display: block; height: 300px; margin: 0px auto 10px; text-align: center; width: 400px;\" \/><\/a><a href=\"http:\/\/3.bp.blogspot.com\/-SgtQ9NBByhU\/TkKYng88bgI\/AAAAAAAATI4\/ZSlIEXA-C1w\/s1600\/P1040028600.jpg\"><img decoding=\"async\" alt=\"\" border=\"0\" id=\"BLOGGER_PHOTO_ID_5639237488049155586\" src=\"http:\/\/3.bp.blogspot.com\/-SgtQ9NBByhU\/TkKYng88bgI\/AAAAAAAATI4\/ZSlIEXA-C1w\/s400\/P1040028600.jpg\" style=\"cursor: pointer; display: block; height: 300px; margin: 0px auto 10px; text-align: center; width: 400px;\" \/><\/a>  Con la asistencia de los Vecinos del sector, mas la directiva de la junta de Vecinos del Quilo el Alcalde  Sr. Carlos  Garrido C. inauguro paraderos en dicho lugar, un anhelo que por a\u00f1os se ven\u00eda manifestando y por fin se hizo efectivo y que de inmediato est\u00e1 prestando una tremenda utilidad a los alumnos y vecinos del sector.  El Alcalde, en sus palabras a los presente, destac\u00f3 el trabajo que est\u00e1 realizando el Municipio para los lugares m\u00e1s apartado de la Comuna de R\u00e1nquil, cuyas necesidades muchas veces se ven mermadas por m\u00faltiples razones pero que en esta ocasi\u00f3n gracias a la perseverancia  de los dirigentes dan una ayuda a cada habitante del lugar.  En periodos de inverno los efectos de la lluvias eran catastr\u00f3ficos y en verano las temperatura de igual forma afectaban ahora con estos paraderos se viene a solucionar esta  necesidad que se extend\u00eda en el tiempo e indicando que ahora es responsabilidad de la gente del sector cuidarlos y mantenerlos con el fin que no deterioren y adem\u00e1s se\u00f1alando que pronto se van a llevar a cabo  otras obras que tambi\u00e9n van  beneficiar mucho a  los del Quilo.<\/p>\n","protected":false},"excerpt":{"rendered":"<p>Con la asistencia de los Vecinos del sector, mas la directiva de la junta de Vecinos del Quilo el Alcalde Sr. Carlos Garrido C. inauguro paraderos en dicho lugar, un anhelo que por a\u00f1os se ven\u00eda manifestando y por fin se hizo efectivo y que de inmediato est\u00e1 prestando una tremenda utilidad a los alumnos [&hellip;]<\/p>\n","protected":false},"author":1,"featured_media":0,"comment_status":"open","ping_status":"open","sticky":false,"template":"","format":"standard","meta":{"footnotes":""},"categories":[131],"tags":[],"class_list":["post-6109","post","type-post","status-publish","format-standard","hentry","category-politica"],"yoast_head":"<!-- This site is optimized with the Yoast SEO plugin v25.0 - https:\/\/yoast.com\/wordpress\/plugins\/seo\/ -->\n<title>Alcalde De R\u00e1nquil Inaugura Paraderos Para La Locomoci\u00f3n En El Quilo - Nuestro Bio B\u00edo<\/title>\n<meta name=\"robots\" content=\"index, follow, max-snippet:-1, max-image-preview:large, max-video-preview:-1\" \/>\n<link rel=\"canonical\" href=\"https:\/\/www.fraczinet.cl\/sitio\/2011\/08\/10\/alcalde-de-ranquil-inaugura-paraderos-para-la-locomocion-en-el-quilo\/\" \/>\n<meta property=\"og:locale\" content=\"es_ES\" \/>\n<meta property=\"og:type\" content=\"article\" \/>\n<meta property=\"og:title\" content=\"Alcalde De R\u00e1nquil Inaugura Paraderos Para La Locomoci\u00f3n En El Quilo - Nuestro Bio B\u00edo\" \/>\n<meta property=\"og:description\" content=\"Con la asistencia de los Vecinos del sector, mas la directiva de la junta de Vecinos del Quilo el Alcalde Sr. Carlos Garrido C. inauguro paraderos en dicho lugar, un anhelo que por a\u00f1os se ven\u00eda manifestando y por fin se hizo efectivo y que de inmediato est\u00e1 prestando una tremenda utilidad a los alumnos [&hellip;]\" \/>\n<meta property=\"og:url\" content=\"https:\/\/www.fraczinet.cl\/sitio\/2011\/08\/10\/alcalde-de-ranquil-inaugura-paraderos-para-la-locomocion-en-el-quilo\/\" \/>\n<meta property=\"og:site_name\" content=\"Nuestro Bio B\u00edo\" \/>\n<meta property=\"article:published_time\" content=\"2011-08-10T14:09:00+00:00\" \/>\n<meta property=\"article:modified_time\" content=\"2022-10-07T00:28:27+00:00\" \/>\n<meta property=\"og:image\" content=\"http:\/\/1.bp.blogspot.com\/-wKhtneFpEb4\/TkKYnRiremI\/AAAAAAAATIw\/yQo15hkYYlA\/s400\/P1040027600.jpg\" \/>\n<meta name=\"author\" content=\"admin\" \/>\n<meta name=\"twitter:card\" content=\"summary_large_image\" \/>\n<meta name=\"twitter:creator\" content=\"@nuestrobiobio\" \/>\n<meta name=\"twitter:site\" content=\"@nuestrobiobio\" \/>\n<meta name=\"twitter:label1\" content=\"Escrito por\" \/>\n\t<meta name=\"twitter:data1\" content=\"admin\" \/>\n\t<meta name=\"twitter:label2\" content=\"Tiempo de lectura\" \/>\n\t<meta name=\"twitter:data2\" content=\"1 minuto\" \/>\n<script type=\"application\/ld+json\" class=\"yoast-schema-graph\">{\"@context\":\"https:\/\/schema.org\",\"@graph\":[{\"@type\":\"Article\",\"@id\":\"https:\/\/www.fraczinet.cl\/sitio\/2011\/08\/10\/alcalde-de-ranquil-inaugura-paraderos-para-la-locomocion-en-el-quilo\/#article\",\"isPartOf\":{\"@id\":\"https:\/\/www.fraczinet.cl\/sitio\/2011\/08\/10\/alcalde-de-ranquil-inaugura-paraderos-para-la-locomocion-en-el-quilo\/\"},\"author\":{\"name\":\"admin\",\"@id\":\"https:\/\/www.fraczinet.cl\/sitio\/#\/schema\/person\/bc30f98e9cb10ae7e119dbe14bc93784\"},\"headline\":\"Alcalde De R\u00e1nquil Inaugura Paraderos Para La Locomoci\u00f3n En El Quilo\",\"datePublished\":\"2011-08-10T14:09:00+00:00\",\"dateModified\":\"2022-10-07T00:28:27+00:00\",\"mainEntityOfPage\":{\"@id\":\"https:\/\/www.fraczinet.cl\/sitio\/2011\/08\/10\/alcalde-de-ranquil-inaugura-paraderos-para-la-locomocion-en-el-quilo\/\"},\"wordCount\":217,\"commentCount\":0,\"publisher\":{\"@id\":\"https:\/\/www.fraczinet.cl\/sitio\/#\/schema\/person\/aec8ee4da68df2b9b0eefdad24a0d582\"},\"image\":{\"@id\":\"https:\/\/www.fraczinet.cl\/sitio\/2011\/08\/10\/alcalde-de-ranquil-inaugura-paraderos-para-la-locomocion-en-el-quilo\/#primaryimage\"},\"thumbnailUrl\":\"http:\/\/1.bp.blogspot.com\/-wKhtneFpEb4\/TkKYnRiremI\/AAAAAAAATIw\/yQo15hkYYlA\/s400\/P1040027600.jpg\",\"articleSection\":[\"Pol\u00edtica\"],\"inLanguage\":\"es\",\"potentialAction\":[{\"@type\":\"CommentAction\",\"name\":\"Comment\",\"target\":[\"https:\/\/www.fraczinet.cl\/sitio\/2011\/08\/10\/alcalde-de-ranquil-inaugura-paraderos-para-la-locomocion-en-el-quilo\/#respond\"]}]},{\"@type\":\"WebPage\",\"@id\":\"https:\/\/www.fraczinet.cl\/sitio\/2011\/08\/10\/alcalde-de-ranquil-inaugura-paraderos-para-la-locomocion-en-el-quilo\/\",\"url\":\"https:\/\/www.fraczinet.cl\/sitio\/2011\/08\/10\/alcalde-de-ranquil-inaugura-paraderos-para-la-locomocion-en-el-quilo\/\",\"name\":\"Alcalde De R\u00e1nquil Inaugura Paraderos Para La Locomoci\u00f3n En El Quilo - Nuestro Bio B\u00edo\",\"isPartOf\":{\"@id\":\"https:\/\/www.fraczinet.cl\/sitio\/#website\"},\"primaryImageOfPage\":{\"@id\":\"https:\/\/www.fraczinet.cl\/sitio\/2011\/08\/10\/alcalde-de-ranquil-inaugura-paraderos-para-la-locomocion-en-el-quilo\/#primaryimage\"},\"image\":{\"@id\":\"https:\/\/www.fraczinet.cl\/sitio\/2011\/08\/10\/alcalde-de-ranquil-inaugura-paraderos-para-la-locomocion-en-el-quilo\/#primaryimage\"},\"thumbnailUrl\":\"http:\/\/1.bp.blogspot.com\/-wKhtneFpEb4\/TkKYnRiremI\/AAAAAAAATIw\/yQo15hkYYlA\/s400\/P1040027600.jpg\",\"datePublished\":\"2011-08-10T14:09:00+00:00\",\"dateModified\":\"2022-10-07T00:28:27+00:00\",\"breadcrumb\":{\"@id\":\"https:\/\/www.fraczinet.cl\/sitio\/2011\/08\/10\/alcalde-de-ranquil-inaugura-paraderos-para-la-locomocion-en-el-quilo\/#breadcrumb\"},\"inLanguage\":\"es\",\"potentialAction\":[{\"@type\":\"ReadAction\",\"target\":[\"https:\/\/www.fraczinet.cl\/sitio\/2011\/08\/10\/alcalde-de-ranquil-inaugura-paraderos-para-la-locomocion-en-el-quilo\/\"]}]},{\"@type\":\"ImageObject\",\"inLanguage\":\"es\",\"@id\":\"https:\/\/www.fraczinet.cl\/sitio\/2011\/08\/10\/alcalde-de-ranquil-inaugura-paraderos-para-la-locomocion-en-el-quilo\/#primaryimage\",\"url\":\"http:\/\/1.bp.blogspot.com\/-wKhtneFpEb4\/TkKYnRiremI\/AAAAAAAATIw\/yQo15hkYYlA\/s400\/P1040027600.jpg\",\"contentUrl\":\"http:\/\/1.bp.blogspot.com\/-wKhtneFpEb4\/TkKYnRiremI\/AAAAAAAATIw\/yQo15hkYYlA\/s400\/P1040027600.jpg\"},{\"@type\":\"BreadcrumbList\",\"@id\":\"https:\/\/www.fraczinet.cl\/sitio\/2011\/08\/10\/alcalde-de-ranquil-inaugura-paraderos-para-la-locomocion-en-el-quilo\/#breadcrumb\",\"itemListElement\":[{\"@type\":\"ListItem\",\"position\":1,\"name\":\"Portada\",\"item\":\"https:\/\/www.fraczinet.cl\/sitio\/\"},{\"@type\":\"ListItem\",\"position\":2,\"name\":\"Alcalde De R\u00e1nquil Inaugura Paraderos Para La Locomoci\u00f3n En El Quilo\"}]},{\"@type\":\"WebSite\",\"@id\":\"https:\/\/www.fraczinet.cl\/sitio\/#website\",\"url\":\"https:\/\/www.fraczinet.cl\/sitio\/\",\"name\":\"Nuestro Bio B\u00edo\",\"description\":\"Tierra de Encuentros\",\"publisher\":{\"@id\":\"https:\/\/www.fraczinet.cl\/sitio\/#\/schema\/person\/aec8ee4da68df2b9b0eefdad24a0d582\"},\"potentialAction\":[{\"@type\":\"SearchAction\",\"target\":{\"@type\":\"EntryPoint\",\"urlTemplate\":\"https:\/\/www.fraczinet.cl\/sitio\/?s={search_term_string}\"},\"query-input\":{\"@type\":\"PropertyValueSpecification\",\"valueRequired\":true,\"valueName\":\"search_term_string\"}}],\"inLanguage\":\"es\"},{\"@type\":[\"Person\",\"Organization\"],\"@id\":\"https:\/\/www.fraczinet.cl\/sitio\/#\/schema\/person\/aec8ee4da68df2b9b0eefdad24a0d582\",\"name\":\"Luis Fernando Fraczinet\",\"image\":{\"@type\":\"ImageObject\",\"inLanguage\":\"es\",\"@id\":\"https:\/\/www.fraczinet.cl\/sitio\/#\/schema\/person\/image\/\",\"url\":\"https:\/\/www.fraczinet.cl\/sitio\/wp-content\/uploads\/2021\/07\/bannerlogo-1.gif\",\"contentUrl\":\"https:\/\/www.fraczinet.cl\/sitio\/wp-content\/uploads\/2021\/07\/bannerlogo-1.gif\",\"width\":159,\"height\":79,\"caption\":\"Luis Fernando Fraczinet\"},\"logo\":{\"@id\":\"https:\/\/www.fraczinet.cl\/sitio\/#\/schema\/person\/image\/\"},\"sameAs\":[\"https:\/\/www.fraczinet.cl\/sitio\/\"]},{\"@type\":\"Person\",\"@id\":\"https:\/\/www.fraczinet.cl\/sitio\/#\/schema\/person\/bc30f98e9cb10ae7e119dbe14bc93784\",\"name\":\"admin\",\"image\":{\"@type\":\"ImageObject\",\"inLanguage\":\"es\",\"@id\":\"https:\/\/www.fraczinet.cl\/sitio\/#\/schema\/person\/image\/\",\"url\":\"https:\/\/secure.gravatar.com\/avatar\/d5ad3cf7ef3b23a2bb5be73be780c86b2fc8545c3ad6b149f3913ff458c00099?s=96&d=mm&r=g\",\"contentUrl\":\"https:\/\/secure.gravatar.com\/avatar\/d5ad3cf7ef3b23a2bb5be73be780c86b2fc8545c3ad6b149f3913ff458c00099?s=96&d=mm&r=g\",\"caption\":\"admin\"},\"sameAs\":[\"https:\/\/www.fraczinet.cl\/sitio\"]}]}<\/script>\n<!-- \/ Yoast SEO plugin. -->","yoast_head_json":{"title":"Alcalde De R\u00e1nquil Inaugura Paraderos Para La Locomoci\u00f3n En El Quilo - Nuestro Bio B\u00edo","robots":{"index":"index","follow":"follow","max-snippet":"max-snippet:-1","max-image-preview":"max-image-preview:large","max-video-preview":"max-video-preview:-1"},"canonical":"https:\/\/www.fraczinet.cl\/sitio\/2011\/08\/10\/alcalde-de-ranquil-inaugura-paraderos-para-la-locomocion-en-el-quilo\/","og_locale":"es_ES","og_type":"article","og_title":"Alcalde De R\u00e1nquil Inaugura Paraderos Para La Locomoci\u00f3n En El Quilo - Nuestro Bio B\u00edo","og_description":"Con la asistencia de los Vecinos del sector, mas la directiva de la junta de Vecinos del Quilo el Alcalde Sr. Carlos Garrido C. inauguro paraderos en dicho lugar, un anhelo que por a\u00f1os se ven\u00eda manifestando y por fin se hizo efectivo y que de inmediato est\u00e1 prestando una tremenda utilidad a los alumnos [&hellip;]","og_url":"https:\/\/www.fraczinet.cl\/sitio\/2011\/08\/10\/alcalde-de-ranquil-inaugura-paraderos-para-la-locomocion-en-el-quilo\/","og_site_name":"Nuestro Bio B\u00edo","article_published_time":"2011-08-10T14:09:00+00:00","article_modified_time":"2022-10-07T00:28:27+00:00","og_image":[{"url":"http:\/\/1.bp.blogspot.com\/-wKhtneFpEb4\/TkKYnRiremI\/AAAAAAAATIw\/yQo15hkYYlA\/s400\/P1040027600.jpg","type":"","width":"","height":""}],"author":"admin","twitter_card":"summary_large_image","twitter_creator":"@nuestrobiobio","twitter_site":"@nuestrobiobio","twitter_misc":{"Escrito por":"admin","Tiempo de lectura":"1 minuto"},"schema":{"@context":"https:\/\/schema.org","@graph":[{"@type":"Article","@id":"https:\/\/www.fraczinet.cl\/sitio\/2011\/08\/10\/alcalde-de-ranquil-inaugura-paraderos-para-la-locomocion-en-el-quilo\/#article","isPartOf":{"@id":"https:\/\/www.fraczinet.cl\/sitio\/2011\/08\/10\/alcalde-de-ranquil-inaugura-paraderos-para-la-locomocion-en-el-quilo\/"},"author":{"name":"admin","@id":"https:\/\/www.fraczinet.cl\/sitio\/#\/schema\/person\/bc30f98e9cb10ae7e119dbe14bc93784"},"headline":"Alcalde De R\u00e1nquil Inaugura Paraderos Para La Locomoci\u00f3n En El Quilo","datePublished":"2011-08-10T14:09:00+00:00","dateModified":"2022-10-07T00:28:27+00:00","mainEntityOfPage":{"@id":"https:\/\/www.fraczinet.cl\/sitio\/2011\/08\/10\/alcalde-de-ranquil-inaugura-paraderos-para-la-locomocion-en-el-quilo\/"},"wordCount":217,"commentCount":0,"publisher":{"@id":"https:\/\/www.fraczinet.cl\/sitio\/#\/schema\/person\/aec8ee4da68df2b9b0eefdad24a0d582"},"image":{"@id":"https:\/\/www.fraczinet.cl\/sitio\/2011\/08\/10\/alcalde-de-ranquil-inaugura-paraderos-para-la-locomocion-en-el-quilo\/#primaryimage"},"thumbnailUrl":"http:\/\/1.bp.blogspot.com\/-wKhtneFpEb4\/TkKYnRiremI\/AAAAAAAATIw\/yQo15hkYYlA\/s400\/P1040027600.jpg","articleSection":["Pol\u00edtica"],"inLanguage":"es","potentialAction":[{"@type":"CommentAction","name":"Comment","target":["https:\/\/www.fraczinet.cl\/sitio\/2011\/08\/10\/alcalde-de-ranquil-inaugura-paraderos-para-la-locomocion-en-el-quilo\/#respond"]}]},{"@type":"WebPage","@id":"https:\/\/www.fraczinet.cl\/sitio\/2011\/08\/10\/alcalde-de-ranquil-inaugura-paraderos-para-la-locomocion-en-el-quilo\/","url":"https:\/\/www.fraczinet.cl\/sitio\/2011\/08\/10\/alcalde-de-ranquil-inaugura-paraderos-para-la-locomocion-en-el-quilo\/","name":"Alcalde De R\u00e1nquil Inaugura Paraderos Para La Locomoci\u00f3n En El Quilo - Nuestro Bio B\u00edo","isPartOf":{"@id":"https:\/\/www.fraczinet.cl\/sitio\/#website"},"primaryImageOfPage":{"@id":"https:\/\/www.fraczinet.cl\/sitio\/2011\/08\/10\/alcalde-de-ranquil-inaugura-paraderos-para-la-locomocion-en-el-quilo\/#primaryimage"},"image":{"@id":"https:\/\/www.fraczinet.cl\/sitio\/2011\/08\/10\/alcalde-de-ranquil-inaugura-paraderos-para-la-locomocion-en-el-quilo\/#primaryimage"},"thumbnailUrl":"http:\/\/1.bp.blogspot.com\/-wKhtneFpEb4\/TkKYnRiremI\/AAAAAAAATIw\/yQo15hkYYlA\/s400\/P1040027600.jpg","datePublished":"2011-08-10T14:09:00+00:00","dateModified":"2022-10-07T00:28:27+00:00","breadcrumb":{"@id":"https:\/\/www.fraczinet.cl\/sitio\/2011\/08\/10\/alcalde-de-ranquil-inaugura-paraderos-para-la-locomocion-en-el-quilo\/#breadcrumb"},"inLanguage":"es","potentialAction":[{"@type":"ReadAction","target":["https:\/\/www.fraczinet.cl\/sitio\/2011\/08\/10\/alcalde-de-ranquil-inaugura-paraderos-para-la-locomocion-en-el-quilo\/"]}]},{"@type":"ImageObject","inLanguage":"es","@id":"https:\/\/www.fraczinet.cl\/sitio\/2011\/08\/10\/alcalde-de-ranquil-inaugura-paraderos-para-la-locomocion-en-el-quilo\/#primaryimage","url":"http:\/\/1.bp.blogspot.com\/-wKhtneFpEb4\/TkKYnRiremI\/AAAAAAAATIw\/yQo15hkYYlA\/s400\/P1040027600.jpg","contentUrl":"http:\/\/1.bp.blogspot.com\/-wKhtneFpEb4\/TkKYnRiremI\/AAAAAAAATIw\/yQo15hkYYlA\/s400\/P1040027600.jpg"},{"@type":"BreadcrumbList","@id":"https:\/\/www.fraczinet.cl\/sitio\/2011\/08\/10\/alcalde-de-ranquil-inaugura-paraderos-para-la-locomocion-en-el-quilo\/#breadcrumb","itemListElement":[{"@type":"ListItem","position":1,"name":"Portada","item":"https:\/\/www.fraczinet.cl\/sitio\/"},{"@type":"ListItem","position":2,"name":"Alcalde De R\u00e1nquil Inaugura Paraderos Para La Locomoci\u00f3n En El Quilo"}]},{"@type":"WebSite","@id":"https:\/\/www.fraczinet.cl\/sitio\/#website","url":"https:\/\/www.fraczinet.cl\/sitio\/","name":"Nuestro Bio B\u00edo","description":"Tierra de Encuentros","publisher":{"@id":"https:\/\/www.fraczinet.cl\/sitio\/#\/schema\/person\/aec8ee4da68df2b9b0eefdad24a0d582"},"potentialAction":[{"@type":"SearchAction","target":{"@type":"EntryPoint","urlTemplate":"https:\/\/www.fraczinet.cl\/sitio\/?s={search_term_string}"},"query-input":{"@type":"PropertyValueSpecification","valueRequired":true,"valueName":"search_term_string"}}],"inLanguage":"es"},{"@type":["Person","Organization"],"@id":"https:\/\/www.fraczinet.cl\/sitio\/#\/schema\/person\/aec8ee4da68df2b9b0eefdad24a0d582","name":"Luis Fernando Fraczinet","image":{"@type":"ImageObject","inLanguage":"es","@id":"https:\/\/www.fraczinet.cl\/sitio\/#\/schema\/person\/image\/","url":"https:\/\/www.fraczinet.cl\/sitio\/wp-content\/uploads\/2021\/07\/bannerlogo-1.gif","contentUrl":"https:\/\/www.fraczinet.cl\/sitio\/wp-content\/uploads\/2021\/07\/bannerlogo-1.gif","width":159,"height":79,"caption":"Luis Fernando Fraczinet"},"logo":{"@id":"https:\/\/www.fraczinet.cl\/sitio\/#\/schema\/person\/image\/"},"sameAs":["https:\/\/www.fraczinet.cl\/sitio\/"]},{"@type":"Person","@id":"https:\/\/www.fraczinet.cl\/sitio\/#\/schema\/person\/bc30f98e9cb10ae7e119dbe14bc93784","name":"admin","image":{"@type":"ImageObject","inLanguage":"es","@id":"https:\/\/www.fraczinet.cl\/sitio\/#\/schema\/person\/image\/","url":"https:\/\/secure.gravatar.com\/avatar\/d5ad3cf7ef3b23a2bb5be73be780c86b2fc8545c3ad6b149f3913ff458c00099?s=96&d=mm&r=g","contentUrl":"https:\/\/secure.gravatar.com\/avatar\/d5ad3cf7ef3b23a2bb5be73be780c86b2fc8545c3ad6b149f3913ff458c00099?s=96&d=mm&r=g","caption":"admin"},"sameAs":["https:\/\/www.fraczinet.cl\/sitio"]}]}},"_links":{"self":[{"href":"https:\/\/www.fraczinet.cl\/sitio\/wp-json\/wp\/v2\/posts\/6109","targetHints":{"allow":["GET"]}}],"collection":[{"href":"https:\/\/www.fraczinet.cl\/sitio\/wp-json\/wp\/v2\/posts"}],"about":[{"href":"https:\/\/www.fraczinet.cl\/sitio\/wp-json\/wp\/v2\/types\/post"}],"author":[{"embeddable":true,"href":"https:\/\/www.fraczinet.cl\/sitio\/wp-json\/wp\/v2\/users\/1"}],"replies":[{"embeddable":true,"href":"https:\/\/www.fraczinet.cl\/sitio\/wp-json\/wp\/v2\/comments?post=6109"}],"version-history":[{"count":1,"href":"https:\/\/www.fraczinet.cl\/sitio\/wp-json\/wp\/v2\/posts\/6109\/revisions"}],"predecessor-version":[{"id":14401,"href":"https:\/\/www.fraczinet.cl\/sitio\/wp-json\/wp\/v2\/posts\/6109\/revisions\/14401"}],"wp:attachment":[{"href":"https:\/\/www.fraczinet.cl\/sitio\/wp-json\/wp\/v2\/media?parent=6109"}],"wp:term":[{"taxonomy":"category","embeddable":true,"href":"https:\/\/www.fraczinet.cl\/sitio\/wp-json\/wp\/v2\/categories?post=6109"},{"taxonomy":"post_tag","embeddable":true,"href":"https:\/\/www.fraczinet.cl\/sitio\/wp-json\/wp\/v2\/tags?post=6109"}],"curies":[{"name":"wp","href":"https:\/\/api.w.org\/{rel}","templated":true}]}}