{"id":6117,"date":"2011-08-05T20:29:00","date_gmt":"2011-08-05T20:29:00","guid":{"rendered":"https:\/\/www.fraczinet.cl\/sitio\/2011\/08\/05\/inauguraran-moderna-escuela-en-talcamavida-comuna-de-hualqui\/"},"modified":"2022-10-06T21:31:41","modified_gmt":"2022-10-06T21:31:41","slug":"inauguraran-moderna-escuela-en-talcamavida-comuna-de-hualqui","status":"publish","type":"post","link":"https:\/\/www.fraczinet.cl\/sitio\/2011\/08\/05\/inauguraran-moderna-escuela-en-talcamavida-comuna-de-hualqui\/","title":{"rendered":"Inaugurar\u00e1n Moderna Escuela En Talcam\u00e1vida \u2013 Comuna De Hualqui"},"content":{"rendered":"<p><span style=\"font-weight: bold;\"><span style=\"font-style: italic;\">Localidad ubicada al sur de Hualqui se encuentra expectante ante la inminente inauguraci\u00f3n de la mega obra, proyecto esperado durante a\u00f1os por los vecinos del sector, por lo que se espera una alta convocatoria al acto de inauguraci\u00f3n oficial.<\/span><\/span> <a href=\"http:\/\/4.bp.blogspot.com\/-vEU4VATGPHM\/TjxTLdmsvzI\/AAAAAAAATHA\/X-hRrCXqCqA\/s1600\/Escuela%2BHualqui%2B600.jpg\"><img decoding=\"async\" alt=\"\" border=\"0\" id=\"BLOGGER_PHOTO_ID_5637472289951629106\" src=\"http:\/\/4.bp.blogspot.com\/-vEU4VATGPHM\/TjxTLdmsvzI\/AAAAAAAATHA\/X-hRrCXqCqA\/s400\/Escuela%2BHualqui%2B600.jpg\" style=\"cursor: pointer; display: block; height: 267px; margin: 0px auto 10px; text-align: center; width: 400px;\" \/><\/a> Los habitantes de Talcam\u00e1vida y sus alrededores cuentan las horas para lo que ser\u00e1 la esperada inauguraci\u00f3n de la nueva escuela \u201cCarlos Fern\u00e1ndez Castillo\u201d. Y es que la expectaci\u00f3n es alta en la localidad, toda vez que el corte de cinta de la mega obra programada para el lunes a las 12.00 hrs corresponde a la concreci\u00f3n de un anhelado proyecto de la localidad rural ubicada en el sector sur de la comuna.  La construcci\u00f3n del nuevo colegio fue gestionada por la Municipalidad de Hualqui a trav\u00e9s del Fondo Nacional de Desarrollo Regional (FNDR) y su costo ascendi\u00f3 a los 796 millones de pesos.  Ricardo Fuentes, alcalde de Hualqui, indic\u00f3 que se trata de una obra emblem\u00e1tica para la comuna. \u201cLos vecinos lucharon durante a\u00f1os por lograr este importante adelanto, por lo que ser\u00e1 un momento hist\u00f3rico para la comuna. Ahora los ni\u00f1os de Talcam\u00e1vida contar\u00e1n con un recinto moderno y acorde a los nuevos tiempos, lo cual sin duda influir\u00e1 positivamente en su proceso de aprendizaje\u201d  La nueva y moderna escuela de Talcam\u00e1vida contar\u00e1 con mayores y c\u00f3modos espacios para realizar las actividades educativas y extraescolares, uno de los aspectos fundamentales para mejorar la metodolog\u00eda de trabajo en la b\u00fasqueda de superar los resultados acad\u00e9micos de sus estudiantes.  El establecimiento posee 8 salas de clases para educaci\u00f3n b\u00e1sica, dos para educaci\u00f3n parvularia y dos para educaci\u00f3n diferencial, las que se complementan con una sala multitaller, otra para computaci\u00f3n y una biblioteca, adem\u00e1s de cocina con un amplio comedor y oficinas para Direcci\u00f3n, Unidad T\u00e9cnico Pedag\u00f3gica, Inspector\u00eda y sala de profesores. Las nuevas dependencias permitir\u00e1n fortalecer el trabajo extraescolar, uso de la computaci\u00f3n para la ense\u00f1anza y el fomento de la lectura.<\/p>\n","protected":false},"excerpt":{"rendered":"<p>Localidad ubicada al sur de Hualqui se encuentra expectante ante la inminente inauguraci\u00f3n de la mega obra, proyecto esperado durante a\u00f1os por los vecinos del sector, por lo que se espera una alta convocatoria al acto de inauguraci\u00f3n oficial. Los habitantes de Talcam\u00e1vida y sus alrededores cuentan las horas para lo que ser\u00e1 la esperada [&hellip;]<\/p>\n","protected":false},"author":1,"featured_media":0,"comment_status":"open","ping_status":"open","sticky":false,"template":"","format":"standard","meta":{"footnotes":""},"categories":[151],"tags":[],"class_list":["post-6117","post","type-post","status-publish","format-standard","hentry","category-educacion"],"yoast_head":"<!-- This site is optimized with the Yoast SEO plugin v25.0 - https:\/\/yoast.com\/wordpress\/plugins\/seo\/ -->\n<title>Inaugurar\u00e1n Moderna Escuela En Talcam\u00e1vida \u2013 Comuna De Hualqui - Nuestro Bio B\u00edo<\/title>\n<meta name=\"robots\" content=\"index, follow, max-snippet:-1, max-image-preview:large, max-video-preview:-1\" \/>\n<link rel=\"canonical\" href=\"https:\/\/www.fraczinet.cl\/sitio\/2011\/08\/05\/inauguraran-moderna-escuela-en-talcamavida-comuna-de-hualqui\/\" \/>\n<meta property=\"og:locale\" content=\"es_ES\" \/>\n<meta property=\"og:type\" content=\"article\" \/>\n<meta property=\"og:title\" content=\"Inaugurar\u00e1n Moderna Escuela En Talcam\u00e1vida \u2013 Comuna De Hualqui - Nuestro Bio B\u00edo\" \/>\n<meta property=\"og:description\" content=\"Localidad ubicada al sur de Hualqui se encuentra expectante ante la inminente inauguraci\u00f3n de la mega obra, proyecto esperado durante a\u00f1os por los vecinos del sector, por lo que se espera una alta convocatoria al acto de inauguraci\u00f3n oficial. Los habitantes de Talcam\u00e1vida y sus alrededores cuentan las horas para lo que ser\u00e1 la esperada [&hellip;]\" \/>\n<meta property=\"og:url\" content=\"https:\/\/www.fraczinet.cl\/sitio\/2011\/08\/05\/inauguraran-moderna-escuela-en-talcamavida-comuna-de-hualqui\/\" \/>\n<meta property=\"og:site_name\" content=\"Nuestro Bio B\u00edo\" \/>\n<meta property=\"article:published_time\" content=\"2011-08-05T20:29:00+00:00\" \/>\n<meta property=\"article:modified_time\" content=\"2022-10-06T21:31:41+00:00\" \/>\n<meta property=\"og:image\" content=\"http:\/\/4.bp.blogspot.com\/-vEU4VATGPHM\/TjxTLdmsvzI\/AAAAAAAATHA\/X-hRrCXqCqA\/s400\/Escuela%2BHualqui%2B600.jpg\" \/>\n<meta name=\"author\" content=\"admin\" \/>\n<meta name=\"twitter:card\" content=\"summary_large_image\" \/>\n<meta name=\"twitter:creator\" content=\"@nuestrobiobio\" \/>\n<meta name=\"twitter:site\" content=\"@nuestrobiobio\" \/>\n<meta name=\"twitter:label1\" content=\"Escrito por\" \/>\n\t<meta name=\"twitter:data1\" content=\"admin\" \/>\n\t<meta name=\"twitter:label2\" content=\"Tiempo de lectura\" \/>\n\t<meta name=\"twitter:data2\" content=\"2 minutos\" \/>\n<script type=\"application\/ld+json\" class=\"yoast-schema-graph\">{\"@context\":\"https:\/\/schema.org\",\"@graph\":[{\"@type\":\"Article\",\"@id\":\"https:\/\/www.fraczinet.cl\/sitio\/2011\/08\/05\/inauguraran-moderna-escuela-en-talcamavida-comuna-de-hualqui\/#article\",\"isPartOf\":{\"@id\":\"https:\/\/www.fraczinet.cl\/sitio\/2011\/08\/05\/inauguraran-moderna-escuela-en-talcamavida-comuna-de-hualqui\/\"},\"author\":{\"name\":\"admin\",\"@id\":\"https:\/\/www.fraczinet.cl\/sitio\/#\/schema\/person\/bc30f98e9cb10ae7e119dbe14bc93784\"},\"headline\":\"Inaugurar\u00e1n Moderna Escuela En Talcam\u00e1vida \u2013 Comuna De Hualqui\",\"datePublished\":\"2011-08-05T20:29:00+00:00\",\"dateModified\":\"2022-10-06T21:31:41+00:00\",\"mainEntityOfPage\":{\"@id\":\"https:\/\/www.fraczinet.cl\/sitio\/2011\/08\/05\/inauguraran-moderna-escuela-en-talcamavida-comuna-de-hualqui\/\"},\"wordCount\":362,\"commentCount\":0,\"publisher\":{\"@id\":\"https:\/\/www.fraczinet.cl\/sitio\/#\/schema\/person\/aec8ee4da68df2b9b0eefdad24a0d582\"},\"image\":{\"@id\":\"https:\/\/www.fraczinet.cl\/sitio\/2011\/08\/05\/inauguraran-moderna-escuela-en-talcamavida-comuna-de-hualqui\/#primaryimage\"},\"thumbnailUrl\":\"http:\/\/4.bp.blogspot.com\/-vEU4VATGPHM\/TjxTLdmsvzI\/AAAAAAAATHA\/X-hRrCXqCqA\/s400\/Escuela%2BHualqui%2B600.jpg\",\"articleSection\":[\"Educaci\u00f3n\"],\"inLanguage\":\"es\",\"potentialAction\":[{\"@type\":\"CommentAction\",\"name\":\"Comment\",\"target\":[\"https:\/\/www.fraczinet.cl\/sitio\/2011\/08\/05\/inauguraran-moderna-escuela-en-talcamavida-comuna-de-hualqui\/#respond\"]}]},{\"@type\":\"WebPage\",\"@id\":\"https:\/\/www.fraczinet.cl\/sitio\/2011\/08\/05\/inauguraran-moderna-escuela-en-talcamavida-comuna-de-hualqui\/\",\"url\":\"https:\/\/www.fraczinet.cl\/sitio\/2011\/08\/05\/inauguraran-moderna-escuela-en-talcamavida-comuna-de-hualqui\/\",\"name\":\"Inaugurar\u00e1n Moderna Escuela En Talcam\u00e1vida \u2013 Comuna De Hualqui - Nuestro Bio B\u00edo\",\"isPartOf\":{\"@id\":\"https:\/\/www.fraczinet.cl\/sitio\/#website\"},\"primaryImageOfPage\":{\"@id\":\"https:\/\/www.fraczinet.cl\/sitio\/2011\/08\/05\/inauguraran-moderna-escuela-en-talcamavida-comuna-de-hualqui\/#primaryimage\"},\"image\":{\"@id\":\"https:\/\/www.fraczinet.cl\/sitio\/2011\/08\/05\/inauguraran-moderna-escuela-en-talcamavida-comuna-de-hualqui\/#primaryimage\"},\"thumbnailUrl\":\"http:\/\/4.bp.blogspot.com\/-vEU4VATGPHM\/TjxTLdmsvzI\/AAAAAAAATHA\/X-hRrCXqCqA\/s400\/Escuela%2BHualqui%2B600.jpg\",\"datePublished\":\"2011-08-05T20:29:00+00:00\",\"dateModified\":\"2022-10-06T21:31:41+00:00\",\"breadcrumb\":{\"@id\":\"https:\/\/www.fraczinet.cl\/sitio\/2011\/08\/05\/inauguraran-moderna-escuela-en-talcamavida-comuna-de-hualqui\/#breadcrumb\"},\"inLanguage\":\"es\",\"potentialAction\":[{\"@type\":\"ReadAction\",\"target\":[\"https:\/\/www.fraczinet.cl\/sitio\/2011\/08\/05\/inauguraran-moderna-escuela-en-talcamavida-comuna-de-hualqui\/\"]}]},{\"@type\":\"ImageObject\",\"inLanguage\":\"es\",\"@id\":\"https:\/\/www.fraczinet.cl\/sitio\/2011\/08\/05\/inauguraran-moderna-escuela-en-talcamavida-comuna-de-hualqui\/#primaryimage\",\"url\":\"http:\/\/4.bp.blogspot.com\/-vEU4VATGPHM\/TjxTLdmsvzI\/AAAAAAAATHA\/X-hRrCXqCqA\/s400\/Escuela%2BHualqui%2B600.jpg\",\"contentUrl\":\"http:\/\/4.bp.blogspot.com\/-vEU4VATGPHM\/TjxTLdmsvzI\/AAAAAAAATHA\/X-hRrCXqCqA\/s400\/Escuela%2BHualqui%2B600.jpg\"},{\"@type\":\"BreadcrumbList\",\"@id\":\"https:\/\/www.fraczinet.cl\/sitio\/2011\/08\/05\/inauguraran-moderna-escuela-en-talcamavida-comuna-de-hualqui\/#breadcrumb\",\"itemListElement\":[{\"@type\":\"ListItem\",\"position\":1,\"name\":\"Portada\",\"item\":\"https:\/\/www.fraczinet.cl\/sitio\/\"},{\"@type\":\"ListItem\",\"position\":2,\"name\":\"Inaugurar\u00e1n Moderna Escuela En Talcam\u00e1vida \u2013 Comuna De Hualqui\"}]},{\"@type\":\"WebSite\",\"@id\":\"https:\/\/www.fraczinet.cl\/sitio\/#website\",\"url\":\"https:\/\/www.fraczinet.cl\/sitio\/\",\"name\":\"Nuestro Bio B\u00edo\",\"description\":\"Tierra de Encuentros\",\"publisher\":{\"@id\":\"https:\/\/www.fraczinet.cl\/sitio\/#\/schema\/person\/aec8ee4da68df2b9b0eefdad24a0d582\"},\"potentialAction\":[{\"@type\":\"SearchAction\",\"target\":{\"@type\":\"EntryPoint\",\"urlTemplate\":\"https:\/\/www.fraczinet.cl\/sitio\/?s={search_term_string}\"},\"query-input\":{\"@type\":\"PropertyValueSpecification\",\"valueRequired\":true,\"valueName\":\"search_term_string\"}}],\"inLanguage\":\"es\"},{\"@type\":[\"Person\",\"Organization\"],\"@id\":\"https:\/\/www.fraczinet.cl\/sitio\/#\/schema\/person\/aec8ee4da68df2b9b0eefdad24a0d582\",\"name\":\"Luis Fernando Fraczinet\",\"image\":{\"@type\":\"ImageObject\",\"inLanguage\":\"es\",\"@id\":\"https:\/\/www.fraczinet.cl\/sitio\/#\/schema\/person\/image\/\",\"url\":\"https:\/\/www.fraczinet.cl\/sitio\/wp-content\/uploads\/2021\/07\/bannerlogo-1.gif\",\"contentUrl\":\"https:\/\/www.fraczinet.cl\/sitio\/wp-content\/uploads\/2021\/07\/bannerlogo-1.gif\",\"width\":159,\"height\":79,\"caption\":\"Luis Fernando Fraczinet\"},\"logo\":{\"@id\":\"https:\/\/www.fraczinet.cl\/sitio\/#\/schema\/person\/image\/\"},\"sameAs\":[\"https:\/\/www.fraczinet.cl\/sitio\/\"]},{\"@type\":\"Person\",\"@id\":\"https:\/\/www.fraczinet.cl\/sitio\/#\/schema\/person\/bc30f98e9cb10ae7e119dbe14bc93784\",\"name\":\"admin\",\"image\":{\"@type\":\"ImageObject\",\"inLanguage\":\"es\",\"@id\":\"https:\/\/www.fraczinet.cl\/sitio\/#\/schema\/person\/image\/\",\"url\":\"https:\/\/secure.gravatar.com\/avatar\/d5ad3cf7ef3b23a2bb5be73be780c86b2fc8545c3ad6b149f3913ff458c00099?s=96&d=mm&r=g\",\"contentUrl\":\"https:\/\/secure.gravatar.com\/avatar\/d5ad3cf7ef3b23a2bb5be73be780c86b2fc8545c3ad6b149f3913ff458c00099?s=96&d=mm&r=g\",\"caption\":\"admin\"},\"sameAs\":[\"https:\/\/www.fraczinet.cl\/sitio\"]}]}<\/script>\n<!-- \/ Yoast SEO plugin. -->","yoast_head_json":{"title":"Inaugurar\u00e1n Moderna Escuela En Talcam\u00e1vida \u2013 Comuna De Hualqui - Nuestro Bio B\u00edo","robots":{"index":"index","follow":"follow","max-snippet":"max-snippet:-1","max-image-preview":"max-image-preview:large","max-video-preview":"max-video-preview:-1"},"canonical":"https:\/\/www.fraczinet.cl\/sitio\/2011\/08\/05\/inauguraran-moderna-escuela-en-talcamavida-comuna-de-hualqui\/","og_locale":"es_ES","og_type":"article","og_title":"Inaugurar\u00e1n Moderna Escuela En Talcam\u00e1vida \u2013 Comuna De Hualqui - Nuestro Bio B\u00edo","og_description":"Localidad ubicada al sur de Hualqui se encuentra expectante ante la inminente inauguraci\u00f3n de la mega obra, proyecto esperado durante a\u00f1os por los vecinos del sector, por lo que se espera una alta convocatoria al acto de inauguraci\u00f3n oficial. Los habitantes de Talcam\u00e1vida y sus alrededores cuentan las horas para lo que ser\u00e1 la esperada [&hellip;]","og_url":"https:\/\/www.fraczinet.cl\/sitio\/2011\/08\/05\/inauguraran-moderna-escuela-en-talcamavida-comuna-de-hualqui\/","og_site_name":"Nuestro Bio B\u00edo","article_published_time":"2011-08-05T20:29:00+00:00","article_modified_time":"2022-10-06T21:31:41+00:00","og_image":[{"url":"http:\/\/4.bp.blogspot.com\/-vEU4VATGPHM\/TjxTLdmsvzI\/AAAAAAAATHA\/X-hRrCXqCqA\/s400\/Escuela%2BHualqui%2B600.jpg","type":"","width":"","height":""}],"author":"admin","twitter_card":"summary_large_image","twitter_creator":"@nuestrobiobio","twitter_site":"@nuestrobiobio","twitter_misc":{"Escrito por":"admin","Tiempo de lectura":"2 minutos"},"schema":{"@context":"https:\/\/schema.org","@graph":[{"@type":"Article","@id":"https:\/\/www.fraczinet.cl\/sitio\/2011\/08\/05\/inauguraran-moderna-escuela-en-talcamavida-comuna-de-hualqui\/#article","isPartOf":{"@id":"https:\/\/www.fraczinet.cl\/sitio\/2011\/08\/05\/inauguraran-moderna-escuela-en-talcamavida-comuna-de-hualqui\/"},"author":{"name":"admin","@id":"https:\/\/www.fraczinet.cl\/sitio\/#\/schema\/person\/bc30f98e9cb10ae7e119dbe14bc93784"},"headline":"Inaugurar\u00e1n Moderna Escuela En Talcam\u00e1vida \u2013 Comuna De Hualqui","datePublished":"2011-08-05T20:29:00+00:00","dateModified":"2022-10-06T21:31:41+00:00","mainEntityOfPage":{"@id":"https:\/\/www.fraczinet.cl\/sitio\/2011\/08\/05\/inauguraran-moderna-escuela-en-talcamavida-comuna-de-hualqui\/"},"wordCount":362,"commentCount":0,"publisher":{"@id":"https:\/\/www.fraczinet.cl\/sitio\/#\/schema\/person\/aec8ee4da68df2b9b0eefdad24a0d582"},"image":{"@id":"https:\/\/www.fraczinet.cl\/sitio\/2011\/08\/05\/inauguraran-moderna-escuela-en-talcamavida-comuna-de-hualqui\/#primaryimage"},"thumbnailUrl":"http:\/\/4.bp.blogspot.com\/-vEU4VATGPHM\/TjxTLdmsvzI\/AAAAAAAATHA\/X-hRrCXqCqA\/s400\/Escuela%2BHualqui%2B600.jpg","articleSection":["Educaci\u00f3n"],"inLanguage":"es","potentialAction":[{"@type":"CommentAction","name":"Comment","target":["https:\/\/www.fraczinet.cl\/sitio\/2011\/08\/05\/inauguraran-moderna-escuela-en-talcamavida-comuna-de-hualqui\/#respond"]}]},{"@type":"WebPage","@id":"https:\/\/www.fraczinet.cl\/sitio\/2011\/08\/05\/inauguraran-moderna-escuela-en-talcamavida-comuna-de-hualqui\/","url":"https:\/\/www.fraczinet.cl\/sitio\/2011\/08\/05\/inauguraran-moderna-escuela-en-talcamavida-comuna-de-hualqui\/","name":"Inaugurar\u00e1n Moderna Escuela En Talcam\u00e1vida \u2013 Comuna De Hualqui - Nuestro Bio B\u00edo","isPartOf":{"@id":"https:\/\/www.fraczinet.cl\/sitio\/#website"},"primaryImageOfPage":{"@id":"https:\/\/www.fraczinet.cl\/sitio\/2011\/08\/05\/inauguraran-moderna-escuela-en-talcamavida-comuna-de-hualqui\/#primaryimage"},"image":{"@id":"https:\/\/www.fraczinet.cl\/sitio\/2011\/08\/05\/inauguraran-moderna-escuela-en-talcamavida-comuna-de-hualqui\/#primaryimage"},"thumbnailUrl":"http:\/\/4.bp.blogspot.com\/-vEU4VATGPHM\/TjxTLdmsvzI\/AAAAAAAATHA\/X-hRrCXqCqA\/s400\/Escuela%2BHualqui%2B600.jpg","datePublished":"2011-08-05T20:29:00+00:00","dateModified":"2022-10-06T21:31:41+00:00","breadcrumb":{"@id":"https:\/\/www.fraczinet.cl\/sitio\/2011\/08\/05\/inauguraran-moderna-escuela-en-talcamavida-comuna-de-hualqui\/#breadcrumb"},"inLanguage":"es","potentialAction":[{"@type":"ReadAction","target":["https:\/\/www.fraczinet.cl\/sitio\/2011\/08\/05\/inauguraran-moderna-escuela-en-talcamavida-comuna-de-hualqui\/"]}]},{"@type":"ImageObject","inLanguage":"es","@id":"https:\/\/www.fraczinet.cl\/sitio\/2011\/08\/05\/inauguraran-moderna-escuela-en-talcamavida-comuna-de-hualqui\/#primaryimage","url":"http:\/\/4.bp.blogspot.com\/-vEU4VATGPHM\/TjxTLdmsvzI\/AAAAAAAATHA\/X-hRrCXqCqA\/s400\/Escuela%2BHualqui%2B600.jpg","contentUrl":"http:\/\/4.bp.blogspot.com\/-vEU4VATGPHM\/TjxTLdmsvzI\/AAAAAAAATHA\/X-hRrCXqCqA\/s400\/Escuela%2BHualqui%2B600.jpg"},{"@type":"BreadcrumbList","@id":"https:\/\/www.fraczinet.cl\/sitio\/2011\/08\/05\/inauguraran-moderna-escuela-en-talcamavida-comuna-de-hualqui\/#breadcrumb","itemListElement":[{"@type":"ListItem","position":1,"name":"Portada","item":"https:\/\/www.fraczinet.cl\/sitio\/"},{"@type":"ListItem","position":2,"name":"Inaugurar\u00e1n Moderna Escuela En Talcam\u00e1vida \u2013 Comuna De Hualqui"}]},{"@type":"WebSite","@id":"https:\/\/www.fraczinet.cl\/sitio\/#website","url":"https:\/\/www.fraczinet.cl\/sitio\/","name":"Nuestro Bio B\u00edo","description":"Tierra de Encuentros","publisher":{"@id":"https:\/\/www.fraczinet.cl\/sitio\/#\/schema\/person\/aec8ee4da68df2b9b0eefdad24a0d582"},"potentialAction":[{"@type":"SearchAction","target":{"@type":"EntryPoint","urlTemplate":"https:\/\/www.fraczinet.cl\/sitio\/?s={search_term_string}"},"query-input":{"@type":"PropertyValueSpecification","valueRequired":true,"valueName":"search_term_string"}}],"inLanguage":"es"},{"@type":["Person","Organization"],"@id":"https:\/\/www.fraczinet.cl\/sitio\/#\/schema\/person\/aec8ee4da68df2b9b0eefdad24a0d582","name":"Luis Fernando Fraczinet","image":{"@type":"ImageObject","inLanguage":"es","@id":"https:\/\/www.fraczinet.cl\/sitio\/#\/schema\/person\/image\/","url":"https:\/\/www.fraczinet.cl\/sitio\/wp-content\/uploads\/2021\/07\/bannerlogo-1.gif","contentUrl":"https:\/\/www.fraczinet.cl\/sitio\/wp-content\/uploads\/2021\/07\/bannerlogo-1.gif","width":159,"height":79,"caption":"Luis Fernando Fraczinet"},"logo":{"@id":"https:\/\/www.fraczinet.cl\/sitio\/#\/schema\/person\/image\/"},"sameAs":["https:\/\/www.fraczinet.cl\/sitio\/"]},{"@type":"Person","@id":"https:\/\/www.fraczinet.cl\/sitio\/#\/schema\/person\/bc30f98e9cb10ae7e119dbe14bc93784","name":"admin","image":{"@type":"ImageObject","inLanguage":"es","@id":"https:\/\/www.fraczinet.cl\/sitio\/#\/schema\/person\/image\/","url":"https:\/\/secure.gravatar.com\/avatar\/d5ad3cf7ef3b23a2bb5be73be780c86b2fc8545c3ad6b149f3913ff458c00099?s=96&d=mm&r=g","contentUrl":"https:\/\/secure.gravatar.com\/avatar\/d5ad3cf7ef3b23a2bb5be73be780c86b2fc8545c3ad6b149f3913ff458c00099?s=96&d=mm&r=g","caption":"admin"},"sameAs":["https:\/\/www.fraczinet.cl\/sitio"]}]}},"_links":{"self":[{"href":"https:\/\/www.fraczinet.cl\/sitio\/wp-json\/wp\/v2\/posts\/6117","targetHints":{"allow":["GET"]}}],"collection":[{"href":"https:\/\/www.fraczinet.cl\/sitio\/wp-json\/wp\/v2\/posts"}],"about":[{"href":"https:\/\/www.fraczinet.cl\/sitio\/wp-json\/wp\/v2\/types\/post"}],"author":[{"embeddable":true,"href":"https:\/\/www.fraczinet.cl\/sitio\/wp-json\/wp\/v2\/users\/1"}],"replies":[{"embeddable":true,"href":"https:\/\/www.fraczinet.cl\/sitio\/wp-json\/wp\/v2\/comments?post=6117"}],"version-history":[{"count":1,"href":"https:\/\/www.fraczinet.cl\/sitio\/wp-json\/wp\/v2\/posts\/6117\/revisions"}],"predecessor-version":[{"id":14247,"href":"https:\/\/www.fraczinet.cl\/sitio\/wp-json\/wp\/v2\/posts\/6117\/revisions\/14247"}],"wp:attachment":[{"href":"https:\/\/www.fraczinet.cl\/sitio\/wp-json\/wp\/v2\/media?parent=6117"}],"wp:term":[{"taxonomy":"category","embeddable":true,"href":"https:\/\/www.fraczinet.cl\/sitio\/wp-json\/wp\/v2\/categories?post=6117"},{"taxonomy":"post_tag","embeddable":true,"href":"https:\/\/www.fraczinet.cl\/sitio\/wp-json\/wp\/v2\/tags?post=6117"}],"curies":[{"name":"wp","href":"https:\/\/api.w.org\/{rel}","templated":true}]}}