{"id":6120,"date":"2011-08-04T06:11:00","date_gmt":"2011-08-04T06:11:00","guid":{"rendered":"https:\/\/www.fraczinet.cl\/sitio\/2011\/08\/04\/estudiantes-huelguistas-responden-propuesta-del-gobierno-es-una-burla\/"},"modified":"2022-09-25T12:05:33","modified_gmt":"2022-09-25T12:05:33","slug":"estudiantes-huelguistas-responden-propuesta-del-gobierno-es-una-burla","status":"publish","type":"post","link":"https:\/\/www.fraczinet.cl\/sitio\/2011\/08\/04\/estudiantes-huelguistas-responden-propuesta-del-gobierno-es-una-burla\/","title":{"rendered":"Estudiantes Huelguistas Responden: \u201cPropuesta Del Gobierno Es Una Burla\u201d"},"content":{"rendered":"<p><span style=\"font-weight: bold;\">No es un juego de ni\u00f1os. No es un movimiento de flojos. Ni tampoco una lucha pol\u00edtica partidista. Es un movimiento con todas las de ganar y aseguran que no descansar\u00e1n hasta conseguir lo que se ha venido exigiendo.<\/span><\/p>\n<p><a href=\"http:\/\/www.elciudadano.cl\/\">El Ciudadano<\/a>. Hoy (mi\u00e9rcoles 3 de agosto), en el Liceo Experimental Art\u00edstico de Quinta Normal (LEA), los voceros de los estudiantes que se encuentran en huelga de hambre en el pa\u00eds \u2013quienes ya llevan 16 d\u00edas en ayuno\u2013 ofrecieron una conferencia de prensa para marcar su postura frente a los \u00faltimos hechos relacionados con la educaci\u00f3n.<\/p>\n<p>A la conferencia asistieron los voceros: Mar\u00eda Jos\u00e9 Z\u00fa\u00f1iga, del Liceo A-31 de Buin; Cristi\u00e1n Silva, del Dar\u00edo Salas; Miguel Rebolledo, del LEA; Jorge Garc\u00eda, del Liceo Guillermo Gronemeyer de Quilpu\u00e9, y Felipe Almonacid, del liceo Polit\u00e9cnico de Castro (Chilo\u00e9).<\/p>\n<p>El di\u00e1logo dej\u00f3 en claro la postura de los estudiantes m\u00e1s radicalizados del movimiento, quienes consignaron que el borrador que ha entregado el ministro de Educaci\u00f3n, Felipe Bulnes, es en general <span style=\"font-weight: bold;\">\u201c<span style=\"font-style: italic;\">una burla y no corresponde a las demandas que se han planteado<\/span>\u201d<\/span> en el transcurso del movimiento estudiantil.<\/p>\n<p>De acuerdo a las soluciones que ofreci\u00f3 el Gobierno en el documento que entreg\u00f3 el pasado lunes, se declar\u00f3 lo siguiente:<\/p>\n<p>&#8211; <span style=\"font-weight: bold;\">Fin al lucro<\/span>: En el borrador no se manifiesta ning\u00fan inter\u00e9s en la finalizaci\u00f3n y disoluci\u00f3n de \u00e9ste y que descaradamente lo asume a lo largo de toda su propuesta.<\/p>\n<p>&#8211; <span style=\"font-weight: bold;\">Educaci\u00f3n gratuita, p\u00fablica y de calidad, desmunicipalizaci\u00f3n sin privatizaci\u00f3n<\/span>: Nosotros no negociaremos, por lo tanto exigimos la estatizaci\u00f3n de la educaci\u00f3n.<\/p>\n<p>&#8211; <span style=\"font-weight: bold;\">Tarjeta Nacional Estudiantil (TNE) gratuita para todos los estudiantes de Chile los 365 d\u00edas del a\u00f1o<\/span>: No se menciona la gratuidad de \u00e9sta, ni la extensi\u00f3n para todos los estudiantes durante todo el a\u00f1o.<\/p>\n<p>&#8211; <span style=\"font-weight: bold;\">Reformas de Liceos T\u00e9cnicos, validar su t\u00edtulo, derecho a pr\u00e1cticas pagadas, y formar un sindicato<\/span>: En el borrador no hay manifestaci\u00f3n alguna de pr\u00e1cticas pagadas, ni el derecho a una sindicalizaci\u00f3n. Dejamos en claro al ministro Bulnes que no somos mano de obra gratuita.<\/p>\n<p>Para Cristi\u00e1n Silva la radicalizaci\u00f3n y convicci\u00f3n de los estudiantes es tan fuerte que se han planteado la opci\u00f3n de que \u201c<span style=\"font-style: italic;\"><span style=\"font-weight: bold;\">si no se da una respuesta \u2013por parte del Gobierno\u2013 que sea concreta y decente algunos compa\u00f1eros est\u00e1n dispuestos a una huelga seca, lo que nace de una preocupaci\u00f3n dentro del movimiento<\/span><\/span>\u201d, se\u00f1al\u00f3. Y a\u00f1adi\u00f3 que \u201c<span style=\"font-weight: bold;\"><span style=\"font-style: italic;\">en caso de cualquier desgracia har\u00e1n responsable al Estado de Chile y al sistema neoliberal<\/span><\/span>\u201d.<\/p>\n<p>Adem\u00e1s, enfatizaron en que, como comit\u00e9, no se encuentran politizados y que el alumnado en general -que est\u00e1 constituido por coordinadoras- busca una postura unitaria.<\/p>\n<p><span style=\"font-weight: bold;\">LA SALUD DE LOS Y LAS HUELGUISTAS<\/span><\/p>\n<p>Respecto a la salud de las huelguistas se mantiene un estado de alerta, ya que hay alumnos que se encuentran con los primeros dolores corporales tras el ayuno.<\/p>\n<p>En el LEA hay estudiantes que han perdido entre tres a nueve kilos y mantienen leves dolores abdominales, calambres y confusiones, por lo que el vocero del Liceo Experimental acota \u201c<span style=\"font-style: italic;\">que ya es hora de preocuparse, vamos a llegar a los 20 d\u00edas y queremos soluciones o esto puede terminar mal, que es lo que nadie quiere<\/span>\u201d.<\/p>\n<p>A lo que Mar\u00eda Jos\u00e9 Z\u00fa\u00f1iga a\u00f1adi\u00f3: \u201c<span style=\"font-style: italic;\">Recalcamos que los compa\u00f1eros no van a negociar. Ellos van a dar la vida, si es necesario, por la educaci\u00f3n. Sabemos que es una situaci\u00f3n s\u00faper tr\u00e1gica, pero la decisi\u00f3n de ellos es no bajarse<\/span>\u201d.<\/p>\n<p>Mientras que en el Dar\u00edo Salas se respira la misma tranquilidad con tres de los cuatro compa\u00f1eros, ya que seg\u00fan el vice vocero, Nicol\u00e1s Y\u00e1\u00f1ez, \u201c<span style=\"font-style: italic;\">una de las ni\u00f1as pas\u00f3 por un estado de deshidrataci\u00f3n, pero fue tratada inmediatamente y ya se encuentra en estado de mejor\u00eda<\/span>\u201d.<\/p>\n<p>En definitiva, los alumnos no se bajar\u00e1n ante ninguna soluci\u00f3n; s\u00f3lo y cuando se resuelvan todas sus demandas para modificar el modelo de educaci\u00f3n que se mantiene vigente en nuestro pa\u00eds.<\/p>\n<p><span style=\"font-weight: bold;\">CONTIN\u00daA LA CAMINATA POR LA EDUCACI\u00d3N<\/span><\/p>\n<p>Desde el pasado s\u00e1bado se encuentran viajando a pie 19 estudiantes de liceos de las comunas de Chimbarongo, San Fernando, Santa Cruz, Ch\u00e9pica, Rengo, Nancagua, quienes planean llegar reunirse con el Ministro de Educaci\u00f3n y as\u00ed plantear problem\u00e1ticas de la regi\u00f3n \u2013como la implementaci\u00f3n de equipamiento, la mejor\u00eda de infraestructura y la pronta fiscalizaci\u00f3n de recursos\u2013, as\u00ed como tambi\u00e9n apoyar las demandas nacionales.<\/p>\n<p>Los cinco sufridos d\u00edas finalizaron, pues hoy llegaron a Santiago donde ser\u00e1n recibidos por estudiantes de la Universidad T\u00e9cnica Metropolitana.<\/p>\n<p>A pesar de que Bulnes ya tiene su petitorio no se ha pronunciado al respecto, ni tampoco ha manifestado inter\u00e9s de reunirse con los caminantes.<\/p>\n<p><span style=\"font-weight: bold;\">Por Camila M\u00e9ndez.<br \/>\n<a href=\"http:\/\/www.elciudadano.cl\/2011\/08\/03\/estudiantes-huelguistas-responden-%E2%80%9Cestamos-dispuestos-a-huelga-seca%E2%80%9D\/\">El Ciudadano<\/a><\/span><\/p>\n","protected":false},"excerpt":{"rendered":"<p>No es un juego de ni\u00f1os. No es un movimiento de flojos. Ni tampoco una lucha pol\u00edtica partidista. Es un movimiento con todas las de ganar y aseguran que no descansar\u00e1n hasta conseguir lo que se ha venido exigiendo. El Ciudadano. Hoy (mi\u00e9rcoles 3 de agosto), en el Liceo Experimental Art\u00edstico de Quinta Normal (LEA), [&hellip;]<\/p>\n","protected":false},"author":1,"featured_media":13272,"comment_status":"open","ping_status":"open","sticky":false,"template":"","format":"standard","meta":{"footnotes":""},"categories":[151],"tags":[],"class_list":["post-6120","post","type-post","status-publish","format-standard","has-post-thumbnail","hentry","category-educacion"],"yoast_head":"<!-- This site is optimized with the Yoast SEO plugin v25.0 - https:\/\/yoast.com\/wordpress\/plugins\/seo\/ -->\n<title>Estudiantes Huelguistas Responden: \u201cPropuesta Del Gobierno Es Una Burla\u201d - Nuestro Bio B\u00edo<\/title>\n<meta name=\"robots\" content=\"index, follow, max-snippet:-1, max-image-preview:large, max-video-preview:-1\" \/>\n<link rel=\"canonical\" href=\"https:\/\/www.fraczinet.cl\/sitio\/2011\/08\/04\/estudiantes-huelguistas-responden-propuesta-del-gobierno-es-una-burla\/\" \/>\n<meta property=\"og:locale\" content=\"es_ES\" \/>\n<meta property=\"og:type\" content=\"article\" \/>\n<meta property=\"og:title\" content=\"Estudiantes Huelguistas Responden: \u201cPropuesta Del Gobierno Es Una Burla\u201d - Nuestro Bio B\u00edo\" \/>\n<meta property=\"og:description\" content=\"No es un juego de ni\u00f1os. No es un movimiento de flojos. Ni tampoco una lucha pol\u00edtica partidista. Es un movimiento con todas las de ganar y aseguran que no descansar\u00e1n hasta conseguir lo que se ha venido exigiendo. El Ciudadano. Hoy (mi\u00e9rcoles 3 de agosto), en el Liceo Experimental Art\u00edstico de Quinta Normal (LEA), [&hellip;]\" \/>\n<meta property=\"og:url\" content=\"https:\/\/www.fraczinet.cl\/sitio\/2011\/08\/04\/estudiantes-huelguistas-responden-propuesta-del-gobierno-es-una-burla\/\" \/>\n<meta property=\"og:site_name\" content=\"Nuestro Bio B\u00edo\" \/>\n<meta property=\"article:published_time\" content=\"2011-08-04T06:11:00+00:00\" \/>\n<meta property=\"article:modified_time\" content=\"2022-09-25T12:05:33+00:00\" \/>\n<meta property=\"og:image\" content=\"https:\/\/www.fraczinet.cl\/sitio\/wp-content\/uploads\/2011\/10\/Marcha-Estudiantil.jpeg\" \/>\n\t<meta property=\"og:image:width\" content=\"259\" \/>\n\t<meta property=\"og:image:height\" content=\"194\" \/>\n\t<meta property=\"og:image:type\" content=\"image\/jpeg\" \/>\n<meta name=\"author\" content=\"admin\" \/>\n<meta name=\"twitter:card\" content=\"summary_large_image\" \/>\n<meta name=\"twitter:creator\" content=\"@nuestrobiobio\" \/>\n<meta name=\"twitter:site\" content=\"@nuestrobiobio\" \/>\n<meta name=\"twitter:label1\" content=\"Escrito por\" \/>\n\t<meta name=\"twitter:data1\" content=\"admin\" \/>\n\t<meta name=\"twitter:label2\" content=\"Tiempo de lectura\" \/>\n\t<meta name=\"twitter:data2\" content=\"4 minutos\" \/>\n<script type=\"application\/ld+json\" class=\"yoast-schema-graph\">{\"@context\":\"https:\/\/schema.org\",\"@graph\":[{\"@type\":\"Article\",\"@id\":\"https:\/\/www.fraczinet.cl\/sitio\/2011\/08\/04\/estudiantes-huelguistas-responden-propuesta-del-gobierno-es-una-burla\/#article\",\"isPartOf\":{\"@id\":\"https:\/\/www.fraczinet.cl\/sitio\/2011\/08\/04\/estudiantes-huelguistas-responden-propuesta-del-gobierno-es-una-burla\/\"},\"author\":{\"name\":\"admin\",\"@id\":\"https:\/\/www.fraczinet.cl\/sitio\/#\/schema\/person\/bc30f98e9cb10ae7e119dbe14bc93784\"},\"headline\":\"Estudiantes Huelguistas Responden: \u201cPropuesta Del Gobierno Es Una Burla\u201d\",\"datePublished\":\"2011-08-04T06:11:00+00:00\",\"dateModified\":\"2022-09-25T12:05:33+00:00\",\"mainEntityOfPage\":{\"@id\":\"https:\/\/www.fraczinet.cl\/sitio\/2011\/08\/04\/estudiantes-huelguistas-responden-propuesta-del-gobierno-es-una-burla\/\"},\"wordCount\":857,\"commentCount\":0,\"publisher\":{\"@id\":\"https:\/\/www.fraczinet.cl\/sitio\/#\/schema\/person\/aec8ee4da68df2b9b0eefdad24a0d582\"},\"image\":{\"@id\":\"https:\/\/www.fraczinet.cl\/sitio\/2011\/08\/04\/estudiantes-huelguistas-responden-propuesta-del-gobierno-es-una-burla\/#primaryimage\"},\"thumbnailUrl\":\"https:\/\/www.fraczinet.cl\/sitio\/wp-content\/uploads\/2011\/10\/Marcha-Estudiantil.jpeg\",\"articleSection\":[\"Educaci\u00f3n\"],\"inLanguage\":\"es\",\"potentialAction\":[{\"@type\":\"CommentAction\",\"name\":\"Comment\",\"target\":[\"https:\/\/www.fraczinet.cl\/sitio\/2011\/08\/04\/estudiantes-huelguistas-responden-propuesta-del-gobierno-es-una-burla\/#respond\"]}]},{\"@type\":\"WebPage\",\"@id\":\"https:\/\/www.fraczinet.cl\/sitio\/2011\/08\/04\/estudiantes-huelguistas-responden-propuesta-del-gobierno-es-una-burla\/\",\"url\":\"https:\/\/www.fraczinet.cl\/sitio\/2011\/08\/04\/estudiantes-huelguistas-responden-propuesta-del-gobierno-es-una-burla\/\",\"name\":\"Estudiantes Huelguistas Responden: \u201cPropuesta Del Gobierno Es Una Burla\u201d - Nuestro Bio B\u00edo\",\"isPartOf\":{\"@id\":\"https:\/\/www.fraczinet.cl\/sitio\/#website\"},\"primaryImageOfPage\":{\"@id\":\"https:\/\/www.fraczinet.cl\/sitio\/2011\/08\/04\/estudiantes-huelguistas-responden-propuesta-del-gobierno-es-una-burla\/#primaryimage\"},\"image\":{\"@id\":\"https:\/\/www.fraczinet.cl\/sitio\/2011\/08\/04\/estudiantes-huelguistas-responden-propuesta-del-gobierno-es-una-burla\/#primaryimage\"},\"thumbnailUrl\":\"https:\/\/www.fraczinet.cl\/sitio\/wp-content\/uploads\/2011\/10\/Marcha-Estudiantil.jpeg\",\"datePublished\":\"2011-08-04T06:11:00+00:00\",\"dateModified\":\"2022-09-25T12:05:33+00:00\",\"breadcrumb\":{\"@id\":\"https:\/\/www.fraczinet.cl\/sitio\/2011\/08\/04\/estudiantes-huelguistas-responden-propuesta-del-gobierno-es-una-burla\/#breadcrumb\"},\"inLanguage\":\"es\",\"potentialAction\":[{\"@type\":\"ReadAction\",\"target\":[\"https:\/\/www.fraczinet.cl\/sitio\/2011\/08\/04\/estudiantes-huelguistas-responden-propuesta-del-gobierno-es-una-burla\/\"]}]},{\"@type\":\"ImageObject\",\"inLanguage\":\"es\",\"@id\":\"https:\/\/www.fraczinet.cl\/sitio\/2011\/08\/04\/estudiantes-huelguistas-responden-propuesta-del-gobierno-es-una-burla\/#primaryimage\",\"url\":\"https:\/\/www.fraczinet.cl\/sitio\/wp-content\/uploads\/2011\/10\/Marcha-Estudiantil.jpeg\",\"contentUrl\":\"https:\/\/www.fraczinet.cl\/sitio\/wp-content\/uploads\/2011\/10\/Marcha-Estudiantil.jpeg\",\"width\":259,\"height\":194},{\"@type\":\"BreadcrumbList\",\"@id\":\"https:\/\/www.fraczinet.cl\/sitio\/2011\/08\/04\/estudiantes-huelguistas-responden-propuesta-del-gobierno-es-una-burla\/#breadcrumb\",\"itemListElement\":[{\"@type\":\"ListItem\",\"position\":1,\"name\":\"Portada\",\"item\":\"https:\/\/www.fraczinet.cl\/sitio\/\"},{\"@type\":\"ListItem\",\"position\":2,\"name\":\"Estudiantes Huelguistas Responden: \u201cPropuesta Del Gobierno Es Una Burla\u201d\"}]},{\"@type\":\"WebSite\",\"@id\":\"https:\/\/www.fraczinet.cl\/sitio\/#website\",\"url\":\"https:\/\/www.fraczinet.cl\/sitio\/\",\"name\":\"Nuestro Bio B\u00edo\",\"description\":\"Tierra de Encuentros\",\"publisher\":{\"@id\":\"https:\/\/www.fraczinet.cl\/sitio\/#\/schema\/person\/aec8ee4da68df2b9b0eefdad24a0d582\"},\"potentialAction\":[{\"@type\":\"SearchAction\",\"target\":{\"@type\":\"EntryPoint\",\"urlTemplate\":\"https:\/\/www.fraczinet.cl\/sitio\/?s={search_term_string}\"},\"query-input\":{\"@type\":\"PropertyValueSpecification\",\"valueRequired\":true,\"valueName\":\"search_term_string\"}}],\"inLanguage\":\"es\"},{\"@type\":[\"Person\",\"Organization\"],\"@id\":\"https:\/\/www.fraczinet.cl\/sitio\/#\/schema\/person\/aec8ee4da68df2b9b0eefdad24a0d582\",\"name\":\"Luis Fernando Fraczinet\",\"image\":{\"@type\":\"ImageObject\",\"inLanguage\":\"es\",\"@id\":\"https:\/\/www.fraczinet.cl\/sitio\/#\/schema\/person\/image\/\",\"url\":\"https:\/\/www.fraczinet.cl\/sitio\/wp-content\/uploads\/2021\/07\/bannerlogo-1.gif\",\"contentUrl\":\"https:\/\/www.fraczinet.cl\/sitio\/wp-content\/uploads\/2021\/07\/bannerlogo-1.gif\",\"width\":159,\"height\":79,\"caption\":\"Luis Fernando Fraczinet\"},\"logo\":{\"@id\":\"https:\/\/www.fraczinet.cl\/sitio\/#\/schema\/person\/image\/\"},\"sameAs\":[\"https:\/\/www.fraczinet.cl\/sitio\/\"]},{\"@type\":\"Person\",\"@id\":\"https:\/\/www.fraczinet.cl\/sitio\/#\/schema\/person\/bc30f98e9cb10ae7e119dbe14bc93784\",\"name\":\"admin\",\"image\":{\"@type\":\"ImageObject\",\"inLanguage\":\"es\",\"@id\":\"https:\/\/www.fraczinet.cl\/sitio\/#\/schema\/person\/image\/\",\"url\":\"https:\/\/secure.gravatar.com\/avatar\/d5ad3cf7ef3b23a2bb5be73be780c86b2fc8545c3ad6b149f3913ff458c00099?s=96&d=mm&r=g\",\"contentUrl\":\"https:\/\/secure.gravatar.com\/avatar\/d5ad3cf7ef3b23a2bb5be73be780c86b2fc8545c3ad6b149f3913ff458c00099?s=96&d=mm&r=g\",\"caption\":\"admin\"},\"sameAs\":[\"https:\/\/www.fraczinet.cl\/sitio\"]}]}<\/script>\n<!-- \/ Yoast SEO plugin. -->","yoast_head_json":{"title":"Estudiantes Huelguistas Responden: \u201cPropuesta Del Gobierno Es Una Burla\u201d - Nuestro Bio B\u00edo","robots":{"index":"index","follow":"follow","max-snippet":"max-snippet:-1","max-image-preview":"max-image-preview:large","max-video-preview":"max-video-preview:-1"},"canonical":"https:\/\/www.fraczinet.cl\/sitio\/2011\/08\/04\/estudiantes-huelguistas-responden-propuesta-del-gobierno-es-una-burla\/","og_locale":"es_ES","og_type":"article","og_title":"Estudiantes Huelguistas Responden: \u201cPropuesta Del Gobierno Es Una Burla\u201d - Nuestro Bio B\u00edo","og_description":"No es un juego de ni\u00f1os. No es un movimiento de flojos. Ni tampoco una lucha pol\u00edtica partidista. Es un movimiento con todas las de ganar y aseguran que no descansar\u00e1n hasta conseguir lo que se ha venido exigiendo. El Ciudadano. Hoy (mi\u00e9rcoles 3 de agosto), en el Liceo Experimental Art\u00edstico de Quinta Normal (LEA), [&hellip;]","og_url":"https:\/\/www.fraczinet.cl\/sitio\/2011\/08\/04\/estudiantes-huelguistas-responden-propuesta-del-gobierno-es-una-burla\/","og_site_name":"Nuestro Bio B\u00edo","article_published_time":"2011-08-04T06:11:00+00:00","article_modified_time":"2022-09-25T12:05:33+00:00","og_image":[{"width":259,"height":194,"url":"https:\/\/www.fraczinet.cl\/sitio\/wp-content\/uploads\/2011\/10\/Marcha-Estudiantil.jpeg","type":"image\/jpeg"}],"author":"admin","twitter_card":"summary_large_image","twitter_creator":"@nuestrobiobio","twitter_site":"@nuestrobiobio","twitter_misc":{"Escrito por":"admin","Tiempo de lectura":"4 minutos"},"schema":{"@context":"https:\/\/schema.org","@graph":[{"@type":"Article","@id":"https:\/\/www.fraczinet.cl\/sitio\/2011\/08\/04\/estudiantes-huelguistas-responden-propuesta-del-gobierno-es-una-burla\/#article","isPartOf":{"@id":"https:\/\/www.fraczinet.cl\/sitio\/2011\/08\/04\/estudiantes-huelguistas-responden-propuesta-del-gobierno-es-una-burla\/"},"author":{"name":"admin","@id":"https:\/\/www.fraczinet.cl\/sitio\/#\/schema\/person\/bc30f98e9cb10ae7e119dbe14bc93784"},"headline":"Estudiantes Huelguistas Responden: \u201cPropuesta Del Gobierno Es Una Burla\u201d","datePublished":"2011-08-04T06:11:00+00:00","dateModified":"2022-09-25T12:05:33+00:00","mainEntityOfPage":{"@id":"https:\/\/www.fraczinet.cl\/sitio\/2011\/08\/04\/estudiantes-huelguistas-responden-propuesta-del-gobierno-es-una-burla\/"},"wordCount":857,"commentCount":0,"publisher":{"@id":"https:\/\/www.fraczinet.cl\/sitio\/#\/schema\/person\/aec8ee4da68df2b9b0eefdad24a0d582"},"image":{"@id":"https:\/\/www.fraczinet.cl\/sitio\/2011\/08\/04\/estudiantes-huelguistas-responden-propuesta-del-gobierno-es-una-burla\/#primaryimage"},"thumbnailUrl":"https:\/\/www.fraczinet.cl\/sitio\/wp-content\/uploads\/2011\/10\/Marcha-Estudiantil.jpeg","articleSection":["Educaci\u00f3n"],"inLanguage":"es","potentialAction":[{"@type":"CommentAction","name":"Comment","target":["https:\/\/www.fraczinet.cl\/sitio\/2011\/08\/04\/estudiantes-huelguistas-responden-propuesta-del-gobierno-es-una-burla\/#respond"]}]},{"@type":"WebPage","@id":"https:\/\/www.fraczinet.cl\/sitio\/2011\/08\/04\/estudiantes-huelguistas-responden-propuesta-del-gobierno-es-una-burla\/","url":"https:\/\/www.fraczinet.cl\/sitio\/2011\/08\/04\/estudiantes-huelguistas-responden-propuesta-del-gobierno-es-una-burla\/","name":"Estudiantes Huelguistas Responden: \u201cPropuesta Del Gobierno Es Una Burla\u201d - Nuestro Bio B\u00edo","isPartOf":{"@id":"https:\/\/www.fraczinet.cl\/sitio\/#website"},"primaryImageOfPage":{"@id":"https:\/\/www.fraczinet.cl\/sitio\/2011\/08\/04\/estudiantes-huelguistas-responden-propuesta-del-gobierno-es-una-burla\/#primaryimage"},"image":{"@id":"https:\/\/www.fraczinet.cl\/sitio\/2011\/08\/04\/estudiantes-huelguistas-responden-propuesta-del-gobierno-es-una-burla\/#primaryimage"},"thumbnailUrl":"https:\/\/www.fraczinet.cl\/sitio\/wp-content\/uploads\/2011\/10\/Marcha-Estudiantil.jpeg","datePublished":"2011-08-04T06:11:00+00:00","dateModified":"2022-09-25T12:05:33+00:00","breadcrumb":{"@id":"https:\/\/www.fraczinet.cl\/sitio\/2011\/08\/04\/estudiantes-huelguistas-responden-propuesta-del-gobierno-es-una-burla\/#breadcrumb"},"inLanguage":"es","potentialAction":[{"@type":"ReadAction","target":["https:\/\/www.fraczinet.cl\/sitio\/2011\/08\/04\/estudiantes-huelguistas-responden-propuesta-del-gobierno-es-una-burla\/"]}]},{"@type":"ImageObject","inLanguage":"es","@id":"https:\/\/www.fraczinet.cl\/sitio\/2011\/08\/04\/estudiantes-huelguistas-responden-propuesta-del-gobierno-es-una-burla\/#primaryimage","url":"https:\/\/www.fraczinet.cl\/sitio\/wp-content\/uploads\/2011\/10\/Marcha-Estudiantil.jpeg","contentUrl":"https:\/\/www.fraczinet.cl\/sitio\/wp-content\/uploads\/2011\/10\/Marcha-Estudiantil.jpeg","width":259,"height":194},{"@type":"BreadcrumbList","@id":"https:\/\/www.fraczinet.cl\/sitio\/2011\/08\/04\/estudiantes-huelguistas-responden-propuesta-del-gobierno-es-una-burla\/#breadcrumb","itemListElement":[{"@type":"ListItem","position":1,"name":"Portada","item":"https:\/\/www.fraczinet.cl\/sitio\/"},{"@type":"ListItem","position":2,"name":"Estudiantes Huelguistas Responden: \u201cPropuesta Del Gobierno Es Una Burla\u201d"}]},{"@type":"WebSite","@id":"https:\/\/www.fraczinet.cl\/sitio\/#website","url":"https:\/\/www.fraczinet.cl\/sitio\/","name":"Nuestro Bio B\u00edo","description":"Tierra de Encuentros","publisher":{"@id":"https:\/\/www.fraczinet.cl\/sitio\/#\/schema\/person\/aec8ee4da68df2b9b0eefdad24a0d582"},"potentialAction":[{"@type":"SearchAction","target":{"@type":"EntryPoint","urlTemplate":"https:\/\/www.fraczinet.cl\/sitio\/?s={search_term_string}"},"query-input":{"@type":"PropertyValueSpecification","valueRequired":true,"valueName":"search_term_string"}}],"inLanguage":"es"},{"@type":["Person","Organization"],"@id":"https:\/\/www.fraczinet.cl\/sitio\/#\/schema\/person\/aec8ee4da68df2b9b0eefdad24a0d582","name":"Luis Fernando Fraczinet","image":{"@type":"ImageObject","inLanguage":"es","@id":"https:\/\/www.fraczinet.cl\/sitio\/#\/schema\/person\/image\/","url":"https:\/\/www.fraczinet.cl\/sitio\/wp-content\/uploads\/2021\/07\/bannerlogo-1.gif","contentUrl":"https:\/\/www.fraczinet.cl\/sitio\/wp-content\/uploads\/2021\/07\/bannerlogo-1.gif","width":159,"height":79,"caption":"Luis Fernando Fraczinet"},"logo":{"@id":"https:\/\/www.fraczinet.cl\/sitio\/#\/schema\/person\/image\/"},"sameAs":["https:\/\/www.fraczinet.cl\/sitio\/"]},{"@type":"Person","@id":"https:\/\/www.fraczinet.cl\/sitio\/#\/schema\/person\/bc30f98e9cb10ae7e119dbe14bc93784","name":"admin","image":{"@type":"ImageObject","inLanguage":"es","@id":"https:\/\/www.fraczinet.cl\/sitio\/#\/schema\/person\/image\/","url":"https:\/\/secure.gravatar.com\/avatar\/d5ad3cf7ef3b23a2bb5be73be780c86b2fc8545c3ad6b149f3913ff458c00099?s=96&d=mm&r=g","contentUrl":"https:\/\/secure.gravatar.com\/avatar\/d5ad3cf7ef3b23a2bb5be73be780c86b2fc8545c3ad6b149f3913ff458c00099?s=96&d=mm&r=g","caption":"admin"},"sameAs":["https:\/\/www.fraczinet.cl\/sitio"]}]}},"_links":{"self":[{"href":"https:\/\/www.fraczinet.cl\/sitio\/wp-json\/wp\/v2\/posts\/6120","targetHints":{"allow":["GET"]}}],"collection":[{"href":"https:\/\/www.fraczinet.cl\/sitio\/wp-json\/wp\/v2\/posts"}],"about":[{"href":"https:\/\/www.fraczinet.cl\/sitio\/wp-json\/wp\/v2\/types\/post"}],"author":[{"embeddable":true,"href":"https:\/\/www.fraczinet.cl\/sitio\/wp-json\/wp\/v2\/users\/1"}],"replies":[{"embeddable":true,"href":"https:\/\/www.fraczinet.cl\/sitio\/wp-json\/wp\/v2\/comments?post=6120"}],"version-history":[{"count":1,"href":"https:\/\/www.fraczinet.cl\/sitio\/wp-json\/wp\/v2\/posts\/6120\/revisions"}],"predecessor-version":[{"id":13321,"href":"https:\/\/www.fraczinet.cl\/sitio\/wp-json\/wp\/v2\/posts\/6120\/revisions\/13321"}],"wp:featuredmedia":[{"embeddable":true,"href":"https:\/\/www.fraczinet.cl\/sitio\/wp-json\/wp\/v2\/media\/13272"}],"wp:attachment":[{"href":"https:\/\/www.fraczinet.cl\/sitio\/wp-json\/wp\/v2\/media?parent=6120"}],"wp:term":[{"taxonomy":"category","embeddable":true,"href":"https:\/\/www.fraczinet.cl\/sitio\/wp-json\/wp\/v2\/categories?post=6120"},{"taxonomy":"post_tag","embeddable":true,"href":"https:\/\/www.fraczinet.cl\/sitio\/wp-json\/wp\/v2\/tags?post=6120"}],"curies":[{"name":"wp","href":"https:\/\/api.w.org\/{rel}","templated":true}]}}