{"id":6130,"date":"2011-07-27T14:36:00","date_gmt":"2011-07-27T14:36:00","guid":{"rendered":"https:\/\/www.fraczinet.cl\/sitio\/2011\/07\/27\/los-jueces-tienen-una-situacion-privilegiada-frente-a-otros-funcionarios\/"},"modified":"2022-10-05T00:38:54","modified_gmt":"2022-10-05T00:38:54","slug":"los-jueces-tienen-una-situacion-privilegiada-frente-a-otros-funcionarios","status":"publish","type":"post","link":"https:\/\/www.fraczinet.cl\/sitio\/2011\/07\/27\/los-jueces-tienen-una-situacion-privilegiada-frente-a-otros-funcionarios\/","title":{"rendered":"Los Jueces Tienen Una Situaci\u00f3n Privilegiada Frente A Otros Funcionarios"},"content":{"rendered":"<p>RADIO CAMILIA: El alcalde de Tucapel, Jaime Veloso Jara, sali\u00f3 al paso de las declaraciones del juez de Polic\u00eda Local de esa comuna, Eduardo Reveco Quezada, quien detall\u00f3 a La Tribuna la decisi\u00f3n del edil adoptada en marzo de este a\u00f1o, en cuanto a descontar un tercio de la remuneraci\u00f3n del magistrado aduciendo que \u00e9ste no estaba cumpliendo con el horario de trabajo que le correspond\u00eda.  Tal situaci\u00f3n motiv\u00f3 que el juez interpusiera un recurso de protecci\u00f3n ante la Corte de Apelaciones de Chill\u00e1n solicitando la anulaci\u00f3n de la medida y argumentando que el descuento era irregular. Asimismo, se indic\u00f3 que el alcalde tucapelino no ten\u00eda facultades de fiscalizar las funciones y horarios de asistencia del juez. La corte chillaneja, con fecha 18 de julio de 2011, fall\u00f3 en forma un\u00e1nime a favor del recurso de protecci\u00f3n presentado por Reveco.  Tras comunicarse ayer con nosotros, Jaime Veloso argument\u00f3 que \u201ceste es un tema muy importante, porque creo que a la larga va a tener que haber una ley que pueda dirimir lo que dice la Contralor\u00eda General de la Rep\u00fablica a trav\u00e9s de sus distintos dict\u00e1menes, y lo que han dicho las cortes\u201d.  \u201cA nosotros \u2013continu\u00f3 el edil- nos afecta el principio de control jer\u00e1rquico, y nos fuimos dando cuenta que gran parte de los juzgados de Polic\u00eda local letrados en Chile, no todos, no ten\u00edan horario formal establecido por la Corte de Apelaciones, y la Contralor\u00eda dec\u00eda que los juzgados ten\u00edan que tener una jornada que pod\u00eda ser especial, y equival\u00eda al 100 por ciento de la jornada laboral. Nosotros solicitamos a la Corte de Apelaciones de Chill\u00e1n un horario para el Juzgado de Polic\u00eda Local de Tucapel. La corte fij\u00f3 un horario, y dijo que era de media jornada de lunes a viernes, de 8 a 14 horas. Y el juez, en un ordinario aparte, hab\u00eda indicado que el horario de audiencias era tres d\u00edas a la semana, de 9 a 12.30 horas\u201d.  El edil precis\u00f3 que \u201cen definitiva, la corte fij\u00f3 dos cosas: el horario de funcionamiento del juzgado, y el horario de audiencia que era tres d\u00edas a la semana\u201d. \u201cNosotros estamos permanentemente viendo la jurisprudencia de Contralor\u00eda, y resolvimos que ten\u00edamos que pedirle un pronunciamiento de cu\u00e1l era el horario especial de nuestro juzgado. Ellos lo estudiaron y dijeron media jornada\u201d.&nbsp;<\/p>\n<div><\/div>\n<div><span style=\"font-weight: bold;\">LA CONTRALOR\u00cdA Y LA CORTE<\/span>&nbsp;<\/div>\n<div><\/div>\n<div>&nbsp;Para el edil Jaime Veloso, el problema suscitado en su comuna es que, a pesar de cumplir con el horario de audiencias que se le asign\u00f3 en tres d\u00edas, el juez Eduardo Reveco igualmente deber\u00eda desempe\u00f1ar el resto de su horario en dependencias del juzgado \u2013tal como lo establecen dict\u00e1menes de la Contralor\u00eda General de la Rep\u00fablica-, y no en otro lugar \u2013alternativa que actualmente le autoriza la Corte de Apelaciones-.  \u201cNo es muy normal encontrar dict\u00e1menes tan distintos entre la Contralor\u00eda y la Corte, y a nosotros nos deja en una situaci\u00f3n muy complicada, porque la ley dice que las municipalidades tienen que cumplir los dict\u00e1menes de la Contralor\u00eda, y tienen que respetar los fallos judiciales\u201d, advirti\u00f3 el jefe comunal.  A\u00f1adi\u00f3 que \u201cahora, la Contralor\u00eda dice que tiene que cumplir la jornada de trabajo, y hay distintos dict\u00e1menes que dicen que la jornada se cumple en el trabajo, no en otra parte. Definitivamente, si no cumplimos lo que dice la Contralor\u00eda dejamos un principio que indica la Ley de Bases de Administraci\u00f3n General del Estado. As\u00ed que este no es un problema entre el juez de la comuna de Tucapel y el alcalde. De la terna que me entreg\u00f3 la Corte de Apelaciones yo eleg\u00ed a Eduardo Reveco para que fuera el juez; pero el tema es que nosotros debemos cumplir los dict\u00e1menes, y resulta que aqu\u00ed hay abiertamente una diferencia y una brecha incre\u00edble entre el pronunciamiento de la Contralor\u00eda que nos rige y el tribunal\u201d.  Con dureza, bas\u00e1ndose en estos antecedentes, el alcalde tucapelino afirm\u00f3 que \u201c<span style=\"font-weight: bold;\">los jueces tienen una situaci\u00f3n privilegiada frente a otros funcionarios, porque son los \u00fanicos funcionarios del pa\u00eds que se les dice que una parte del trabajo se la puede llevar para la casa.<\/span> Yo tengo que acatar un fallo, pero tambi\u00e9n tengo que hacer respetar la institucionalidad del municipio, sobre todo cuando tengo un oficio de la Contralor\u00eda General de la Rep\u00fablica\u201d.  \u201cPasa mucho en las comunas m\u00e1s peque\u00f1as \u2013agreg\u00f3- que los jueces han ido adquiriendo el h\u00e1bito, por resoluciones que las mismas cortes les han dado, de cumplir solamente con los horarios de audiencia.  Entonces, uno dice \u2018<span style=\"font-weight: bold;\">que extra\u00f1a esta jornada laboral<\/span>\u2019, porque en algunos casos son dos d\u00edas de audiencia, s\u00f3lo en las ma\u00f1anas, y se les paga el cien por ciento del sueldo\u201d. Acot\u00f3 que la remuneraci\u00f3n, en el caso del juez de Polic\u00eda Local de Tucapel, asciende a un mill\u00f3n 600 mil pesos mensuales.&nbsp;<\/div>\n<div><\/div>\n<div><span style=\"font-weight: bold;\">FISCALIZACI\u00d3N DEL MUNICIPIO<\/span>&nbsp;<\/div>\n<div><\/div>\n<div>&nbsp;Pese al fallo judicial en su contra, y a\u00fan cuando el municipio de Tucapel apel\u00f3 a la resoluci\u00f3n el viernes pasado, Jaime Veloso puntualiz\u00f3 la forma en que, a su juicio, deber\u00eda corregirse legalmente el tema.  \u201cYo espero que exista una ley que pueda zanjar esta enorme diferencia entre la Corte y la Contralor\u00eda, porque me parece incre\u00edble que todav\u00eda en este pa\u00eds se diga que la jornada laboral se puede cumplir en un lugar distinto al del juzgado. Eso es pronunciamiento de la Corte de Apelaciones\u201d.  En cuanto a la apelaci\u00f3n para que sea la Corte Suprema la que decida sobre el tema, Veloso dijo que \u201cpara mi era esperable este tema, pero quiero quedarme tranquilo como alcalde que hice lo posible por lo que creo que \u00e9ticamente es detestable\u201d.  El alcalde tambi\u00e9n retruc\u00f3 los dichos del juez Reveco referidos a la fiscalizaci\u00f3n que podr\u00eda ejercer el municipio sobre el juzgado local. \u201c\u00c9l (juez) es funcionario municipal; los fallos propiamente tal pueden ser impugnados en la corte, pero nosotros le autorizamos las vacaciones, evaluamos sus permisos administrativos, muchas veces le damos permiso para que se vaya a capacitar y l\u00f3gicamente tenemos reloj control para fiscalizar si cumple las horas de trabajo\u201d.  Asimismo, el jefe comunal asever\u00f3 que esta situaci\u00f3n \u201cle causa lesi\u00f3n al patrimonio municipal. La Contralor\u00eda fiscaliza el uso de los recursos p\u00fablicos, y l\u00f3gicamente desde nuestro punto de vista le causa lesi\u00f3n al patrimonio municipal. Por eso hemos apelado\u201d.  Finalmente, el edil tucapelino plante\u00f3 su preocupaci\u00f3n por el hecho que un juez \u201cno puede tener m\u00e1s sueldos p\u00fablicos, y \u00e9l (Reveco) est\u00e1 contratado por la municipalidad de Los \u00c1ngeles y por el Departamento de Educaci\u00f3n de la municipalidad de Los \u00c1ngeles. La corte definitivamente no quiere acoger ese tema, no se pronuncia, por eso le pedimos a la Corte Suprema que se pronuncie. <span style=\"font-weight: bold;\">\u00c9l tiene hoy d\u00eda tres contratos<\/span>\u201d.<\/div>\n","protected":false},"excerpt":{"rendered":"<p>RADIO CAMILIA: El alcalde de Tucapel, Jaime Veloso Jara, sali\u00f3 al paso de las declaraciones del juez de Polic\u00eda Local de esa comuna, Eduardo Reveco Quezada, quien detall\u00f3 a La Tribuna la decisi\u00f3n del edil adoptada en marzo de este a\u00f1o, en cuanto a descontar un tercio de la remuneraci\u00f3n del magistrado aduciendo que \u00e9ste [&hellip;]<\/p>\n","protected":false},"author":1,"featured_media":0,"comment_status":"open","ping_status":"open","sticky":false,"template":"","format":"standard","meta":{"footnotes":""},"categories":[131],"tags":[],"class_list":["post-6130","post","type-post","status-publish","format-standard","hentry","category-politica"],"yoast_head":"<!-- This site is optimized with the Yoast SEO plugin v25.0 - https:\/\/yoast.com\/wordpress\/plugins\/seo\/ -->\n<title>Los Jueces Tienen Una Situaci\u00f3n Privilegiada Frente A Otros Funcionarios - Nuestro Bio B\u00edo<\/title>\n<meta name=\"robots\" content=\"index, follow, max-snippet:-1, max-image-preview:large, max-video-preview:-1\" \/>\n<link rel=\"canonical\" href=\"https:\/\/www.fraczinet.cl\/sitio\/2011\/07\/27\/los-jueces-tienen-una-situacion-privilegiada-frente-a-otros-funcionarios\/\" \/>\n<meta property=\"og:locale\" content=\"es_ES\" \/>\n<meta property=\"og:type\" content=\"article\" \/>\n<meta property=\"og:title\" content=\"Los Jueces Tienen Una Situaci\u00f3n Privilegiada Frente A Otros Funcionarios - Nuestro Bio B\u00edo\" \/>\n<meta property=\"og:description\" content=\"RADIO CAMILIA: El alcalde de Tucapel, Jaime Veloso Jara, sali\u00f3 al paso de las declaraciones del juez de Polic\u00eda Local de esa comuna, Eduardo Reveco Quezada, quien detall\u00f3 a La Tribuna la decisi\u00f3n del edil adoptada en marzo de este a\u00f1o, en cuanto a descontar un tercio de la remuneraci\u00f3n del magistrado aduciendo que \u00e9ste [&hellip;]\" \/>\n<meta property=\"og:url\" content=\"https:\/\/www.fraczinet.cl\/sitio\/2011\/07\/27\/los-jueces-tienen-una-situacion-privilegiada-frente-a-otros-funcionarios\/\" \/>\n<meta property=\"og:site_name\" content=\"Nuestro Bio B\u00edo\" \/>\n<meta property=\"article:published_time\" content=\"2011-07-27T14:36:00+00:00\" \/>\n<meta property=\"article:modified_time\" content=\"2022-10-05T00:38:54+00:00\" \/>\n<meta property=\"og:image\" content=\"https:\/\/www.fraczinet.cl\/sitio\/wp-content\/uploads\/2021\/07\/bannerlogo-1.gif\" \/>\n\t<meta property=\"og:image:width\" content=\"159\" \/>\n\t<meta property=\"og:image:height\" content=\"79\" \/>\n\t<meta property=\"og:image:type\" content=\"image\/gif\" \/>\n<meta name=\"author\" content=\"admin\" \/>\n<meta name=\"twitter:card\" content=\"summary_large_image\" \/>\n<meta name=\"twitter:creator\" content=\"@nuestrobiobio\" \/>\n<meta name=\"twitter:site\" content=\"@nuestrobiobio\" \/>\n<meta name=\"twitter:label1\" content=\"Escrito por\" \/>\n\t<meta name=\"twitter:data1\" content=\"admin\" \/>\n\t<meta name=\"twitter:label2\" content=\"Tiempo de lectura\" \/>\n\t<meta name=\"twitter:data2\" content=\"6 minutos\" \/>\n<script type=\"application\/ld+json\" class=\"yoast-schema-graph\">{\"@context\":\"https:\/\/schema.org\",\"@graph\":[{\"@type\":\"Article\",\"@id\":\"https:\/\/www.fraczinet.cl\/sitio\/2011\/07\/27\/los-jueces-tienen-una-situacion-privilegiada-frente-a-otros-funcionarios\/#article\",\"isPartOf\":{\"@id\":\"https:\/\/www.fraczinet.cl\/sitio\/2011\/07\/27\/los-jueces-tienen-una-situacion-privilegiada-frente-a-otros-funcionarios\/\"},\"author\":{\"name\":\"admin\",\"@id\":\"https:\/\/www.fraczinet.cl\/sitio\/#\/schema\/person\/bc30f98e9cb10ae7e119dbe14bc93784\"},\"headline\":\"Los Jueces Tienen Una Situaci\u00f3n Privilegiada Frente A Otros Funcionarios\",\"datePublished\":\"2011-07-27T14:36:00+00:00\",\"dateModified\":\"2022-10-05T00:38:54+00:00\",\"mainEntityOfPage\":{\"@id\":\"https:\/\/www.fraczinet.cl\/sitio\/2011\/07\/27\/los-jueces-tienen-una-situacion-privilegiada-frente-a-otros-funcionarios\/\"},\"wordCount\":1215,\"commentCount\":0,\"publisher\":{\"@id\":\"https:\/\/www.fraczinet.cl\/sitio\/#\/schema\/person\/aec8ee4da68df2b9b0eefdad24a0d582\"},\"articleSection\":[\"Pol\u00edtica\"],\"inLanguage\":\"es\",\"potentialAction\":[{\"@type\":\"CommentAction\",\"name\":\"Comment\",\"target\":[\"https:\/\/www.fraczinet.cl\/sitio\/2011\/07\/27\/los-jueces-tienen-una-situacion-privilegiada-frente-a-otros-funcionarios\/#respond\"]}]},{\"@type\":\"WebPage\",\"@id\":\"https:\/\/www.fraczinet.cl\/sitio\/2011\/07\/27\/los-jueces-tienen-una-situacion-privilegiada-frente-a-otros-funcionarios\/\",\"url\":\"https:\/\/www.fraczinet.cl\/sitio\/2011\/07\/27\/los-jueces-tienen-una-situacion-privilegiada-frente-a-otros-funcionarios\/\",\"name\":\"Los Jueces Tienen Una Situaci\u00f3n Privilegiada Frente A Otros Funcionarios - Nuestro Bio B\u00edo\",\"isPartOf\":{\"@id\":\"https:\/\/www.fraczinet.cl\/sitio\/#website\"},\"datePublished\":\"2011-07-27T14:36:00+00:00\",\"dateModified\":\"2022-10-05T00:38:54+00:00\",\"breadcrumb\":{\"@id\":\"https:\/\/www.fraczinet.cl\/sitio\/2011\/07\/27\/los-jueces-tienen-una-situacion-privilegiada-frente-a-otros-funcionarios\/#breadcrumb\"},\"inLanguage\":\"es\",\"potentialAction\":[{\"@type\":\"ReadAction\",\"target\":[\"https:\/\/www.fraczinet.cl\/sitio\/2011\/07\/27\/los-jueces-tienen-una-situacion-privilegiada-frente-a-otros-funcionarios\/\"]}]},{\"@type\":\"BreadcrumbList\",\"@id\":\"https:\/\/www.fraczinet.cl\/sitio\/2011\/07\/27\/los-jueces-tienen-una-situacion-privilegiada-frente-a-otros-funcionarios\/#breadcrumb\",\"itemListElement\":[{\"@type\":\"ListItem\",\"position\":1,\"name\":\"Portada\",\"item\":\"https:\/\/www.fraczinet.cl\/sitio\/\"},{\"@type\":\"ListItem\",\"position\":2,\"name\":\"Los Jueces Tienen Una Situaci\u00f3n Privilegiada Frente A Otros Funcionarios\"}]},{\"@type\":\"WebSite\",\"@id\":\"https:\/\/www.fraczinet.cl\/sitio\/#website\",\"url\":\"https:\/\/www.fraczinet.cl\/sitio\/\",\"name\":\"Nuestro Bio B\u00edo\",\"description\":\"Tierra de Encuentros\",\"publisher\":{\"@id\":\"https:\/\/www.fraczinet.cl\/sitio\/#\/schema\/person\/aec8ee4da68df2b9b0eefdad24a0d582\"},\"potentialAction\":[{\"@type\":\"SearchAction\",\"target\":{\"@type\":\"EntryPoint\",\"urlTemplate\":\"https:\/\/www.fraczinet.cl\/sitio\/?s={search_term_string}\"},\"query-input\":{\"@type\":\"PropertyValueSpecification\",\"valueRequired\":true,\"valueName\":\"search_term_string\"}}],\"inLanguage\":\"es\"},{\"@type\":[\"Person\",\"Organization\"],\"@id\":\"https:\/\/www.fraczinet.cl\/sitio\/#\/schema\/person\/aec8ee4da68df2b9b0eefdad24a0d582\",\"name\":\"Luis Fernando Fraczinet\",\"image\":{\"@type\":\"ImageObject\",\"inLanguage\":\"es\",\"@id\":\"https:\/\/www.fraczinet.cl\/sitio\/#\/schema\/person\/image\/\",\"url\":\"https:\/\/www.fraczinet.cl\/sitio\/wp-content\/uploads\/2021\/07\/bannerlogo-1.gif\",\"contentUrl\":\"https:\/\/www.fraczinet.cl\/sitio\/wp-content\/uploads\/2021\/07\/bannerlogo-1.gif\",\"width\":159,\"height\":79,\"caption\":\"Luis Fernando Fraczinet\"},\"logo\":{\"@id\":\"https:\/\/www.fraczinet.cl\/sitio\/#\/schema\/person\/image\/\"},\"sameAs\":[\"https:\/\/www.fraczinet.cl\/sitio\/\"]},{\"@type\":\"Person\",\"@id\":\"https:\/\/www.fraczinet.cl\/sitio\/#\/schema\/person\/bc30f98e9cb10ae7e119dbe14bc93784\",\"name\":\"admin\",\"image\":{\"@type\":\"ImageObject\",\"inLanguage\":\"es\",\"@id\":\"https:\/\/www.fraczinet.cl\/sitio\/#\/schema\/person\/image\/\",\"url\":\"https:\/\/secure.gravatar.com\/avatar\/d5ad3cf7ef3b23a2bb5be73be780c86b2fc8545c3ad6b149f3913ff458c00099?s=96&d=mm&r=g\",\"contentUrl\":\"https:\/\/secure.gravatar.com\/avatar\/d5ad3cf7ef3b23a2bb5be73be780c86b2fc8545c3ad6b149f3913ff458c00099?s=96&d=mm&r=g\",\"caption\":\"admin\"},\"sameAs\":[\"https:\/\/www.fraczinet.cl\/sitio\"]}]}<\/script>\n<!-- \/ Yoast SEO plugin. -->","yoast_head_json":{"title":"Los Jueces Tienen Una Situaci\u00f3n Privilegiada Frente A Otros Funcionarios - Nuestro Bio B\u00edo","robots":{"index":"index","follow":"follow","max-snippet":"max-snippet:-1","max-image-preview":"max-image-preview:large","max-video-preview":"max-video-preview:-1"},"canonical":"https:\/\/www.fraczinet.cl\/sitio\/2011\/07\/27\/los-jueces-tienen-una-situacion-privilegiada-frente-a-otros-funcionarios\/","og_locale":"es_ES","og_type":"article","og_title":"Los Jueces Tienen Una Situaci\u00f3n Privilegiada Frente A Otros Funcionarios - Nuestro Bio B\u00edo","og_description":"RADIO CAMILIA: El alcalde de Tucapel, Jaime Veloso Jara, sali\u00f3 al paso de las declaraciones del juez de Polic\u00eda Local de esa comuna, Eduardo Reveco Quezada, quien detall\u00f3 a La Tribuna la decisi\u00f3n del edil adoptada en marzo de este a\u00f1o, en cuanto a descontar un tercio de la remuneraci\u00f3n del magistrado aduciendo que \u00e9ste [&hellip;]","og_url":"https:\/\/www.fraczinet.cl\/sitio\/2011\/07\/27\/los-jueces-tienen-una-situacion-privilegiada-frente-a-otros-funcionarios\/","og_site_name":"Nuestro Bio B\u00edo","article_published_time":"2011-07-27T14:36:00+00:00","article_modified_time":"2022-10-05T00:38:54+00:00","og_image":[{"width":159,"height":79,"url":"https:\/\/www.fraczinet.cl\/sitio\/wp-content\/uploads\/2021\/07\/bannerlogo-1.gif","type":"image\/gif"}],"author":"admin","twitter_card":"summary_large_image","twitter_creator":"@nuestrobiobio","twitter_site":"@nuestrobiobio","twitter_misc":{"Escrito por":"admin","Tiempo de lectura":"6 minutos"},"schema":{"@context":"https:\/\/schema.org","@graph":[{"@type":"Article","@id":"https:\/\/www.fraczinet.cl\/sitio\/2011\/07\/27\/los-jueces-tienen-una-situacion-privilegiada-frente-a-otros-funcionarios\/#article","isPartOf":{"@id":"https:\/\/www.fraczinet.cl\/sitio\/2011\/07\/27\/los-jueces-tienen-una-situacion-privilegiada-frente-a-otros-funcionarios\/"},"author":{"name":"admin","@id":"https:\/\/www.fraczinet.cl\/sitio\/#\/schema\/person\/bc30f98e9cb10ae7e119dbe14bc93784"},"headline":"Los Jueces Tienen Una Situaci\u00f3n Privilegiada Frente A Otros Funcionarios","datePublished":"2011-07-27T14:36:00+00:00","dateModified":"2022-10-05T00:38:54+00:00","mainEntityOfPage":{"@id":"https:\/\/www.fraczinet.cl\/sitio\/2011\/07\/27\/los-jueces-tienen-una-situacion-privilegiada-frente-a-otros-funcionarios\/"},"wordCount":1215,"commentCount":0,"publisher":{"@id":"https:\/\/www.fraczinet.cl\/sitio\/#\/schema\/person\/aec8ee4da68df2b9b0eefdad24a0d582"},"articleSection":["Pol\u00edtica"],"inLanguage":"es","potentialAction":[{"@type":"CommentAction","name":"Comment","target":["https:\/\/www.fraczinet.cl\/sitio\/2011\/07\/27\/los-jueces-tienen-una-situacion-privilegiada-frente-a-otros-funcionarios\/#respond"]}]},{"@type":"WebPage","@id":"https:\/\/www.fraczinet.cl\/sitio\/2011\/07\/27\/los-jueces-tienen-una-situacion-privilegiada-frente-a-otros-funcionarios\/","url":"https:\/\/www.fraczinet.cl\/sitio\/2011\/07\/27\/los-jueces-tienen-una-situacion-privilegiada-frente-a-otros-funcionarios\/","name":"Los Jueces Tienen Una Situaci\u00f3n Privilegiada Frente A Otros Funcionarios - Nuestro Bio B\u00edo","isPartOf":{"@id":"https:\/\/www.fraczinet.cl\/sitio\/#website"},"datePublished":"2011-07-27T14:36:00+00:00","dateModified":"2022-10-05T00:38:54+00:00","breadcrumb":{"@id":"https:\/\/www.fraczinet.cl\/sitio\/2011\/07\/27\/los-jueces-tienen-una-situacion-privilegiada-frente-a-otros-funcionarios\/#breadcrumb"},"inLanguage":"es","potentialAction":[{"@type":"ReadAction","target":["https:\/\/www.fraczinet.cl\/sitio\/2011\/07\/27\/los-jueces-tienen-una-situacion-privilegiada-frente-a-otros-funcionarios\/"]}]},{"@type":"BreadcrumbList","@id":"https:\/\/www.fraczinet.cl\/sitio\/2011\/07\/27\/los-jueces-tienen-una-situacion-privilegiada-frente-a-otros-funcionarios\/#breadcrumb","itemListElement":[{"@type":"ListItem","position":1,"name":"Portada","item":"https:\/\/www.fraczinet.cl\/sitio\/"},{"@type":"ListItem","position":2,"name":"Los Jueces Tienen Una Situaci\u00f3n Privilegiada Frente A Otros Funcionarios"}]},{"@type":"WebSite","@id":"https:\/\/www.fraczinet.cl\/sitio\/#website","url":"https:\/\/www.fraczinet.cl\/sitio\/","name":"Nuestro Bio B\u00edo","description":"Tierra de Encuentros","publisher":{"@id":"https:\/\/www.fraczinet.cl\/sitio\/#\/schema\/person\/aec8ee4da68df2b9b0eefdad24a0d582"},"potentialAction":[{"@type":"SearchAction","target":{"@type":"EntryPoint","urlTemplate":"https:\/\/www.fraczinet.cl\/sitio\/?s={search_term_string}"},"query-input":{"@type":"PropertyValueSpecification","valueRequired":true,"valueName":"search_term_string"}}],"inLanguage":"es"},{"@type":["Person","Organization"],"@id":"https:\/\/www.fraczinet.cl\/sitio\/#\/schema\/person\/aec8ee4da68df2b9b0eefdad24a0d582","name":"Luis Fernando Fraczinet","image":{"@type":"ImageObject","inLanguage":"es","@id":"https:\/\/www.fraczinet.cl\/sitio\/#\/schema\/person\/image\/","url":"https:\/\/www.fraczinet.cl\/sitio\/wp-content\/uploads\/2021\/07\/bannerlogo-1.gif","contentUrl":"https:\/\/www.fraczinet.cl\/sitio\/wp-content\/uploads\/2021\/07\/bannerlogo-1.gif","width":159,"height":79,"caption":"Luis Fernando Fraczinet"},"logo":{"@id":"https:\/\/www.fraczinet.cl\/sitio\/#\/schema\/person\/image\/"},"sameAs":["https:\/\/www.fraczinet.cl\/sitio\/"]},{"@type":"Person","@id":"https:\/\/www.fraczinet.cl\/sitio\/#\/schema\/person\/bc30f98e9cb10ae7e119dbe14bc93784","name":"admin","image":{"@type":"ImageObject","inLanguage":"es","@id":"https:\/\/www.fraczinet.cl\/sitio\/#\/schema\/person\/image\/","url":"https:\/\/secure.gravatar.com\/avatar\/d5ad3cf7ef3b23a2bb5be73be780c86b2fc8545c3ad6b149f3913ff458c00099?s=96&d=mm&r=g","contentUrl":"https:\/\/secure.gravatar.com\/avatar\/d5ad3cf7ef3b23a2bb5be73be780c86b2fc8545c3ad6b149f3913ff458c00099?s=96&d=mm&r=g","caption":"admin"},"sameAs":["https:\/\/www.fraczinet.cl\/sitio"]}]}},"_links":{"self":[{"href":"https:\/\/www.fraczinet.cl\/sitio\/wp-json\/wp\/v2\/posts\/6130","targetHints":{"allow":["GET"]}}],"collection":[{"href":"https:\/\/www.fraczinet.cl\/sitio\/wp-json\/wp\/v2\/posts"}],"about":[{"href":"https:\/\/www.fraczinet.cl\/sitio\/wp-json\/wp\/v2\/types\/post"}],"author":[{"embeddable":true,"href":"https:\/\/www.fraczinet.cl\/sitio\/wp-json\/wp\/v2\/users\/1"}],"replies":[{"embeddable":true,"href":"https:\/\/www.fraczinet.cl\/sitio\/wp-json\/wp\/v2\/comments?post=6130"}],"version-history":[{"count":1,"href":"https:\/\/www.fraczinet.cl\/sitio\/wp-json\/wp\/v2\/posts\/6130\/revisions"}],"predecessor-version":[{"id":14014,"href":"https:\/\/www.fraczinet.cl\/sitio\/wp-json\/wp\/v2\/posts\/6130\/revisions\/14014"}],"wp:attachment":[{"href":"https:\/\/www.fraczinet.cl\/sitio\/wp-json\/wp\/v2\/media?parent=6130"}],"wp:term":[{"taxonomy":"category","embeddable":true,"href":"https:\/\/www.fraczinet.cl\/sitio\/wp-json\/wp\/v2\/categories?post=6130"},{"taxonomy":"post_tag","embeddable":true,"href":"https:\/\/www.fraczinet.cl\/sitio\/wp-json\/wp\/v2\/tags?post=6130"}],"curies":[{"name":"wp","href":"https:\/\/api.w.org\/{rel}","templated":true}]}}