{"id":6131,"date":"2011-07-27T10:29:00","date_gmt":"2011-07-27T10:29:00","guid":{"rendered":"https:\/\/www.fraczinet.cl\/sitio\/2011\/07\/27\/soy-la-region-del-bio-bio-por-alicia-pereda-2\/"},"modified":"2021-11-07T13:41:32","modified_gmt":"2021-11-07T13:41:32","slug":"soy-la-region-del-bio-bio-por-alicia-pereda-2","status":"publish","type":"post","link":"https:\/\/www.fraczinet.cl\/sitio\/soy-la-region-del-bio-bio-por-alicia-pereda-2\/","title":{"rendered":"Soy La Regi\u00f3n Del Bio B\u00edo&#8230; Por Alicia Pereda"},"content":{"rendered":"<p><a href=\"http:\/\/3.bp.blogspot.com\/-nn0nVrfBtM4\/Ti_p34-qAhI\/AAAAAAAATDw\/bVx0dCYfO_g\/s1600\/ABCdario300.gif\"><img decoding=\"async\" id=\"BLOGGER_PHOTO_ID_5633978805261042194\" style=\"cursor: pointer; float: left; height: 307px; margin: 0px 10px 10px 0px; width: 300px;\" src=\"http:\/\/3.bp.blogspot.com\/-nn0nVrfBtM4\/Ti_p34-qAhI\/AAAAAAAATDw\/bVx0dCYfO_g\/s400\/ABCdario300.gif\" alt=\"\" border=\"0\" \/><\/a> Soy La Regi\u00f3n Del Bio B\u00edo<\/p>\n<div>\u00a0Ven, amigo, yo te invito a buscar tu nombre entre mis cerros, correr entre la suave alfombra verde de los trigales que por ti maduran cuando la tierra r\u00ede y el mar estira sus s\u00e1banas azules sobre tu cuerpo dorado.<\/div>\n<div><\/div>\n<div>\u00a0Yo te invito a reencontrarte conmigo Aqu\u00ed, en la puerta del Sur y del Norte, junto al rugir del viento y al clamor de la lluvia, entre mar y cordillera, sobre arenas blancas y rocas, aqu\u00ed donde un d\u00eda se escribi\u00f3 de tu patria la historia.<\/div>\n<div><\/div>\n<div>\u00a0Juguemos a destapar estrellas dormidas en las lagunas. Ven a descubrir conmigo secretos que guarda el bosque, bebamos el agua clara que baja desde las cumbres donde duermen los gigantes que domaron los volcanes.<\/div>\n<div><\/div>\n<div>\u00a0Eres parte de m\u00ed y estoy en ti cada d\u00eda en tu sonrisa de ni\u00f1o est\u00e1 la voz del Itata y en tu pecho se esconde la furia del puma y del Laja.<\/div>\n<div><\/div>\n<div>Soy la regi\u00f3n del mar y del carb\u00f3n, de la nieve y el acero, en m\u00ed los colmillos de Nahuelbuta se asoman, cuna de poetas, mineros, pescadores y labriegos, tu Regi\u00f3n del Bio B\u00edo que espera de ti un gran hombre.<\/div>\n<div><\/div>\n<div>\u00a0Alicia Pereda Saavedra<\/div>\n<div>Poetisa de Nuestra Tierra<\/div>\n<div><\/div>\n<div>\u00a0Poema Escrito para la publicaci\u00f3n del libro \u00ab<strong>El ABCdario De La Regi\u00f3n Del Bio B\u00edo<\/strong>\u00bb el cual puedes <a href=\"https:\/\/www.fraczinet.cl\/sitio\/2011\/07\/25\/descargue-el-abcdario-de-la-region-del-bio-bio-para-colorear\/\"><strong>descargar en el siguiente Link<\/strong><\/a><\/div>\n","protected":false},"excerpt":{"rendered":"<p>Soy La Regi\u00f3n Del Bio B\u00edo \u00a0Ven, amigo, yo te invito a buscar tu nombre entre mis cerros, correr entre la suave alfombra verde de los trigales que por ti maduran cuando la tierra r\u00ede y el mar estira sus s\u00e1banas azules sobre tu cuerpo dorado. \u00a0Yo te invito a reencontrarte conmigo Aqu\u00ed, en la [&hellip;]<\/p>\n","protected":false},"author":1,"featured_media":6399,"comment_status":"open","ping_status":"closed","sticky":false,"template":"","format":"standard","meta":{"footnotes":""},"categories":[115,152,70,116,67],"tags":[],"class_list":["post-6131","post","type-post","status-publish","format-standard","has-post-thumbnail","hentry","category-alicia-pereda","category-el-libro-de-las-preguntas-de-sofia","category-libros","category-luis-fraczinet","category-poesia"],"yoast_head":"<!-- This site is optimized with the Yoast SEO plugin v28.2 - https:\/\/yoast.com\/product\/yoast-seo-wordpress\/ -->\n<title>Soy La Regi\u00f3n Del Bio B\u00edo... Por Alicia Pereda - Nuestro Bio B\u00edo<\/title>\n<meta name=\"robots\" content=\"index, follow, max-snippet:-1, max-image-preview:large, max-video-preview:-1\" \/>\n<link rel=\"canonical\" href=\"https:\/\/www.fraczinet.cl\/sitio\/soy-la-region-del-bio-bio-por-alicia-pereda-2\/\" \/>\n<meta property=\"og:locale\" content=\"es_ES\" \/>\n<meta property=\"og:type\" content=\"article\" \/>\n<meta property=\"og:title\" content=\"Soy La Regi\u00f3n Del Bio B\u00edo... Por Alicia Pereda - Nuestro Bio B\u00edo\" \/>\n<meta property=\"og:description\" content=\"Soy La Regi\u00f3n Del Bio B\u00edo \u00a0Ven, amigo, yo te invito a buscar tu nombre entre mis cerros, correr entre la suave alfombra verde de los trigales que por ti maduran cuando la tierra r\u00ede y el mar estira sus s\u00e1banas azules sobre tu cuerpo dorado. \u00a0Yo te invito a reencontrarte conmigo Aqu\u00ed, en la [&hellip;]\" \/>\n<meta property=\"og:url\" content=\"https:\/\/www.fraczinet.cl\/sitio\/soy-la-region-del-bio-bio-por-alicia-pereda-2\/\" \/>\n<meta property=\"og:site_name\" content=\"Nuestro Bio B\u00edo\" \/>\n<meta property=\"article:publisher\" content=\"https:\/\/www.facebook.com\/groups\/15721414452\/\" \/>\n<meta property=\"article:published_time\" content=\"2011-07-27T10:29:00+00:00\" \/>\n<meta property=\"article:modified_time\" content=\"2021-11-07T13:41:32+00:00\" \/>\n<meta property=\"og:image\" content=\"https:\/\/www.fraczinet.cl\/sitio\/wp-content\/uploads\/2021\/09\/ABCdario300.jpg\" \/>\n\t<meta property=\"og:image:width\" content=\"300\" \/>\n\t<meta property=\"og:image:height\" content=\"307\" \/>\n\t<meta property=\"og:image:type\" content=\"image\/jpeg\" \/>\n<meta name=\"twitter:card\" content=\"summary_large_image\" \/>\n<meta name=\"twitter:creator\" content=\"@nuestrobiobio\" \/>\n<meta name=\"twitter:site\" content=\"@nuestrobiobio\" \/>\n<meta name=\"twitter:label1\" content=\"Escrito por\" \/>\n\t<meta name=\"twitter:data1\" content=\"\" \/>\n\t<meta name=\"twitter:label2\" content=\"Tiempo de lectura\" \/>\n\t<meta name=\"twitter:data2\" content=\"1 minuto\" \/>\n<script type=\"application\/ld+json\" class=\"yoast-schema-graph\">{\"@context\":\"https:\\\/\\\/schema.org\",\"@graph\":[{\"@type\":\"Article\",\"@id\":\"https:\\\/\\\/www.fraczinet.cl\\\/sitio\\\/soy-la-region-del-bio-bio-por-alicia-pereda-2\\\/#article\",\"isPartOf\":{\"@id\":\"https:\\\/\\\/www.fraczinet.cl\\\/sitio\\\/soy-la-region-del-bio-bio-por-alicia-pereda-2\\\/\"},\"author\":{\"name\":\"\",\"@id\":\"\"},\"headline\":\"Soy La Regi\u00f3n Del Bio B\u00edo&#8230; Por Alicia Pereda\",\"datePublished\":\"2011-07-27T10:29:00+00:00\",\"dateModified\":\"2021-11-07T13:41:32+00:00\",\"mainEntityOfPage\":{\"@id\":\"https:\\\/\\\/www.fraczinet.cl\\\/sitio\\\/soy-la-region-del-bio-bio-por-alicia-pereda-2\\\/\"},\"wordCount\":255,\"commentCount\":0,\"image\":{\"@id\":\"https:\\\/\\\/www.fraczinet.cl\\\/sitio\\\/soy-la-region-del-bio-bio-por-alicia-pereda-2\\\/#primaryimage\"},\"thumbnailUrl\":\"https:\\\/\\\/www.fraczinet.cl\\\/sitio\\\/wp-content\\\/uploads\\\/2021\\\/09\\\/ABCdario300.jpg\",\"articleSection\":[\"Alicia Pereda\",\"Libro de Las Preguntas de Sof\u00eda\",\"Libros\",\"Luis Fraczinet\",\"Poes\u00eda\"],\"inLanguage\":\"es\",\"potentialAction\":[{\"@type\":\"CommentAction\",\"name\":\"Comment\",\"target\":[\"https:\\\/\\\/www.fraczinet.cl\\\/sitio\\\/soy-la-region-del-bio-bio-por-alicia-pereda-2\\\/#respond\"]}]},{\"@type\":\"WebPage\",\"@id\":\"https:\\\/\\\/www.fraczinet.cl\\\/sitio\\\/soy-la-region-del-bio-bio-por-alicia-pereda-2\\\/\",\"url\":\"https:\\\/\\\/www.fraczinet.cl\\\/sitio\\\/soy-la-region-del-bio-bio-por-alicia-pereda-2\\\/\",\"name\":\"Soy La Regi\u00f3n Del Bio B\u00edo... Por Alicia Pereda - Nuestro Bio B\u00edo\",\"isPartOf\":{\"@id\":\"https:\\\/\\\/www.fraczinet.cl\\\/sitio\\\/#website\"},\"primaryImageOfPage\":{\"@id\":\"https:\\\/\\\/www.fraczinet.cl\\\/sitio\\\/soy-la-region-del-bio-bio-por-alicia-pereda-2\\\/#primaryimage\"},\"image\":{\"@id\":\"https:\\\/\\\/www.fraczinet.cl\\\/sitio\\\/soy-la-region-del-bio-bio-por-alicia-pereda-2\\\/#primaryimage\"},\"thumbnailUrl\":\"https:\\\/\\\/www.fraczinet.cl\\\/sitio\\\/wp-content\\\/uploads\\\/2021\\\/09\\\/ABCdario300.jpg\",\"datePublished\":\"2011-07-27T10:29:00+00:00\",\"dateModified\":\"2021-11-07T13:41:32+00:00\",\"author\":{\"@id\":\"\"},\"breadcrumb\":{\"@id\":\"https:\\\/\\\/www.fraczinet.cl\\\/sitio\\\/soy-la-region-del-bio-bio-por-alicia-pereda-2\\\/#breadcrumb\"},\"inLanguage\":\"es\",\"potentialAction\":[{\"@type\":\"ReadAction\",\"target\":[\"https:\\\/\\\/www.fraczinet.cl\\\/sitio\\\/soy-la-region-del-bio-bio-por-alicia-pereda-2\\\/\"]}]},{\"@type\":\"ImageObject\",\"inLanguage\":\"es\",\"@id\":\"https:\\\/\\\/www.fraczinet.cl\\\/sitio\\\/soy-la-region-del-bio-bio-por-alicia-pereda-2\\\/#primaryimage\",\"url\":\"https:\\\/\\\/www.fraczinet.cl\\\/sitio\\\/wp-content\\\/uploads\\\/2021\\\/09\\\/ABCdario300.jpg\",\"contentUrl\":\"https:\\\/\\\/www.fraczinet.cl\\\/sitio\\\/wp-content\\\/uploads\\\/2021\\\/09\\\/ABCdario300.jpg\",\"width\":300,\"height\":307},{\"@type\":\"BreadcrumbList\",\"@id\":\"https:\\\/\\\/www.fraczinet.cl\\\/sitio\\\/soy-la-region-del-bio-bio-por-alicia-pereda-2\\\/#breadcrumb\",\"itemListElement\":[{\"@type\":\"ListItem\",\"position\":1,\"name\":\"Portada\",\"item\":\"https:\\\/\\\/www.fraczinet.cl\\\/sitio\\\/\"},{\"@type\":\"ListItem\",\"position\":2,\"name\":\"Soy La Regi\u00f3n Del Bio B\u00edo&#8230; Por Alicia Pereda\"}]},{\"@type\":\"WebSite\",\"@id\":\"https:\\\/\\\/www.fraczinet.cl\\\/sitio\\\/#website\",\"url\":\"https:\\\/\\\/www.fraczinet.cl\\\/sitio\\\/\",\"name\":\"Nuestro Bio B\u00edo\",\"description\":\"Tierra de Encuentros\",\"potentialAction\":[{\"@type\":\"SearchAction\",\"target\":{\"@type\":\"EntryPoint\",\"urlTemplate\":\"https:\\\/\\\/www.fraczinet.cl\\\/sitio\\\/?s={search_term_string}\"},\"query-input\":{\"@type\":\"PropertyValueSpecification\",\"valueRequired\":true,\"valueName\":\"search_term_string\"}}],\"inLanguage\":\"es\"},{\"@type\":\"Person\",\"@id\":\"\"}]}<\/script>\n<!-- \/ Yoast SEO plugin. -->","yoast_head_json":{"title":"Soy La Regi\u00f3n Del Bio B\u00edo... Por Alicia Pereda - Nuestro Bio B\u00edo","robots":{"index":"index","follow":"follow","max-snippet":"max-snippet:-1","max-image-preview":"max-image-preview:large","max-video-preview":"max-video-preview:-1"},"canonical":"https:\/\/www.fraczinet.cl\/sitio\/soy-la-region-del-bio-bio-por-alicia-pereda-2\/","og_locale":"es_ES","og_type":"article","og_title":"Soy La Regi\u00f3n Del Bio B\u00edo... Por Alicia Pereda - Nuestro Bio B\u00edo","og_description":"Soy La Regi\u00f3n Del Bio B\u00edo \u00a0Ven, amigo, yo te invito a buscar tu nombre entre mis cerros, correr entre la suave alfombra verde de los trigales que por ti maduran cuando la tierra r\u00ede y el mar estira sus s\u00e1banas azules sobre tu cuerpo dorado. \u00a0Yo te invito a reencontrarte conmigo Aqu\u00ed, en la [&hellip;]","og_url":"https:\/\/www.fraczinet.cl\/sitio\/soy-la-region-del-bio-bio-por-alicia-pereda-2\/","og_site_name":"Nuestro Bio B\u00edo","article_publisher":"https:\/\/www.facebook.com\/groups\/15721414452\/","article_published_time":"2011-07-27T10:29:00+00:00","article_modified_time":"2021-11-07T13:41:32+00:00","og_image":[{"width":300,"height":307,"url":"https:\/\/www.fraczinet.cl\/sitio\/wp-content\/uploads\/2021\/09\/ABCdario300.jpg","type":"image\/jpeg"}],"twitter_card":"summary_large_image","twitter_creator":"@nuestrobiobio","twitter_site":"@nuestrobiobio","twitter_misc":{"Escrito por":"","Tiempo de lectura":"1 minuto"},"schema":{"@context":"https:\/\/schema.org","@graph":[{"@type":"Article","@id":"https:\/\/www.fraczinet.cl\/sitio\/soy-la-region-del-bio-bio-por-alicia-pereda-2\/#article","isPartOf":{"@id":"https:\/\/www.fraczinet.cl\/sitio\/soy-la-region-del-bio-bio-por-alicia-pereda-2\/"},"author":{"name":"","@id":""},"headline":"Soy La Regi\u00f3n Del Bio B\u00edo&#8230; Por Alicia Pereda","datePublished":"2011-07-27T10:29:00+00:00","dateModified":"2021-11-07T13:41:32+00:00","mainEntityOfPage":{"@id":"https:\/\/www.fraczinet.cl\/sitio\/soy-la-region-del-bio-bio-por-alicia-pereda-2\/"},"wordCount":255,"commentCount":0,"image":{"@id":"https:\/\/www.fraczinet.cl\/sitio\/soy-la-region-del-bio-bio-por-alicia-pereda-2\/#primaryimage"},"thumbnailUrl":"https:\/\/www.fraczinet.cl\/sitio\/wp-content\/uploads\/2021\/09\/ABCdario300.jpg","articleSection":["Alicia Pereda","Libro de Las Preguntas de Sof\u00eda","Libros","Luis Fraczinet","Poes\u00eda"],"inLanguage":"es","potentialAction":[{"@type":"CommentAction","name":"Comment","target":["https:\/\/www.fraczinet.cl\/sitio\/soy-la-region-del-bio-bio-por-alicia-pereda-2\/#respond"]}]},{"@type":"WebPage","@id":"https:\/\/www.fraczinet.cl\/sitio\/soy-la-region-del-bio-bio-por-alicia-pereda-2\/","url":"https:\/\/www.fraczinet.cl\/sitio\/soy-la-region-del-bio-bio-por-alicia-pereda-2\/","name":"Soy La Regi\u00f3n Del Bio B\u00edo... Por Alicia Pereda - Nuestro Bio B\u00edo","isPartOf":{"@id":"https:\/\/www.fraczinet.cl\/sitio\/#website"},"primaryImageOfPage":{"@id":"https:\/\/www.fraczinet.cl\/sitio\/soy-la-region-del-bio-bio-por-alicia-pereda-2\/#primaryimage"},"image":{"@id":"https:\/\/www.fraczinet.cl\/sitio\/soy-la-region-del-bio-bio-por-alicia-pereda-2\/#primaryimage"},"thumbnailUrl":"https:\/\/www.fraczinet.cl\/sitio\/wp-content\/uploads\/2021\/09\/ABCdario300.jpg","datePublished":"2011-07-27T10:29:00+00:00","dateModified":"2021-11-07T13:41:32+00:00","author":{"@id":""},"breadcrumb":{"@id":"https:\/\/www.fraczinet.cl\/sitio\/soy-la-region-del-bio-bio-por-alicia-pereda-2\/#breadcrumb"},"inLanguage":"es","potentialAction":[{"@type":"ReadAction","target":["https:\/\/www.fraczinet.cl\/sitio\/soy-la-region-del-bio-bio-por-alicia-pereda-2\/"]}]},{"@type":"ImageObject","inLanguage":"es","@id":"https:\/\/www.fraczinet.cl\/sitio\/soy-la-region-del-bio-bio-por-alicia-pereda-2\/#primaryimage","url":"https:\/\/www.fraczinet.cl\/sitio\/wp-content\/uploads\/2021\/09\/ABCdario300.jpg","contentUrl":"https:\/\/www.fraczinet.cl\/sitio\/wp-content\/uploads\/2021\/09\/ABCdario300.jpg","width":300,"height":307},{"@type":"BreadcrumbList","@id":"https:\/\/www.fraczinet.cl\/sitio\/soy-la-region-del-bio-bio-por-alicia-pereda-2\/#breadcrumb","itemListElement":[{"@type":"ListItem","position":1,"name":"Portada","item":"https:\/\/www.fraczinet.cl\/sitio\/"},{"@type":"ListItem","position":2,"name":"Soy La Regi\u00f3n Del Bio B\u00edo&#8230; Por Alicia Pereda"}]},{"@type":"WebSite","@id":"https:\/\/www.fraczinet.cl\/sitio\/#website","url":"https:\/\/www.fraczinet.cl\/sitio\/","name":"Nuestro Bio B\u00edo","description":"Tierra de Encuentros","potentialAction":[{"@type":"SearchAction","target":{"@type":"EntryPoint","urlTemplate":"https:\/\/www.fraczinet.cl\/sitio\/?s={search_term_string}"},"query-input":{"@type":"PropertyValueSpecification","valueRequired":true,"valueName":"search_term_string"}}],"inLanguage":"es"},{"@type":"Person","@id":""}]}},"_links":{"self":[{"href":"https:\/\/www.fraczinet.cl\/sitio\/wp-json\/wp\/v2\/posts\/6131","targetHints":{"allow":["GET"]}}],"collection":[{"href":"https:\/\/www.fraczinet.cl\/sitio\/wp-json\/wp\/v2\/posts"}],"about":[{"href":"https:\/\/www.fraczinet.cl\/sitio\/wp-json\/wp\/v2\/types\/post"}],"author":[{"embeddable":true,"href":"https:\/\/www.fraczinet.cl\/sitio\/wp-json\/wp\/v2\/users\/1"}],"replies":[{"embeddable":true,"href":"https:\/\/www.fraczinet.cl\/sitio\/wp-json\/wp\/v2\/comments?post=6131"}],"version-history":[{"count":2,"href":"https:\/\/www.fraczinet.cl\/sitio\/wp-json\/wp\/v2\/posts\/6131\/revisions"}],"predecessor-version":[{"id":9339,"href":"https:\/\/www.fraczinet.cl\/sitio\/wp-json\/wp\/v2\/posts\/6131\/revisions\/9339"}],"wp:featuredmedia":[{"embeddable":true,"href":"https:\/\/www.fraczinet.cl\/sitio\/wp-json\/wp\/v2\/media\/6399"}],"wp:attachment":[{"href":"https:\/\/www.fraczinet.cl\/sitio\/wp-json\/wp\/v2\/media?parent=6131"}],"wp:term":[{"taxonomy":"category","embeddable":true,"href":"https:\/\/www.fraczinet.cl\/sitio\/wp-json\/wp\/v2\/categories?post=6131"},{"taxonomy":"post_tag","embeddable":true,"href":"https:\/\/www.fraczinet.cl\/sitio\/wp-json\/wp\/v2\/tags?post=6131"}],"curies":[{"name":"wp","href":"https:\/\/api.w.org\/{rel}","templated":true}]}}