{"id":6152,"date":"2011-07-09T16:15:00","date_gmt":"2011-07-09T16:15:00","guid":{"rendered":"https:\/\/www.fraczinet.cl\/sitio\/2011\/07\/09\/rescatan-ranitas-de-darwin-tras-erupcion-del-cordon-caulle\/"},"modified":"2011-07-09T16:15:00","modified_gmt":"2011-07-09T16:15:00","slug":"rescatan-ranitas-de-darwin-tras-erupcion-del-cordon-caulle","status":"publish","type":"post","link":"https:\/\/www.fraczinet.cl\/sitio\/2011\/07\/09\/rescatan-ranitas-de-darwin-tras-erupcion-del-cordon-caulle\/","title":{"rendered":"Rescatan Ranitas De Darwin Tras Erupci\u00f3n Del Cord\u00f3n Caulle"},"content":{"rendered":"<p><a href=\"http:\/\/2.bp.blogspot.com\/-aD1wUhsXJtc\/ThiAQ5dIxGI\/AAAAAAAATAE\/mjuHRWYwzvc\/s1600\/puyehue-ranita_darwin290.jpg\"><img decoding=\"async\" alt=\"\" border=\"0\" id=\"BLOGGER_PHOTO_ID_5627388762188727394\" src=\"http:\/\/2.bp.blogspot.com\/-aD1wUhsXJtc\/ThiAQ5dIxGI\/AAAAAAAATAE\/mjuHRWYwzvc\/s400\/puyehue-ranita_darwin290.jpg\" style=\"cursor: pointer; float: left; height: 196px; margin: 0px 10px 10px 0px; width: 290px;\" \/><\/a>Investigadores de las Universidades Andr\u00e9s Bello de Santiago y de Concepci\u00f3n, en conjunto con profesionales de CONAF y el SAG, rescataron a cuatro Ranitas de Darwin (especie amenazada de extinci\u00f3n), desde el sector de Anticura, en el Parque Nacional Puyehue. Esto, tras la erupci\u00f3n del Cord\u00f3n Caulle y que ten\u00eda su h\u00e1bitat repleto de cenizas.&nbsp;<\/p>\n<div><\/div>\n<div>El equipo de tres investigadores fue encabezado por Claudio Soto Azat, acad\u00e9mico de la Universidad Andr\u00e9s Bello de Santiago, especialista en conservaci\u00f3n de especies; Alfredo Frohlich, Director Regional del SAG; Jos\u00e9 Alfredo Alvarez, Jefe regional del Departamento de \u00c1reas Silvestres Protegidas de CONAF Los Lagos, m\u00e1s la presencia de profesionales de ambos servicios.&nbsp;<\/div>\n<div><\/div>\n<div>La jornada de trabajo se extendi\u00f3 durante todo un d\u00eda, el que dio como resultado el rescate de cuatro Ranitas de Darwin, desde el sector de Anticura en el Parque Nacional Puyehue.  \u201c<span style=\"font-style: italic;\">Lo que hoy se hizo ac\u00e1 en el Parque fue un programa de rescate de la Ranita de Darwin, <span style=\"font-weight: bold;\">especie amenazada con extinci\u00f3n <\/span>y que es \u00fanica en el mundo, s\u00f3lo habita en Chile y el sur de Argentina. Esto se hizo producto de la erupci\u00f3n del Cord\u00f3n Caulle y en donde su h\u00e1bitat estaba con mucha ceniza. Para nosotros fue importante que de los cuatro ejemplares rescatados, llevemos Ranitas de ambos sexos, ya que ellas se van un Centro especial de investigaci\u00f3n de la Universidad de Concepci\u00f3n, la idea fundamental es que se reproduzcan y vuelvan al Parque Nacional Puyehue a su h\u00e1bitat natural. Nosotros como investigadores con este rescate nos estamos adelantando, porque producto de las cenizas ellas realmente se ven muy amenazadas y la especie puede desaparecer<\/span>\u201d, enfatiz\u00f3 Claudio Soto.  Por su parte, Jos\u00e9 Alfredo Alvarez, Jefe regional del Departamento de \u00c1reas Silvestres Protegidas de CONAF Los Lagos, puso \u00e9nfasis en la importancia que tuvo esta actividad para su instituci\u00f3n, en el marco del cuidado y conservaci\u00f3n de los recursos naturales y de la biodiversidad, \u201cquedamos muy contentos con este rescate de las Ranitas de Darwin, ya que esto es muy importante para CONAF y nuestro Departamento, en cuanto a la conservaci\u00f3n y cuidado de las especies. Esta fue una de las primeras acciones que realizamos para saber como esta nuestro ecosistema en el Parque Nacional Puyehue\u201d.&nbsp;<\/div>\n<div><\/div>\n<div>Finalmente Alfredo Frohlich, Director regional del SAG se\u00f1al\u00f3, \u201c<span style=\"font-style: italic;\">para nosotros que tenemos que mantener la flora y la fauna en el pa\u00eds, esta actividad de rescate fue muy importante, ya que estas Ranitas se van a un centro especial de investigaci\u00f3n a Concepci\u00f3n donde se espera que se reproduzcan y as\u00ed no se pierda nada de su material gen\u00e9tico<\/span>\u201d.<\/div>\n","protected":false},"excerpt":{"rendered":"<p>Investigadores de las Universidades Andr\u00e9s Bello de Santiago y de Concepci\u00f3n, en conjunto con profesionales de CONAF y el SAG, rescataron a cuatro Ranitas de Darwin (especie amenazada de extinci\u00f3n), desde el sector de Anticura, en el Parque Nacional Puyehue. Esto, tras la erupci\u00f3n del Cord\u00f3n Caulle y que ten\u00eda su h\u00e1bitat repleto de cenizas.&nbsp; [&hellip;]<\/p>\n","protected":false},"author":1,"featured_media":0,"comment_status":"open","ping_status":"open","sticky":false,"template":"","format":"standard","meta":{"footnotes":""},"categories":[171,270],"tags":[],"class_list":["post-6152","post","type-post","status-publish","format-standard","hentry","category-biodiversidad","category-region-de-los-lagos"],"yoast_head":"<!-- This site is optimized with the Yoast SEO plugin v25.0 - https:\/\/yoast.com\/wordpress\/plugins\/seo\/ -->\n<title>Rescatan Ranitas De Darwin Tras Erupci\u00f3n Del Cord\u00f3n Caulle - Nuestro Bio B\u00edo<\/title>\n<meta name=\"robots\" content=\"index, follow, max-snippet:-1, max-image-preview:large, max-video-preview:-1\" \/>\n<link rel=\"canonical\" href=\"https:\/\/www.fraczinet.cl\/sitio\/2011\/07\/09\/rescatan-ranitas-de-darwin-tras-erupcion-del-cordon-caulle\/\" \/>\n<meta property=\"og:locale\" content=\"es_ES\" \/>\n<meta property=\"og:type\" content=\"article\" \/>\n<meta property=\"og:title\" content=\"Rescatan Ranitas De Darwin Tras Erupci\u00f3n Del Cord\u00f3n Caulle - Nuestro Bio B\u00edo\" \/>\n<meta property=\"og:description\" content=\"Investigadores de las Universidades Andr\u00e9s Bello de Santiago y de Concepci\u00f3n, en conjunto con profesionales de CONAF y el SAG, rescataron a cuatro Ranitas de Darwin (especie amenazada de extinci\u00f3n), desde el sector de Anticura, en el Parque Nacional Puyehue. Esto, tras la erupci\u00f3n del Cord\u00f3n Caulle y que ten\u00eda su h\u00e1bitat repleto de cenizas.&nbsp; [&hellip;]\" \/>\n<meta property=\"og:url\" content=\"https:\/\/www.fraczinet.cl\/sitio\/2011\/07\/09\/rescatan-ranitas-de-darwin-tras-erupcion-del-cordon-caulle\/\" \/>\n<meta property=\"og:site_name\" content=\"Nuestro Bio B\u00edo\" \/>\n<meta property=\"article:published_time\" content=\"2011-07-09T16:15:00+00:00\" \/>\n<meta property=\"og:image\" content=\"http:\/\/2.bp.blogspot.com\/-aD1wUhsXJtc\/ThiAQ5dIxGI\/AAAAAAAATAE\/mjuHRWYwzvc\/s400\/puyehue-ranita_darwin290.jpg\" \/>\n<meta name=\"author\" content=\"admin\" \/>\n<meta name=\"twitter:card\" content=\"summary_large_image\" \/>\n<meta name=\"twitter:creator\" content=\"@nuestrobiobio\" \/>\n<meta name=\"twitter:site\" content=\"@nuestrobiobio\" \/>\n<meta name=\"twitter:label1\" content=\"Escrito por\" \/>\n\t<meta name=\"twitter:data1\" content=\"admin\" \/>\n\t<meta name=\"twitter:label2\" content=\"Tiempo de lectura\" \/>\n\t<meta name=\"twitter:data2\" content=\"2 minutos\" \/>\n<script type=\"application\/ld+json\" class=\"yoast-schema-graph\">{\"@context\":\"https:\/\/schema.org\",\"@graph\":[{\"@type\":\"Article\",\"@id\":\"https:\/\/www.fraczinet.cl\/sitio\/2011\/07\/09\/rescatan-ranitas-de-darwin-tras-erupcion-del-cordon-caulle\/#article\",\"isPartOf\":{\"@id\":\"https:\/\/www.fraczinet.cl\/sitio\/2011\/07\/09\/rescatan-ranitas-de-darwin-tras-erupcion-del-cordon-caulle\/\"},\"author\":{\"name\":\"admin\",\"@id\":\"https:\/\/www.fraczinet.cl\/sitio\/#\/schema\/person\/bc30f98e9cb10ae7e119dbe14bc93784\"},\"headline\":\"Rescatan Ranitas De Darwin Tras Erupci\u00f3n Del Cord\u00f3n Caulle\",\"datePublished\":\"2011-07-09T16:15:00+00:00\",\"mainEntityOfPage\":{\"@id\":\"https:\/\/www.fraczinet.cl\/sitio\/2011\/07\/09\/rescatan-ranitas-de-darwin-tras-erupcion-del-cordon-caulle\/\"},\"wordCount\":471,\"commentCount\":0,\"publisher\":{\"@id\":\"https:\/\/www.fraczinet.cl\/sitio\/#\/schema\/person\/aec8ee4da68df2b9b0eefdad24a0d582\"},\"image\":{\"@id\":\"https:\/\/www.fraczinet.cl\/sitio\/2011\/07\/09\/rescatan-ranitas-de-darwin-tras-erupcion-del-cordon-caulle\/#primaryimage\"},\"thumbnailUrl\":\"http:\/\/2.bp.blogspot.com\/-aD1wUhsXJtc\/ThiAQ5dIxGI\/AAAAAAAATAE\/mjuHRWYwzvc\/s400\/puyehue-ranita_darwin290.jpg\",\"articleSection\":[\"Biodiversidad\",\"Regi\u00f3n de Los Lagos\"],\"inLanguage\":\"es\",\"potentialAction\":[{\"@type\":\"CommentAction\",\"name\":\"Comment\",\"target\":[\"https:\/\/www.fraczinet.cl\/sitio\/2011\/07\/09\/rescatan-ranitas-de-darwin-tras-erupcion-del-cordon-caulle\/#respond\"]}]},{\"@type\":\"WebPage\",\"@id\":\"https:\/\/www.fraczinet.cl\/sitio\/2011\/07\/09\/rescatan-ranitas-de-darwin-tras-erupcion-del-cordon-caulle\/\",\"url\":\"https:\/\/www.fraczinet.cl\/sitio\/2011\/07\/09\/rescatan-ranitas-de-darwin-tras-erupcion-del-cordon-caulle\/\",\"name\":\"Rescatan Ranitas De Darwin Tras Erupci\u00f3n Del Cord\u00f3n Caulle - Nuestro Bio B\u00edo\",\"isPartOf\":{\"@id\":\"https:\/\/www.fraczinet.cl\/sitio\/#website\"},\"primaryImageOfPage\":{\"@id\":\"https:\/\/www.fraczinet.cl\/sitio\/2011\/07\/09\/rescatan-ranitas-de-darwin-tras-erupcion-del-cordon-caulle\/#primaryimage\"},\"image\":{\"@id\":\"https:\/\/www.fraczinet.cl\/sitio\/2011\/07\/09\/rescatan-ranitas-de-darwin-tras-erupcion-del-cordon-caulle\/#primaryimage\"},\"thumbnailUrl\":\"http:\/\/2.bp.blogspot.com\/-aD1wUhsXJtc\/ThiAQ5dIxGI\/AAAAAAAATAE\/mjuHRWYwzvc\/s400\/puyehue-ranita_darwin290.jpg\",\"datePublished\":\"2011-07-09T16:15:00+00:00\",\"breadcrumb\":{\"@id\":\"https:\/\/www.fraczinet.cl\/sitio\/2011\/07\/09\/rescatan-ranitas-de-darwin-tras-erupcion-del-cordon-caulle\/#breadcrumb\"},\"inLanguage\":\"es\",\"potentialAction\":[{\"@type\":\"ReadAction\",\"target\":[\"https:\/\/www.fraczinet.cl\/sitio\/2011\/07\/09\/rescatan-ranitas-de-darwin-tras-erupcion-del-cordon-caulle\/\"]}]},{\"@type\":\"ImageObject\",\"inLanguage\":\"es\",\"@id\":\"https:\/\/www.fraczinet.cl\/sitio\/2011\/07\/09\/rescatan-ranitas-de-darwin-tras-erupcion-del-cordon-caulle\/#primaryimage\",\"url\":\"http:\/\/2.bp.blogspot.com\/-aD1wUhsXJtc\/ThiAQ5dIxGI\/AAAAAAAATAE\/mjuHRWYwzvc\/s400\/puyehue-ranita_darwin290.jpg\",\"contentUrl\":\"http:\/\/2.bp.blogspot.com\/-aD1wUhsXJtc\/ThiAQ5dIxGI\/AAAAAAAATAE\/mjuHRWYwzvc\/s400\/puyehue-ranita_darwin290.jpg\"},{\"@type\":\"BreadcrumbList\",\"@id\":\"https:\/\/www.fraczinet.cl\/sitio\/2011\/07\/09\/rescatan-ranitas-de-darwin-tras-erupcion-del-cordon-caulle\/#breadcrumb\",\"itemListElement\":[{\"@type\":\"ListItem\",\"position\":1,\"name\":\"Portada\",\"item\":\"https:\/\/www.fraczinet.cl\/sitio\/\"},{\"@type\":\"ListItem\",\"position\":2,\"name\":\"Rescatan Ranitas De Darwin Tras Erupci\u00f3n Del Cord\u00f3n Caulle\"}]},{\"@type\":\"WebSite\",\"@id\":\"https:\/\/www.fraczinet.cl\/sitio\/#website\",\"url\":\"https:\/\/www.fraczinet.cl\/sitio\/\",\"name\":\"Nuestro Bio B\u00edo\",\"description\":\"Tierra de Encuentros\",\"publisher\":{\"@id\":\"https:\/\/www.fraczinet.cl\/sitio\/#\/schema\/person\/aec8ee4da68df2b9b0eefdad24a0d582\"},\"potentialAction\":[{\"@type\":\"SearchAction\",\"target\":{\"@type\":\"EntryPoint\",\"urlTemplate\":\"https:\/\/www.fraczinet.cl\/sitio\/?s={search_term_string}\"},\"query-input\":{\"@type\":\"PropertyValueSpecification\",\"valueRequired\":true,\"valueName\":\"search_term_string\"}}],\"inLanguage\":\"es\"},{\"@type\":[\"Person\",\"Organization\"],\"@id\":\"https:\/\/www.fraczinet.cl\/sitio\/#\/schema\/person\/aec8ee4da68df2b9b0eefdad24a0d582\",\"name\":\"Luis Fernando Fraczinet\",\"image\":{\"@type\":\"ImageObject\",\"inLanguage\":\"es\",\"@id\":\"https:\/\/www.fraczinet.cl\/sitio\/#\/schema\/person\/image\/\",\"url\":\"https:\/\/www.fraczinet.cl\/sitio\/wp-content\/uploads\/2021\/07\/bannerlogo-1.gif\",\"contentUrl\":\"https:\/\/www.fraczinet.cl\/sitio\/wp-content\/uploads\/2021\/07\/bannerlogo-1.gif\",\"width\":159,\"height\":79,\"caption\":\"Luis Fernando Fraczinet\"},\"logo\":{\"@id\":\"https:\/\/www.fraczinet.cl\/sitio\/#\/schema\/person\/image\/\"},\"sameAs\":[\"https:\/\/www.fraczinet.cl\/sitio\/\"]},{\"@type\":\"Person\",\"@id\":\"https:\/\/www.fraczinet.cl\/sitio\/#\/schema\/person\/bc30f98e9cb10ae7e119dbe14bc93784\",\"name\":\"admin\",\"image\":{\"@type\":\"ImageObject\",\"inLanguage\":\"es\",\"@id\":\"https:\/\/www.fraczinet.cl\/sitio\/#\/schema\/person\/image\/\",\"url\":\"https:\/\/secure.gravatar.com\/avatar\/d5ad3cf7ef3b23a2bb5be73be780c86b2fc8545c3ad6b149f3913ff458c00099?s=96&d=mm&r=g\",\"contentUrl\":\"https:\/\/secure.gravatar.com\/avatar\/d5ad3cf7ef3b23a2bb5be73be780c86b2fc8545c3ad6b149f3913ff458c00099?s=96&d=mm&r=g\",\"caption\":\"admin\"},\"sameAs\":[\"https:\/\/www.fraczinet.cl\/sitio\"]}]}<\/script>\n<!-- \/ Yoast SEO plugin. -->","yoast_head_json":{"title":"Rescatan Ranitas De Darwin Tras Erupci\u00f3n Del Cord\u00f3n Caulle - Nuestro Bio B\u00edo","robots":{"index":"index","follow":"follow","max-snippet":"max-snippet:-1","max-image-preview":"max-image-preview:large","max-video-preview":"max-video-preview:-1"},"canonical":"https:\/\/www.fraczinet.cl\/sitio\/2011\/07\/09\/rescatan-ranitas-de-darwin-tras-erupcion-del-cordon-caulle\/","og_locale":"es_ES","og_type":"article","og_title":"Rescatan Ranitas De Darwin Tras Erupci\u00f3n Del Cord\u00f3n Caulle - Nuestro Bio B\u00edo","og_description":"Investigadores de las Universidades Andr\u00e9s Bello de Santiago y de Concepci\u00f3n, en conjunto con profesionales de CONAF y el SAG, rescataron a cuatro Ranitas de Darwin (especie amenazada de extinci\u00f3n), desde el sector de Anticura, en el Parque Nacional Puyehue. Esto, tras la erupci\u00f3n del Cord\u00f3n Caulle y que ten\u00eda su h\u00e1bitat repleto de cenizas.&nbsp; [&hellip;]","og_url":"https:\/\/www.fraczinet.cl\/sitio\/2011\/07\/09\/rescatan-ranitas-de-darwin-tras-erupcion-del-cordon-caulle\/","og_site_name":"Nuestro Bio B\u00edo","article_published_time":"2011-07-09T16:15:00+00:00","og_image":[{"url":"http:\/\/2.bp.blogspot.com\/-aD1wUhsXJtc\/ThiAQ5dIxGI\/AAAAAAAATAE\/mjuHRWYwzvc\/s400\/puyehue-ranita_darwin290.jpg","type":"","width":"","height":""}],"author":"admin","twitter_card":"summary_large_image","twitter_creator":"@nuestrobiobio","twitter_site":"@nuestrobiobio","twitter_misc":{"Escrito por":"admin","Tiempo de lectura":"2 minutos"},"schema":{"@context":"https:\/\/schema.org","@graph":[{"@type":"Article","@id":"https:\/\/www.fraczinet.cl\/sitio\/2011\/07\/09\/rescatan-ranitas-de-darwin-tras-erupcion-del-cordon-caulle\/#article","isPartOf":{"@id":"https:\/\/www.fraczinet.cl\/sitio\/2011\/07\/09\/rescatan-ranitas-de-darwin-tras-erupcion-del-cordon-caulle\/"},"author":{"name":"admin","@id":"https:\/\/www.fraczinet.cl\/sitio\/#\/schema\/person\/bc30f98e9cb10ae7e119dbe14bc93784"},"headline":"Rescatan Ranitas De Darwin Tras Erupci\u00f3n Del Cord\u00f3n Caulle","datePublished":"2011-07-09T16:15:00+00:00","mainEntityOfPage":{"@id":"https:\/\/www.fraczinet.cl\/sitio\/2011\/07\/09\/rescatan-ranitas-de-darwin-tras-erupcion-del-cordon-caulle\/"},"wordCount":471,"commentCount":0,"publisher":{"@id":"https:\/\/www.fraczinet.cl\/sitio\/#\/schema\/person\/aec8ee4da68df2b9b0eefdad24a0d582"},"image":{"@id":"https:\/\/www.fraczinet.cl\/sitio\/2011\/07\/09\/rescatan-ranitas-de-darwin-tras-erupcion-del-cordon-caulle\/#primaryimage"},"thumbnailUrl":"http:\/\/2.bp.blogspot.com\/-aD1wUhsXJtc\/ThiAQ5dIxGI\/AAAAAAAATAE\/mjuHRWYwzvc\/s400\/puyehue-ranita_darwin290.jpg","articleSection":["Biodiversidad","Regi\u00f3n de Los Lagos"],"inLanguage":"es","potentialAction":[{"@type":"CommentAction","name":"Comment","target":["https:\/\/www.fraczinet.cl\/sitio\/2011\/07\/09\/rescatan-ranitas-de-darwin-tras-erupcion-del-cordon-caulle\/#respond"]}]},{"@type":"WebPage","@id":"https:\/\/www.fraczinet.cl\/sitio\/2011\/07\/09\/rescatan-ranitas-de-darwin-tras-erupcion-del-cordon-caulle\/","url":"https:\/\/www.fraczinet.cl\/sitio\/2011\/07\/09\/rescatan-ranitas-de-darwin-tras-erupcion-del-cordon-caulle\/","name":"Rescatan Ranitas De Darwin Tras Erupci\u00f3n Del Cord\u00f3n Caulle - Nuestro Bio B\u00edo","isPartOf":{"@id":"https:\/\/www.fraczinet.cl\/sitio\/#website"},"primaryImageOfPage":{"@id":"https:\/\/www.fraczinet.cl\/sitio\/2011\/07\/09\/rescatan-ranitas-de-darwin-tras-erupcion-del-cordon-caulle\/#primaryimage"},"image":{"@id":"https:\/\/www.fraczinet.cl\/sitio\/2011\/07\/09\/rescatan-ranitas-de-darwin-tras-erupcion-del-cordon-caulle\/#primaryimage"},"thumbnailUrl":"http:\/\/2.bp.blogspot.com\/-aD1wUhsXJtc\/ThiAQ5dIxGI\/AAAAAAAATAE\/mjuHRWYwzvc\/s400\/puyehue-ranita_darwin290.jpg","datePublished":"2011-07-09T16:15:00+00:00","breadcrumb":{"@id":"https:\/\/www.fraczinet.cl\/sitio\/2011\/07\/09\/rescatan-ranitas-de-darwin-tras-erupcion-del-cordon-caulle\/#breadcrumb"},"inLanguage":"es","potentialAction":[{"@type":"ReadAction","target":["https:\/\/www.fraczinet.cl\/sitio\/2011\/07\/09\/rescatan-ranitas-de-darwin-tras-erupcion-del-cordon-caulle\/"]}]},{"@type":"ImageObject","inLanguage":"es","@id":"https:\/\/www.fraczinet.cl\/sitio\/2011\/07\/09\/rescatan-ranitas-de-darwin-tras-erupcion-del-cordon-caulle\/#primaryimage","url":"http:\/\/2.bp.blogspot.com\/-aD1wUhsXJtc\/ThiAQ5dIxGI\/AAAAAAAATAE\/mjuHRWYwzvc\/s400\/puyehue-ranita_darwin290.jpg","contentUrl":"http:\/\/2.bp.blogspot.com\/-aD1wUhsXJtc\/ThiAQ5dIxGI\/AAAAAAAATAE\/mjuHRWYwzvc\/s400\/puyehue-ranita_darwin290.jpg"},{"@type":"BreadcrumbList","@id":"https:\/\/www.fraczinet.cl\/sitio\/2011\/07\/09\/rescatan-ranitas-de-darwin-tras-erupcion-del-cordon-caulle\/#breadcrumb","itemListElement":[{"@type":"ListItem","position":1,"name":"Portada","item":"https:\/\/www.fraczinet.cl\/sitio\/"},{"@type":"ListItem","position":2,"name":"Rescatan Ranitas De Darwin Tras Erupci\u00f3n Del Cord\u00f3n Caulle"}]},{"@type":"WebSite","@id":"https:\/\/www.fraczinet.cl\/sitio\/#website","url":"https:\/\/www.fraczinet.cl\/sitio\/","name":"Nuestro Bio B\u00edo","description":"Tierra de Encuentros","publisher":{"@id":"https:\/\/www.fraczinet.cl\/sitio\/#\/schema\/person\/aec8ee4da68df2b9b0eefdad24a0d582"},"potentialAction":[{"@type":"SearchAction","target":{"@type":"EntryPoint","urlTemplate":"https:\/\/www.fraczinet.cl\/sitio\/?s={search_term_string}"},"query-input":{"@type":"PropertyValueSpecification","valueRequired":true,"valueName":"search_term_string"}}],"inLanguage":"es"},{"@type":["Person","Organization"],"@id":"https:\/\/www.fraczinet.cl\/sitio\/#\/schema\/person\/aec8ee4da68df2b9b0eefdad24a0d582","name":"Luis Fernando Fraczinet","image":{"@type":"ImageObject","inLanguage":"es","@id":"https:\/\/www.fraczinet.cl\/sitio\/#\/schema\/person\/image\/","url":"https:\/\/www.fraczinet.cl\/sitio\/wp-content\/uploads\/2021\/07\/bannerlogo-1.gif","contentUrl":"https:\/\/www.fraczinet.cl\/sitio\/wp-content\/uploads\/2021\/07\/bannerlogo-1.gif","width":159,"height":79,"caption":"Luis Fernando Fraczinet"},"logo":{"@id":"https:\/\/www.fraczinet.cl\/sitio\/#\/schema\/person\/image\/"},"sameAs":["https:\/\/www.fraczinet.cl\/sitio\/"]},{"@type":"Person","@id":"https:\/\/www.fraczinet.cl\/sitio\/#\/schema\/person\/bc30f98e9cb10ae7e119dbe14bc93784","name":"admin","image":{"@type":"ImageObject","inLanguage":"es","@id":"https:\/\/www.fraczinet.cl\/sitio\/#\/schema\/person\/image\/","url":"https:\/\/secure.gravatar.com\/avatar\/d5ad3cf7ef3b23a2bb5be73be780c86b2fc8545c3ad6b149f3913ff458c00099?s=96&d=mm&r=g","contentUrl":"https:\/\/secure.gravatar.com\/avatar\/d5ad3cf7ef3b23a2bb5be73be780c86b2fc8545c3ad6b149f3913ff458c00099?s=96&d=mm&r=g","caption":"admin"},"sameAs":["https:\/\/www.fraczinet.cl\/sitio"]}]}},"_links":{"self":[{"href":"https:\/\/www.fraczinet.cl\/sitio\/wp-json\/wp\/v2\/posts\/6152","targetHints":{"allow":["GET"]}}],"collection":[{"href":"https:\/\/www.fraczinet.cl\/sitio\/wp-json\/wp\/v2\/posts"}],"about":[{"href":"https:\/\/www.fraczinet.cl\/sitio\/wp-json\/wp\/v2\/types\/post"}],"author":[{"embeddable":true,"href":"https:\/\/www.fraczinet.cl\/sitio\/wp-json\/wp\/v2\/users\/1"}],"replies":[{"embeddable":true,"href":"https:\/\/www.fraczinet.cl\/sitio\/wp-json\/wp\/v2\/comments?post=6152"}],"version-history":[{"count":0,"href":"https:\/\/www.fraczinet.cl\/sitio\/wp-json\/wp\/v2\/posts\/6152\/revisions"}],"wp:attachment":[{"href":"https:\/\/www.fraczinet.cl\/sitio\/wp-json\/wp\/v2\/media?parent=6152"}],"wp:term":[{"taxonomy":"category","embeddable":true,"href":"https:\/\/www.fraczinet.cl\/sitio\/wp-json\/wp\/v2\/categories?post=6152"},{"taxonomy":"post_tag","embeddable":true,"href":"https:\/\/www.fraczinet.cl\/sitio\/wp-json\/wp\/v2\/tags?post=6152"}],"curies":[{"name":"wp","href":"https:\/\/api.w.org\/{rel}","templated":true}]}}