{"id":6164,"date":"2011-07-04T23:26:00","date_gmt":"2011-07-04T23:26:00","guid":{"rendered":"https:\/\/www.fraczinet.cl\/sitio\/2011\/07\/04\/documental-actores-secundarios-este-viernes-con-imaginario-fronterizo\/"},"modified":"2022-10-04T14:23:32","modified_gmt":"2022-10-04T14:23:32","slug":"documental-actores-secundarios-este-viernes-con-imaginario-fronterizo","status":"publish","type":"post","link":"https:\/\/www.fraczinet.cl\/sitio\/2011\/07\/04\/documental-actores-secundarios-este-viernes-con-imaginario-fronterizo\/","title":{"rendered":"Documental \u00abActores Secundarios\u00bb Este Viernes Con Imaginario Fronterizo"},"content":{"rendered":"<p><a href=\"http:\/\/4.bp.blogspot.com\/-3zxtxNGk0BU\/ThMWs85vrQI\/AAAAAAAAS-0\/uiYL9MYa1oQ\/s1600\/Actores%2BSecundarios.jpg\"><img decoding=\"async\" alt=\"\" border=\"0\" id=\"BLOGGER_PHOTO_ID_5625865321034263810\" src=\"http:\/\/4.bp.blogspot.com\/-3zxtxNGk0BU\/ThMWs85vrQI\/AAAAAAAAS-0\/uiYL9MYa1oQ\/s400\/Actores%2BSecundarios.jpg\" style=\"cursor: pointer; float: left; height: 235px; margin: 0px 10px 10px 0px; width: 200px;\" \/><\/a>Este documental, uno de los m\u00e1s elogiados del cine chileno en el \u00faltimo a\u00f1o, nos remite a los a\u00f1os 80, cuando diversos actores sociales comenzaron, a trav\u00e9s de las protestas y las demandas democr\u00e1ticas, a construir el movimiento que llevar\u00eda al t\u00e9rmino de la dictadura, con la derrota de Augusto Pinochet en el plebiscito del 5 de marzo de 1988.  Aqu\u00ed se recoge la gesta de los m\u00e1s j\u00f3venes, aquellos que desde los colegios y las calles estuvieron dispuestos a sufrir la represi\u00f3n y a jugarse la vida por una sociedad mejor.  Es la historia del movimiento estudiantil secundario contra el r\u00e9gimen pinochetista. La obra de Pachi Bustos y Jorge Leiva \u201crespira\u201d multitud. Muestra las masivas manifestaciones de los adolescentes que en las calles dieron vida a este movimiento de \u201cactores secundarios\u201d, actores sociales, y tambi\u00e9n pol\u00edticos, que a partir de una decena de organizaciones fueron ganando espacios para el rescate de la democracia a trav\u00e9s de tomas de liceos y marchas callejeras.  \u201cActores secundarios\u201d es tambi\u00e9n, como todo buen documental, un registro para la historia y una interpelaci\u00f3n a la mezquina memoria de las cr\u00f3nicas oficiales de la transici\u00f3n. Como muy bien se se\u00f1al\u00f3, cuando el proceso de oposici\u00f3n a la dictadura se encamin\u00f3 por la v\u00eda de negociaciones que admitieron el tutelaje autoritario sobre la reconstrucci\u00f3n del Estado de derecho, el movimiento estudiantil ya no result\u00f3 \u00fatil y fue apartado.  El destino posterior de estos estudiantes sigui\u00f3 entonces al margen de la clase pol\u00edtica que se hizo cargo del pa\u00eds. Cada uno tom\u00f3 caminos distintos, que incluyeron c\u00e1rcel y muerte. En su mayor\u00eda se distinguen por su alejamiento de la pol\u00edtica chilena de hoy.  Entre ellos, sin embargo, sigue existiendo una profunda hermandad y una mirada cr\u00edtica y decepcionada ante un Chile que se parece muy poco al que ellos so\u00f1aron construir.  C\u00f3mo era este movimiento y c\u00f3mo eran sus protagonistas es el tel\u00f3n de fondo de esta historia y de lo que pretende dar cuenta \u201cActores secundarios\u201d. No es una radiograf\u00eda exhaustiva y cient\u00edfica del movimiento, sino una mirada que busca mostrar parte de ese episodio hist\u00f3rico a quienes no lo conocen, en especial a los actuales \u201cactores secundarios\u201d.  FICHA TECNICA  ACTORES SECUNDARIOS Duraci\u00f3n : 80 Minutos A\u00f1o : 2004  Idea original e investigaci\u00f3n: Marcela Betancourt, Pachi Bustos, Jorge Leiva, Mireya, Leyton y Ren\u00e9 Varas. Direcci\u00f3n: Pachi Bustos y Jorge Leiva. Asistente de direcci\u00f3n: Ren\u00e9 Varas.http:\/\/www.blogger.com\/img\/blank.gif Direcci\u00f3n de Fotograf\u00eda: Pablo Vald\u00e9s. Montaje: Claudio Gonz\u00e1lez. Gui\u00f3n: Pachi Bustos, Jorge Leiva y Ren\u00e9 Varas. Producci\u00f3n: Marcela Betancourt y Mireya Leyton. M\u00fasica original: Sebasti\u00e1n Valsecchi. Sonido directo: Kiriakos Markar. Post producci\u00f3n de sonido: Filmosonido.  La Presentaci\u00f3n se realizar\u00e1 en el marco del ciclo de Cine que realiza la Agrucpaci\u00f3n Imaginario Fronterizo todos los viernes.  Fecha: Viernes, 08 de julio \u00b7 20:00 &#8211; 22:30 Lugar: Freire 379, Los \u00c1ngeles.  Evento en Facebook: <a href=\"http:\/\/www.facebook.com\/event.php?eid=117619821661152\">http:\/\/www.facebook.com\/event.php?eid=117619821661152<\/a><\/p>\n","protected":false},"excerpt":{"rendered":"<p>Este documental, uno de los m\u00e1s elogiados del cine chileno en el \u00faltimo a\u00f1o, nos remite a los a\u00f1os 80, cuando diversos actores sociales comenzaron, a trav\u00e9s de las protestas y las demandas democr\u00e1ticas, a construir el movimiento que llevar\u00eda al t\u00e9rmino de la dictadura, con la derrota de Augusto Pinochet en el plebiscito del [&hellip;]<\/p>\n","protected":false},"author":1,"featured_media":0,"comment_status":"open","ping_status":"open","sticky":false,"template":"","format":"standard","meta":{"footnotes":""},"categories":[164],"tags":[],"class_list":["post-6164","post","type-post","status-publish","format-standard","hentry","category-documentales"],"yoast_head":"<!-- This site is optimized with the Yoast SEO plugin v25.0 - https:\/\/yoast.com\/wordpress\/plugins\/seo\/ -->\n<title>Documental &quot;Actores Secundarios&quot; Este Viernes Con Imaginario Fronterizo - Nuestro Bio B\u00edo<\/title>\n<meta name=\"robots\" content=\"index, follow, max-snippet:-1, max-image-preview:large, max-video-preview:-1\" \/>\n<link rel=\"canonical\" href=\"https:\/\/www.fraczinet.cl\/sitio\/2011\/07\/04\/documental-actores-secundarios-este-viernes-con-imaginario-fronterizo\/\" \/>\n<meta property=\"og:locale\" content=\"es_ES\" \/>\n<meta property=\"og:type\" content=\"article\" \/>\n<meta property=\"og:title\" content=\"Documental &quot;Actores Secundarios&quot; Este Viernes Con Imaginario Fronterizo - Nuestro Bio B\u00edo\" \/>\n<meta property=\"og:description\" content=\"Este documental, uno de los m\u00e1s elogiados del cine chileno en el \u00faltimo a\u00f1o, nos remite a los a\u00f1os 80, cuando diversos actores sociales comenzaron, a trav\u00e9s de las protestas y las demandas democr\u00e1ticas, a construir el movimiento que llevar\u00eda al t\u00e9rmino de la dictadura, con la derrota de Augusto Pinochet en el plebiscito del [&hellip;]\" \/>\n<meta property=\"og:url\" content=\"https:\/\/www.fraczinet.cl\/sitio\/2011\/07\/04\/documental-actores-secundarios-este-viernes-con-imaginario-fronterizo\/\" \/>\n<meta property=\"og:site_name\" content=\"Nuestro Bio B\u00edo\" \/>\n<meta property=\"article:published_time\" content=\"2011-07-04T23:26:00+00:00\" \/>\n<meta property=\"article:modified_time\" content=\"2022-10-04T14:23:32+00:00\" \/>\n<meta property=\"og:image\" content=\"http:\/\/4.bp.blogspot.com\/-3zxtxNGk0BU\/ThMWs85vrQI\/AAAAAAAAS-0\/uiYL9MYa1oQ\/s400\/Actores%2BSecundarios.jpg\" \/>\n<meta name=\"author\" content=\"admin\" \/>\n<meta name=\"twitter:card\" content=\"summary_large_image\" \/>\n<meta name=\"twitter:creator\" content=\"@nuestrobiobio\" \/>\n<meta name=\"twitter:site\" content=\"@nuestrobiobio\" \/>\n<meta name=\"twitter:label1\" content=\"Escrito por\" \/>\n\t<meta name=\"twitter:data1\" content=\"admin\" \/>\n\t<meta name=\"twitter:label2\" content=\"Tiempo de lectura\" \/>\n\t<meta name=\"twitter:data2\" content=\"3 minutos\" \/>\n<script type=\"application\/ld+json\" class=\"yoast-schema-graph\">{\"@context\":\"https:\/\/schema.org\",\"@graph\":[{\"@type\":\"Article\",\"@id\":\"https:\/\/www.fraczinet.cl\/sitio\/2011\/07\/04\/documental-actores-secundarios-este-viernes-con-imaginario-fronterizo\/#article\",\"isPartOf\":{\"@id\":\"https:\/\/www.fraczinet.cl\/sitio\/2011\/07\/04\/documental-actores-secundarios-este-viernes-con-imaginario-fronterizo\/\"},\"author\":{\"name\":\"admin\",\"@id\":\"https:\/\/www.fraczinet.cl\/sitio\/#\/schema\/person\/bc30f98e9cb10ae7e119dbe14bc93784\"},\"headline\":\"Documental \u00abActores Secundarios\u00bb Este Viernes Con Imaginario Fronterizo\",\"datePublished\":\"2011-07-04T23:26:00+00:00\",\"dateModified\":\"2022-10-04T14:23:32+00:00\",\"mainEntityOfPage\":{\"@id\":\"https:\/\/www.fraczinet.cl\/sitio\/2011\/07\/04\/documental-actores-secundarios-este-viernes-con-imaginario-fronterizo\/\"},\"wordCount\":532,\"commentCount\":0,\"publisher\":{\"@id\":\"https:\/\/www.fraczinet.cl\/sitio\/#\/schema\/person\/aec8ee4da68df2b9b0eefdad24a0d582\"},\"image\":{\"@id\":\"https:\/\/www.fraczinet.cl\/sitio\/2011\/07\/04\/documental-actores-secundarios-este-viernes-con-imaginario-fronterizo\/#primaryimage\"},\"thumbnailUrl\":\"http:\/\/4.bp.blogspot.com\/-3zxtxNGk0BU\/ThMWs85vrQI\/AAAAAAAAS-0\/uiYL9MYa1oQ\/s400\/Actores%2BSecundarios.jpg\",\"articleSection\":[\"Documentales\"],\"inLanguage\":\"es\",\"potentialAction\":[{\"@type\":\"CommentAction\",\"name\":\"Comment\",\"target\":[\"https:\/\/www.fraczinet.cl\/sitio\/2011\/07\/04\/documental-actores-secundarios-este-viernes-con-imaginario-fronterizo\/#respond\"]}]},{\"@type\":\"WebPage\",\"@id\":\"https:\/\/www.fraczinet.cl\/sitio\/2011\/07\/04\/documental-actores-secundarios-este-viernes-con-imaginario-fronterizo\/\",\"url\":\"https:\/\/www.fraczinet.cl\/sitio\/2011\/07\/04\/documental-actores-secundarios-este-viernes-con-imaginario-fronterizo\/\",\"name\":\"Documental \\\"Actores Secundarios\\\" Este Viernes Con Imaginario Fronterizo - Nuestro Bio B\u00edo\",\"isPartOf\":{\"@id\":\"https:\/\/www.fraczinet.cl\/sitio\/#website\"},\"primaryImageOfPage\":{\"@id\":\"https:\/\/www.fraczinet.cl\/sitio\/2011\/07\/04\/documental-actores-secundarios-este-viernes-con-imaginario-fronterizo\/#primaryimage\"},\"image\":{\"@id\":\"https:\/\/www.fraczinet.cl\/sitio\/2011\/07\/04\/documental-actores-secundarios-este-viernes-con-imaginario-fronterizo\/#primaryimage\"},\"thumbnailUrl\":\"http:\/\/4.bp.blogspot.com\/-3zxtxNGk0BU\/ThMWs85vrQI\/AAAAAAAAS-0\/uiYL9MYa1oQ\/s400\/Actores%2BSecundarios.jpg\",\"datePublished\":\"2011-07-04T23:26:00+00:00\",\"dateModified\":\"2022-10-04T14:23:32+00:00\",\"breadcrumb\":{\"@id\":\"https:\/\/www.fraczinet.cl\/sitio\/2011\/07\/04\/documental-actores-secundarios-este-viernes-con-imaginario-fronterizo\/#breadcrumb\"},\"inLanguage\":\"es\",\"potentialAction\":[{\"@type\":\"ReadAction\",\"target\":[\"https:\/\/www.fraczinet.cl\/sitio\/2011\/07\/04\/documental-actores-secundarios-este-viernes-con-imaginario-fronterizo\/\"]}]},{\"@type\":\"ImageObject\",\"inLanguage\":\"es\",\"@id\":\"https:\/\/www.fraczinet.cl\/sitio\/2011\/07\/04\/documental-actores-secundarios-este-viernes-con-imaginario-fronterizo\/#primaryimage\",\"url\":\"http:\/\/4.bp.blogspot.com\/-3zxtxNGk0BU\/ThMWs85vrQI\/AAAAAAAAS-0\/uiYL9MYa1oQ\/s400\/Actores%2BSecundarios.jpg\",\"contentUrl\":\"http:\/\/4.bp.blogspot.com\/-3zxtxNGk0BU\/ThMWs85vrQI\/AAAAAAAAS-0\/uiYL9MYa1oQ\/s400\/Actores%2BSecundarios.jpg\"},{\"@type\":\"BreadcrumbList\",\"@id\":\"https:\/\/www.fraczinet.cl\/sitio\/2011\/07\/04\/documental-actores-secundarios-este-viernes-con-imaginario-fronterizo\/#breadcrumb\",\"itemListElement\":[{\"@type\":\"ListItem\",\"position\":1,\"name\":\"Portada\",\"item\":\"https:\/\/www.fraczinet.cl\/sitio\/\"},{\"@type\":\"ListItem\",\"position\":2,\"name\":\"Documental \u00abActores Secundarios\u00bb Este Viernes Con Imaginario Fronterizo\"}]},{\"@type\":\"WebSite\",\"@id\":\"https:\/\/www.fraczinet.cl\/sitio\/#website\",\"url\":\"https:\/\/www.fraczinet.cl\/sitio\/\",\"name\":\"Nuestro Bio B\u00edo\",\"description\":\"Tierra de Encuentros\",\"publisher\":{\"@id\":\"https:\/\/www.fraczinet.cl\/sitio\/#\/schema\/person\/aec8ee4da68df2b9b0eefdad24a0d582\"},\"potentialAction\":[{\"@type\":\"SearchAction\",\"target\":{\"@type\":\"EntryPoint\",\"urlTemplate\":\"https:\/\/www.fraczinet.cl\/sitio\/?s={search_term_string}\"},\"query-input\":{\"@type\":\"PropertyValueSpecification\",\"valueRequired\":true,\"valueName\":\"search_term_string\"}}],\"inLanguage\":\"es\"},{\"@type\":[\"Person\",\"Organization\"],\"@id\":\"https:\/\/www.fraczinet.cl\/sitio\/#\/schema\/person\/aec8ee4da68df2b9b0eefdad24a0d582\",\"name\":\"Luis Fernando Fraczinet\",\"image\":{\"@type\":\"ImageObject\",\"inLanguage\":\"es\",\"@id\":\"https:\/\/www.fraczinet.cl\/sitio\/#\/schema\/person\/image\/\",\"url\":\"https:\/\/www.fraczinet.cl\/sitio\/wp-content\/uploads\/2021\/07\/bannerlogo-1.gif\",\"contentUrl\":\"https:\/\/www.fraczinet.cl\/sitio\/wp-content\/uploads\/2021\/07\/bannerlogo-1.gif\",\"width\":159,\"height\":79,\"caption\":\"Luis Fernando Fraczinet\"},\"logo\":{\"@id\":\"https:\/\/www.fraczinet.cl\/sitio\/#\/schema\/person\/image\/\"},\"sameAs\":[\"https:\/\/www.fraczinet.cl\/sitio\/\"]},{\"@type\":\"Person\",\"@id\":\"https:\/\/www.fraczinet.cl\/sitio\/#\/schema\/person\/bc30f98e9cb10ae7e119dbe14bc93784\",\"name\":\"admin\",\"image\":{\"@type\":\"ImageObject\",\"inLanguage\":\"es\",\"@id\":\"https:\/\/www.fraczinet.cl\/sitio\/#\/schema\/person\/image\/\",\"url\":\"https:\/\/secure.gravatar.com\/avatar\/d5ad3cf7ef3b23a2bb5be73be780c86b2fc8545c3ad6b149f3913ff458c00099?s=96&d=mm&r=g\",\"contentUrl\":\"https:\/\/secure.gravatar.com\/avatar\/d5ad3cf7ef3b23a2bb5be73be780c86b2fc8545c3ad6b149f3913ff458c00099?s=96&d=mm&r=g\",\"caption\":\"admin\"},\"sameAs\":[\"https:\/\/www.fraczinet.cl\/sitio\"]}]}<\/script>\n<!-- \/ Yoast SEO plugin. -->","yoast_head_json":{"title":"Documental \"Actores Secundarios\" Este Viernes Con Imaginario Fronterizo - Nuestro Bio B\u00edo","robots":{"index":"index","follow":"follow","max-snippet":"max-snippet:-1","max-image-preview":"max-image-preview:large","max-video-preview":"max-video-preview:-1"},"canonical":"https:\/\/www.fraczinet.cl\/sitio\/2011\/07\/04\/documental-actores-secundarios-este-viernes-con-imaginario-fronterizo\/","og_locale":"es_ES","og_type":"article","og_title":"Documental \"Actores Secundarios\" Este Viernes Con Imaginario Fronterizo - Nuestro Bio B\u00edo","og_description":"Este documental, uno de los m\u00e1s elogiados del cine chileno en el \u00faltimo a\u00f1o, nos remite a los a\u00f1os 80, cuando diversos actores sociales comenzaron, a trav\u00e9s de las protestas y las demandas democr\u00e1ticas, a construir el movimiento que llevar\u00eda al t\u00e9rmino de la dictadura, con la derrota de Augusto Pinochet en el plebiscito del [&hellip;]","og_url":"https:\/\/www.fraczinet.cl\/sitio\/2011\/07\/04\/documental-actores-secundarios-este-viernes-con-imaginario-fronterizo\/","og_site_name":"Nuestro Bio B\u00edo","article_published_time":"2011-07-04T23:26:00+00:00","article_modified_time":"2022-10-04T14:23:32+00:00","og_image":[{"url":"http:\/\/4.bp.blogspot.com\/-3zxtxNGk0BU\/ThMWs85vrQI\/AAAAAAAAS-0\/uiYL9MYa1oQ\/s400\/Actores%2BSecundarios.jpg","type":"","width":"","height":""}],"author":"admin","twitter_card":"summary_large_image","twitter_creator":"@nuestrobiobio","twitter_site":"@nuestrobiobio","twitter_misc":{"Escrito por":"admin","Tiempo de lectura":"3 minutos"},"schema":{"@context":"https:\/\/schema.org","@graph":[{"@type":"Article","@id":"https:\/\/www.fraczinet.cl\/sitio\/2011\/07\/04\/documental-actores-secundarios-este-viernes-con-imaginario-fronterizo\/#article","isPartOf":{"@id":"https:\/\/www.fraczinet.cl\/sitio\/2011\/07\/04\/documental-actores-secundarios-este-viernes-con-imaginario-fronterizo\/"},"author":{"name":"admin","@id":"https:\/\/www.fraczinet.cl\/sitio\/#\/schema\/person\/bc30f98e9cb10ae7e119dbe14bc93784"},"headline":"Documental \u00abActores Secundarios\u00bb Este Viernes Con Imaginario Fronterizo","datePublished":"2011-07-04T23:26:00+00:00","dateModified":"2022-10-04T14:23:32+00:00","mainEntityOfPage":{"@id":"https:\/\/www.fraczinet.cl\/sitio\/2011\/07\/04\/documental-actores-secundarios-este-viernes-con-imaginario-fronterizo\/"},"wordCount":532,"commentCount":0,"publisher":{"@id":"https:\/\/www.fraczinet.cl\/sitio\/#\/schema\/person\/aec8ee4da68df2b9b0eefdad24a0d582"},"image":{"@id":"https:\/\/www.fraczinet.cl\/sitio\/2011\/07\/04\/documental-actores-secundarios-este-viernes-con-imaginario-fronterizo\/#primaryimage"},"thumbnailUrl":"http:\/\/4.bp.blogspot.com\/-3zxtxNGk0BU\/ThMWs85vrQI\/AAAAAAAAS-0\/uiYL9MYa1oQ\/s400\/Actores%2BSecundarios.jpg","articleSection":["Documentales"],"inLanguage":"es","potentialAction":[{"@type":"CommentAction","name":"Comment","target":["https:\/\/www.fraczinet.cl\/sitio\/2011\/07\/04\/documental-actores-secundarios-este-viernes-con-imaginario-fronterizo\/#respond"]}]},{"@type":"WebPage","@id":"https:\/\/www.fraczinet.cl\/sitio\/2011\/07\/04\/documental-actores-secundarios-este-viernes-con-imaginario-fronterizo\/","url":"https:\/\/www.fraczinet.cl\/sitio\/2011\/07\/04\/documental-actores-secundarios-este-viernes-con-imaginario-fronterizo\/","name":"Documental \"Actores Secundarios\" Este Viernes Con Imaginario Fronterizo - Nuestro Bio B\u00edo","isPartOf":{"@id":"https:\/\/www.fraczinet.cl\/sitio\/#website"},"primaryImageOfPage":{"@id":"https:\/\/www.fraczinet.cl\/sitio\/2011\/07\/04\/documental-actores-secundarios-este-viernes-con-imaginario-fronterizo\/#primaryimage"},"image":{"@id":"https:\/\/www.fraczinet.cl\/sitio\/2011\/07\/04\/documental-actores-secundarios-este-viernes-con-imaginario-fronterizo\/#primaryimage"},"thumbnailUrl":"http:\/\/4.bp.blogspot.com\/-3zxtxNGk0BU\/ThMWs85vrQI\/AAAAAAAAS-0\/uiYL9MYa1oQ\/s400\/Actores%2BSecundarios.jpg","datePublished":"2011-07-04T23:26:00+00:00","dateModified":"2022-10-04T14:23:32+00:00","breadcrumb":{"@id":"https:\/\/www.fraczinet.cl\/sitio\/2011\/07\/04\/documental-actores-secundarios-este-viernes-con-imaginario-fronterizo\/#breadcrumb"},"inLanguage":"es","potentialAction":[{"@type":"ReadAction","target":["https:\/\/www.fraczinet.cl\/sitio\/2011\/07\/04\/documental-actores-secundarios-este-viernes-con-imaginario-fronterizo\/"]}]},{"@type":"ImageObject","inLanguage":"es","@id":"https:\/\/www.fraczinet.cl\/sitio\/2011\/07\/04\/documental-actores-secundarios-este-viernes-con-imaginario-fronterizo\/#primaryimage","url":"http:\/\/4.bp.blogspot.com\/-3zxtxNGk0BU\/ThMWs85vrQI\/AAAAAAAAS-0\/uiYL9MYa1oQ\/s400\/Actores%2BSecundarios.jpg","contentUrl":"http:\/\/4.bp.blogspot.com\/-3zxtxNGk0BU\/ThMWs85vrQI\/AAAAAAAAS-0\/uiYL9MYa1oQ\/s400\/Actores%2BSecundarios.jpg"},{"@type":"BreadcrumbList","@id":"https:\/\/www.fraczinet.cl\/sitio\/2011\/07\/04\/documental-actores-secundarios-este-viernes-con-imaginario-fronterizo\/#breadcrumb","itemListElement":[{"@type":"ListItem","position":1,"name":"Portada","item":"https:\/\/www.fraczinet.cl\/sitio\/"},{"@type":"ListItem","position":2,"name":"Documental \u00abActores Secundarios\u00bb Este Viernes Con Imaginario Fronterizo"}]},{"@type":"WebSite","@id":"https:\/\/www.fraczinet.cl\/sitio\/#website","url":"https:\/\/www.fraczinet.cl\/sitio\/","name":"Nuestro Bio B\u00edo","description":"Tierra de Encuentros","publisher":{"@id":"https:\/\/www.fraczinet.cl\/sitio\/#\/schema\/person\/aec8ee4da68df2b9b0eefdad24a0d582"},"potentialAction":[{"@type":"SearchAction","target":{"@type":"EntryPoint","urlTemplate":"https:\/\/www.fraczinet.cl\/sitio\/?s={search_term_string}"},"query-input":{"@type":"PropertyValueSpecification","valueRequired":true,"valueName":"search_term_string"}}],"inLanguage":"es"},{"@type":["Person","Organization"],"@id":"https:\/\/www.fraczinet.cl\/sitio\/#\/schema\/person\/aec8ee4da68df2b9b0eefdad24a0d582","name":"Luis Fernando Fraczinet","image":{"@type":"ImageObject","inLanguage":"es","@id":"https:\/\/www.fraczinet.cl\/sitio\/#\/schema\/person\/image\/","url":"https:\/\/www.fraczinet.cl\/sitio\/wp-content\/uploads\/2021\/07\/bannerlogo-1.gif","contentUrl":"https:\/\/www.fraczinet.cl\/sitio\/wp-content\/uploads\/2021\/07\/bannerlogo-1.gif","width":159,"height":79,"caption":"Luis Fernando Fraczinet"},"logo":{"@id":"https:\/\/www.fraczinet.cl\/sitio\/#\/schema\/person\/image\/"},"sameAs":["https:\/\/www.fraczinet.cl\/sitio\/"]},{"@type":"Person","@id":"https:\/\/www.fraczinet.cl\/sitio\/#\/schema\/person\/bc30f98e9cb10ae7e119dbe14bc93784","name":"admin","image":{"@type":"ImageObject","inLanguage":"es","@id":"https:\/\/www.fraczinet.cl\/sitio\/#\/schema\/person\/image\/","url":"https:\/\/secure.gravatar.com\/avatar\/d5ad3cf7ef3b23a2bb5be73be780c86b2fc8545c3ad6b149f3913ff458c00099?s=96&d=mm&r=g","contentUrl":"https:\/\/secure.gravatar.com\/avatar\/d5ad3cf7ef3b23a2bb5be73be780c86b2fc8545c3ad6b149f3913ff458c00099?s=96&d=mm&r=g","caption":"admin"},"sameAs":["https:\/\/www.fraczinet.cl\/sitio"]}]}},"_links":{"self":[{"href":"https:\/\/www.fraczinet.cl\/sitio\/wp-json\/wp\/v2\/posts\/6164","targetHints":{"allow":["GET"]}}],"collection":[{"href":"https:\/\/www.fraczinet.cl\/sitio\/wp-json\/wp\/v2\/posts"}],"about":[{"href":"https:\/\/www.fraczinet.cl\/sitio\/wp-json\/wp\/v2\/types\/post"}],"author":[{"embeddable":true,"href":"https:\/\/www.fraczinet.cl\/sitio\/wp-json\/wp\/v2\/users\/1"}],"replies":[{"embeddable":true,"href":"https:\/\/www.fraczinet.cl\/sitio\/wp-json\/wp\/v2\/comments?post=6164"}],"version-history":[{"count":1,"href":"https:\/\/www.fraczinet.cl\/sitio\/wp-json\/wp\/v2\/posts\/6164\/revisions"}],"predecessor-version":[{"id":13839,"href":"https:\/\/www.fraczinet.cl\/sitio\/wp-json\/wp\/v2\/posts\/6164\/revisions\/13839"}],"wp:attachment":[{"href":"https:\/\/www.fraczinet.cl\/sitio\/wp-json\/wp\/v2\/media?parent=6164"}],"wp:term":[{"taxonomy":"category","embeddable":true,"href":"https:\/\/www.fraczinet.cl\/sitio\/wp-json\/wp\/v2\/categories?post=6164"},{"taxonomy":"post_tag","embeddable":true,"href":"https:\/\/www.fraczinet.cl\/sitio\/wp-json\/wp\/v2\/tags?post=6164"}],"curies":[{"name":"wp","href":"https:\/\/api.w.org\/{rel}","templated":true}]}}