{"id":6167,"date":"2011-07-04T21:35:00","date_gmt":"2011-07-04T21:35:00","guid":{"rendered":"https:\/\/www.fraczinet.cl\/sitio\/2011\/07\/04\/convocatoria-primer-congreso-nacional-de-gestion-cultural-chileno\/"},"modified":"2022-09-25T14:01:09","modified_gmt":"2022-09-25T14:01:09","slug":"convocatoria-primer-congreso-nacional-de-gestion-cultural-chileno","status":"publish","type":"post","link":"https:\/\/www.fraczinet.cl\/sitio\/2011\/07\/04\/convocatoria-primer-congreso-nacional-de-gestion-cultural-chileno\/","title":{"rendered":"Convocatoria Primer Congreso Nacional De Gesti\u00f3n Cultural Chileno"},"content":{"rendered":"<p><a href=\"http:\/\/4.bp.blogspot.com\/-9yrh-8P80Fs\/ThI0ll4JHzI\/AAAAAAAAS98\/7e_6iUuzWj8\/s1600\/aficheencuentro.jpg\"><img decoding=\"async\" id=\"BLOGGER_PHOTO_ID_5625616704966565682\" class=\"alignleft\" style=\"cursor: hand; width: 384px; height: 261px;\" src=\"http:\/\/4.bp.blogspot.com\/-9yrh-8P80Fs\/ThI0ll4JHzI\/AAAAAAAAS98\/7e_6iUuzWj8\/s400\/aficheencuentro.jpg\" alt=\"\" border=\"0\" \/><\/a><\/p>\n<p>En la ciudad de Valpara\u00edso, y con el lema \u201c<span style=\"font-weight: bold;\">Escenarios, tensiones y desaf\u00edos de la Gesti\u00f3n Cultural en Chile<\/span>\u201d, los d\u00edas 3, 4 y 5 de Noviembre se realizar\u00e1 el <a href=\"http:\/\/congresogcchile.wordpress.com\/\">Primer Congreso Nacional de Gesti\u00f3n Cultural<\/a>.<\/p>\n<p>Convocado por la Escuela de Gestores y Animadores Culturales, EGAC y la Carrera de Gesti\u00f3n en Turismo y Cultura de la Universidad de Valpara\u00edso, con el apoyo de la I. Municipalidad de Valpara\u00edso y diversas instituciones nacionales e internacionales, el congreso busca generar un espacio de encuentro, reflexi\u00f3n e intercambio del campo de la gesti\u00f3n cultural chilena.<\/p>\n<p>El Congreso est\u00e1 dirigido al conjunto de agentes que comparten responsabilidades en el campo de la cultura, en especial a responsables y profesionales de espacios culturales del sector p\u00fablico y privado, de unidades culturales de Municipios, Corporaciones, Fundaciones y Centros Culturales, de programas de formaci\u00f3n en Gesti\u00f3n Cultural, acad\u00e9micos e investigadores, estudiantes de carreras de Gesti\u00f3n Cultural, Turismo, Ciencias Sociales y Artes, artistas y gestores culturales comunitarios, y personas con experiencia en el sector de la cultura y las artes.<\/p>\n<p><span style=\"font-weight: bold;\">Temario:<\/span> <span style=\"font-weight: bold;\">La formaci\u00f3n y capacitaci\u00f3n de los gestores culturales \u00b7 Gesti\u00f3n p\u00fablica y participaci\u00f3n ciudadana \u00b7 La gesti\u00f3n cultural en el \u00e1mbito comunitario \u00b7 La asociatividad en la gesti\u00f3n cultural \u00b7 Financiamiento de la cultura \u00b7 Industrias creativas y consumo cultural \u00b7 Mercado laboral y condiciones de empleo en el sector de la cultura \u00b7 Los desaf\u00edos del desarrollo cultural \u00b7 Patrimonio cultural: uso, conservaci\u00f3n y desarrollo \u00b7 Espacio p\u00fablico, artes y cultura<\/span>. <a href=\"http:\/\/congresogcchile.files.wordpress.com\/2011\/05\/convocatoria-congreso-nacional-de-gc2.pdf\">DESCARGAR CONVOCATORIA<\/a><\/p>\n<p>\u2022 <span style=\"font-weight: bold;\">Ponencias<\/span>: A objeto de estimular la reflexi\u00f3n y el intercambio de experiencias, se recibir\u00e1n propuestas de ponencias, tanto en el tema central como sub-temas establecidos. <a href=\"http:\/\/congresogcchile.wordpress.com\/formas-de-participacion\/\">VER DETALLE<\/a><\/p>\n<p>\u2022 <span style=\"font-weight: bold;\">Galer\u00eda de experiencias<\/span>: La Galer\u00eda de experiencias es una muestra gr\u00e1fica que ser\u00e1 montada durante el desarrollo del Congreso en la que podr\u00e1n participar proyectos, tanto de Chile como del extranjero. <a href=\"http:\/\/congresogcchile.wordpress.com\/formas-de-participacion\/\">VER DETALLE<\/a><\/p>\n<p>\u2022 <span style=\"font-weight: bold;\">Inscripciones<\/span>: Para inscribirse en el congreso. <a href=\"http:\/\/congresogcchile.files.wordpress.com\/2011\/05\/formulario-de-inscripcic3b3n.doc\">VER DETALLE<\/a><\/p>\n<p>\u2022 <span style=\"font-weight: bold;\">Adherir a la convocatoria<\/span>: Las organizaciones e instituciones que deseen adherir como patrocinadores y\/o auspiciar el Congreso, pueden hacerlo manifestando su voluntad a la secretar\u00eda t\u00e9cnica del Congreso a trav\u00e9s del correo: congresogc@gmail.com<\/p>\n<p><span style=\"font-weight: bold;\">FECHAS L\u00cdMITE<\/span>:<\/p>\n<p>\u2022 Mi\u00e9rcoles 31 de agosto: Cierre recepci\u00f3n formularios inscripci\u00f3n de Ponencias.<br \/>\n\u2022 Viernes 30 de Septiembre: Cierre recepci\u00f3n propuesta para Galer\u00eda de experiencias.<\/p>\n<p><span style=\"font-weight: bold;\">Primer Congreso Nacional de Gesti\u00f3n Cultural<br \/>\nEscenarios, tensiones y desaf\u00edos de la gesti\u00f3n cultural en Chile<br \/>\n3, 4 y 5 de Noviembre de 2011<br \/>\nValpara\u00edso, Chile<br \/>\nwww.congresogcchile.wordpress.com <\/span><\/p>\n","protected":false},"excerpt":{"rendered":"<p>En la ciudad de Valpara\u00edso, y con el lema \u201cEscenarios, tensiones y desaf\u00edos de la Gesti\u00f3n Cultural en Chile\u201d, los d\u00edas 3, 4 y 5 de Noviembre se realizar\u00e1 el Primer Congreso Nacional de Gesti\u00f3n Cultural. Convocado por la Escuela de Gestores y Animadores Culturales, EGAC y la Carrera de Gesti\u00f3n en Turismo y Cultura [&hellip;]<\/p>\n","protected":false},"author":1,"featured_media":13371,"comment_status":"open","ping_status":"open","sticky":false,"template":"","format":"standard","meta":{"footnotes":""},"categories":[196,207],"tags":[],"class_list":["post-6167","post","type-post","status-publish","format-standard","has-post-thumbnail","hentry","category-congresos","category-gestion-cultural"],"yoast_head":"<!-- This site is optimized with the Yoast SEO plugin v25.0 - https:\/\/yoast.com\/wordpress\/plugins\/seo\/ -->\n<title>Convocatoria Primer Congreso Nacional De Gesti\u00f3n Cultural Chileno - Nuestro Bio B\u00edo<\/title>\n<meta name=\"robots\" content=\"index, follow, max-snippet:-1, max-image-preview:large, max-video-preview:-1\" \/>\n<link rel=\"canonical\" href=\"https:\/\/www.fraczinet.cl\/sitio\/2011\/07\/04\/convocatoria-primer-congreso-nacional-de-gestion-cultural-chileno\/\" \/>\n<meta property=\"og:locale\" content=\"es_ES\" \/>\n<meta property=\"og:type\" content=\"article\" \/>\n<meta property=\"og:title\" content=\"Convocatoria Primer Congreso Nacional De Gesti\u00f3n Cultural Chileno - Nuestro Bio B\u00edo\" \/>\n<meta property=\"og:description\" content=\"En la ciudad de Valpara\u00edso, y con el lema \u201cEscenarios, tensiones y desaf\u00edos de la Gesti\u00f3n Cultural en Chile\u201d, los d\u00edas 3, 4 y 5 de Noviembre se realizar\u00e1 el Primer Congreso Nacional de Gesti\u00f3n Cultural. Convocado por la Escuela de Gestores y Animadores Culturales, EGAC y la Carrera de Gesti\u00f3n en Turismo y Cultura [&hellip;]\" \/>\n<meta property=\"og:url\" content=\"https:\/\/www.fraczinet.cl\/sitio\/2011\/07\/04\/convocatoria-primer-congreso-nacional-de-gestion-cultural-chileno\/\" \/>\n<meta property=\"og:site_name\" content=\"Nuestro Bio B\u00edo\" \/>\n<meta property=\"article:published_time\" content=\"2011-07-04T21:35:00+00:00\" \/>\n<meta property=\"article:modified_time\" content=\"2022-09-25T14:01:09+00:00\" \/>\n<meta property=\"og:image\" content=\"https:\/\/www.fraczinet.cl\/sitio\/wp-content\/uploads\/2011\/07\/Gestion-Cultural-Congreso.jpg\" \/>\n\t<meta property=\"og:image:width\" content=\"384\" \/>\n\t<meta property=\"og:image:height\" content=\"261\" \/>\n\t<meta property=\"og:image:type\" content=\"image\/jpeg\" \/>\n<meta name=\"author\" content=\"admin\" \/>\n<meta name=\"twitter:card\" content=\"summary_large_image\" \/>\n<meta name=\"twitter:creator\" content=\"@nuestrobiobio\" \/>\n<meta name=\"twitter:site\" content=\"@nuestrobiobio\" \/>\n<meta name=\"twitter:label1\" content=\"Escrito por\" \/>\n\t<meta name=\"twitter:data1\" content=\"admin\" \/>\n\t<meta name=\"twitter:label2\" content=\"Tiempo de lectura\" \/>\n\t<meta name=\"twitter:data2\" content=\"2 minutos\" \/>\n<script type=\"application\/ld+json\" class=\"yoast-schema-graph\">{\"@context\":\"https:\/\/schema.org\",\"@graph\":[{\"@type\":\"Article\",\"@id\":\"https:\/\/www.fraczinet.cl\/sitio\/2011\/07\/04\/convocatoria-primer-congreso-nacional-de-gestion-cultural-chileno\/#article\",\"isPartOf\":{\"@id\":\"https:\/\/www.fraczinet.cl\/sitio\/2011\/07\/04\/convocatoria-primer-congreso-nacional-de-gestion-cultural-chileno\/\"},\"author\":{\"name\":\"admin\",\"@id\":\"https:\/\/www.fraczinet.cl\/sitio\/#\/schema\/person\/bc30f98e9cb10ae7e119dbe14bc93784\"},\"headline\":\"Convocatoria Primer Congreso Nacional De Gesti\u00f3n Cultural Chileno\",\"datePublished\":\"2011-07-04T21:35:00+00:00\",\"dateModified\":\"2022-09-25T14:01:09+00:00\",\"mainEntityOfPage\":{\"@id\":\"https:\/\/www.fraczinet.cl\/sitio\/2011\/07\/04\/convocatoria-primer-congreso-nacional-de-gestion-cultural-chileno\/\"},\"wordCount\":440,\"commentCount\":0,\"publisher\":{\"@id\":\"https:\/\/www.fraczinet.cl\/sitio\/#\/schema\/person\/aec8ee4da68df2b9b0eefdad24a0d582\"},\"image\":{\"@id\":\"https:\/\/www.fraczinet.cl\/sitio\/2011\/07\/04\/convocatoria-primer-congreso-nacional-de-gestion-cultural-chileno\/#primaryimage\"},\"thumbnailUrl\":\"https:\/\/www.fraczinet.cl\/sitio\/wp-content\/uploads\/2011\/07\/Gestion-Cultural-Congreso.jpg\",\"articleSection\":[\"Congresos\",\"Gesti\u00f3n Cultural\"],\"inLanguage\":\"es\",\"potentialAction\":[{\"@type\":\"CommentAction\",\"name\":\"Comment\",\"target\":[\"https:\/\/www.fraczinet.cl\/sitio\/2011\/07\/04\/convocatoria-primer-congreso-nacional-de-gestion-cultural-chileno\/#respond\"]}]},{\"@type\":\"WebPage\",\"@id\":\"https:\/\/www.fraczinet.cl\/sitio\/2011\/07\/04\/convocatoria-primer-congreso-nacional-de-gestion-cultural-chileno\/\",\"url\":\"https:\/\/www.fraczinet.cl\/sitio\/2011\/07\/04\/convocatoria-primer-congreso-nacional-de-gestion-cultural-chileno\/\",\"name\":\"Convocatoria Primer Congreso Nacional De Gesti\u00f3n Cultural Chileno - Nuestro Bio B\u00edo\",\"isPartOf\":{\"@id\":\"https:\/\/www.fraczinet.cl\/sitio\/#website\"},\"primaryImageOfPage\":{\"@id\":\"https:\/\/www.fraczinet.cl\/sitio\/2011\/07\/04\/convocatoria-primer-congreso-nacional-de-gestion-cultural-chileno\/#primaryimage\"},\"image\":{\"@id\":\"https:\/\/www.fraczinet.cl\/sitio\/2011\/07\/04\/convocatoria-primer-congreso-nacional-de-gestion-cultural-chileno\/#primaryimage\"},\"thumbnailUrl\":\"https:\/\/www.fraczinet.cl\/sitio\/wp-content\/uploads\/2011\/07\/Gestion-Cultural-Congreso.jpg\",\"datePublished\":\"2011-07-04T21:35:00+00:00\",\"dateModified\":\"2022-09-25T14:01:09+00:00\",\"breadcrumb\":{\"@id\":\"https:\/\/www.fraczinet.cl\/sitio\/2011\/07\/04\/convocatoria-primer-congreso-nacional-de-gestion-cultural-chileno\/#breadcrumb\"},\"inLanguage\":\"es\",\"potentialAction\":[{\"@type\":\"ReadAction\",\"target\":[\"https:\/\/www.fraczinet.cl\/sitio\/2011\/07\/04\/convocatoria-primer-congreso-nacional-de-gestion-cultural-chileno\/\"]}]},{\"@type\":\"ImageObject\",\"inLanguage\":\"es\",\"@id\":\"https:\/\/www.fraczinet.cl\/sitio\/2011\/07\/04\/convocatoria-primer-congreso-nacional-de-gestion-cultural-chileno\/#primaryimage\",\"url\":\"https:\/\/www.fraczinet.cl\/sitio\/wp-content\/uploads\/2011\/07\/Gestion-Cultural-Congreso.jpg\",\"contentUrl\":\"https:\/\/www.fraczinet.cl\/sitio\/wp-content\/uploads\/2011\/07\/Gestion-Cultural-Congreso.jpg\",\"width\":384,\"height\":261},{\"@type\":\"BreadcrumbList\",\"@id\":\"https:\/\/www.fraczinet.cl\/sitio\/2011\/07\/04\/convocatoria-primer-congreso-nacional-de-gestion-cultural-chileno\/#breadcrumb\",\"itemListElement\":[{\"@type\":\"ListItem\",\"position\":1,\"name\":\"Portada\",\"item\":\"https:\/\/www.fraczinet.cl\/sitio\/\"},{\"@type\":\"ListItem\",\"position\":2,\"name\":\"Convocatoria Primer Congreso Nacional De Gesti\u00f3n Cultural Chileno\"}]},{\"@type\":\"WebSite\",\"@id\":\"https:\/\/www.fraczinet.cl\/sitio\/#website\",\"url\":\"https:\/\/www.fraczinet.cl\/sitio\/\",\"name\":\"Nuestro Bio B\u00edo\",\"description\":\"Tierra de Encuentros\",\"publisher\":{\"@id\":\"https:\/\/www.fraczinet.cl\/sitio\/#\/schema\/person\/aec8ee4da68df2b9b0eefdad24a0d582\"},\"potentialAction\":[{\"@type\":\"SearchAction\",\"target\":{\"@type\":\"EntryPoint\",\"urlTemplate\":\"https:\/\/www.fraczinet.cl\/sitio\/?s={search_term_string}\"},\"query-input\":{\"@type\":\"PropertyValueSpecification\",\"valueRequired\":true,\"valueName\":\"search_term_string\"}}],\"inLanguage\":\"es\"},{\"@type\":[\"Person\",\"Organization\"],\"@id\":\"https:\/\/www.fraczinet.cl\/sitio\/#\/schema\/person\/aec8ee4da68df2b9b0eefdad24a0d582\",\"name\":\"Luis Fernando Fraczinet\",\"image\":{\"@type\":\"ImageObject\",\"inLanguage\":\"es\",\"@id\":\"https:\/\/www.fraczinet.cl\/sitio\/#\/schema\/person\/image\/\",\"url\":\"https:\/\/www.fraczinet.cl\/sitio\/wp-content\/uploads\/2021\/07\/bannerlogo-1.gif\",\"contentUrl\":\"https:\/\/www.fraczinet.cl\/sitio\/wp-content\/uploads\/2021\/07\/bannerlogo-1.gif\",\"width\":159,\"height\":79,\"caption\":\"Luis Fernando Fraczinet\"},\"logo\":{\"@id\":\"https:\/\/www.fraczinet.cl\/sitio\/#\/schema\/person\/image\/\"},\"sameAs\":[\"https:\/\/www.fraczinet.cl\/sitio\/\"]},{\"@type\":\"Person\",\"@id\":\"https:\/\/www.fraczinet.cl\/sitio\/#\/schema\/person\/bc30f98e9cb10ae7e119dbe14bc93784\",\"name\":\"admin\",\"image\":{\"@type\":\"ImageObject\",\"inLanguage\":\"es\",\"@id\":\"https:\/\/www.fraczinet.cl\/sitio\/#\/schema\/person\/image\/\",\"url\":\"https:\/\/secure.gravatar.com\/avatar\/d5ad3cf7ef3b23a2bb5be73be780c86b2fc8545c3ad6b149f3913ff458c00099?s=96&d=mm&r=g\",\"contentUrl\":\"https:\/\/secure.gravatar.com\/avatar\/d5ad3cf7ef3b23a2bb5be73be780c86b2fc8545c3ad6b149f3913ff458c00099?s=96&d=mm&r=g\",\"caption\":\"admin\"},\"sameAs\":[\"https:\/\/www.fraczinet.cl\/sitio\"]}]}<\/script>\n<!-- \/ Yoast SEO plugin. -->","yoast_head_json":{"title":"Convocatoria Primer Congreso Nacional De Gesti\u00f3n Cultural Chileno - Nuestro Bio B\u00edo","robots":{"index":"index","follow":"follow","max-snippet":"max-snippet:-1","max-image-preview":"max-image-preview:large","max-video-preview":"max-video-preview:-1"},"canonical":"https:\/\/www.fraczinet.cl\/sitio\/2011\/07\/04\/convocatoria-primer-congreso-nacional-de-gestion-cultural-chileno\/","og_locale":"es_ES","og_type":"article","og_title":"Convocatoria Primer Congreso Nacional De Gesti\u00f3n Cultural Chileno - Nuestro Bio B\u00edo","og_description":"En la ciudad de Valpara\u00edso, y con el lema \u201cEscenarios, tensiones y desaf\u00edos de la Gesti\u00f3n Cultural en Chile\u201d, los d\u00edas 3, 4 y 5 de Noviembre se realizar\u00e1 el Primer Congreso Nacional de Gesti\u00f3n Cultural. Convocado por la Escuela de Gestores y Animadores Culturales, EGAC y la Carrera de Gesti\u00f3n en Turismo y Cultura [&hellip;]","og_url":"https:\/\/www.fraczinet.cl\/sitio\/2011\/07\/04\/convocatoria-primer-congreso-nacional-de-gestion-cultural-chileno\/","og_site_name":"Nuestro Bio B\u00edo","article_published_time":"2011-07-04T21:35:00+00:00","article_modified_time":"2022-09-25T14:01:09+00:00","og_image":[{"width":384,"height":261,"url":"https:\/\/www.fraczinet.cl\/sitio\/wp-content\/uploads\/2011\/07\/Gestion-Cultural-Congreso.jpg","type":"image\/jpeg"}],"author":"admin","twitter_card":"summary_large_image","twitter_creator":"@nuestrobiobio","twitter_site":"@nuestrobiobio","twitter_misc":{"Escrito por":"admin","Tiempo de lectura":"2 minutos"},"schema":{"@context":"https:\/\/schema.org","@graph":[{"@type":"Article","@id":"https:\/\/www.fraczinet.cl\/sitio\/2011\/07\/04\/convocatoria-primer-congreso-nacional-de-gestion-cultural-chileno\/#article","isPartOf":{"@id":"https:\/\/www.fraczinet.cl\/sitio\/2011\/07\/04\/convocatoria-primer-congreso-nacional-de-gestion-cultural-chileno\/"},"author":{"name":"admin","@id":"https:\/\/www.fraczinet.cl\/sitio\/#\/schema\/person\/bc30f98e9cb10ae7e119dbe14bc93784"},"headline":"Convocatoria Primer Congreso Nacional De Gesti\u00f3n Cultural Chileno","datePublished":"2011-07-04T21:35:00+00:00","dateModified":"2022-09-25T14:01:09+00:00","mainEntityOfPage":{"@id":"https:\/\/www.fraczinet.cl\/sitio\/2011\/07\/04\/convocatoria-primer-congreso-nacional-de-gestion-cultural-chileno\/"},"wordCount":440,"commentCount":0,"publisher":{"@id":"https:\/\/www.fraczinet.cl\/sitio\/#\/schema\/person\/aec8ee4da68df2b9b0eefdad24a0d582"},"image":{"@id":"https:\/\/www.fraczinet.cl\/sitio\/2011\/07\/04\/convocatoria-primer-congreso-nacional-de-gestion-cultural-chileno\/#primaryimage"},"thumbnailUrl":"https:\/\/www.fraczinet.cl\/sitio\/wp-content\/uploads\/2011\/07\/Gestion-Cultural-Congreso.jpg","articleSection":["Congresos","Gesti\u00f3n Cultural"],"inLanguage":"es","potentialAction":[{"@type":"CommentAction","name":"Comment","target":["https:\/\/www.fraczinet.cl\/sitio\/2011\/07\/04\/convocatoria-primer-congreso-nacional-de-gestion-cultural-chileno\/#respond"]}]},{"@type":"WebPage","@id":"https:\/\/www.fraczinet.cl\/sitio\/2011\/07\/04\/convocatoria-primer-congreso-nacional-de-gestion-cultural-chileno\/","url":"https:\/\/www.fraczinet.cl\/sitio\/2011\/07\/04\/convocatoria-primer-congreso-nacional-de-gestion-cultural-chileno\/","name":"Convocatoria Primer Congreso Nacional De Gesti\u00f3n Cultural Chileno - Nuestro Bio B\u00edo","isPartOf":{"@id":"https:\/\/www.fraczinet.cl\/sitio\/#website"},"primaryImageOfPage":{"@id":"https:\/\/www.fraczinet.cl\/sitio\/2011\/07\/04\/convocatoria-primer-congreso-nacional-de-gestion-cultural-chileno\/#primaryimage"},"image":{"@id":"https:\/\/www.fraczinet.cl\/sitio\/2011\/07\/04\/convocatoria-primer-congreso-nacional-de-gestion-cultural-chileno\/#primaryimage"},"thumbnailUrl":"https:\/\/www.fraczinet.cl\/sitio\/wp-content\/uploads\/2011\/07\/Gestion-Cultural-Congreso.jpg","datePublished":"2011-07-04T21:35:00+00:00","dateModified":"2022-09-25T14:01:09+00:00","breadcrumb":{"@id":"https:\/\/www.fraczinet.cl\/sitio\/2011\/07\/04\/convocatoria-primer-congreso-nacional-de-gestion-cultural-chileno\/#breadcrumb"},"inLanguage":"es","potentialAction":[{"@type":"ReadAction","target":["https:\/\/www.fraczinet.cl\/sitio\/2011\/07\/04\/convocatoria-primer-congreso-nacional-de-gestion-cultural-chileno\/"]}]},{"@type":"ImageObject","inLanguage":"es","@id":"https:\/\/www.fraczinet.cl\/sitio\/2011\/07\/04\/convocatoria-primer-congreso-nacional-de-gestion-cultural-chileno\/#primaryimage","url":"https:\/\/www.fraczinet.cl\/sitio\/wp-content\/uploads\/2011\/07\/Gestion-Cultural-Congreso.jpg","contentUrl":"https:\/\/www.fraczinet.cl\/sitio\/wp-content\/uploads\/2011\/07\/Gestion-Cultural-Congreso.jpg","width":384,"height":261},{"@type":"BreadcrumbList","@id":"https:\/\/www.fraczinet.cl\/sitio\/2011\/07\/04\/convocatoria-primer-congreso-nacional-de-gestion-cultural-chileno\/#breadcrumb","itemListElement":[{"@type":"ListItem","position":1,"name":"Portada","item":"https:\/\/www.fraczinet.cl\/sitio\/"},{"@type":"ListItem","position":2,"name":"Convocatoria Primer Congreso Nacional De Gesti\u00f3n Cultural Chileno"}]},{"@type":"WebSite","@id":"https:\/\/www.fraczinet.cl\/sitio\/#website","url":"https:\/\/www.fraczinet.cl\/sitio\/","name":"Nuestro Bio B\u00edo","description":"Tierra de Encuentros","publisher":{"@id":"https:\/\/www.fraczinet.cl\/sitio\/#\/schema\/person\/aec8ee4da68df2b9b0eefdad24a0d582"},"potentialAction":[{"@type":"SearchAction","target":{"@type":"EntryPoint","urlTemplate":"https:\/\/www.fraczinet.cl\/sitio\/?s={search_term_string}"},"query-input":{"@type":"PropertyValueSpecification","valueRequired":true,"valueName":"search_term_string"}}],"inLanguage":"es"},{"@type":["Person","Organization"],"@id":"https:\/\/www.fraczinet.cl\/sitio\/#\/schema\/person\/aec8ee4da68df2b9b0eefdad24a0d582","name":"Luis Fernando Fraczinet","image":{"@type":"ImageObject","inLanguage":"es","@id":"https:\/\/www.fraczinet.cl\/sitio\/#\/schema\/person\/image\/","url":"https:\/\/www.fraczinet.cl\/sitio\/wp-content\/uploads\/2021\/07\/bannerlogo-1.gif","contentUrl":"https:\/\/www.fraczinet.cl\/sitio\/wp-content\/uploads\/2021\/07\/bannerlogo-1.gif","width":159,"height":79,"caption":"Luis Fernando Fraczinet"},"logo":{"@id":"https:\/\/www.fraczinet.cl\/sitio\/#\/schema\/person\/image\/"},"sameAs":["https:\/\/www.fraczinet.cl\/sitio\/"]},{"@type":"Person","@id":"https:\/\/www.fraczinet.cl\/sitio\/#\/schema\/person\/bc30f98e9cb10ae7e119dbe14bc93784","name":"admin","image":{"@type":"ImageObject","inLanguage":"es","@id":"https:\/\/www.fraczinet.cl\/sitio\/#\/schema\/person\/image\/","url":"https:\/\/secure.gravatar.com\/avatar\/d5ad3cf7ef3b23a2bb5be73be780c86b2fc8545c3ad6b149f3913ff458c00099?s=96&d=mm&r=g","contentUrl":"https:\/\/secure.gravatar.com\/avatar\/d5ad3cf7ef3b23a2bb5be73be780c86b2fc8545c3ad6b149f3913ff458c00099?s=96&d=mm&r=g","caption":"admin"},"sameAs":["https:\/\/www.fraczinet.cl\/sitio"]}]}},"_links":{"self":[{"href":"https:\/\/www.fraczinet.cl\/sitio\/wp-json\/wp\/v2\/posts\/6167","targetHints":{"allow":["GET"]}}],"collection":[{"href":"https:\/\/www.fraczinet.cl\/sitio\/wp-json\/wp\/v2\/posts"}],"about":[{"href":"https:\/\/www.fraczinet.cl\/sitio\/wp-json\/wp\/v2\/types\/post"}],"author":[{"embeddable":true,"href":"https:\/\/www.fraczinet.cl\/sitio\/wp-json\/wp\/v2\/users\/1"}],"replies":[{"embeddable":true,"href":"https:\/\/www.fraczinet.cl\/sitio\/wp-json\/wp\/v2\/comments?post=6167"}],"version-history":[{"count":2,"href":"https:\/\/www.fraczinet.cl\/sitio\/wp-json\/wp\/v2\/posts\/6167\/revisions"}],"predecessor-version":[{"id":13373,"href":"https:\/\/www.fraczinet.cl\/sitio\/wp-json\/wp\/v2\/posts\/6167\/revisions\/13373"}],"wp:featuredmedia":[{"embeddable":true,"href":"https:\/\/www.fraczinet.cl\/sitio\/wp-json\/wp\/v2\/media\/13371"}],"wp:attachment":[{"href":"https:\/\/www.fraczinet.cl\/sitio\/wp-json\/wp\/v2\/media?parent=6167"}],"wp:term":[{"taxonomy":"category","embeddable":true,"href":"https:\/\/www.fraczinet.cl\/sitio\/wp-json\/wp\/v2\/categories?post=6167"},{"taxonomy":"post_tag","embeddable":true,"href":"https:\/\/www.fraczinet.cl\/sitio\/wp-json\/wp\/v2\/tags?post=6167"}],"curies":[{"name":"wp","href":"https:\/\/api.w.org\/{rel}","templated":true}]}}