{"id":6176,"date":"2011-06-30T23:25:00","date_gmt":"2011-06-30T23:25:00","guid":{"rendered":"https:\/\/www.fraczinet.cl\/sitio\/2011\/06\/30\/comunidades-mapuche-repudian-actuar-alcadesa-de-chol-chol-al-nombrar-lonko-a-ministro-de-cultura\/"},"modified":"2022-09-25T14:04:43","modified_gmt":"2022-09-25T14:04:43","slug":"comunidades-mapuche-repudian-actuar-alcadesa-de-chol-chol-al-nombrar-lonko-a-ministro-de-cultura","status":"publish","type":"post","link":"https:\/\/www.fraczinet.cl\/sitio\/2011\/06\/30\/comunidades-mapuche-repudian-actuar-alcadesa-de-chol-chol-al-nombrar-lonko-a-ministro-de-cultura\/","title":{"rendered":"Comunidades Mapuche Repudian Actuar Alcadesa De Chol-Chol Al Nombrar \u201cLonko\u201d A Ministro De Cultura"},"content":{"rendered":"<p>Las comunidades Mapuche de la Comuna de Cholchol, a trav\u00e9s de la organizaci\u00f3n Ki\u00f1el Witxan Mapu, mediante la presente quieren manifestar su malestar y su repudio ante los hechos acaecidos durante el viernes 24 de junio en el sector rukapangi de la comuna de Cholchol en el cual la Sra. Alcaldesa Violeta Cea Villalobos declara \u201cLonko\u201d al ministro de Cultura Luciano Cruz-Coke.<\/p>\n<p>Al mismo tiempo manifestar nuestro repudio ante la portada del \u201cDiario Austral\u201d del s\u00e1bado 25 de junio en el cual se muestra a la Alcaldesa de Cholchol poner un txarilonco sobre la cabeza del ministro, acto por el cual supuestamente lo invest\u00eda de Lonko, junto a la leyenda \u201cDE MINISTRO A LONKO\u201d<\/p>\n<p>Quisi\u00e9ramos saber primeramente de parte de la Sra. Violeta Cea \u00bfCon que autoridad y bajo que criterios se realizaron estos actos?<br \/>\nY respecto del diario, \u00bfD\u00f3nde esta la imparcialidad con la que supuestamente informan, sabiendo que un grupo no menor se manifestaba en el mismo lugar por este hecho? En ves de informar, fueron c\u00f3mplices de esta parodia al mundo mapuche.<\/p>\n<p>Queremos dejarles en claro al mundo winka que la instituci\u00f3n de Lonko tiene m\u00e1s de 14.000 a\u00f1os de existencia dentro de nuestra naci\u00f3n, y que por lo tanto merece respeto.<\/p>\n<p>La autoridad Pol\u00edtica \u2013religiosa del Lonko, re\u00fane muchos requisitos para ser nombrado como tal, entre ellos podemos mencionar, K\u00fcpan, (El linaje en que se hereda la autoridad del lonko), el Tuw\u00fcn (lugar en que naci\u00f3), el Zullin (Selecci\u00f3n de gn\u00fcnechen, nuestro padre creador), el Pewma (los sue\u00f1os de la persona e integrantes del Lof), entre otros. Por tanto, no cualquier persona, inclusive dentro de un Lof mapuche, puede optar a ocupar este cargo tan importante.<\/p>\n<p>Ahora bien, \u00bfCon cuales de estos requisitos cuenta el Sr. Ministro de Cultura?<\/p>\n<p>Frente a esto, creemos que la Se\u00f1ora Alcaldesa Violeta Cea Villalobos, como m\u00e1xima autoridad comunal, pec\u00f3 de una ignorancia y falta de respeto profundo respecto a la envestidura tradicional que tiene esta autoridad.<\/p>\n<p>\u00bfQu\u00e9 dir\u00edan ustedes si nosotros asi\u00e9ramos mofa de sus instituciones y nos pusi\u00e9ramos una banda presidencial? \u00bfO una sotana de cura y nos burl\u00e1ramos de la iglesia?<\/p>\n<p>Tambi\u00e9n, hab\u00eda representantes de la iglesia en este acto.<\/p>\n<p>Estos hechos indignantes inevitablemente nos trasladan a los tiempos mas crudos de la dictadura de Pinochet, en donde en un acto publico se declaraba Lonko al dictador.<\/p>\n<p>Por lo tanto, ante la gravedad de los hechos, exigimos las disculpas de parte de la Sra. Alcaldesa Violeta Cea y Del Director del Diario Austral, y advertimos que de repetirse nuevamente esta situaci\u00f3n en cualquier parte del territorio mapuche, nuestra organizaci\u00f3n tomar\u00e1 acciones legales pertinentes para proteger nuestra institucionalidad tradicional, y resguardar de este modo nuestra cosmovisi\u00f3n y ceremonias, que est\u00e1n garantizadas en la libertad de culto en la Constituci\u00f3n y en el convenio 169 de la OIT.<\/p>\n<p>Atentamente:<\/p>\n<p><a href=\"http:\/\/liwenmapu.wordpress.com\/\"><span style=\"font-weight: bold;\">ORGANIZACI\u00d3N KI\u00d1EL WITXAN MAPU<br \/>\nTXOLTXO MAPU<\/span><\/a><\/p>\n","protected":false},"excerpt":{"rendered":"<p>Las comunidades Mapuche de la Comuna de Cholchol, a trav\u00e9s de la organizaci\u00f3n Ki\u00f1el Witxan Mapu, mediante la presente quieren manifestar su malestar y su repudio ante los hechos acaecidos durante el viernes 24 de junio en el sector rukapangi de la comuna de Cholchol en el cual la Sra. Alcaldesa Violeta Cea Villalobos declara [&hellip;]<\/p>\n","protected":false},"author":1,"featured_media":13375,"comment_status":"open","ping_status":"open","sticky":false,"template":"","format":"standard","meta":{"footnotes":""},"categories":[279],"tags":[],"class_list":["post-6176","post","type-post","status-publish","format-standard","has-post-thumbnail","hentry","category-pueblos-originarios"],"yoast_head":"<!-- This site is optimized with the Yoast SEO plugin v25.0 - https:\/\/yoast.com\/wordpress\/plugins\/seo\/ -->\n<title>Comunidades Mapuche Repudian Actuar Alcadesa De Chol-Chol Al Nombrar \u201cLonko\u201d A Ministro De Cultura - Nuestro Bio B\u00edo<\/title>\n<meta name=\"robots\" content=\"index, follow, max-snippet:-1, max-image-preview:large, max-video-preview:-1\" \/>\n<link rel=\"canonical\" href=\"https:\/\/www.fraczinet.cl\/sitio\/2011\/06\/30\/comunidades-mapuche-repudian-actuar-alcadesa-de-chol-chol-al-nombrar-lonko-a-ministro-de-cultura\/\" \/>\n<meta property=\"og:locale\" content=\"es_ES\" \/>\n<meta property=\"og:type\" content=\"article\" \/>\n<meta property=\"og:title\" content=\"Comunidades Mapuche Repudian Actuar Alcadesa De Chol-Chol Al Nombrar \u201cLonko\u201d A Ministro De Cultura - Nuestro Bio B\u00edo\" \/>\n<meta property=\"og:description\" content=\"Las comunidades Mapuche de la Comuna de Cholchol, a trav\u00e9s de la organizaci\u00f3n Ki\u00f1el Witxan Mapu, mediante la presente quieren manifestar su malestar y su repudio ante los hechos acaecidos durante el viernes 24 de junio en el sector rukapangi de la comuna de Cholchol en el cual la Sra. Alcaldesa Violeta Cea Villalobos declara [&hellip;]\" \/>\n<meta property=\"og:url\" content=\"https:\/\/www.fraczinet.cl\/sitio\/2011\/06\/30\/comunidades-mapuche-repudian-actuar-alcadesa-de-chol-chol-al-nombrar-lonko-a-ministro-de-cultura\/\" \/>\n<meta property=\"og:site_name\" content=\"Nuestro Bio B\u00edo\" \/>\n<meta property=\"article:published_time\" content=\"2011-06-30T23:25:00+00:00\" \/>\n<meta property=\"article:modified_time\" content=\"2022-09-25T14:04:43+00:00\" \/>\n<meta property=\"og:image\" content=\"https:\/\/www.fraczinet.cl\/sitio\/wp-content\/uploads\/2011\/06\/Luciano-Cruz-Coke-Lonko2.jpg\" \/>\n\t<meta property=\"og:image:width\" content=\"180\" \/>\n\t<meta property=\"og:image:height\" content=\"210\" \/>\n\t<meta property=\"og:image:type\" content=\"image\/jpeg\" \/>\n<meta name=\"author\" content=\"admin\" \/>\n<meta name=\"twitter:card\" content=\"summary_large_image\" \/>\n<meta name=\"twitter:creator\" content=\"@nuestrobiobio\" \/>\n<meta name=\"twitter:site\" content=\"@nuestrobiobio\" \/>\n<meta name=\"twitter:label1\" content=\"Escrito por\" \/>\n\t<meta name=\"twitter:data1\" content=\"admin\" \/>\n\t<meta name=\"twitter:label2\" content=\"Tiempo de lectura\" \/>\n\t<meta name=\"twitter:data2\" content=\"3 minutos\" \/>\n<script type=\"application\/ld+json\" class=\"yoast-schema-graph\">{\"@context\":\"https:\/\/schema.org\",\"@graph\":[{\"@type\":\"Article\",\"@id\":\"https:\/\/www.fraczinet.cl\/sitio\/2011\/06\/30\/comunidades-mapuche-repudian-actuar-alcadesa-de-chol-chol-al-nombrar-lonko-a-ministro-de-cultura\/#article\",\"isPartOf\":{\"@id\":\"https:\/\/www.fraczinet.cl\/sitio\/2011\/06\/30\/comunidades-mapuche-repudian-actuar-alcadesa-de-chol-chol-al-nombrar-lonko-a-ministro-de-cultura\/\"},\"author\":{\"name\":\"admin\",\"@id\":\"https:\/\/www.fraczinet.cl\/sitio\/#\/schema\/person\/bc30f98e9cb10ae7e119dbe14bc93784\"},\"headline\":\"Comunidades Mapuche Repudian Actuar Alcadesa De Chol-Chol Al Nombrar \u201cLonko\u201d A Ministro De Cultura\",\"datePublished\":\"2011-06-30T23:25:00+00:00\",\"dateModified\":\"2022-09-25T14:04:43+00:00\",\"mainEntityOfPage\":{\"@id\":\"https:\/\/www.fraczinet.cl\/sitio\/2011\/06\/30\/comunidades-mapuche-repudian-actuar-alcadesa-de-chol-chol-al-nombrar-lonko-a-ministro-de-cultura\/\"},\"wordCount\":519,\"commentCount\":0,\"publisher\":{\"@id\":\"https:\/\/www.fraczinet.cl\/sitio\/#\/schema\/person\/aec8ee4da68df2b9b0eefdad24a0d582\"},\"image\":{\"@id\":\"https:\/\/www.fraczinet.cl\/sitio\/2011\/06\/30\/comunidades-mapuche-repudian-actuar-alcadesa-de-chol-chol-al-nombrar-lonko-a-ministro-de-cultura\/#primaryimage\"},\"thumbnailUrl\":\"https:\/\/www.fraczinet.cl\/sitio\/wp-content\/uploads\/2011\/06\/Luciano-Cruz-Coke-Lonko2.jpg\",\"articleSection\":[\"Pueblos Originarios\"],\"inLanguage\":\"es\",\"potentialAction\":[{\"@type\":\"CommentAction\",\"name\":\"Comment\",\"target\":[\"https:\/\/www.fraczinet.cl\/sitio\/2011\/06\/30\/comunidades-mapuche-repudian-actuar-alcadesa-de-chol-chol-al-nombrar-lonko-a-ministro-de-cultura\/#respond\"]}]},{\"@type\":\"WebPage\",\"@id\":\"https:\/\/www.fraczinet.cl\/sitio\/2011\/06\/30\/comunidades-mapuche-repudian-actuar-alcadesa-de-chol-chol-al-nombrar-lonko-a-ministro-de-cultura\/\",\"url\":\"https:\/\/www.fraczinet.cl\/sitio\/2011\/06\/30\/comunidades-mapuche-repudian-actuar-alcadesa-de-chol-chol-al-nombrar-lonko-a-ministro-de-cultura\/\",\"name\":\"Comunidades Mapuche Repudian Actuar Alcadesa De Chol-Chol Al Nombrar \u201cLonko\u201d A Ministro De Cultura - Nuestro Bio B\u00edo\",\"isPartOf\":{\"@id\":\"https:\/\/www.fraczinet.cl\/sitio\/#website\"},\"primaryImageOfPage\":{\"@id\":\"https:\/\/www.fraczinet.cl\/sitio\/2011\/06\/30\/comunidades-mapuche-repudian-actuar-alcadesa-de-chol-chol-al-nombrar-lonko-a-ministro-de-cultura\/#primaryimage\"},\"image\":{\"@id\":\"https:\/\/www.fraczinet.cl\/sitio\/2011\/06\/30\/comunidades-mapuche-repudian-actuar-alcadesa-de-chol-chol-al-nombrar-lonko-a-ministro-de-cultura\/#primaryimage\"},\"thumbnailUrl\":\"https:\/\/www.fraczinet.cl\/sitio\/wp-content\/uploads\/2011\/06\/Luciano-Cruz-Coke-Lonko2.jpg\",\"datePublished\":\"2011-06-30T23:25:00+00:00\",\"dateModified\":\"2022-09-25T14:04:43+00:00\",\"breadcrumb\":{\"@id\":\"https:\/\/www.fraczinet.cl\/sitio\/2011\/06\/30\/comunidades-mapuche-repudian-actuar-alcadesa-de-chol-chol-al-nombrar-lonko-a-ministro-de-cultura\/#breadcrumb\"},\"inLanguage\":\"es\",\"potentialAction\":[{\"@type\":\"ReadAction\",\"target\":[\"https:\/\/www.fraczinet.cl\/sitio\/2011\/06\/30\/comunidades-mapuche-repudian-actuar-alcadesa-de-chol-chol-al-nombrar-lonko-a-ministro-de-cultura\/\"]}]},{\"@type\":\"ImageObject\",\"inLanguage\":\"es\",\"@id\":\"https:\/\/www.fraczinet.cl\/sitio\/2011\/06\/30\/comunidades-mapuche-repudian-actuar-alcadesa-de-chol-chol-al-nombrar-lonko-a-ministro-de-cultura\/#primaryimage\",\"url\":\"https:\/\/www.fraczinet.cl\/sitio\/wp-content\/uploads\/2011\/06\/Luciano-Cruz-Coke-Lonko2.jpg\",\"contentUrl\":\"https:\/\/www.fraczinet.cl\/sitio\/wp-content\/uploads\/2011\/06\/Luciano-Cruz-Coke-Lonko2.jpg\",\"width\":180,\"height\":210},{\"@type\":\"BreadcrumbList\",\"@id\":\"https:\/\/www.fraczinet.cl\/sitio\/2011\/06\/30\/comunidades-mapuche-repudian-actuar-alcadesa-de-chol-chol-al-nombrar-lonko-a-ministro-de-cultura\/#breadcrumb\",\"itemListElement\":[{\"@type\":\"ListItem\",\"position\":1,\"name\":\"Portada\",\"item\":\"https:\/\/www.fraczinet.cl\/sitio\/\"},{\"@type\":\"ListItem\",\"position\":2,\"name\":\"Comunidades Mapuche Repudian Actuar Alcadesa De Chol-Chol Al Nombrar \u201cLonko\u201d A Ministro De Cultura\"}]},{\"@type\":\"WebSite\",\"@id\":\"https:\/\/www.fraczinet.cl\/sitio\/#website\",\"url\":\"https:\/\/www.fraczinet.cl\/sitio\/\",\"name\":\"Nuestro Bio B\u00edo\",\"description\":\"Tierra de Encuentros\",\"publisher\":{\"@id\":\"https:\/\/www.fraczinet.cl\/sitio\/#\/schema\/person\/aec8ee4da68df2b9b0eefdad24a0d582\"},\"potentialAction\":[{\"@type\":\"SearchAction\",\"target\":{\"@type\":\"EntryPoint\",\"urlTemplate\":\"https:\/\/www.fraczinet.cl\/sitio\/?s={search_term_string}\"},\"query-input\":{\"@type\":\"PropertyValueSpecification\",\"valueRequired\":true,\"valueName\":\"search_term_string\"}}],\"inLanguage\":\"es\"},{\"@type\":[\"Person\",\"Organization\"],\"@id\":\"https:\/\/www.fraczinet.cl\/sitio\/#\/schema\/person\/aec8ee4da68df2b9b0eefdad24a0d582\",\"name\":\"Luis Fernando Fraczinet\",\"image\":{\"@type\":\"ImageObject\",\"inLanguage\":\"es\",\"@id\":\"https:\/\/www.fraczinet.cl\/sitio\/#\/schema\/person\/image\/\",\"url\":\"https:\/\/www.fraczinet.cl\/sitio\/wp-content\/uploads\/2021\/07\/bannerlogo-1.gif\",\"contentUrl\":\"https:\/\/www.fraczinet.cl\/sitio\/wp-content\/uploads\/2021\/07\/bannerlogo-1.gif\",\"width\":159,\"height\":79,\"caption\":\"Luis Fernando Fraczinet\"},\"logo\":{\"@id\":\"https:\/\/www.fraczinet.cl\/sitio\/#\/schema\/person\/image\/\"},\"sameAs\":[\"https:\/\/www.fraczinet.cl\/sitio\/\"]},{\"@type\":\"Person\",\"@id\":\"https:\/\/www.fraczinet.cl\/sitio\/#\/schema\/person\/bc30f98e9cb10ae7e119dbe14bc93784\",\"name\":\"admin\",\"image\":{\"@type\":\"ImageObject\",\"inLanguage\":\"es\",\"@id\":\"https:\/\/www.fraczinet.cl\/sitio\/#\/schema\/person\/image\/\",\"url\":\"https:\/\/secure.gravatar.com\/avatar\/d5ad3cf7ef3b23a2bb5be73be780c86b2fc8545c3ad6b149f3913ff458c00099?s=96&d=mm&r=g\",\"contentUrl\":\"https:\/\/secure.gravatar.com\/avatar\/d5ad3cf7ef3b23a2bb5be73be780c86b2fc8545c3ad6b149f3913ff458c00099?s=96&d=mm&r=g\",\"caption\":\"admin\"},\"sameAs\":[\"https:\/\/www.fraczinet.cl\/sitio\"]}]}<\/script>\n<!-- \/ Yoast SEO plugin. -->","yoast_head_json":{"title":"Comunidades Mapuche Repudian Actuar Alcadesa De Chol-Chol Al Nombrar \u201cLonko\u201d A Ministro De Cultura - Nuestro Bio B\u00edo","robots":{"index":"index","follow":"follow","max-snippet":"max-snippet:-1","max-image-preview":"max-image-preview:large","max-video-preview":"max-video-preview:-1"},"canonical":"https:\/\/www.fraczinet.cl\/sitio\/2011\/06\/30\/comunidades-mapuche-repudian-actuar-alcadesa-de-chol-chol-al-nombrar-lonko-a-ministro-de-cultura\/","og_locale":"es_ES","og_type":"article","og_title":"Comunidades Mapuche Repudian Actuar Alcadesa De Chol-Chol Al Nombrar \u201cLonko\u201d A Ministro De Cultura - Nuestro Bio B\u00edo","og_description":"Las comunidades Mapuche de la Comuna de Cholchol, a trav\u00e9s de la organizaci\u00f3n Ki\u00f1el Witxan Mapu, mediante la presente quieren manifestar su malestar y su repudio ante los hechos acaecidos durante el viernes 24 de junio en el sector rukapangi de la comuna de Cholchol en el cual la Sra. Alcaldesa Violeta Cea Villalobos declara [&hellip;]","og_url":"https:\/\/www.fraczinet.cl\/sitio\/2011\/06\/30\/comunidades-mapuche-repudian-actuar-alcadesa-de-chol-chol-al-nombrar-lonko-a-ministro-de-cultura\/","og_site_name":"Nuestro Bio B\u00edo","article_published_time":"2011-06-30T23:25:00+00:00","article_modified_time":"2022-09-25T14:04:43+00:00","og_image":[{"width":180,"height":210,"url":"https:\/\/www.fraczinet.cl\/sitio\/wp-content\/uploads\/2011\/06\/Luciano-Cruz-Coke-Lonko2.jpg","type":"image\/jpeg"}],"author":"admin","twitter_card":"summary_large_image","twitter_creator":"@nuestrobiobio","twitter_site":"@nuestrobiobio","twitter_misc":{"Escrito por":"admin","Tiempo de lectura":"3 minutos"},"schema":{"@context":"https:\/\/schema.org","@graph":[{"@type":"Article","@id":"https:\/\/www.fraczinet.cl\/sitio\/2011\/06\/30\/comunidades-mapuche-repudian-actuar-alcadesa-de-chol-chol-al-nombrar-lonko-a-ministro-de-cultura\/#article","isPartOf":{"@id":"https:\/\/www.fraczinet.cl\/sitio\/2011\/06\/30\/comunidades-mapuche-repudian-actuar-alcadesa-de-chol-chol-al-nombrar-lonko-a-ministro-de-cultura\/"},"author":{"name":"admin","@id":"https:\/\/www.fraczinet.cl\/sitio\/#\/schema\/person\/bc30f98e9cb10ae7e119dbe14bc93784"},"headline":"Comunidades Mapuche Repudian Actuar Alcadesa De Chol-Chol Al Nombrar \u201cLonko\u201d A Ministro De Cultura","datePublished":"2011-06-30T23:25:00+00:00","dateModified":"2022-09-25T14:04:43+00:00","mainEntityOfPage":{"@id":"https:\/\/www.fraczinet.cl\/sitio\/2011\/06\/30\/comunidades-mapuche-repudian-actuar-alcadesa-de-chol-chol-al-nombrar-lonko-a-ministro-de-cultura\/"},"wordCount":519,"commentCount":0,"publisher":{"@id":"https:\/\/www.fraczinet.cl\/sitio\/#\/schema\/person\/aec8ee4da68df2b9b0eefdad24a0d582"},"image":{"@id":"https:\/\/www.fraczinet.cl\/sitio\/2011\/06\/30\/comunidades-mapuche-repudian-actuar-alcadesa-de-chol-chol-al-nombrar-lonko-a-ministro-de-cultura\/#primaryimage"},"thumbnailUrl":"https:\/\/www.fraczinet.cl\/sitio\/wp-content\/uploads\/2011\/06\/Luciano-Cruz-Coke-Lonko2.jpg","articleSection":["Pueblos Originarios"],"inLanguage":"es","potentialAction":[{"@type":"CommentAction","name":"Comment","target":["https:\/\/www.fraczinet.cl\/sitio\/2011\/06\/30\/comunidades-mapuche-repudian-actuar-alcadesa-de-chol-chol-al-nombrar-lonko-a-ministro-de-cultura\/#respond"]}]},{"@type":"WebPage","@id":"https:\/\/www.fraczinet.cl\/sitio\/2011\/06\/30\/comunidades-mapuche-repudian-actuar-alcadesa-de-chol-chol-al-nombrar-lonko-a-ministro-de-cultura\/","url":"https:\/\/www.fraczinet.cl\/sitio\/2011\/06\/30\/comunidades-mapuche-repudian-actuar-alcadesa-de-chol-chol-al-nombrar-lonko-a-ministro-de-cultura\/","name":"Comunidades Mapuche Repudian Actuar Alcadesa De Chol-Chol Al Nombrar \u201cLonko\u201d A Ministro De Cultura - Nuestro Bio B\u00edo","isPartOf":{"@id":"https:\/\/www.fraczinet.cl\/sitio\/#website"},"primaryImageOfPage":{"@id":"https:\/\/www.fraczinet.cl\/sitio\/2011\/06\/30\/comunidades-mapuche-repudian-actuar-alcadesa-de-chol-chol-al-nombrar-lonko-a-ministro-de-cultura\/#primaryimage"},"image":{"@id":"https:\/\/www.fraczinet.cl\/sitio\/2011\/06\/30\/comunidades-mapuche-repudian-actuar-alcadesa-de-chol-chol-al-nombrar-lonko-a-ministro-de-cultura\/#primaryimage"},"thumbnailUrl":"https:\/\/www.fraczinet.cl\/sitio\/wp-content\/uploads\/2011\/06\/Luciano-Cruz-Coke-Lonko2.jpg","datePublished":"2011-06-30T23:25:00+00:00","dateModified":"2022-09-25T14:04:43+00:00","breadcrumb":{"@id":"https:\/\/www.fraczinet.cl\/sitio\/2011\/06\/30\/comunidades-mapuche-repudian-actuar-alcadesa-de-chol-chol-al-nombrar-lonko-a-ministro-de-cultura\/#breadcrumb"},"inLanguage":"es","potentialAction":[{"@type":"ReadAction","target":["https:\/\/www.fraczinet.cl\/sitio\/2011\/06\/30\/comunidades-mapuche-repudian-actuar-alcadesa-de-chol-chol-al-nombrar-lonko-a-ministro-de-cultura\/"]}]},{"@type":"ImageObject","inLanguage":"es","@id":"https:\/\/www.fraczinet.cl\/sitio\/2011\/06\/30\/comunidades-mapuche-repudian-actuar-alcadesa-de-chol-chol-al-nombrar-lonko-a-ministro-de-cultura\/#primaryimage","url":"https:\/\/www.fraczinet.cl\/sitio\/wp-content\/uploads\/2011\/06\/Luciano-Cruz-Coke-Lonko2.jpg","contentUrl":"https:\/\/www.fraczinet.cl\/sitio\/wp-content\/uploads\/2011\/06\/Luciano-Cruz-Coke-Lonko2.jpg","width":180,"height":210},{"@type":"BreadcrumbList","@id":"https:\/\/www.fraczinet.cl\/sitio\/2011\/06\/30\/comunidades-mapuche-repudian-actuar-alcadesa-de-chol-chol-al-nombrar-lonko-a-ministro-de-cultura\/#breadcrumb","itemListElement":[{"@type":"ListItem","position":1,"name":"Portada","item":"https:\/\/www.fraczinet.cl\/sitio\/"},{"@type":"ListItem","position":2,"name":"Comunidades Mapuche Repudian Actuar Alcadesa De Chol-Chol Al Nombrar \u201cLonko\u201d A Ministro De Cultura"}]},{"@type":"WebSite","@id":"https:\/\/www.fraczinet.cl\/sitio\/#website","url":"https:\/\/www.fraczinet.cl\/sitio\/","name":"Nuestro Bio B\u00edo","description":"Tierra de Encuentros","publisher":{"@id":"https:\/\/www.fraczinet.cl\/sitio\/#\/schema\/person\/aec8ee4da68df2b9b0eefdad24a0d582"},"potentialAction":[{"@type":"SearchAction","target":{"@type":"EntryPoint","urlTemplate":"https:\/\/www.fraczinet.cl\/sitio\/?s={search_term_string}"},"query-input":{"@type":"PropertyValueSpecification","valueRequired":true,"valueName":"search_term_string"}}],"inLanguage":"es"},{"@type":["Person","Organization"],"@id":"https:\/\/www.fraczinet.cl\/sitio\/#\/schema\/person\/aec8ee4da68df2b9b0eefdad24a0d582","name":"Luis Fernando Fraczinet","image":{"@type":"ImageObject","inLanguage":"es","@id":"https:\/\/www.fraczinet.cl\/sitio\/#\/schema\/person\/image\/","url":"https:\/\/www.fraczinet.cl\/sitio\/wp-content\/uploads\/2021\/07\/bannerlogo-1.gif","contentUrl":"https:\/\/www.fraczinet.cl\/sitio\/wp-content\/uploads\/2021\/07\/bannerlogo-1.gif","width":159,"height":79,"caption":"Luis Fernando Fraczinet"},"logo":{"@id":"https:\/\/www.fraczinet.cl\/sitio\/#\/schema\/person\/image\/"},"sameAs":["https:\/\/www.fraczinet.cl\/sitio\/"]},{"@type":"Person","@id":"https:\/\/www.fraczinet.cl\/sitio\/#\/schema\/person\/bc30f98e9cb10ae7e119dbe14bc93784","name":"admin","image":{"@type":"ImageObject","inLanguage":"es","@id":"https:\/\/www.fraczinet.cl\/sitio\/#\/schema\/person\/image\/","url":"https:\/\/secure.gravatar.com\/avatar\/d5ad3cf7ef3b23a2bb5be73be780c86b2fc8545c3ad6b149f3913ff458c00099?s=96&d=mm&r=g","contentUrl":"https:\/\/secure.gravatar.com\/avatar\/d5ad3cf7ef3b23a2bb5be73be780c86b2fc8545c3ad6b149f3913ff458c00099?s=96&d=mm&r=g","caption":"admin"},"sameAs":["https:\/\/www.fraczinet.cl\/sitio"]}]}},"_links":{"self":[{"href":"https:\/\/www.fraczinet.cl\/sitio\/wp-json\/wp\/v2\/posts\/6176","targetHints":{"allow":["GET"]}}],"collection":[{"href":"https:\/\/www.fraczinet.cl\/sitio\/wp-json\/wp\/v2\/posts"}],"about":[{"href":"https:\/\/www.fraczinet.cl\/sitio\/wp-json\/wp\/v2\/types\/post"}],"author":[{"embeddable":true,"href":"https:\/\/www.fraczinet.cl\/sitio\/wp-json\/wp\/v2\/users\/1"}],"replies":[{"embeddable":true,"href":"https:\/\/www.fraczinet.cl\/sitio\/wp-json\/wp\/v2\/comments?post=6176"}],"version-history":[{"count":1,"href":"https:\/\/www.fraczinet.cl\/sitio\/wp-json\/wp\/v2\/posts\/6176\/revisions"}],"predecessor-version":[{"id":13376,"href":"https:\/\/www.fraczinet.cl\/sitio\/wp-json\/wp\/v2\/posts\/6176\/revisions\/13376"}],"wp:featuredmedia":[{"embeddable":true,"href":"https:\/\/www.fraczinet.cl\/sitio\/wp-json\/wp\/v2\/media\/13375"}],"wp:attachment":[{"href":"https:\/\/www.fraczinet.cl\/sitio\/wp-json\/wp\/v2\/media?parent=6176"}],"wp:term":[{"taxonomy":"category","embeddable":true,"href":"https:\/\/www.fraczinet.cl\/sitio\/wp-json\/wp\/v2\/categories?post=6176"},{"taxonomy":"post_tag","embeddable":true,"href":"https:\/\/www.fraczinet.cl\/sitio\/wp-json\/wp\/v2\/tags?post=6176"}],"curies":[{"name":"wp","href":"https:\/\/api.w.org\/{rel}","templated":true}]}}