{"id":6206,"date":"2011-06-16T00:51:00","date_gmt":"2011-06-16T00:51:00","guid":{"rendered":"https:\/\/www.fraczinet.cl\/sitio\/2011\/06\/16\/ciclo-de-cine-chileno-en-tome\/"},"modified":"2022-10-06T23:02:47","modified_gmt":"2022-10-06T23:02:47","slug":"ciclo-de-cine-chileno-en-tome","status":"publish","type":"post","link":"https:\/\/www.fraczinet.cl\/sitio\/2011\/06\/16\/ciclo-de-cine-chileno-en-tome\/","title":{"rendered":"Ciclo De Cine Chileno En Tom\u00e9"},"content":{"rendered":"<div><a href=\"http:\/\/4.bp.blogspot.com\/-ukCH8cjCpuo\/Tfld2CmA3sI\/AAAAAAAAS5k\/L_vIEIsZ_PU\/s1600\/calichesangriento.jpg\" style=\"margin-left: 1em; margin-right: 1em;\"><img decoding=\"async\" alt=\"\" border=\"0\" id=\"BLOGGER_PHOTO_ID_5618625193112035010\" src=\"http:\/\/4.bp.blogspot.com\/-ukCH8cjCpuo\/Tfld2CmA3sI\/AAAAAAAAS5k\/L_vIEIsZ_PU\/s400\/calichesangriento.jpg\" style=\"cursor: pointer; height: 320px; width: 214px;\" \/><\/a><\/div>\n<div><\/div>\n<div><a href=\"http:\/\/3.bp.blogspot.com\/-MUpLcw-T3QE\/TflfAAo7o0I\/AAAAAAAAS50\/O5h_9vdc-1A\/s1600\/yanobastaconrezar.jpg\" style=\"clear: left; float: left; margin-bottom: 1em; margin-right: 1em;\"><img decoding=\"async\" alt=\"\" border=\"0\" id=\"BLOGGER_PHOTO_ID_5618626463897723714\" src=\"http:\/\/3.bp.blogspot.com\/-MUpLcw-T3QE\/TflfAAo7o0I\/AAAAAAAAS50\/O5h_9vdc-1A\/s400\/yanobastaconrezar.jpg\" style=\"cursor: pointer; height: 400px; width: 270px;\" \/><\/a><\/div>\n<p>Como una manera de celebrar el \u00abD\u00eda del Cine Chileno\u00bb, evento que no tiene una fecha oficial definida, la Casa de la Cultura de la I. Municipalidad de Tom\u00e9, en conjunto con PencopolitaniA Films, han programado un interesante ciclo con grandes pel\u00edculas chilenas, del 15 al 17 de junio, a partir de las 19:30 horas, de acuerdo al siguiente programa:  Mi\u00e9rcoles 15 de junio: \u00abYA NO BASTA CON REZAR\u00bb (1972) de Aldo Francia.  Jueves 16 de junio: \u00abCALICHE SANGRIENTO\u00bb (1969) de Helvio Soto.  Viernes 17 de junio: &#8216;LARGO VIAJE\u00bb (1969) de Patricio Kaulen.  El ciclo es presentado por Ricardo Mahnke. Entrada Liberada.  Casa de la Cultura, Sotomayor 947, Tom\u00e9. PencopolitaniA Films.  \u00a1Viva nuestro cine chileno!  Ricardo Mahnke Escritor y cineasta &nbsp; \u00abYA NO BASTA CON REZAR\u00bb, Aldo Francia (1972). Mi\u00e9rcoles 15 de junio, 19:30 hrs.  <a href=\"http:\/\/1.bp.blogspot.com\/-p2lTzHUJFGo\/Tflemq2LlSI\/AAAAAAAAS5s\/3kUVf8zbTSo\/s1600\/largoviaje.jpg\"><img decoding=\"async\" alt=\"\" border=\"0\" id=\"BLOGGER_PHOTO_ID_5618626028550984994\" src=\"http:\/\/1.bp.blogspot.com\/-p2lTzHUJFGo\/Tflemq2LlSI\/AAAAAAAAS5s\/3kUVf8zbTSo\/s400\/largoviaje.jpg\" style=\"cursor: pointer; height: 320px; width: 229px;\" \/><\/a>&nbsp;<\/p>\n<div><\/div>\n<div>\u00abLARGO VIAJE\u00bb, Patricio Kaulen (1969). Viernes 17 de junio, 19:30 hrs.   &#8216;CALICHE SANGRIENTO\u00bb, Helvio Soto (1969), Jueves 16 de junio, 19:30 hrs.<\/div>\n","protected":false},"excerpt":{"rendered":"<p>Como una manera de celebrar el \u00abD\u00eda del Cine Chileno\u00bb, evento que no tiene una fecha oficial definida, la Casa de la Cultura de la I. Municipalidad de Tom\u00e9, en conjunto con PencopolitaniA Films, han programado un interesante ciclo con grandes pel\u00edculas chilenas, del 15 al 17 de junio, a partir de las 19:30 horas, [&hellip;]<\/p>\n","protected":false},"author":1,"featured_media":0,"comment_status":"open","ping_status":"open","sticky":false,"template":"","format":"standard","meta":{"footnotes":""},"categories":[32],"tags":[],"class_list":["post-6206","post","type-post","status-publish","format-standard","hentry","category-cine"],"yoast_head":"<!-- This site is optimized with the Yoast SEO plugin v25.0 - https:\/\/yoast.com\/wordpress\/plugins\/seo\/ -->\n<title>Ciclo De Cine Chileno En Tom\u00e9 - Nuestro Bio B\u00edo<\/title>\n<meta name=\"robots\" content=\"index, follow, max-snippet:-1, max-image-preview:large, max-video-preview:-1\" \/>\n<link rel=\"canonical\" href=\"https:\/\/www.fraczinet.cl\/sitio\/2011\/06\/16\/ciclo-de-cine-chileno-en-tome\/\" \/>\n<meta property=\"og:locale\" content=\"es_ES\" \/>\n<meta property=\"og:type\" content=\"article\" \/>\n<meta property=\"og:title\" content=\"Ciclo De Cine Chileno En Tom\u00e9 - Nuestro Bio B\u00edo\" \/>\n<meta property=\"og:description\" content=\"Como una manera de celebrar el \u00abD\u00eda del Cine Chileno\u00bb, evento que no tiene una fecha oficial definida, la Casa de la Cultura de la I. Municipalidad de Tom\u00e9, en conjunto con PencopolitaniA Films, han programado un interesante ciclo con grandes pel\u00edculas chilenas, del 15 al 17 de junio, a partir de las 19:30 horas, [&hellip;]\" \/>\n<meta property=\"og:url\" content=\"https:\/\/www.fraczinet.cl\/sitio\/2011\/06\/16\/ciclo-de-cine-chileno-en-tome\/\" \/>\n<meta property=\"og:site_name\" content=\"Nuestro Bio B\u00edo\" \/>\n<meta property=\"article:published_time\" content=\"2011-06-16T00:51:00+00:00\" \/>\n<meta property=\"article:modified_time\" content=\"2022-10-06T23:02:47+00:00\" \/>\n<meta property=\"og:image\" content=\"http:\/\/4.bp.blogspot.com\/-ukCH8cjCpuo\/Tfld2CmA3sI\/AAAAAAAAS5k\/L_vIEIsZ_PU\/s400\/calichesangriento.jpg\" \/>\n<meta name=\"author\" content=\"admin\" \/>\n<meta name=\"twitter:card\" content=\"summary_large_image\" \/>\n<meta name=\"twitter:creator\" content=\"@nuestrobiobio\" \/>\n<meta name=\"twitter:site\" content=\"@nuestrobiobio\" \/>\n<meta name=\"twitter:label1\" content=\"Escrito por\" \/>\n\t<meta name=\"twitter:data1\" content=\"admin\" \/>\n\t<meta name=\"twitter:label2\" content=\"Tiempo de lectura\" \/>\n\t<meta name=\"twitter:data2\" content=\"1 minuto\" \/>\n<script type=\"application\/ld+json\" class=\"yoast-schema-graph\">{\"@context\":\"https:\/\/schema.org\",\"@graph\":[{\"@type\":\"Article\",\"@id\":\"https:\/\/www.fraczinet.cl\/sitio\/2011\/06\/16\/ciclo-de-cine-chileno-en-tome\/#article\",\"isPartOf\":{\"@id\":\"https:\/\/www.fraczinet.cl\/sitio\/2011\/06\/16\/ciclo-de-cine-chileno-en-tome\/\"},\"author\":{\"name\":\"admin\",\"@id\":\"https:\/\/www.fraczinet.cl\/sitio\/#\/schema\/person\/bc30f98e9cb10ae7e119dbe14bc93784\"},\"headline\":\"Ciclo De Cine Chileno En Tom\u00e9\",\"datePublished\":\"2011-06-16T00:51:00+00:00\",\"dateModified\":\"2022-10-06T23:02:47+00:00\",\"mainEntityOfPage\":{\"@id\":\"https:\/\/www.fraczinet.cl\/sitio\/2011\/06\/16\/ciclo-de-cine-chileno-en-tome\/\"},\"wordCount\":149,\"commentCount\":0,\"publisher\":{\"@id\":\"https:\/\/www.fraczinet.cl\/sitio\/#\/schema\/person\/aec8ee4da68df2b9b0eefdad24a0d582\"},\"image\":{\"@id\":\"https:\/\/www.fraczinet.cl\/sitio\/2011\/06\/16\/ciclo-de-cine-chileno-en-tome\/#primaryimage\"},\"thumbnailUrl\":\"http:\/\/4.bp.blogspot.com\/-ukCH8cjCpuo\/Tfld2CmA3sI\/AAAAAAAAS5k\/L_vIEIsZ_PU\/s400\/calichesangriento.jpg\",\"articleSection\":[\"Cine\"],\"inLanguage\":\"es\",\"potentialAction\":[{\"@type\":\"CommentAction\",\"name\":\"Comment\",\"target\":[\"https:\/\/www.fraczinet.cl\/sitio\/2011\/06\/16\/ciclo-de-cine-chileno-en-tome\/#respond\"]}]},{\"@type\":\"WebPage\",\"@id\":\"https:\/\/www.fraczinet.cl\/sitio\/2011\/06\/16\/ciclo-de-cine-chileno-en-tome\/\",\"url\":\"https:\/\/www.fraczinet.cl\/sitio\/2011\/06\/16\/ciclo-de-cine-chileno-en-tome\/\",\"name\":\"Ciclo De Cine Chileno En Tom\u00e9 - Nuestro Bio B\u00edo\",\"isPartOf\":{\"@id\":\"https:\/\/www.fraczinet.cl\/sitio\/#website\"},\"primaryImageOfPage\":{\"@id\":\"https:\/\/www.fraczinet.cl\/sitio\/2011\/06\/16\/ciclo-de-cine-chileno-en-tome\/#primaryimage\"},\"image\":{\"@id\":\"https:\/\/www.fraczinet.cl\/sitio\/2011\/06\/16\/ciclo-de-cine-chileno-en-tome\/#primaryimage\"},\"thumbnailUrl\":\"http:\/\/4.bp.blogspot.com\/-ukCH8cjCpuo\/Tfld2CmA3sI\/AAAAAAAAS5k\/L_vIEIsZ_PU\/s400\/calichesangriento.jpg\",\"datePublished\":\"2011-06-16T00:51:00+00:00\",\"dateModified\":\"2022-10-06T23:02:47+00:00\",\"breadcrumb\":{\"@id\":\"https:\/\/www.fraczinet.cl\/sitio\/2011\/06\/16\/ciclo-de-cine-chileno-en-tome\/#breadcrumb\"},\"inLanguage\":\"es\",\"potentialAction\":[{\"@type\":\"ReadAction\",\"target\":[\"https:\/\/www.fraczinet.cl\/sitio\/2011\/06\/16\/ciclo-de-cine-chileno-en-tome\/\"]}]},{\"@type\":\"ImageObject\",\"inLanguage\":\"es\",\"@id\":\"https:\/\/www.fraczinet.cl\/sitio\/2011\/06\/16\/ciclo-de-cine-chileno-en-tome\/#primaryimage\",\"url\":\"http:\/\/4.bp.blogspot.com\/-ukCH8cjCpuo\/Tfld2CmA3sI\/AAAAAAAAS5k\/L_vIEIsZ_PU\/s400\/calichesangriento.jpg\",\"contentUrl\":\"http:\/\/4.bp.blogspot.com\/-ukCH8cjCpuo\/Tfld2CmA3sI\/AAAAAAAAS5k\/L_vIEIsZ_PU\/s400\/calichesangriento.jpg\"},{\"@type\":\"BreadcrumbList\",\"@id\":\"https:\/\/www.fraczinet.cl\/sitio\/2011\/06\/16\/ciclo-de-cine-chileno-en-tome\/#breadcrumb\",\"itemListElement\":[{\"@type\":\"ListItem\",\"position\":1,\"name\":\"Portada\",\"item\":\"https:\/\/www.fraczinet.cl\/sitio\/\"},{\"@type\":\"ListItem\",\"position\":2,\"name\":\"Ciclo De Cine Chileno En Tom\u00e9\"}]},{\"@type\":\"WebSite\",\"@id\":\"https:\/\/www.fraczinet.cl\/sitio\/#website\",\"url\":\"https:\/\/www.fraczinet.cl\/sitio\/\",\"name\":\"Nuestro Bio B\u00edo\",\"description\":\"Tierra de Encuentros\",\"publisher\":{\"@id\":\"https:\/\/www.fraczinet.cl\/sitio\/#\/schema\/person\/aec8ee4da68df2b9b0eefdad24a0d582\"},\"potentialAction\":[{\"@type\":\"SearchAction\",\"target\":{\"@type\":\"EntryPoint\",\"urlTemplate\":\"https:\/\/www.fraczinet.cl\/sitio\/?s={search_term_string}\"},\"query-input\":{\"@type\":\"PropertyValueSpecification\",\"valueRequired\":true,\"valueName\":\"search_term_string\"}}],\"inLanguage\":\"es\"},{\"@type\":[\"Person\",\"Organization\"],\"@id\":\"https:\/\/www.fraczinet.cl\/sitio\/#\/schema\/person\/aec8ee4da68df2b9b0eefdad24a0d582\",\"name\":\"Luis Fernando Fraczinet\",\"image\":{\"@type\":\"ImageObject\",\"inLanguage\":\"es\",\"@id\":\"https:\/\/www.fraczinet.cl\/sitio\/#\/schema\/person\/image\/\",\"url\":\"https:\/\/www.fraczinet.cl\/sitio\/wp-content\/uploads\/2021\/07\/bannerlogo-1.gif\",\"contentUrl\":\"https:\/\/www.fraczinet.cl\/sitio\/wp-content\/uploads\/2021\/07\/bannerlogo-1.gif\",\"width\":159,\"height\":79,\"caption\":\"Luis Fernando Fraczinet\"},\"logo\":{\"@id\":\"https:\/\/www.fraczinet.cl\/sitio\/#\/schema\/person\/image\/\"},\"sameAs\":[\"https:\/\/www.fraczinet.cl\/sitio\/\"]},{\"@type\":\"Person\",\"@id\":\"https:\/\/www.fraczinet.cl\/sitio\/#\/schema\/person\/bc30f98e9cb10ae7e119dbe14bc93784\",\"name\":\"admin\",\"image\":{\"@type\":\"ImageObject\",\"inLanguage\":\"es\",\"@id\":\"https:\/\/www.fraczinet.cl\/sitio\/#\/schema\/person\/image\/\",\"url\":\"https:\/\/secure.gravatar.com\/avatar\/d5ad3cf7ef3b23a2bb5be73be780c86b2fc8545c3ad6b149f3913ff458c00099?s=96&d=mm&r=g\",\"contentUrl\":\"https:\/\/secure.gravatar.com\/avatar\/d5ad3cf7ef3b23a2bb5be73be780c86b2fc8545c3ad6b149f3913ff458c00099?s=96&d=mm&r=g\",\"caption\":\"admin\"},\"sameAs\":[\"https:\/\/www.fraczinet.cl\/sitio\"]}]}<\/script>\n<!-- \/ Yoast SEO plugin. -->","yoast_head_json":{"title":"Ciclo De Cine Chileno En Tom\u00e9 - Nuestro Bio B\u00edo","robots":{"index":"index","follow":"follow","max-snippet":"max-snippet:-1","max-image-preview":"max-image-preview:large","max-video-preview":"max-video-preview:-1"},"canonical":"https:\/\/www.fraczinet.cl\/sitio\/2011\/06\/16\/ciclo-de-cine-chileno-en-tome\/","og_locale":"es_ES","og_type":"article","og_title":"Ciclo De Cine Chileno En Tom\u00e9 - Nuestro Bio B\u00edo","og_description":"Como una manera de celebrar el \u00abD\u00eda del Cine Chileno\u00bb, evento que no tiene una fecha oficial definida, la Casa de la Cultura de la I. Municipalidad de Tom\u00e9, en conjunto con PencopolitaniA Films, han programado un interesante ciclo con grandes pel\u00edculas chilenas, del 15 al 17 de junio, a partir de las 19:30 horas, [&hellip;]","og_url":"https:\/\/www.fraczinet.cl\/sitio\/2011\/06\/16\/ciclo-de-cine-chileno-en-tome\/","og_site_name":"Nuestro Bio B\u00edo","article_published_time":"2011-06-16T00:51:00+00:00","article_modified_time":"2022-10-06T23:02:47+00:00","og_image":[{"url":"http:\/\/4.bp.blogspot.com\/-ukCH8cjCpuo\/Tfld2CmA3sI\/AAAAAAAAS5k\/L_vIEIsZ_PU\/s400\/calichesangriento.jpg","type":"","width":"","height":""}],"author":"admin","twitter_card":"summary_large_image","twitter_creator":"@nuestrobiobio","twitter_site":"@nuestrobiobio","twitter_misc":{"Escrito por":"admin","Tiempo de lectura":"1 minuto"},"schema":{"@context":"https:\/\/schema.org","@graph":[{"@type":"Article","@id":"https:\/\/www.fraczinet.cl\/sitio\/2011\/06\/16\/ciclo-de-cine-chileno-en-tome\/#article","isPartOf":{"@id":"https:\/\/www.fraczinet.cl\/sitio\/2011\/06\/16\/ciclo-de-cine-chileno-en-tome\/"},"author":{"name":"admin","@id":"https:\/\/www.fraczinet.cl\/sitio\/#\/schema\/person\/bc30f98e9cb10ae7e119dbe14bc93784"},"headline":"Ciclo De Cine Chileno En Tom\u00e9","datePublished":"2011-06-16T00:51:00+00:00","dateModified":"2022-10-06T23:02:47+00:00","mainEntityOfPage":{"@id":"https:\/\/www.fraczinet.cl\/sitio\/2011\/06\/16\/ciclo-de-cine-chileno-en-tome\/"},"wordCount":149,"commentCount":0,"publisher":{"@id":"https:\/\/www.fraczinet.cl\/sitio\/#\/schema\/person\/aec8ee4da68df2b9b0eefdad24a0d582"},"image":{"@id":"https:\/\/www.fraczinet.cl\/sitio\/2011\/06\/16\/ciclo-de-cine-chileno-en-tome\/#primaryimage"},"thumbnailUrl":"http:\/\/4.bp.blogspot.com\/-ukCH8cjCpuo\/Tfld2CmA3sI\/AAAAAAAAS5k\/L_vIEIsZ_PU\/s400\/calichesangriento.jpg","articleSection":["Cine"],"inLanguage":"es","potentialAction":[{"@type":"CommentAction","name":"Comment","target":["https:\/\/www.fraczinet.cl\/sitio\/2011\/06\/16\/ciclo-de-cine-chileno-en-tome\/#respond"]}]},{"@type":"WebPage","@id":"https:\/\/www.fraczinet.cl\/sitio\/2011\/06\/16\/ciclo-de-cine-chileno-en-tome\/","url":"https:\/\/www.fraczinet.cl\/sitio\/2011\/06\/16\/ciclo-de-cine-chileno-en-tome\/","name":"Ciclo De Cine Chileno En Tom\u00e9 - Nuestro Bio B\u00edo","isPartOf":{"@id":"https:\/\/www.fraczinet.cl\/sitio\/#website"},"primaryImageOfPage":{"@id":"https:\/\/www.fraczinet.cl\/sitio\/2011\/06\/16\/ciclo-de-cine-chileno-en-tome\/#primaryimage"},"image":{"@id":"https:\/\/www.fraczinet.cl\/sitio\/2011\/06\/16\/ciclo-de-cine-chileno-en-tome\/#primaryimage"},"thumbnailUrl":"http:\/\/4.bp.blogspot.com\/-ukCH8cjCpuo\/Tfld2CmA3sI\/AAAAAAAAS5k\/L_vIEIsZ_PU\/s400\/calichesangriento.jpg","datePublished":"2011-06-16T00:51:00+00:00","dateModified":"2022-10-06T23:02:47+00:00","breadcrumb":{"@id":"https:\/\/www.fraczinet.cl\/sitio\/2011\/06\/16\/ciclo-de-cine-chileno-en-tome\/#breadcrumb"},"inLanguage":"es","potentialAction":[{"@type":"ReadAction","target":["https:\/\/www.fraczinet.cl\/sitio\/2011\/06\/16\/ciclo-de-cine-chileno-en-tome\/"]}]},{"@type":"ImageObject","inLanguage":"es","@id":"https:\/\/www.fraczinet.cl\/sitio\/2011\/06\/16\/ciclo-de-cine-chileno-en-tome\/#primaryimage","url":"http:\/\/4.bp.blogspot.com\/-ukCH8cjCpuo\/Tfld2CmA3sI\/AAAAAAAAS5k\/L_vIEIsZ_PU\/s400\/calichesangriento.jpg","contentUrl":"http:\/\/4.bp.blogspot.com\/-ukCH8cjCpuo\/Tfld2CmA3sI\/AAAAAAAAS5k\/L_vIEIsZ_PU\/s400\/calichesangriento.jpg"},{"@type":"BreadcrumbList","@id":"https:\/\/www.fraczinet.cl\/sitio\/2011\/06\/16\/ciclo-de-cine-chileno-en-tome\/#breadcrumb","itemListElement":[{"@type":"ListItem","position":1,"name":"Portada","item":"https:\/\/www.fraczinet.cl\/sitio\/"},{"@type":"ListItem","position":2,"name":"Ciclo De Cine Chileno En Tom\u00e9"}]},{"@type":"WebSite","@id":"https:\/\/www.fraczinet.cl\/sitio\/#website","url":"https:\/\/www.fraczinet.cl\/sitio\/","name":"Nuestro Bio B\u00edo","description":"Tierra de Encuentros","publisher":{"@id":"https:\/\/www.fraczinet.cl\/sitio\/#\/schema\/person\/aec8ee4da68df2b9b0eefdad24a0d582"},"potentialAction":[{"@type":"SearchAction","target":{"@type":"EntryPoint","urlTemplate":"https:\/\/www.fraczinet.cl\/sitio\/?s={search_term_string}"},"query-input":{"@type":"PropertyValueSpecification","valueRequired":true,"valueName":"search_term_string"}}],"inLanguage":"es"},{"@type":["Person","Organization"],"@id":"https:\/\/www.fraczinet.cl\/sitio\/#\/schema\/person\/aec8ee4da68df2b9b0eefdad24a0d582","name":"Luis Fernando Fraczinet","image":{"@type":"ImageObject","inLanguage":"es","@id":"https:\/\/www.fraczinet.cl\/sitio\/#\/schema\/person\/image\/","url":"https:\/\/www.fraczinet.cl\/sitio\/wp-content\/uploads\/2021\/07\/bannerlogo-1.gif","contentUrl":"https:\/\/www.fraczinet.cl\/sitio\/wp-content\/uploads\/2021\/07\/bannerlogo-1.gif","width":159,"height":79,"caption":"Luis Fernando Fraczinet"},"logo":{"@id":"https:\/\/www.fraczinet.cl\/sitio\/#\/schema\/person\/image\/"},"sameAs":["https:\/\/www.fraczinet.cl\/sitio\/"]},{"@type":"Person","@id":"https:\/\/www.fraczinet.cl\/sitio\/#\/schema\/person\/bc30f98e9cb10ae7e119dbe14bc93784","name":"admin","image":{"@type":"ImageObject","inLanguage":"es","@id":"https:\/\/www.fraczinet.cl\/sitio\/#\/schema\/person\/image\/","url":"https:\/\/secure.gravatar.com\/avatar\/d5ad3cf7ef3b23a2bb5be73be780c86b2fc8545c3ad6b149f3913ff458c00099?s=96&d=mm&r=g","contentUrl":"https:\/\/secure.gravatar.com\/avatar\/d5ad3cf7ef3b23a2bb5be73be780c86b2fc8545c3ad6b149f3913ff458c00099?s=96&d=mm&r=g","caption":"admin"},"sameAs":["https:\/\/www.fraczinet.cl\/sitio"]}]}},"_links":{"self":[{"href":"https:\/\/www.fraczinet.cl\/sitio\/wp-json\/wp\/v2\/posts\/6206","targetHints":{"allow":["GET"]}}],"collection":[{"href":"https:\/\/www.fraczinet.cl\/sitio\/wp-json\/wp\/v2\/posts"}],"about":[{"href":"https:\/\/www.fraczinet.cl\/sitio\/wp-json\/wp\/v2\/types\/post"}],"author":[{"embeddable":true,"href":"https:\/\/www.fraczinet.cl\/sitio\/wp-json\/wp\/v2\/users\/1"}],"replies":[{"embeddable":true,"href":"https:\/\/www.fraczinet.cl\/sitio\/wp-json\/wp\/v2\/comments?post=6206"}],"version-history":[{"count":1,"href":"https:\/\/www.fraczinet.cl\/sitio\/wp-json\/wp\/v2\/posts\/6206\/revisions"}],"predecessor-version":[{"id":14328,"href":"https:\/\/www.fraczinet.cl\/sitio\/wp-json\/wp\/v2\/posts\/6206\/revisions\/14328"}],"wp:attachment":[{"href":"https:\/\/www.fraczinet.cl\/sitio\/wp-json\/wp\/v2\/media?parent=6206"}],"wp:term":[{"taxonomy":"category","embeddable":true,"href":"https:\/\/www.fraczinet.cl\/sitio\/wp-json\/wp\/v2\/categories?post=6206"},{"taxonomy":"post_tag","embeddable":true,"href":"https:\/\/www.fraczinet.cl\/sitio\/wp-json\/wp\/v2\/tags?post=6206"}],"curies":[{"name":"wp","href":"https:\/\/api.w.org\/{rel}","templated":true}]}}