{"id":6212,"date":"2011-06-14T14:59:00","date_gmt":"2011-06-14T14:59:00","guid":{"rendered":"https:\/\/www.fraczinet.cl\/sitio\/2011\/06\/14\/cuarto-encuentro-bio-bio-en-transicion-chillan\/"},"modified":"2011-06-14T14:59:00","modified_gmt":"2011-06-14T14:59:00","slug":"cuarto-encuentro-bio-bio-en-transicion-chillan","status":"publish","type":"post","link":"https:\/\/www.fraczinet.cl\/sitio\/cuarto-encuentro-bio-bio-en-transicion-chillan\/","title":{"rendered":"Cuarto Encuentro \u00abB\u00edo B\u00edo En Transici\u00f3n\u00bb &#8211; Chill\u00e1n"},"content":{"rendered":"<p>A todas las organizaciones, grupos y proyectos que actualmente se encuentran trabajando en iniciativas tales como: educaci\u00f3n ambiental, agroecolog\u00eda, permacultura, bioconstrucci\u00f3n, cuidado de la semilla, econom\u00edas alternativas, huertos urbanos, comercio justo, artesan\u00eda, energ\u00edas renovables, organizaciones comunitarias, salud alternativa y todos aquellos proyectos insertos dentro de un proceso de TRANSICI\u00d3N &#8211; desde una sociedad basada en el capital y consumo a un nuevo sistema eco-social m\u00e1s sostenible y consciente &#8211; que respete la diversidad, el medioambiente y a las personas, CONVOCAMOS A REUNIRNOS&nbsp;<\/p>\n<div><\/div>\n<div>&nbsp; <span style=\"font-weight: bold;\">Objetivos<\/span> -Conectarnos en red para potenciar el proceso de Transici\u00f3n hacia una sociedad m\u00e1s justa, sustentable y consciente.  -Generar acuerdos de colaboraci\u00f3n, cooperaci\u00f3n e integraci\u00f3n -Iniciar una acci\u00f3n colectiva para la transformaci\u00f3n eco-social de la Regi\u00f3n del Bio B\u00edo -Informar, debatir y generar propuestas en torno al Foro de Soberan\u00eda Alimentaria del Bio B\u00edo -Fomentar el Comercio justo, Trueque, Trafkintu y econom\u00edas alternativas.<\/div>\n<div><span style=\"font-weight: bold;\"><br \/><\/span><\/div>\n<div><span style=\"font-weight: bold;\">Principios b\u00e1sicos<\/span> Esta iniciativa persigue acelerar el proceso de transici\u00f3n, no tiene \u00e1nimo de lucro.  Bajo un marco de respeto e igualdad es prudente que nos re-conozcamos para formar una red de apoyo mutuo, aunar fuerzas e intenci\u00f3n, acelerando procesos a trav\u00e9s de trabajo cooperativo y coordinado, respetando el enfoque de cada uno de los proyectos.  Inicio del Encuentro: 9.00 hrs.  Programa:  9.00 &#8211; 10.00: Instalaci\u00f3n de paneles y Videos (Transici\u00f3n, Cuidado de semillas, Slow Food) 10.00 &#8211; 11.00: Exposiciones de los siguientes temas: * Transici\u00f3n * Permacultura * Soberan\u00eda Alimentaria * Obtentores vegetales * Transg\u00e9nicos * Otros 11.00 &#8211; 13.00:  Sal\u00f3n 1- Debate Sal\u00f3n 2- \u00abEcolog\u00eda hol\u00edstica, organismos y sociedades\u00bb &#8211; Ra\u00fal Mendoza \u00abSabidur\u00edas ancestrales y visi\u00f3n de comunidad\u00bb 13.00 &#8211; 13.30: S\u00edntesis y acuerdo 13.30 &#8211; 14.30: Almuerzo comunitario 14.30 &#8211; 16.00: Mate del Mundo (mesas de trabajo para generar conversaci\u00f3n, debate y propuestas) 16.00: Celebraci\u00f3n comunitaria  Paralelamente se realizar\u00e1 en el acceso del centro de Extensi\u00f3n de la U. del Bio B\u00edo una \u00abFeria Agroecol\u00f3gica, del Trueke y Trafkintu (intercambio de semillas libres)\u00bb  ** Programa sujeto a modificaciones  *** Se solicita llevar mate y termo, as\u00ed como alimentos preparados previamente para compartir un rico y saludable almuerzo comunitario (no dispondremos de cochttp:\/\/www.blogger.com\/img\/blank.gifina para preparar los alimentos all\u00ed).&nbsp;<\/div>\n<div><\/div>\n<div>&nbsp; <span style=\"font-weight: bold;\">Convocan:<\/span> Permacultura <a href=\"http:\/\/www.permaculturachillan.cl\/provincia_de_nuble\/Chillan\/\">Chillan <\/a>(<a href=\"http:\/\/www.permaculturachillan.cl\/\">www.permaculturachillan.cl<\/a>) Escuela de Psicolog\u00eda de la Universidad del Bio B\u00edo Foro de Soberan\u00eda Alimentaria del Bio B\u00edo (<a href=\"http:\/\/fosabb.bligoo.cl\/\">http:\/\/fosabb.bligoo.cl\/<\/a>) Centro Cultural K\u00fcme Mongen (<a href=\"http:\/\/centroculturalkumemongen.bloghttp\/\/www.blogger.com\/img\/blank.gifspot.com\/\">http:\/\/centroculturalkumemongen.blogspot.com\/<\/a>) Ecoescuela El Manzano (<a href=\"http:\/\/www.ecoescuela.cl\/\">www.ecoescuela.cl<\/a>\/) Manzana Verde, Permacultura Urbana (<a blank.gifhref=\"http:\/\/www.manzanaverde.org\" http:=\"\" img=\"\" www.blogger.com=\"\">www.manzanaverde.org<\/a>) Instituto Chileno de Permacultura Bioregi\u00f3n Bio B\u00edo (<a href=\"http:\/\/www.permaculturachile.org\/\">www.permaculturachile.org<\/a>) Cet Sur (<a href=\"http:\/\/www.cetsur.org\/\">www.cetsur.org<\/a>) CEDECO San Pedro de la Paz Bio B\u00edo Org\u00e1nico (<a href=\"http:\/\/www.biobioorganico.cl\/\">www.biobioorganico.cl<\/a>) Colectivo Viento Sur Escuela de Curadoras de Semillas de Quill\u00f3n \u2013 ANAMURI  En Facebook: B\u00edo B\u00edo en Transici\u00f3n Preguntas, comentarios y sugerencias: biobioentransicion@gmail.com&nbsp;<\/div>\n<p><\/p>\n","protected":false},"excerpt":{"rendered":"<p>A todas las organizaciones, grupos y proyectos que actualmente se encuentran trabajando en iniciativas tales como: educaci\u00f3n ambiental, agroecolog\u00eda, permacultura, bioconstrucci\u00f3n, cuidado de la semilla, econom\u00edas alternativas, huertos urbanos, comercio justo, artesan\u00eda, energ\u00edas renovables, organizaciones comunitarias, salud alternativa y todos aquellos proyectos insertos dentro de un proceso de TRANSICI\u00d3N &#8211; desde una sociedad basada en [&hellip;]<\/p>\n","protected":false},"author":1,"featured_media":0,"comment_status":"open","ping_status":"closed","sticky":false,"template":"","format":"standard","meta":{"footnotes":""},"categories":[196,124],"tags":[],"class_list":["post-6212","post","type-post","status-publish","format-standard","hentry","category-congresos","category-medio-ambiente"],"yoast_head":"<!-- This site is optimized with the Yoast SEO plugin v28.2 - https:\/\/yoast.com\/product\/yoast-seo-wordpress\/ -->\n<title>Cuarto Encuentro &quot;B\u00edo B\u00edo En Transici\u00f3n&quot; - Chill\u00e1n - Nuestro Bio B\u00edo<\/title>\n<meta name=\"robots\" content=\"index, follow, max-snippet:-1, max-image-preview:large, max-video-preview:-1\" \/>\n<link rel=\"canonical\" href=\"https:\/\/www.fraczinet.cl\/sitio\/cuarto-encuentro-bio-bio-en-transicion-chillan\/\" \/>\n<meta property=\"og:locale\" content=\"es_ES\" \/>\n<meta property=\"og:type\" content=\"article\" \/>\n<meta property=\"og:title\" content=\"Cuarto Encuentro &quot;B\u00edo B\u00edo En Transici\u00f3n&quot; - Chill\u00e1n - Nuestro Bio B\u00edo\" \/>\n<meta property=\"og:description\" content=\"A todas las organizaciones, grupos y proyectos que actualmente se encuentran trabajando en iniciativas tales como: educaci\u00f3n ambiental, agroecolog\u00eda, permacultura, bioconstrucci\u00f3n, cuidado de la semilla, econom\u00edas alternativas, huertos urbanos, comercio justo, artesan\u00eda, energ\u00edas renovables, organizaciones comunitarias, salud alternativa y todos aquellos proyectos insertos dentro de un proceso de TRANSICI\u00d3N &#8211; desde una sociedad basada en [&hellip;]\" \/>\n<meta property=\"og:url\" content=\"https:\/\/www.fraczinet.cl\/sitio\/cuarto-encuentro-bio-bio-en-transicion-chillan\/\" \/>\n<meta property=\"og:site_name\" content=\"Nuestro Bio B\u00edo\" \/>\n<meta property=\"article:publisher\" content=\"https:\/\/www.facebook.com\/groups\/15721414452\/\" \/>\n<meta property=\"article:published_time\" content=\"2011-06-14T14:59:00+00:00\" \/>\n<meta property=\"og:image\" content=\"https:\/\/www.fraczinet.cl\/sitio\/wp-content\/uploads\/2021\/07\/bannerlogo-1.gif\" \/>\n\t<meta property=\"og:image:width\" content=\"159\" \/>\n\t<meta property=\"og:image:height\" content=\"79\" \/>\n\t<meta property=\"og:image:type\" content=\"image\/gif\" \/>\n<meta name=\"twitter:card\" content=\"summary_large_image\" \/>\n<meta name=\"twitter:creator\" content=\"@nuestrobiobio\" \/>\n<meta name=\"twitter:site\" content=\"@nuestrobiobio\" \/>\n<meta name=\"twitter:label1\" content=\"Escrito por\" \/>\n\t<meta name=\"twitter:data1\" content=\"\" \/>\n\t<meta name=\"twitter:label2\" content=\"Tiempo de lectura\" \/>\n\t<meta name=\"twitter:data2\" content=\"2 minutos\" \/>\n<script type=\"application\/ld+json\" class=\"yoast-schema-graph\">{\"@context\":\"https:\\\/\\\/schema.org\",\"@graph\":[{\"@type\":\"Article\",\"@id\":\"https:\\\/\\\/www.fraczinet.cl\\\/sitio\\\/cuarto-encuentro-bio-bio-en-transicion-chillan\\\/#article\",\"isPartOf\":{\"@id\":\"https:\\\/\\\/www.fraczinet.cl\\\/sitio\\\/cuarto-encuentro-bio-bio-en-transicion-chillan\\\/\"},\"author\":{\"name\":\"\",\"@id\":\"\"},\"headline\":\"Cuarto Encuentro \u00abB\u00edo B\u00edo En Transici\u00f3n\u00bb &#8211; Chill\u00e1n\",\"datePublished\":\"2011-06-14T14:59:00+00:00\",\"mainEntityOfPage\":{\"@id\":\"https:\\\/\\\/www.fraczinet.cl\\\/sitio\\\/cuarto-encuentro-bio-bio-en-transicion-chillan\\\/\"},\"wordCount\":509,\"commentCount\":0,\"articleSection\":[\"Congresos\",\"Medio Ambiente\"],\"inLanguage\":\"es\",\"potentialAction\":[{\"@type\":\"CommentAction\",\"name\":\"Comment\",\"target\":[\"https:\\\/\\\/www.fraczinet.cl\\\/sitio\\\/cuarto-encuentro-bio-bio-en-transicion-chillan\\\/#respond\"]}]},{\"@type\":\"WebPage\",\"@id\":\"https:\\\/\\\/www.fraczinet.cl\\\/sitio\\\/cuarto-encuentro-bio-bio-en-transicion-chillan\\\/\",\"url\":\"https:\\\/\\\/www.fraczinet.cl\\\/sitio\\\/cuarto-encuentro-bio-bio-en-transicion-chillan\\\/\",\"name\":\"Cuarto Encuentro \\\"B\u00edo B\u00edo En Transici\u00f3n\\\" - Chill\u00e1n - Nuestro Bio B\u00edo\",\"isPartOf\":{\"@id\":\"https:\\\/\\\/www.fraczinet.cl\\\/sitio\\\/#website\"},\"datePublished\":\"2011-06-14T14:59:00+00:00\",\"author\":{\"@id\":\"\"},\"breadcrumb\":{\"@id\":\"https:\\\/\\\/www.fraczinet.cl\\\/sitio\\\/cuarto-encuentro-bio-bio-en-transicion-chillan\\\/#breadcrumb\"},\"inLanguage\":\"es\",\"potentialAction\":[{\"@type\":\"ReadAction\",\"target\":[\"https:\\\/\\\/www.fraczinet.cl\\\/sitio\\\/cuarto-encuentro-bio-bio-en-transicion-chillan\\\/\"]}]},{\"@type\":\"BreadcrumbList\",\"@id\":\"https:\\\/\\\/www.fraczinet.cl\\\/sitio\\\/cuarto-encuentro-bio-bio-en-transicion-chillan\\\/#breadcrumb\",\"itemListElement\":[{\"@type\":\"ListItem\",\"position\":1,\"name\":\"Portada\",\"item\":\"https:\\\/\\\/www.fraczinet.cl\\\/sitio\\\/\"},{\"@type\":\"ListItem\",\"position\":2,\"name\":\"Cuarto Encuentro \u00abB\u00edo B\u00edo En Transici\u00f3n\u00bb &#8211; Chill\u00e1n\"}]},{\"@type\":\"WebSite\",\"@id\":\"https:\\\/\\\/www.fraczinet.cl\\\/sitio\\\/#website\",\"url\":\"https:\\\/\\\/www.fraczinet.cl\\\/sitio\\\/\",\"name\":\"Nuestro Bio B\u00edo\",\"description\":\"Tierra de Encuentros\",\"potentialAction\":[{\"@type\":\"SearchAction\",\"target\":{\"@type\":\"EntryPoint\",\"urlTemplate\":\"https:\\\/\\\/www.fraczinet.cl\\\/sitio\\\/?s={search_term_string}\"},\"query-input\":{\"@type\":\"PropertyValueSpecification\",\"valueRequired\":true,\"valueName\":\"search_term_string\"}}],\"inLanguage\":\"es\"},{\"@type\":\"Person\",\"@id\":\"\"}]}<\/script>\n<!-- \/ Yoast SEO plugin. -->","yoast_head_json":{"title":"Cuarto Encuentro \"B\u00edo B\u00edo En Transici\u00f3n\" - Chill\u00e1n - Nuestro Bio B\u00edo","robots":{"index":"index","follow":"follow","max-snippet":"max-snippet:-1","max-image-preview":"max-image-preview:large","max-video-preview":"max-video-preview:-1"},"canonical":"https:\/\/www.fraczinet.cl\/sitio\/cuarto-encuentro-bio-bio-en-transicion-chillan\/","og_locale":"es_ES","og_type":"article","og_title":"Cuarto Encuentro \"B\u00edo B\u00edo En Transici\u00f3n\" - Chill\u00e1n - Nuestro Bio B\u00edo","og_description":"A todas las organizaciones, grupos y proyectos que actualmente se encuentran trabajando en iniciativas tales como: educaci\u00f3n ambiental, agroecolog\u00eda, permacultura, bioconstrucci\u00f3n, cuidado de la semilla, econom\u00edas alternativas, huertos urbanos, comercio justo, artesan\u00eda, energ\u00edas renovables, organizaciones comunitarias, salud alternativa y todos aquellos proyectos insertos dentro de un proceso de TRANSICI\u00d3N &#8211; desde una sociedad basada en [&hellip;]","og_url":"https:\/\/www.fraczinet.cl\/sitio\/cuarto-encuentro-bio-bio-en-transicion-chillan\/","og_site_name":"Nuestro Bio B\u00edo","article_publisher":"https:\/\/www.facebook.com\/groups\/15721414452\/","article_published_time":"2011-06-14T14:59:00+00:00","og_image":[{"width":159,"height":79,"url":"https:\/\/www.fraczinet.cl\/sitio\/wp-content\/uploads\/2021\/07\/bannerlogo-1.gif","type":"image\/gif"}],"twitter_card":"summary_large_image","twitter_creator":"@nuestrobiobio","twitter_site":"@nuestrobiobio","twitter_misc":{"Escrito por":"","Tiempo de lectura":"2 minutos"},"schema":{"@context":"https:\/\/schema.org","@graph":[{"@type":"Article","@id":"https:\/\/www.fraczinet.cl\/sitio\/cuarto-encuentro-bio-bio-en-transicion-chillan\/#article","isPartOf":{"@id":"https:\/\/www.fraczinet.cl\/sitio\/cuarto-encuentro-bio-bio-en-transicion-chillan\/"},"author":{"name":"","@id":""},"headline":"Cuarto Encuentro \u00abB\u00edo B\u00edo En Transici\u00f3n\u00bb &#8211; Chill\u00e1n","datePublished":"2011-06-14T14:59:00+00:00","mainEntityOfPage":{"@id":"https:\/\/www.fraczinet.cl\/sitio\/cuarto-encuentro-bio-bio-en-transicion-chillan\/"},"wordCount":509,"commentCount":0,"articleSection":["Congresos","Medio Ambiente"],"inLanguage":"es","potentialAction":[{"@type":"CommentAction","name":"Comment","target":["https:\/\/www.fraczinet.cl\/sitio\/cuarto-encuentro-bio-bio-en-transicion-chillan\/#respond"]}]},{"@type":"WebPage","@id":"https:\/\/www.fraczinet.cl\/sitio\/cuarto-encuentro-bio-bio-en-transicion-chillan\/","url":"https:\/\/www.fraczinet.cl\/sitio\/cuarto-encuentro-bio-bio-en-transicion-chillan\/","name":"Cuarto Encuentro \"B\u00edo B\u00edo En Transici\u00f3n\" - Chill\u00e1n - Nuestro Bio B\u00edo","isPartOf":{"@id":"https:\/\/www.fraczinet.cl\/sitio\/#website"},"datePublished":"2011-06-14T14:59:00+00:00","author":{"@id":""},"breadcrumb":{"@id":"https:\/\/www.fraczinet.cl\/sitio\/cuarto-encuentro-bio-bio-en-transicion-chillan\/#breadcrumb"},"inLanguage":"es","potentialAction":[{"@type":"ReadAction","target":["https:\/\/www.fraczinet.cl\/sitio\/cuarto-encuentro-bio-bio-en-transicion-chillan\/"]}]},{"@type":"BreadcrumbList","@id":"https:\/\/www.fraczinet.cl\/sitio\/cuarto-encuentro-bio-bio-en-transicion-chillan\/#breadcrumb","itemListElement":[{"@type":"ListItem","position":1,"name":"Portada","item":"https:\/\/www.fraczinet.cl\/sitio\/"},{"@type":"ListItem","position":2,"name":"Cuarto Encuentro \u00abB\u00edo B\u00edo En Transici\u00f3n\u00bb &#8211; Chill\u00e1n"}]},{"@type":"WebSite","@id":"https:\/\/www.fraczinet.cl\/sitio\/#website","url":"https:\/\/www.fraczinet.cl\/sitio\/","name":"Nuestro Bio B\u00edo","description":"Tierra de Encuentros","potentialAction":[{"@type":"SearchAction","target":{"@type":"EntryPoint","urlTemplate":"https:\/\/www.fraczinet.cl\/sitio\/?s={search_term_string}"},"query-input":{"@type":"PropertyValueSpecification","valueRequired":true,"valueName":"search_term_string"}}],"inLanguage":"es"},{"@type":"Person","@id":""}]}},"_links":{"self":[{"href":"https:\/\/www.fraczinet.cl\/sitio\/wp-json\/wp\/v2\/posts\/6212","targetHints":{"allow":["GET"]}}],"collection":[{"href":"https:\/\/www.fraczinet.cl\/sitio\/wp-json\/wp\/v2\/posts"}],"about":[{"href":"https:\/\/www.fraczinet.cl\/sitio\/wp-json\/wp\/v2\/types\/post"}],"author":[{"embeddable":true,"href":"https:\/\/www.fraczinet.cl\/sitio\/wp-json\/wp\/v2\/users\/1"}],"replies":[{"embeddable":true,"href":"https:\/\/www.fraczinet.cl\/sitio\/wp-json\/wp\/v2\/comments?post=6212"}],"version-history":[{"count":0,"href":"https:\/\/www.fraczinet.cl\/sitio\/wp-json\/wp\/v2\/posts\/6212\/revisions"}],"wp:attachment":[{"href":"https:\/\/www.fraczinet.cl\/sitio\/wp-json\/wp\/v2\/media?parent=6212"}],"wp:term":[{"taxonomy":"category","embeddable":true,"href":"https:\/\/www.fraczinet.cl\/sitio\/wp-json\/wp\/v2\/categories?post=6212"},{"taxonomy":"post_tag","embeddable":true,"href":"https:\/\/www.fraczinet.cl\/sitio\/wp-json\/wp\/v2\/tags?post=6212"}],"curies":[{"name":"wp","href":"https:\/\/api.w.org\/{rel}","templated":true}]}}