{"id":6215,"date":"2011-06-13T23:30:00","date_gmt":"2011-06-13T23:30:00","guid":{"rendered":"https:\/\/www.fraczinet.cl\/sitio\/2011\/06\/13\/no-es-falta-de-energia-es-falta-de-voluntad\/"},"modified":"2022-09-25T23:50:34","modified_gmt":"2022-09-25T23:50:34","slug":"no-es-falta-de-energia-es-falta-de-voluntad","status":"publish","type":"post","link":"https:\/\/www.fraczinet.cl\/sitio\/no-es-falta-de-energia-es-falta-de-voluntad\/","title":{"rendered":"No Es Falta De Energ\u00eda, Es Falta De Voluntad"},"content":{"rendered":"<p><iframe title=\"No es falta de energ\u00eda,es falta de voluntad\" width=\"640\" height=\"360\" src=\"https:\/\/www.youtube.com\/embed\/iyxqVEr2Scs?feature=oembed\" frameborder=\"0\" allow=\"accelerometer; autoplay; clipboard-write; encrypted-media; gyroscope; picture-in-picture; web-share\" referrerpolicy=\"strict-origin-when-cross-origin\" allowfullscreen><\/iframe><\/p>\n<p>\u00abPor un pa\u00eds sin carb\u00f3n en sus industrias. No a las termoel\u00e9ctricas a base de carb\u00f3n y no a las minas a cielo abierto en Isla Riesco\u00bb&#8230;Cuidemos nuestro ambiente y la salud de todos\u00bb&#8230;Salvemos a este pa\u00eds&#8230;<\/p>\n","protected":false},"excerpt":{"rendered":"<p>\u00abPor un pa\u00eds sin carb\u00f3n en sus industrias. No a las termoel\u00e9ctricas a base de carb\u00f3n y no a las minas a cielo abierto en Isla Riesco\u00bb&#8230;Cuidemos nuestro ambiente y la salud de todos\u00bb&#8230;Salvemos a este pa\u00eds&#8230;<\/p>\n","protected":false},"author":1,"featured_media":6400,"comment_status":"open","ping_status":"closed","sticky":false,"template":"","format":"standard","meta":{"footnotes":""},"categories":[159,124,141,41],"tags":[],"class_list":["post-6215","post","type-post","status-publish","format-standard","has-post-thumbnail","hentry","category-contaminacion","category-medio-ambiente","category-termoelectricas","category-videos"],"yoast_head":"<!-- This site is optimized with the Yoast SEO plugin v28.2 - https:\/\/yoast.com\/product\/yoast-seo-wordpress\/ -->\n<title>No Es Falta De Energ\u00eda, Es Falta De Voluntad - Nuestro Bio B\u00edo<\/title>\n<meta name=\"robots\" content=\"index, follow, max-snippet:-1, max-image-preview:large, max-video-preview:-1\" \/>\n<link rel=\"canonical\" href=\"https:\/\/www.fraczinet.cl\/sitio\/no-es-falta-de-energia-es-falta-de-voluntad\/\" \/>\n<meta property=\"og:locale\" content=\"es_ES\" \/>\n<meta property=\"og:type\" content=\"article\" \/>\n<meta property=\"og:title\" content=\"No Es Falta De Energ\u00eda, Es Falta De Voluntad - Nuestro Bio B\u00edo\" \/>\n<meta property=\"og:description\" content=\"\u00abPor un pa\u00eds sin carb\u00f3n en sus industrias. No a las termoel\u00e9ctricas a base de carb\u00f3n y no a las minas a cielo abierto en Isla Riesco\u00bb&#8230;Cuidemos nuestro ambiente y la salud de todos\u00bb&#8230;Salvemos a este pa\u00eds&#8230;\" \/>\n<meta property=\"og:url\" content=\"https:\/\/www.fraczinet.cl\/sitio\/no-es-falta-de-energia-es-falta-de-voluntad\/\" \/>\n<meta property=\"og:site_name\" content=\"Nuestro Bio B\u00edo\" \/>\n<meta property=\"article:publisher\" content=\"https:\/\/www.facebook.com\/groups\/15721414452\/\" \/>\n<meta property=\"article:published_time\" content=\"2011-06-13T23:30:00+00:00\" \/>\n<meta property=\"article:modified_time\" content=\"2022-09-25T23:50:34+00:00\" \/>\n<meta property=\"og:image\" content=\"https:\/\/www.fraczinet.cl\/sitio\/wp-content\/uploads\/2021\/09\/Termoelectricas-de-Coronel.jpg\" \/>\n\t<meta property=\"og:image:width\" content=\"320\" \/>\n\t<meta property=\"og:image:height\" content=\"215\" \/>\n\t<meta property=\"og:image:type\" content=\"image\/jpeg\" \/>\n<meta name=\"twitter:card\" content=\"summary_large_image\" \/>\n<meta name=\"twitter:creator\" content=\"@nuestrobiobio\" \/>\n<meta name=\"twitter:site\" content=\"@nuestrobiobio\" \/>\n<meta name=\"twitter:label1\" content=\"Escrito por\" \/>\n\t<meta name=\"twitter:data1\" content=\"\" \/>\n<script type=\"application\/ld+json\" class=\"yoast-schema-graph\">{\"@context\":\"https:\\\/\\\/schema.org\",\"@graph\":[{\"@type\":\"Article\",\"@id\":\"https:\\\/\\\/www.fraczinet.cl\\\/sitio\\\/no-es-falta-de-energia-es-falta-de-voluntad\\\/#article\",\"isPartOf\":{\"@id\":\"https:\\\/\\\/www.fraczinet.cl\\\/sitio\\\/no-es-falta-de-energia-es-falta-de-voluntad\\\/\"},\"author\":{\"name\":\"\",\"@id\":\"\"},\"headline\":\"No Es Falta De Energ\u00eda, Es Falta De Voluntad\",\"datePublished\":\"2011-06-13T23:30:00+00:00\",\"dateModified\":\"2022-09-25T23:50:34+00:00\",\"mainEntityOfPage\":{\"@id\":\"https:\\\/\\\/www.fraczinet.cl\\\/sitio\\\/no-es-falta-de-energia-es-falta-de-voluntad\\\/\"},\"wordCount\":64,\"commentCount\":0,\"image\":{\"@id\":\"https:\\\/\\\/www.fraczinet.cl\\\/sitio\\\/no-es-falta-de-energia-es-falta-de-voluntad\\\/#primaryimage\"},\"thumbnailUrl\":\"https:\\\/\\\/www.fraczinet.cl\\\/sitio\\\/wp-content\\\/uploads\\\/2021\\\/09\\\/Termoelectricas-de-Coronel.jpg\",\"articleSection\":[\"Contaminaci\u00f3n\",\"Medio Ambiente\",\"Termoel\u00e9ctricas\",\"Videos\"],\"inLanguage\":\"es\",\"potentialAction\":[{\"@type\":\"CommentAction\",\"name\":\"Comment\",\"target\":[\"https:\\\/\\\/www.fraczinet.cl\\\/sitio\\\/no-es-falta-de-energia-es-falta-de-voluntad\\\/#respond\"]}]},{\"@type\":\"WebPage\",\"@id\":\"https:\\\/\\\/www.fraczinet.cl\\\/sitio\\\/no-es-falta-de-energia-es-falta-de-voluntad\\\/\",\"url\":\"https:\\\/\\\/www.fraczinet.cl\\\/sitio\\\/no-es-falta-de-energia-es-falta-de-voluntad\\\/\",\"name\":\"No Es Falta De Energ\u00eda, Es Falta De Voluntad - Nuestro Bio B\u00edo\",\"isPartOf\":{\"@id\":\"https:\\\/\\\/www.fraczinet.cl\\\/sitio\\\/#website\"},\"primaryImageOfPage\":{\"@id\":\"https:\\\/\\\/www.fraczinet.cl\\\/sitio\\\/no-es-falta-de-energia-es-falta-de-voluntad\\\/#primaryimage\"},\"image\":{\"@id\":\"https:\\\/\\\/www.fraczinet.cl\\\/sitio\\\/no-es-falta-de-energia-es-falta-de-voluntad\\\/#primaryimage\"},\"thumbnailUrl\":\"https:\\\/\\\/www.fraczinet.cl\\\/sitio\\\/wp-content\\\/uploads\\\/2021\\\/09\\\/Termoelectricas-de-Coronel.jpg\",\"datePublished\":\"2011-06-13T23:30:00+00:00\",\"dateModified\":\"2022-09-25T23:50:34+00:00\",\"author\":{\"@id\":\"\"},\"breadcrumb\":{\"@id\":\"https:\\\/\\\/www.fraczinet.cl\\\/sitio\\\/no-es-falta-de-energia-es-falta-de-voluntad\\\/#breadcrumb\"},\"inLanguage\":\"es\",\"potentialAction\":[{\"@type\":\"ReadAction\",\"target\":[\"https:\\\/\\\/www.fraczinet.cl\\\/sitio\\\/no-es-falta-de-energia-es-falta-de-voluntad\\\/\"]}]},{\"@type\":\"ImageObject\",\"inLanguage\":\"es\",\"@id\":\"https:\\\/\\\/www.fraczinet.cl\\\/sitio\\\/no-es-falta-de-energia-es-falta-de-voluntad\\\/#primaryimage\",\"url\":\"https:\\\/\\\/www.fraczinet.cl\\\/sitio\\\/wp-content\\\/uploads\\\/2021\\\/09\\\/Termoelectricas-de-Coronel.jpg\",\"contentUrl\":\"https:\\\/\\\/www.fraczinet.cl\\\/sitio\\\/wp-content\\\/uploads\\\/2021\\\/09\\\/Termoelectricas-de-Coronel.jpg\",\"width\":320,\"height\":215},{\"@type\":\"BreadcrumbList\",\"@id\":\"https:\\\/\\\/www.fraczinet.cl\\\/sitio\\\/no-es-falta-de-energia-es-falta-de-voluntad\\\/#breadcrumb\",\"itemListElement\":[{\"@type\":\"ListItem\",\"position\":1,\"name\":\"Portada\",\"item\":\"https:\\\/\\\/www.fraczinet.cl\\\/sitio\\\/\"},{\"@type\":\"ListItem\",\"position\":2,\"name\":\"No Es Falta De Energ\u00eda, Es Falta De Voluntad\"}]},{\"@type\":\"WebSite\",\"@id\":\"https:\\\/\\\/www.fraczinet.cl\\\/sitio\\\/#website\",\"url\":\"https:\\\/\\\/www.fraczinet.cl\\\/sitio\\\/\",\"name\":\"Nuestro Bio B\u00edo\",\"description\":\"Tierra de Encuentros\",\"potentialAction\":[{\"@type\":\"SearchAction\",\"target\":{\"@type\":\"EntryPoint\",\"urlTemplate\":\"https:\\\/\\\/www.fraczinet.cl\\\/sitio\\\/?s={search_term_string}\"},\"query-input\":{\"@type\":\"PropertyValueSpecification\",\"valueRequired\":true,\"valueName\":\"search_term_string\"}}],\"inLanguage\":\"es\"},{\"@type\":\"Person\",\"@id\":\"\"}]}<\/script>\n<!-- \/ Yoast SEO plugin. -->","yoast_head_json":{"title":"No Es Falta De Energ\u00eda, Es Falta De Voluntad - Nuestro Bio B\u00edo","robots":{"index":"index","follow":"follow","max-snippet":"max-snippet:-1","max-image-preview":"max-image-preview:large","max-video-preview":"max-video-preview:-1"},"canonical":"https:\/\/www.fraczinet.cl\/sitio\/no-es-falta-de-energia-es-falta-de-voluntad\/","og_locale":"es_ES","og_type":"article","og_title":"No Es Falta De Energ\u00eda, Es Falta De Voluntad - Nuestro Bio B\u00edo","og_description":"\u00abPor un pa\u00eds sin carb\u00f3n en sus industrias. No a las termoel\u00e9ctricas a base de carb\u00f3n y no a las minas a cielo abierto en Isla Riesco\u00bb&#8230;Cuidemos nuestro ambiente y la salud de todos\u00bb&#8230;Salvemos a este pa\u00eds&#8230;","og_url":"https:\/\/www.fraczinet.cl\/sitio\/no-es-falta-de-energia-es-falta-de-voluntad\/","og_site_name":"Nuestro Bio B\u00edo","article_publisher":"https:\/\/www.facebook.com\/groups\/15721414452\/","article_published_time":"2011-06-13T23:30:00+00:00","article_modified_time":"2022-09-25T23:50:34+00:00","og_image":[{"width":320,"height":215,"url":"https:\/\/www.fraczinet.cl\/sitio\/wp-content\/uploads\/2021\/09\/Termoelectricas-de-Coronel.jpg","type":"image\/jpeg"}],"twitter_card":"summary_large_image","twitter_creator":"@nuestrobiobio","twitter_site":"@nuestrobiobio","twitter_misc":{"Escrito por":""},"schema":{"@context":"https:\/\/schema.org","@graph":[{"@type":"Article","@id":"https:\/\/www.fraczinet.cl\/sitio\/no-es-falta-de-energia-es-falta-de-voluntad\/#article","isPartOf":{"@id":"https:\/\/www.fraczinet.cl\/sitio\/no-es-falta-de-energia-es-falta-de-voluntad\/"},"author":{"name":"","@id":""},"headline":"No Es Falta De Energ\u00eda, Es Falta De Voluntad","datePublished":"2011-06-13T23:30:00+00:00","dateModified":"2022-09-25T23:50:34+00:00","mainEntityOfPage":{"@id":"https:\/\/www.fraczinet.cl\/sitio\/no-es-falta-de-energia-es-falta-de-voluntad\/"},"wordCount":64,"commentCount":0,"image":{"@id":"https:\/\/www.fraczinet.cl\/sitio\/no-es-falta-de-energia-es-falta-de-voluntad\/#primaryimage"},"thumbnailUrl":"https:\/\/www.fraczinet.cl\/sitio\/wp-content\/uploads\/2021\/09\/Termoelectricas-de-Coronel.jpg","articleSection":["Contaminaci\u00f3n","Medio Ambiente","Termoel\u00e9ctricas","Videos"],"inLanguage":"es","potentialAction":[{"@type":"CommentAction","name":"Comment","target":["https:\/\/www.fraczinet.cl\/sitio\/no-es-falta-de-energia-es-falta-de-voluntad\/#respond"]}]},{"@type":"WebPage","@id":"https:\/\/www.fraczinet.cl\/sitio\/no-es-falta-de-energia-es-falta-de-voluntad\/","url":"https:\/\/www.fraczinet.cl\/sitio\/no-es-falta-de-energia-es-falta-de-voluntad\/","name":"No Es Falta De Energ\u00eda, Es Falta De Voluntad - Nuestro Bio B\u00edo","isPartOf":{"@id":"https:\/\/www.fraczinet.cl\/sitio\/#website"},"primaryImageOfPage":{"@id":"https:\/\/www.fraczinet.cl\/sitio\/no-es-falta-de-energia-es-falta-de-voluntad\/#primaryimage"},"image":{"@id":"https:\/\/www.fraczinet.cl\/sitio\/no-es-falta-de-energia-es-falta-de-voluntad\/#primaryimage"},"thumbnailUrl":"https:\/\/www.fraczinet.cl\/sitio\/wp-content\/uploads\/2021\/09\/Termoelectricas-de-Coronel.jpg","datePublished":"2011-06-13T23:30:00+00:00","dateModified":"2022-09-25T23:50:34+00:00","author":{"@id":""},"breadcrumb":{"@id":"https:\/\/www.fraczinet.cl\/sitio\/no-es-falta-de-energia-es-falta-de-voluntad\/#breadcrumb"},"inLanguage":"es","potentialAction":[{"@type":"ReadAction","target":["https:\/\/www.fraczinet.cl\/sitio\/no-es-falta-de-energia-es-falta-de-voluntad\/"]}]},{"@type":"ImageObject","inLanguage":"es","@id":"https:\/\/www.fraczinet.cl\/sitio\/no-es-falta-de-energia-es-falta-de-voluntad\/#primaryimage","url":"https:\/\/www.fraczinet.cl\/sitio\/wp-content\/uploads\/2021\/09\/Termoelectricas-de-Coronel.jpg","contentUrl":"https:\/\/www.fraczinet.cl\/sitio\/wp-content\/uploads\/2021\/09\/Termoelectricas-de-Coronel.jpg","width":320,"height":215},{"@type":"BreadcrumbList","@id":"https:\/\/www.fraczinet.cl\/sitio\/no-es-falta-de-energia-es-falta-de-voluntad\/#breadcrumb","itemListElement":[{"@type":"ListItem","position":1,"name":"Portada","item":"https:\/\/www.fraczinet.cl\/sitio\/"},{"@type":"ListItem","position":2,"name":"No Es Falta De Energ\u00eda, Es Falta De Voluntad"}]},{"@type":"WebSite","@id":"https:\/\/www.fraczinet.cl\/sitio\/#website","url":"https:\/\/www.fraczinet.cl\/sitio\/","name":"Nuestro Bio B\u00edo","description":"Tierra de Encuentros","potentialAction":[{"@type":"SearchAction","target":{"@type":"EntryPoint","urlTemplate":"https:\/\/www.fraczinet.cl\/sitio\/?s={search_term_string}"},"query-input":{"@type":"PropertyValueSpecification","valueRequired":true,"valueName":"search_term_string"}}],"inLanguage":"es"},{"@type":"Person","@id":""}]}},"_links":{"self":[{"href":"https:\/\/www.fraczinet.cl\/sitio\/wp-json\/wp\/v2\/posts\/6215","targetHints":{"allow":["GET"]}}],"collection":[{"href":"https:\/\/www.fraczinet.cl\/sitio\/wp-json\/wp\/v2\/posts"}],"about":[{"href":"https:\/\/www.fraczinet.cl\/sitio\/wp-json\/wp\/v2\/types\/post"}],"author":[{"embeddable":true,"href":"https:\/\/www.fraczinet.cl\/sitio\/wp-json\/wp\/v2\/users\/1"}],"replies":[{"embeddable":true,"href":"https:\/\/www.fraczinet.cl\/sitio\/wp-json\/wp\/v2\/comments?post=6215"}],"version-history":[{"count":2,"href":"https:\/\/www.fraczinet.cl\/sitio\/wp-json\/wp\/v2\/posts\/6215\/revisions"}],"predecessor-version":[{"id":13418,"href":"https:\/\/www.fraczinet.cl\/sitio\/wp-json\/wp\/v2\/posts\/6215\/revisions\/13418"}],"wp:featuredmedia":[{"embeddable":true,"href":"https:\/\/www.fraczinet.cl\/sitio\/wp-json\/wp\/v2\/media\/6400"}],"wp:attachment":[{"href":"https:\/\/www.fraczinet.cl\/sitio\/wp-json\/wp\/v2\/media?parent=6215"}],"wp:term":[{"taxonomy":"category","embeddable":true,"href":"https:\/\/www.fraczinet.cl\/sitio\/wp-json\/wp\/v2\/categories?post=6215"},{"taxonomy":"post_tag","embeddable":true,"href":"https:\/\/www.fraczinet.cl\/sitio\/wp-json\/wp\/v2\/tags?post=6215"}],"curies":[{"name":"wp","href":"https:\/\/api.w.org\/{rel}","templated":true}]}}