{"id":6218,"date":"2011-06-12T22:04:00","date_gmt":"2011-06-12T22:04:00","guid":{"rendered":"https:\/\/www.fraczinet.cl\/sitio\/2011\/06\/12\/xviii-festival-folclorico-estudiantil-de-punta-arenas\/"},"modified":"2022-09-25T23:53:35","modified_gmt":"2022-09-25T23:53:35","slug":"xviii-festival-folclorico-estudiantil-de-punta-arenas","status":"publish","type":"post","link":"https:\/\/www.fraczinet.cl\/sitio\/xviii-festival-folclorico-estudiantil-de-punta-arenas\/","title":{"rendered":"XVIII Festival Folcl\u00f3rico Estudiantil De Punta Arenas"},"content":{"rendered":"<p>Con la idea de ser siempre un \u201csemillero\u201d de los futuros talentos en la m\u00fasica folcl\u00f3rica, este a\u00f1o se vuelve a realizar el Festival Folcl\u00f3rico Estudiantil en la ciudad de Punta Arenas, cuya XVIII versi\u00f3n se realizar\u00e1 el 22, 23 y 24 de junio en el gimnasio del Liceo Luis Alberto Barrera.<\/p>\n<p>As\u00ed fue anunciado en la presentaci\u00f3n oficial del certamen, organizado por la Corporaci\u00f3n Municipal de Punta Arenas y por su Departamento de Educaci\u00f3n Extraescolar.<\/p>\n<p>Se abri\u00f3 la inscripci\u00f3n para todos los ni\u00f1os y j\u00f3venes que deseen participar, en este caso, alumnos regulares de ense\u00f1anza b\u00e1sica y media de colegios municipalizados, subvencionados y particulares de Punta Arenas.<\/p>\n<p>La competencia se divide en los g\u00e9neros interpretativo ense\u00f1anza b\u00e1sica de primero a cuarto b\u00e1sico con grupos hasta 10 integrantes; interpretativo ense\u00f1anza b\u00e1sica de quinto a octavo b\u00e1sico con grupos hasta seis integrantes; interpretativo educaci\u00f3n media de primero a cuarto medio con grupos hasta seis integrantes; e in\u00e9dito educaci\u00f3n media, con solistas o grupos de hasta seis integrantes.<\/p>\n<p>Tanto para el g\u00e9nero in\u00e9dito como el interpretativo, las canciones a defender deben estar basadas en la cultura regional de Magallanes y de otras regiones de Chile, con ritmos tradicionales como cuecas, tonadas, valses, polkas, corridos, guarachas, trotes y cachimbas, entre otros.<\/p>\n<p>Las inscripciones se cerrar\u00e1n el mi\u00e9rcoles 8 de junio y se deben entregar en la Coordinaci\u00f3n Comunal de Educaci\u00f3n Extraescolar (Jos\u00e9 Men\u00e9ndez 741, segundo piso) y las consultas se pueden hacer all\u00ed o al fono 613494 o a los emails areagestion.extraescolar@cormupa.cl y esparza@cormupa.cl<\/p>\n<p>Se har\u00e1 una pre selecci\u00f3n de las canciones inscritas con una audici\u00f3n en vivo el viernes 10 y s\u00e1bado 11 de junio, entreg\u00e1ndose el mi\u00e9rcoles 15 la n\u00f3mina final con los clasificados al festival, con 12 temas por cada categor\u00eda.<\/p>\n<p>El XVIII Festival se desarrollar\u00e1 en el gimnasio del Liceo a partir de las 18 horas en cada jornada y con entrada gratuita.<\/p>\n","protected":false},"excerpt":{"rendered":"<p>Con la idea de ser siempre un \u201csemillero\u201d de los futuros talentos en la m\u00fasica folcl\u00f3rica, este a\u00f1o se vuelve a realizar el Festival Folcl\u00f3rico Estudiantil en la ciudad de Punta Arenas, cuya XVIII versi\u00f3n se realizar\u00e1 el 22, 23 y 24 de junio en el gimnasio del Liceo Luis Alberto Barrera. As\u00ed fue anunciado [&hellip;]<\/p>\n","protected":false},"author":1,"featured_media":12871,"comment_status":"open","ping_status":"closed","sticky":false,"template":"","format":"standard","meta":{"footnotes":""},"categories":[213],"tags":[],"class_list":["post-6218","post","type-post","status-publish","format-standard","has-post-thumbnail","hentry","category-festivales"],"yoast_head":"<!-- This site is optimized with the Yoast SEO plugin v28.2 - https:\/\/yoast.com\/product\/yoast-seo-wordpress\/ -->\n<title>XVIII Festival Folcl\u00f3rico Estudiantil De Punta Arenas - Nuestro Bio B\u00edo<\/title>\n<meta name=\"robots\" content=\"index, follow, max-snippet:-1, max-image-preview:large, max-video-preview:-1\" \/>\n<link rel=\"canonical\" href=\"https:\/\/www.fraczinet.cl\/sitio\/xviii-festival-folclorico-estudiantil-de-punta-arenas\/\" \/>\n<meta property=\"og:locale\" content=\"es_ES\" \/>\n<meta property=\"og:type\" content=\"article\" \/>\n<meta property=\"og:title\" content=\"XVIII Festival Folcl\u00f3rico Estudiantil De Punta Arenas - Nuestro Bio B\u00edo\" \/>\n<meta property=\"og:description\" content=\"Con la idea de ser siempre un \u201csemillero\u201d de los futuros talentos en la m\u00fasica folcl\u00f3rica, este a\u00f1o se vuelve a realizar el Festival Folcl\u00f3rico Estudiantil en la ciudad de Punta Arenas, cuya XVIII versi\u00f3n se realizar\u00e1 el 22, 23 y 24 de junio en el gimnasio del Liceo Luis Alberto Barrera. As\u00ed fue anunciado [&hellip;]\" \/>\n<meta property=\"og:url\" content=\"https:\/\/www.fraczinet.cl\/sitio\/xviii-festival-folclorico-estudiantil-de-punta-arenas\/\" \/>\n<meta property=\"og:site_name\" content=\"Nuestro Bio B\u00edo\" \/>\n<meta property=\"article:publisher\" content=\"https:\/\/www.facebook.com\/groups\/15721414452\/\" \/>\n<meta property=\"article:published_time\" content=\"2011-06-12T22:04:00+00:00\" \/>\n<meta property=\"article:modified_time\" content=\"2022-09-25T23:53:35+00:00\" \/>\n<meta property=\"og:image\" content=\"https:\/\/www.fraczinet.cl\/sitio\/wp-content\/uploads\/2009\/02\/Festival-de-la-duena-de-casa2.jpg\" \/>\n\t<meta property=\"og:image:width\" content=\"259\" \/>\n\t<meta property=\"og:image:height\" content=\"194\" \/>\n\t<meta property=\"og:image:type\" content=\"image\/jpeg\" \/>\n<meta name=\"twitter:card\" content=\"summary_large_image\" \/>\n<meta name=\"twitter:creator\" content=\"@nuestrobiobio\" \/>\n<meta name=\"twitter:site\" content=\"@nuestrobiobio\" \/>\n<meta name=\"twitter:label1\" content=\"Escrito por\" \/>\n\t<meta name=\"twitter:data1\" content=\"\" \/>\n\t<meta name=\"twitter:label2\" content=\"Tiempo de lectura\" \/>\n\t<meta name=\"twitter:data2\" content=\"2 minutos\" \/>\n<script type=\"application\/ld+json\" class=\"yoast-schema-graph\">{\"@context\":\"https:\\\/\\\/schema.org\",\"@graph\":[{\"@type\":\"Article\",\"@id\":\"https:\\\/\\\/www.fraczinet.cl\\\/sitio\\\/xviii-festival-folclorico-estudiantil-de-punta-arenas\\\/#article\",\"isPartOf\":{\"@id\":\"https:\\\/\\\/www.fraczinet.cl\\\/sitio\\\/xviii-festival-folclorico-estudiantil-de-punta-arenas\\\/\"},\"author\":{\"name\":\"\",\"@id\":\"\"},\"headline\":\"XVIII Festival Folcl\u00f3rico Estudiantil De Punta Arenas\",\"datePublished\":\"2011-06-12T22:04:00+00:00\",\"dateModified\":\"2022-09-25T23:53:35+00:00\",\"mainEntityOfPage\":{\"@id\":\"https:\\\/\\\/www.fraczinet.cl\\\/sitio\\\/xviii-festival-folclorico-estudiantil-de-punta-arenas\\\/\"},\"wordCount\":352,\"commentCount\":0,\"image\":{\"@id\":\"https:\\\/\\\/www.fraczinet.cl\\\/sitio\\\/xviii-festival-folclorico-estudiantil-de-punta-arenas\\\/#primaryimage\"},\"thumbnailUrl\":\"https:\\\/\\\/www.fraczinet.cl\\\/sitio\\\/wp-content\\\/uploads\\\/2009\\\/02\\\/Festival-de-la-duena-de-casa2.jpg\",\"articleSection\":[\"Festivales\"],\"inLanguage\":\"es\",\"potentialAction\":[{\"@type\":\"CommentAction\",\"name\":\"Comment\",\"target\":[\"https:\\\/\\\/www.fraczinet.cl\\\/sitio\\\/xviii-festival-folclorico-estudiantil-de-punta-arenas\\\/#respond\"]}]},{\"@type\":\"WebPage\",\"@id\":\"https:\\\/\\\/www.fraczinet.cl\\\/sitio\\\/xviii-festival-folclorico-estudiantil-de-punta-arenas\\\/\",\"url\":\"https:\\\/\\\/www.fraczinet.cl\\\/sitio\\\/xviii-festival-folclorico-estudiantil-de-punta-arenas\\\/\",\"name\":\"XVIII Festival Folcl\u00f3rico Estudiantil De Punta Arenas - Nuestro Bio B\u00edo\",\"isPartOf\":{\"@id\":\"https:\\\/\\\/www.fraczinet.cl\\\/sitio\\\/#website\"},\"primaryImageOfPage\":{\"@id\":\"https:\\\/\\\/www.fraczinet.cl\\\/sitio\\\/xviii-festival-folclorico-estudiantil-de-punta-arenas\\\/#primaryimage\"},\"image\":{\"@id\":\"https:\\\/\\\/www.fraczinet.cl\\\/sitio\\\/xviii-festival-folclorico-estudiantil-de-punta-arenas\\\/#primaryimage\"},\"thumbnailUrl\":\"https:\\\/\\\/www.fraczinet.cl\\\/sitio\\\/wp-content\\\/uploads\\\/2009\\\/02\\\/Festival-de-la-duena-de-casa2.jpg\",\"datePublished\":\"2011-06-12T22:04:00+00:00\",\"dateModified\":\"2022-09-25T23:53:35+00:00\",\"author\":{\"@id\":\"\"},\"breadcrumb\":{\"@id\":\"https:\\\/\\\/www.fraczinet.cl\\\/sitio\\\/xviii-festival-folclorico-estudiantil-de-punta-arenas\\\/#breadcrumb\"},\"inLanguage\":\"es\",\"potentialAction\":[{\"@type\":\"ReadAction\",\"target\":[\"https:\\\/\\\/www.fraczinet.cl\\\/sitio\\\/xviii-festival-folclorico-estudiantil-de-punta-arenas\\\/\"]}]},{\"@type\":\"ImageObject\",\"inLanguage\":\"es\",\"@id\":\"https:\\\/\\\/www.fraczinet.cl\\\/sitio\\\/xviii-festival-folclorico-estudiantil-de-punta-arenas\\\/#primaryimage\",\"url\":\"https:\\\/\\\/www.fraczinet.cl\\\/sitio\\\/wp-content\\\/uploads\\\/2009\\\/02\\\/Festival-de-la-duena-de-casa2.jpg\",\"contentUrl\":\"https:\\\/\\\/www.fraczinet.cl\\\/sitio\\\/wp-content\\\/uploads\\\/2009\\\/02\\\/Festival-de-la-duena-de-casa2.jpg\",\"width\":259,\"height\":194},{\"@type\":\"BreadcrumbList\",\"@id\":\"https:\\\/\\\/www.fraczinet.cl\\\/sitio\\\/xviii-festival-folclorico-estudiantil-de-punta-arenas\\\/#breadcrumb\",\"itemListElement\":[{\"@type\":\"ListItem\",\"position\":1,\"name\":\"Portada\",\"item\":\"https:\\\/\\\/www.fraczinet.cl\\\/sitio\\\/\"},{\"@type\":\"ListItem\",\"position\":2,\"name\":\"XVIII Festival Folcl\u00f3rico Estudiantil De Punta Arenas\"}]},{\"@type\":\"WebSite\",\"@id\":\"https:\\\/\\\/www.fraczinet.cl\\\/sitio\\\/#website\",\"url\":\"https:\\\/\\\/www.fraczinet.cl\\\/sitio\\\/\",\"name\":\"Nuestro Bio B\u00edo\",\"description\":\"Tierra de Encuentros\",\"potentialAction\":[{\"@type\":\"SearchAction\",\"target\":{\"@type\":\"EntryPoint\",\"urlTemplate\":\"https:\\\/\\\/www.fraczinet.cl\\\/sitio\\\/?s={search_term_string}\"},\"query-input\":{\"@type\":\"PropertyValueSpecification\",\"valueRequired\":true,\"valueName\":\"search_term_string\"}}],\"inLanguage\":\"es\"},{\"@type\":\"Person\",\"@id\":\"\"}]}<\/script>\n<!-- \/ Yoast SEO plugin. -->","yoast_head_json":{"title":"XVIII Festival Folcl\u00f3rico Estudiantil De Punta Arenas - Nuestro Bio B\u00edo","robots":{"index":"index","follow":"follow","max-snippet":"max-snippet:-1","max-image-preview":"max-image-preview:large","max-video-preview":"max-video-preview:-1"},"canonical":"https:\/\/www.fraczinet.cl\/sitio\/xviii-festival-folclorico-estudiantil-de-punta-arenas\/","og_locale":"es_ES","og_type":"article","og_title":"XVIII Festival Folcl\u00f3rico Estudiantil De Punta Arenas - Nuestro Bio B\u00edo","og_description":"Con la idea de ser siempre un \u201csemillero\u201d de los futuros talentos en la m\u00fasica folcl\u00f3rica, este a\u00f1o se vuelve a realizar el Festival Folcl\u00f3rico Estudiantil en la ciudad de Punta Arenas, cuya XVIII versi\u00f3n se realizar\u00e1 el 22, 23 y 24 de junio en el gimnasio del Liceo Luis Alberto Barrera. As\u00ed fue anunciado [&hellip;]","og_url":"https:\/\/www.fraczinet.cl\/sitio\/xviii-festival-folclorico-estudiantil-de-punta-arenas\/","og_site_name":"Nuestro Bio B\u00edo","article_publisher":"https:\/\/www.facebook.com\/groups\/15721414452\/","article_published_time":"2011-06-12T22:04:00+00:00","article_modified_time":"2022-09-25T23:53:35+00:00","og_image":[{"width":259,"height":194,"url":"https:\/\/www.fraczinet.cl\/sitio\/wp-content\/uploads\/2009\/02\/Festival-de-la-duena-de-casa2.jpg","type":"image\/jpeg"}],"twitter_card":"summary_large_image","twitter_creator":"@nuestrobiobio","twitter_site":"@nuestrobiobio","twitter_misc":{"Escrito por":"","Tiempo de lectura":"2 minutos"},"schema":{"@context":"https:\/\/schema.org","@graph":[{"@type":"Article","@id":"https:\/\/www.fraczinet.cl\/sitio\/xviii-festival-folclorico-estudiantil-de-punta-arenas\/#article","isPartOf":{"@id":"https:\/\/www.fraczinet.cl\/sitio\/xviii-festival-folclorico-estudiantil-de-punta-arenas\/"},"author":{"name":"","@id":""},"headline":"XVIII Festival Folcl\u00f3rico Estudiantil De Punta Arenas","datePublished":"2011-06-12T22:04:00+00:00","dateModified":"2022-09-25T23:53:35+00:00","mainEntityOfPage":{"@id":"https:\/\/www.fraczinet.cl\/sitio\/xviii-festival-folclorico-estudiantil-de-punta-arenas\/"},"wordCount":352,"commentCount":0,"image":{"@id":"https:\/\/www.fraczinet.cl\/sitio\/xviii-festival-folclorico-estudiantil-de-punta-arenas\/#primaryimage"},"thumbnailUrl":"https:\/\/www.fraczinet.cl\/sitio\/wp-content\/uploads\/2009\/02\/Festival-de-la-duena-de-casa2.jpg","articleSection":["Festivales"],"inLanguage":"es","potentialAction":[{"@type":"CommentAction","name":"Comment","target":["https:\/\/www.fraczinet.cl\/sitio\/xviii-festival-folclorico-estudiantil-de-punta-arenas\/#respond"]}]},{"@type":"WebPage","@id":"https:\/\/www.fraczinet.cl\/sitio\/xviii-festival-folclorico-estudiantil-de-punta-arenas\/","url":"https:\/\/www.fraczinet.cl\/sitio\/xviii-festival-folclorico-estudiantil-de-punta-arenas\/","name":"XVIII Festival Folcl\u00f3rico Estudiantil De Punta Arenas - Nuestro Bio B\u00edo","isPartOf":{"@id":"https:\/\/www.fraczinet.cl\/sitio\/#website"},"primaryImageOfPage":{"@id":"https:\/\/www.fraczinet.cl\/sitio\/xviii-festival-folclorico-estudiantil-de-punta-arenas\/#primaryimage"},"image":{"@id":"https:\/\/www.fraczinet.cl\/sitio\/xviii-festival-folclorico-estudiantil-de-punta-arenas\/#primaryimage"},"thumbnailUrl":"https:\/\/www.fraczinet.cl\/sitio\/wp-content\/uploads\/2009\/02\/Festival-de-la-duena-de-casa2.jpg","datePublished":"2011-06-12T22:04:00+00:00","dateModified":"2022-09-25T23:53:35+00:00","author":{"@id":""},"breadcrumb":{"@id":"https:\/\/www.fraczinet.cl\/sitio\/xviii-festival-folclorico-estudiantil-de-punta-arenas\/#breadcrumb"},"inLanguage":"es","potentialAction":[{"@type":"ReadAction","target":["https:\/\/www.fraczinet.cl\/sitio\/xviii-festival-folclorico-estudiantil-de-punta-arenas\/"]}]},{"@type":"ImageObject","inLanguage":"es","@id":"https:\/\/www.fraczinet.cl\/sitio\/xviii-festival-folclorico-estudiantil-de-punta-arenas\/#primaryimage","url":"https:\/\/www.fraczinet.cl\/sitio\/wp-content\/uploads\/2009\/02\/Festival-de-la-duena-de-casa2.jpg","contentUrl":"https:\/\/www.fraczinet.cl\/sitio\/wp-content\/uploads\/2009\/02\/Festival-de-la-duena-de-casa2.jpg","width":259,"height":194},{"@type":"BreadcrumbList","@id":"https:\/\/www.fraczinet.cl\/sitio\/xviii-festival-folclorico-estudiantil-de-punta-arenas\/#breadcrumb","itemListElement":[{"@type":"ListItem","position":1,"name":"Portada","item":"https:\/\/www.fraczinet.cl\/sitio\/"},{"@type":"ListItem","position":2,"name":"XVIII Festival Folcl\u00f3rico Estudiantil De Punta Arenas"}]},{"@type":"WebSite","@id":"https:\/\/www.fraczinet.cl\/sitio\/#website","url":"https:\/\/www.fraczinet.cl\/sitio\/","name":"Nuestro Bio B\u00edo","description":"Tierra de Encuentros","potentialAction":[{"@type":"SearchAction","target":{"@type":"EntryPoint","urlTemplate":"https:\/\/www.fraczinet.cl\/sitio\/?s={search_term_string}"},"query-input":{"@type":"PropertyValueSpecification","valueRequired":true,"valueName":"search_term_string"}}],"inLanguage":"es"},{"@type":"Person","@id":""}]}},"_links":{"self":[{"href":"https:\/\/www.fraczinet.cl\/sitio\/wp-json\/wp\/v2\/posts\/6218","targetHints":{"allow":["GET"]}}],"collection":[{"href":"https:\/\/www.fraczinet.cl\/sitio\/wp-json\/wp\/v2\/posts"}],"about":[{"href":"https:\/\/www.fraczinet.cl\/sitio\/wp-json\/wp\/v2\/types\/post"}],"author":[{"embeddable":true,"href":"https:\/\/www.fraczinet.cl\/sitio\/wp-json\/wp\/v2\/users\/1"}],"replies":[{"embeddable":true,"href":"https:\/\/www.fraczinet.cl\/sitio\/wp-json\/wp\/v2\/comments?post=6218"}],"version-history":[{"count":1,"href":"https:\/\/www.fraczinet.cl\/sitio\/wp-json\/wp\/v2\/posts\/6218\/revisions"}],"predecessor-version":[{"id":13420,"href":"https:\/\/www.fraczinet.cl\/sitio\/wp-json\/wp\/v2\/posts\/6218\/revisions\/13420"}],"wp:featuredmedia":[{"embeddable":true,"href":"https:\/\/www.fraczinet.cl\/sitio\/wp-json\/wp\/v2\/media\/12871"}],"wp:attachment":[{"href":"https:\/\/www.fraczinet.cl\/sitio\/wp-json\/wp\/v2\/media?parent=6218"}],"wp:term":[{"taxonomy":"category","embeddable":true,"href":"https:\/\/www.fraczinet.cl\/sitio\/wp-json\/wp\/v2\/categories?post=6218"},{"taxonomy":"post_tag","embeddable":true,"href":"https:\/\/www.fraczinet.cl\/sitio\/wp-json\/wp\/v2\/tags?post=6218"}],"curies":[{"name":"wp","href":"https:\/\/api.w.org\/{rel}","templated":true}]}}