{"id":6225,"date":"2011-06-08T22:03:00","date_gmt":"2011-06-08T22:03:00","guid":{"rendered":"https:\/\/www.fraczinet.cl\/sitio\/2011\/06\/08\/moluches-se-preparan-para-celebrar-el-ano-nuevo-mapuche-we-tripantu\/"},"modified":"2011-06-08T22:03:00","modified_gmt":"2011-06-08T22:03:00","slug":"moluches-se-preparan-para-celebrar-el-ano-nuevo-mapuche-we-tripantu","status":"publish","type":"post","link":"https:\/\/www.fraczinet.cl\/sitio\/moluches-se-preparan-para-celebrar-el-ano-nuevo-mapuche-we-tripantu\/","title":{"rendered":"Moluches Se Preparan Para Celebrar El A\u00f1o Nuevo Mapuche (We-Tripantu)"},"content":{"rendered":"<p>Las comunidades moluches se est\u00e1n preparando para celebrar el a\u00f1o nuevo mapuche o we-tripantu, en esta ocasi\u00f3n nuevamente se le dar\u00e1 una connotaci\u00f3n Intercultural, como una manera de Socializar, Revitalizar y Reencantar a la poblaci\u00f3n mapuche radicada en el territorio de Mulch\u00e8n y a toda la Sociedad Local para lograr una lenta pero segura integraci\u00f3n y no-discriminaci\u00f3n de parte de la sociedad, hacia sus pueblos originarios.  Esta celebraci\u00f3n la realizar\u00e1n las 7 organizaciones mapuches legalmente constituidas en la comuna de Mulch\u00e9n, con el apoyo del Servicio de Salud Bio B\u00edo, Municipalidad de Mulch\u00e8n, Hospital de Mulch\u00e8n, Instituciones y Empresas privadas que tienen Responsabilidad Social y grandes inversiones en la zona.&nbsp;<\/p>\n<div><\/div>\n<div>La celebraci\u00f3n se realizar\u00e1 en la reci\u00e9n creada Asociaci\u00f3n Ind\u00edgena de \u00abAurora de Enero\u00bb el d\u00eda 21 de Junio, desde las 09.00 hrs. A.M., en el sector de Aurora de Enero comuna de Mulch\u00e8n y se invitar\u00e1n autoridades Nacionales, Regionales, Provinciales, Comunales y Autoridades tradicionales mapuches del Alto Bio B\u00edo.  Para el pueblo moluche, es una gran satisfacci\u00f3n contar con el apoyo de sus autoridades Locales y servicios del Estado, creemos que en la medida que el Estado de Chile; Valore, Respete, apoye e integre a sus pueblos originarios en todas sus pol\u00edticas p\u00fablicas y Sociales, Chile ser\u00e1 mas grande.  Por otro lado, queremos dejar bien en claro que el inicio del solsticio de invierno es el 21 de junio y es en este dia cuando nuestros antepasados comenzaban a celebrar el we-tripantu y no el 24 de junio como lo declar\u00f3 el Estado de Chile, porque coincide con una fiesta religiosa Cat\u00f3lica.&nbsp;<\/p>\n<div><\/div>\n<div>Ad\u00e0n Carim\u00e0n R. Lonko Moluche.<\/div>\n<\/div>\n","protected":false},"excerpt":{"rendered":"<p>Las comunidades moluches se est\u00e1n preparando para celebrar el a\u00f1o nuevo mapuche o we-tripantu, en esta ocasi\u00f3n nuevamente se le dar\u00e1 una connotaci\u00f3n Intercultural, como una manera de Socializar, Revitalizar y Reencantar a la poblaci\u00f3n mapuche radicada en el territorio de Mulch\u00e8n y a toda la Sociedad Local para lograr una lenta pero segura integraci\u00f3n [&hellip;]<\/p>\n","protected":false},"author":1,"featured_media":0,"comment_status":"open","ping_status":"closed","sticky":false,"template":"","format":"standard","meta":{"footnotes":""},"categories":[7,123,125],"tags":[],"class_list":["post-6225","post","type-post","status-publish","format-standard","hentry","category-fiestas-y-tradiciones","category-moluches","category-mulchen"],"yoast_head":"<!-- This site is optimized with the Yoast SEO plugin v28.2 - https:\/\/yoast.com\/product\/yoast-seo-wordpress\/ -->\n<title>Moluches Se Preparan Para Celebrar El A\u00f1o Nuevo Mapuche (We-Tripantu) - Nuestro Bio B\u00edo<\/title>\n<meta name=\"robots\" content=\"index, follow, max-snippet:-1, max-image-preview:large, max-video-preview:-1\" \/>\n<link rel=\"canonical\" href=\"https:\/\/www.fraczinet.cl\/sitio\/moluches-se-preparan-para-celebrar-el-ano-nuevo-mapuche-we-tripantu\/\" \/>\n<meta property=\"og:locale\" content=\"es_ES\" \/>\n<meta property=\"og:type\" content=\"article\" \/>\n<meta property=\"og:title\" content=\"Moluches Se Preparan Para Celebrar El A\u00f1o Nuevo Mapuche (We-Tripantu) - Nuestro Bio B\u00edo\" \/>\n<meta property=\"og:description\" content=\"Las comunidades moluches se est\u00e1n preparando para celebrar el a\u00f1o nuevo mapuche o we-tripantu, en esta ocasi\u00f3n nuevamente se le dar\u00e1 una connotaci\u00f3n Intercultural, como una manera de Socializar, Revitalizar y Reencantar a la poblaci\u00f3n mapuche radicada en el territorio de Mulch\u00e8n y a toda la Sociedad Local para lograr una lenta pero segura integraci\u00f3n [&hellip;]\" \/>\n<meta property=\"og:url\" content=\"https:\/\/www.fraczinet.cl\/sitio\/moluches-se-preparan-para-celebrar-el-ano-nuevo-mapuche-we-tripantu\/\" \/>\n<meta property=\"og:site_name\" content=\"Nuestro Bio B\u00edo\" \/>\n<meta property=\"article:publisher\" content=\"https:\/\/www.facebook.com\/groups\/15721414452\/\" \/>\n<meta property=\"article:published_time\" content=\"2011-06-08T22:03:00+00:00\" \/>\n<meta property=\"og:image\" content=\"https:\/\/www.fraczinet.cl\/sitio\/wp-content\/uploads\/2021\/07\/bannerlogo-1.gif\" \/>\n\t<meta property=\"og:image:width\" content=\"159\" \/>\n\t<meta property=\"og:image:height\" content=\"79\" \/>\n\t<meta property=\"og:image:type\" content=\"image\/gif\" \/>\n<meta name=\"twitter:card\" content=\"summary_large_image\" \/>\n<meta name=\"twitter:creator\" content=\"@nuestrobiobio\" \/>\n<meta name=\"twitter:site\" content=\"@nuestrobiobio\" \/>\n<meta name=\"twitter:label1\" content=\"Escrito por\" \/>\n\t<meta name=\"twitter:data1\" content=\"\" \/>\n\t<meta name=\"twitter:label2\" content=\"Tiempo de lectura\" \/>\n\t<meta name=\"twitter:data2\" content=\"1 minuto\" \/>\n<script type=\"application\/ld+json\" class=\"yoast-schema-graph\">{\"@context\":\"https:\\\/\\\/schema.org\",\"@graph\":[{\"@type\":\"Article\",\"@id\":\"https:\\\/\\\/www.fraczinet.cl\\\/sitio\\\/moluches-se-preparan-para-celebrar-el-ano-nuevo-mapuche-we-tripantu\\\/#article\",\"isPartOf\":{\"@id\":\"https:\\\/\\\/www.fraczinet.cl\\\/sitio\\\/moluches-se-preparan-para-celebrar-el-ano-nuevo-mapuche-we-tripantu\\\/\"},\"author\":{\"name\":\"\",\"@id\":\"\"},\"headline\":\"Moluches Se Preparan Para Celebrar El A\u00f1o Nuevo Mapuche (We-Tripantu)\",\"datePublished\":\"2011-06-08T22:03:00+00:00\",\"mainEntityOfPage\":{\"@id\":\"https:\\\/\\\/www.fraczinet.cl\\\/sitio\\\/moluches-se-preparan-para-celebrar-el-ano-nuevo-mapuche-we-tripantu\\\/\"},\"wordCount\":305,\"commentCount\":0,\"articleSection\":[\"Fiestas y Tradiciones\",\"Moluches\",\"Mulch\u00e9n\"],\"inLanguage\":\"es\",\"potentialAction\":[{\"@type\":\"CommentAction\",\"name\":\"Comment\",\"target\":[\"https:\\\/\\\/www.fraczinet.cl\\\/sitio\\\/moluches-se-preparan-para-celebrar-el-ano-nuevo-mapuche-we-tripantu\\\/#respond\"]}]},{\"@type\":\"WebPage\",\"@id\":\"https:\\\/\\\/www.fraczinet.cl\\\/sitio\\\/moluches-se-preparan-para-celebrar-el-ano-nuevo-mapuche-we-tripantu\\\/\",\"url\":\"https:\\\/\\\/www.fraczinet.cl\\\/sitio\\\/moluches-se-preparan-para-celebrar-el-ano-nuevo-mapuche-we-tripantu\\\/\",\"name\":\"Moluches Se Preparan Para Celebrar El A\u00f1o Nuevo Mapuche (We-Tripantu) - Nuestro Bio B\u00edo\",\"isPartOf\":{\"@id\":\"https:\\\/\\\/www.fraczinet.cl\\\/sitio\\\/#website\"},\"datePublished\":\"2011-06-08T22:03:00+00:00\",\"author\":{\"@id\":\"\"},\"breadcrumb\":{\"@id\":\"https:\\\/\\\/www.fraczinet.cl\\\/sitio\\\/moluches-se-preparan-para-celebrar-el-ano-nuevo-mapuche-we-tripantu\\\/#breadcrumb\"},\"inLanguage\":\"es\",\"potentialAction\":[{\"@type\":\"ReadAction\",\"target\":[\"https:\\\/\\\/www.fraczinet.cl\\\/sitio\\\/moluches-se-preparan-para-celebrar-el-ano-nuevo-mapuche-we-tripantu\\\/\"]}]},{\"@type\":\"BreadcrumbList\",\"@id\":\"https:\\\/\\\/www.fraczinet.cl\\\/sitio\\\/moluches-se-preparan-para-celebrar-el-ano-nuevo-mapuche-we-tripantu\\\/#breadcrumb\",\"itemListElement\":[{\"@type\":\"ListItem\",\"position\":1,\"name\":\"Portada\",\"item\":\"https:\\\/\\\/www.fraczinet.cl\\\/sitio\\\/\"},{\"@type\":\"ListItem\",\"position\":2,\"name\":\"Moluches Se Preparan Para Celebrar El A\u00f1o Nuevo Mapuche (We-Tripantu)\"}]},{\"@type\":\"WebSite\",\"@id\":\"https:\\\/\\\/www.fraczinet.cl\\\/sitio\\\/#website\",\"url\":\"https:\\\/\\\/www.fraczinet.cl\\\/sitio\\\/\",\"name\":\"Nuestro Bio B\u00edo\",\"description\":\"Tierra de Encuentros\",\"potentialAction\":[{\"@type\":\"SearchAction\",\"target\":{\"@type\":\"EntryPoint\",\"urlTemplate\":\"https:\\\/\\\/www.fraczinet.cl\\\/sitio\\\/?s={search_term_string}\"},\"query-input\":{\"@type\":\"PropertyValueSpecification\",\"valueRequired\":true,\"valueName\":\"search_term_string\"}}],\"inLanguage\":\"es\"},{\"@type\":\"Person\",\"@id\":\"\"}]}<\/script>\n<!-- \/ Yoast SEO plugin. -->","yoast_head_json":{"title":"Moluches Se Preparan Para Celebrar El A\u00f1o Nuevo Mapuche (We-Tripantu) - Nuestro Bio B\u00edo","robots":{"index":"index","follow":"follow","max-snippet":"max-snippet:-1","max-image-preview":"max-image-preview:large","max-video-preview":"max-video-preview:-1"},"canonical":"https:\/\/www.fraczinet.cl\/sitio\/moluches-se-preparan-para-celebrar-el-ano-nuevo-mapuche-we-tripantu\/","og_locale":"es_ES","og_type":"article","og_title":"Moluches Se Preparan Para Celebrar El A\u00f1o Nuevo Mapuche (We-Tripantu) - Nuestro Bio B\u00edo","og_description":"Las comunidades moluches se est\u00e1n preparando para celebrar el a\u00f1o nuevo mapuche o we-tripantu, en esta ocasi\u00f3n nuevamente se le dar\u00e1 una connotaci\u00f3n Intercultural, como una manera de Socializar, Revitalizar y Reencantar a la poblaci\u00f3n mapuche radicada en el territorio de Mulch\u00e8n y a toda la Sociedad Local para lograr una lenta pero segura integraci\u00f3n [&hellip;]","og_url":"https:\/\/www.fraczinet.cl\/sitio\/moluches-se-preparan-para-celebrar-el-ano-nuevo-mapuche-we-tripantu\/","og_site_name":"Nuestro Bio B\u00edo","article_publisher":"https:\/\/www.facebook.com\/groups\/15721414452\/","article_published_time":"2011-06-08T22:03:00+00:00","og_image":[{"width":159,"height":79,"url":"https:\/\/www.fraczinet.cl\/sitio\/wp-content\/uploads\/2021\/07\/bannerlogo-1.gif","type":"image\/gif"}],"twitter_card":"summary_large_image","twitter_creator":"@nuestrobiobio","twitter_site":"@nuestrobiobio","twitter_misc":{"Escrito por":"","Tiempo de lectura":"1 minuto"},"schema":{"@context":"https:\/\/schema.org","@graph":[{"@type":"Article","@id":"https:\/\/www.fraczinet.cl\/sitio\/moluches-se-preparan-para-celebrar-el-ano-nuevo-mapuche-we-tripantu\/#article","isPartOf":{"@id":"https:\/\/www.fraczinet.cl\/sitio\/moluches-se-preparan-para-celebrar-el-ano-nuevo-mapuche-we-tripantu\/"},"author":{"name":"","@id":""},"headline":"Moluches Se Preparan Para Celebrar El A\u00f1o Nuevo Mapuche (We-Tripantu)","datePublished":"2011-06-08T22:03:00+00:00","mainEntityOfPage":{"@id":"https:\/\/www.fraczinet.cl\/sitio\/moluches-se-preparan-para-celebrar-el-ano-nuevo-mapuche-we-tripantu\/"},"wordCount":305,"commentCount":0,"articleSection":["Fiestas y Tradiciones","Moluches","Mulch\u00e9n"],"inLanguage":"es","potentialAction":[{"@type":"CommentAction","name":"Comment","target":["https:\/\/www.fraczinet.cl\/sitio\/moluches-se-preparan-para-celebrar-el-ano-nuevo-mapuche-we-tripantu\/#respond"]}]},{"@type":"WebPage","@id":"https:\/\/www.fraczinet.cl\/sitio\/moluches-se-preparan-para-celebrar-el-ano-nuevo-mapuche-we-tripantu\/","url":"https:\/\/www.fraczinet.cl\/sitio\/moluches-se-preparan-para-celebrar-el-ano-nuevo-mapuche-we-tripantu\/","name":"Moluches Se Preparan Para Celebrar El A\u00f1o Nuevo Mapuche (We-Tripantu) - Nuestro Bio B\u00edo","isPartOf":{"@id":"https:\/\/www.fraczinet.cl\/sitio\/#website"},"datePublished":"2011-06-08T22:03:00+00:00","author":{"@id":""},"breadcrumb":{"@id":"https:\/\/www.fraczinet.cl\/sitio\/moluches-se-preparan-para-celebrar-el-ano-nuevo-mapuche-we-tripantu\/#breadcrumb"},"inLanguage":"es","potentialAction":[{"@type":"ReadAction","target":["https:\/\/www.fraczinet.cl\/sitio\/moluches-se-preparan-para-celebrar-el-ano-nuevo-mapuche-we-tripantu\/"]}]},{"@type":"BreadcrumbList","@id":"https:\/\/www.fraczinet.cl\/sitio\/moluches-se-preparan-para-celebrar-el-ano-nuevo-mapuche-we-tripantu\/#breadcrumb","itemListElement":[{"@type":"ListItem","position":1,"name":"Portada","item":"https:\/\/www.fraczinet.cl\/sitio\/"},{"@type":"ListItem","position":2,"name":"Moluches Se Preparan Para Celebrar El A\u00f1o Nuevo Mapuche (We-Tripantu)"}]},{"@type":"WebSite","@id":"https:\/\/www.fraczinet.cl\/sitio\/#website","url":"https:\/\/www.fraczinet.cl\/sitio\/","name":"Nuestro Bio B\u00edo","description":"Tierra de Encuentros","potentialAction":[{"@type":"SearchAction","target":{"@type":"EntryPoint","urlTemplate":"https:\/\/www.fraczinet.cl\/sitio\/?s={search_term_string}"},"query-input":{"@type":"PropertyValueSpecification","valueRequired":true,"valueName":"search_term_string"}}],"inLanguage":"es"},{"@type":"Person","@id":""}]}},"_links":{"self":[{"href":"https:\/\/www.fraczinet.cl\/sitio\/wp-json\/wp\/v2\/posts\/6225","targetHints":{"allow":["GET"]}}],"collection":[{"href":"https:\/\/www.fraczinet.cl\/sitio\/wp-json\/wp\/v2\/posts"}],"about":[{"href":"https:\/\/www.fraczinet.cl\/sitio\/wp-json\/wp\/v2\/types\/post"}],"author":[{"embeddable":true,"href":"https:\/\/www.fraczinet.cl\/sitio\/wp-json\/wp\/v2\/users\/1"}],"replies":[{"embeddable":true,"href":"https:\/\/www.fraczinet.cl\/sitio\/wp-json\/wp\/v2\/comments?post=6225"}],"version-history":[{"count":0,"href":"https:\/\/www.fraczinet.cl\/sitio\/wp-json\/wp\/v2\/posts\/6225\/revisions"}],"wp:attachment":[{"href":"https:\/\/www.fraczinet.cl\/sitio\/wp-json\/wp\/v2\/media?parent=6225"}],"wp:term":[{"taxonomy":"category","embeddable":true,"href":"https:\/\/www.fraczinet.cl\/sitio\/wp-json\/wp\/v2\/categories?post=6225"},{"taxonomy":"post_tag","embeddable":true,"href":"https:\/\/www.fraczinet.cl\/sitio\/wp-json\/wp\/v2\/tags?post=6225"}],"curies":[{"name":"wp","href":"https:\/\/api.w.org\/{rel}","templated":true}]}}