{"id":8693,"date":"2011-05-28T16:32:00","date_gmt":"2011-05-28T16:32:00","guid":{"rendered":""},"modified":"2022-09-12T00:26:51","modified_gmt":"2022-09-12T00:26:51","slug":"dia-del-patrimonio-cultural","status":"publish","type":"post","link":"https:\/\/www.fraczinet.cl\/sitio\/2011\/05\/28\/dia-del-patrimonio-cultural\/","title":{"rendered":"D\u00eda del Patrimonio Cultural"},"content":{"rendered":"<p>D\u00cdA DEL PATRIMONIO CULTURAL: DEFENSA  DEL  PATRIMONIO  NACIONAL&nbsp;<\/p>\n<div><\/div>\n<div>Este Domingo se celebra en Chile el D\u00eda del Patrimonio Cultural. La Cultura es todo lo que hace la humanidad.  No es solamente su dimensi\u00f3n art\u00edstica.  El Patrimonio de una naci\u00f3n son su cultura y sus riquezas naturales: sus parques, sus r\u00edos, su mar, su flora, su fauna&#8230;&nbsp;<\/div>\n<div><\/div>\n<div>&nbsp;1.- Para celebrar El D\u00eda del Patrimonio lo m\u00e1s coherente es tener siempre presente que todos los ciudadanos somos due\u00f1os de la riqueza natural y de las instituciones del estado que constituyen el patrimonio y cultura de nuestra naci\u00f3n. Gran parte de este Patrimonio se ha entregado y se contin\u00faa vendiendo a grandes empresas privadas.&nbsp;<\/div>\n<div><\/div>\n<div>&nbsp;2.- <span style=\"font-weight: bold;\">Todos  los  ciudadanos debemos decidir que se hace con nuestras propiedades.<\/span>&nbsp;<\/div>\n<div><\/div>\n<div>&nbsp;3.- <span style=\"font-weight: bold;\">Desde hace 38 a\u00f1os, el n\u00famero de instituciones y empresas del Estado ha disminuido, se han vendido sin jam\u00e1s haber consultado a la naci\u00f3n.<\/span>&nbsp;<\/div>\n<div><\/div>\n<div>&nbsp;4.- Chile es uno de los pa\u00edses que tiene un Estado m\u00e1s peque\u00f1o y a la vez es uno de los con mayor inequidad social.&nbsp;<\/div>\n<div><\/div>\n<div>&nbsp;5.- En los pa\u00edses desarrollados el sector p\u00fablico es fundamental, se le protege y conserva. As\u00ed fue tambi\u00e9n en el pasado en Chile. Empresas de: Acero, FFCC, Cobre, Puertos, Agua Potable, de Electricidad, Edificios y Puentes que han perdurado m\u00e1s de un siglo.&nbsp;<\/div>\n<div><\/div>\n<div>&nbsp;6.\u2014 El gobierno de Sebasti\u00e1n Pi\u00f1era contin\u00faa vendiendo nuestro Patrimonio sin haberlo anunciado cuando fue candidato. No deben vender edificios, terrenos urbanos y rurales, las empresas p\u00fablicas\u2026 No es admisible la privatizaci\u00f3n de Instituciones como lo que resta del Agua Potable, de CODELCO, ENAP, FFCC, el Metro, los Puertos, R\u00edos, el Mar, Bosques sin la autorizaci\u00f3n de sus propietarios&#8230; Todo ello es parte de nuestra Cultura y Patrimonio Nacional.&nbsp;<\/div>\n<div><\/div>\n<div>&nbsp;7.- EL COBRE Y EL AGUA.  <span style=\"font-weight: bold;\">El Cobre que sigue siendo nuestro ingreso m\u00e1s importante se ha desnacionalizado, ahora el 73% de la producci\u00f3n es privada.<\/span>*  El  agua potable es un monopolio natural: <span style=\"font-weight: bold;\">97% de los consumidores de agua potable la reciben de empresas privadas.&nbsp;<\/span><\/div>\n<div><\/div>\n<div> 8.\u2014 Esto se puede revertir. Un ejemplo: actualmente todav\u00eda los chilenos somos propietarios del 45,28% del agua potable, ESSBIO (Regiones Bio Bio y O\u2019Higgins), y el gobierno ha decidido vender. Lo que hay que hacer es que el estado compre el 6 %, de las acciones que puede ser un valor aproximado de 60 millones de d\u00f3lares y as\u00ed recuperar el control del agua para mejorar los servicios a la poblaci\u00f3n.  Existen recursos: <span style=\"font-weight: bold;\">el Gobierno de Chile tiene depositados en el exterior: 12.987,5 millones de d\u00f3lares a un inter\u00e9s muy bajo<\/span>.&nbsp;<\/div>\n<div><\/div>\n<div>&nbsp;9.- <span style=\"font-weight: bold;\">EL REGIONALISMO<\/span>. La protecci\u00f3n y desarrollo del patrimonio cultural y natural debe realizarse descentralizada y desconcentradamente. Una muestra del centralismo: el 70% de los megaproyectos que se realizaron para el \u00abBiCentenario\u00bb se hizo en Santiago. El 50% de la infraestructura dedicada al arte est\u00e1 en Santiago. Adem\u00e1s, all\u00ed se produce el 65% de la circulaci\u00f3n de las manifestaciones art\u00edsticas.  Debe ser una pol\u00edtica  permanente del Estado, sus gobiernos y de todos los ciudadanos proteger y promover el patrimonio natural y cultural: las artes, la industria y los productos chilenos tanto de la ciudad como del campo. Privilegiando a las regiones para superar el centralismo santiaguino.&nbsp;<\/div>\n<div><\/div>\n<div><span style=\"font-weight: bold;\">Dr. Edgardo Condeza Vaccaro      Presidente Movimiento por la Consulta y los Derechos Ciudadanos  edgardocondeza@vtr.net       9\/8867508 41-2955309<\/span> *&nbsp;<\/div>\n<div><\/div>\n<div>Seg\u00fan la encuesta Mori-U.Cat\u00f3lica del a\u00f1o 2010 el 84% de los chilenos se opone a la privatizaci\u00f3n de CODELCO. (Esto concuerda con el resultado de los Plebiscitos realizados por nuestro Movimiento por la Consulta y los Derechos Ciudadanos).  \u201c<span style=\"font-style: italic;\">Ante la pregunta: \u00bfQui\u00e9n cree Usted que administra mejor una mina de cobre, una empresa privada o el Estado, con una empresa como CODELCO? El 79% cree que el Estado administra mejor<\/span>.\u201d  \u201c<span style=\"font-style: italic;\">Respecto de qui\u00e9n debe manejar los recursos mineros del pa\u00eds, el 75% cree que toda la explotaci\u00f3n minera deber\u00eda permanecer en manos del Estado a trav\u00e9s de sus empresas especializadas en el \u00e1rea.\u201d Diario Financiero 27 Julio 2010<\/span>.   ^En Chile ahora se concentra enormemente el poder econ\u00f3mico, el ingreso y se acrecienta o se constituye el oligopolio y el monopolio. A. tal punto que en ocasiones se independiza y tienen m\u00e1s poder que las estructuras del Estado.   Ejemplos:  Dos grupos econ\u00f3micos controlan el 100% de la Prensa Escrita de Cobertura Nacional,   ENDESA tiene el 80,4% del total nacional de derechos de aprovechamiento de agua de uso no consuntivo.    En la Regi\u00f3n del Bio Bio: ENDESA, ESSBIO Y Grupo Matte controlan el 80% de los Derechos de Agua;   Tres cadenas de Farmacias controlan el 80,9 % del mercado de F\u00e1rmacos.   Dos empresas controlan el 70% de los Cines de Chile.   Las Empresas del Agua Potable privatizadas controlan el 97% de todos los usuarios de Chile.   Una empresa, ENDESA, posee el 80,4 % de los Derechos de Agua en Chile.   Dos empresas de Generaci\u00f3n El\u00e9ctrica, controlan el 80% del mercado.   Cuatro Empresas de Salud Privada controlan el 75% de la atenci\u00f3n de salud del pa\u00eds.   Cinco A.F.P. son propietarias de m\u00e1s del 90 % de los Fondos de Pensiones. Similar situaci\u00f3n se produce con los Supermercados, Seguros, Tel\u00e9fonos, Mercado Lechero, Empresas Forestales, de Celulosas y Papel, Transportes A\u00e9reo y Terrestre, etc.<\/div>\n","protected":false},"excerpt":{"rendered":"<p>D\u00cdA DEL PATRIMONIO CULTURAL: DEFENSA DEL PATRIMONIO NACIONAL&nbsp; Este Domingo se celebra en Chile el D\u00eda del Patrimonio Cultural. La Cultura es todo lo que hace la humanidad. No es solamente su dimensi\u00f3n art\u00edstica. El Patrimonio de una naci\u00f3n son su cultura y sus riquezas naturales: sus parques, sus r\u00edos, su mar, su flora, su [&hellip;]<\/p>\n","protected":false},"author":1,"featured_media":0,"comment_status":"open","ping_status":"open","sticky":false,"template":"","format":"standard","meta":{"footnotes":""},"categories":[112,29],"tags":[],"class_list":["post-8693","post","type-post","status-publish","format-standard","hentry","category-opinion","category-patrimonio"],"yoast_head":"<!-- This site is optimized with the Yoast SEO plugin v25.0 - https:\/\/yoast.com\/wordpress\/plugins\/seo\/ -->\n<title>D\u00eda del Patrimonio Cultural - Nuestro Bio B\u00edo<\/title>\n<meta name=\"robots\" content=\"index, follow, max-snippet:-1, max-image-preview:large, max-video-preview:-1\" \/>\n<link rel=\"canonical\" href=\"https:\/\/www.fraczinet.cl\/sitio\/2011\/05\/28\/dia-del-patrimonio-cultural\/\" \/>\n<meta property=\"og:locale\" content=\"es_ES\" \/>\n<meta property=\"og:type\" content=\"article\" \/>\n<meta property=\"og:title\" content=\"D\u00eda del Patrimonio Cultural - Nuestro Bio B\u00edo\" \/>\n<meta property=\"og:description\" content=\"D\u00cdA DEL PATRIMONIO CULTURAL: DEFENSA DEL PATRIMONIO NACIONAL&nbsp; Este Domingo se celebra en Chile el D\u00eda del Patrimonio Cultural. La Cultura es todo lo que hace la humanidad. No es solamente su dimensi\u00f3n art\u00edstica. El Patrimonio de una naci\u00f3n son su cultura y sus riquezas naturales: sus parques, sus r\u00edos, su mar, su flora, su [&hellip;]\" \/>\n<meta property=\"og:url\" content=\"https:\/\/www.fraczinet.cl\/sitio\/2011\/05\/28\/dia-del-patrimonio-cultural\/\" \/>\n<meta property=\"og:site_name\" content=\"Nuestro Bio B\u00edo\" \/>\n<meta property=\"article:published_time\" content=\"2011-05-28T16:32:00+00:00\" \/>\n<meta property=\"article:modified_time\" content=\"2022-09-12T00:26:51+00:00\" \/>\n<meta property=\"og:image\" content=\"https:\/\/www.fraczinet.cl\/sitio\/wp-content\/uploads\/2021\/07\/bannerlogo-1.gif\" \/>\n\t<meta property=\"og:image:width\" content=\"159\" \/>\n\t<meta property=\"og:image:height\" content=\"79\" \/>\n\t<meta property=\"og:image:type\" content=\"image\/gif\" \/>\n<meta name=\"author\" content=\"admin\" \/>\n<meta name=\"twitter:card\" content=\"summary_large_image\" \/>\n<meta name=\"twitter:creator\" content=\"@nuestrobiobio\" \/>\n<meta name=\"twitter:site\" content=\"@nuestrobiobio\" \/>\n<meta name=\"twitter:label1\" content=\"Escrito por\" \/>\n\t<meta name=\"twitter:data1\" content=\"admin\" \/>\n\t<meta name=\"twitter:label2\" content=\"Tiempo de lectura\" \/>\n\t<meta name=\"twitter:data2\" content=\"5 minutos\" \/>\n<script type=\"application\/ld+json\" class=\"yoast-schema-graph\">{\"@context\":\"https:\/\/schema.org\",\"@graph\":[{\"@type\":\"Article\",\"@id\":\"https:\/\/www.fraczinet.cl\/sitio\/2011\/05\/28\/dia-del-patrimonio-cultural\/#article\",\"isPartOf\":{\"@id\":\"https:\/\/www.fraczinet.cl\/sitio\/2011\/05\/28\/dia-del-patrimonio-cultural\/\"},\"author\":{\"name\":\"admin\",\"@id\":\"https:\/\/www.fraczinet.cl\/sitio\/#\/schema\/person\/bc30f98e9cb10ae7e119dbe14bc93784\"},\"headline\":\"D\u00eda del Patrimonio Cultural\",\"datePublished\":\"2011-05-28T16:32:00+00:00\",\"dateModified\":\"2022-09-12T00:26:51+00:00\",\"mainEntityOfPage\":{\"@id\":\"https:\/\/www.fraczinet.cl\/sitio\/2011\/05\/28\/dia-del-patrimonio-cultural\/\"},\"wordCount\":914,\"commentCount\":0,\"publisher\":{\"@id\":\"https:\/\/www.fraczinet.cl\/sitio\/#\/schema\/person\/aec8ee4da68df2b9b0eefdad24a0d582\"},\"articleSection\":[\"Opini\u00f3n\",\"Patrimonio\"],\"inLanguage\":\"es\",\"potentialAction\":[{\"@type\":\"CommentAction\",\"name\":\"Comment\",\"target\":[\"https:\/\/www.fraczinet.cl\/sitio\/2011\/05\/28\/dia-del-patrimonio-cultural\/#respond\"]}]},{\"@type\":\"WebPage\",\"@id\":\"https:\/\/www.fraczinet.cl\/sitio\/2011\/05\/28\/dia-del-patrimonio-cultural\/\",\"url\":\"https:\/\/www.fraczinet.cl\/sitio\/2011\/05\/28\/dia-del-patrimonio-cultural\/\",\"name\":\"D\u00eda del Patrimonio Cultural - Nuestro Bio B\u00edo\",\"isPartOf\":{\"@id\":\"https:\/\/www.fraczinet.cl\/sitio\/#website\"},\"datePublished\":\"2011-05-28T16:32:00+00:00\",\"dateModified\":\"2022-09-12T00:26:51+00:00\",\"breadcrumb\":{\"@id\":\"https:\/\/www.fraczinet.cl\/sitio\/2011\/05\/28\/dia-del-patrimonio-cultural\/#breadcrumb\"},\"inLanguage\":\"es\",\"potentialAction\":[{\"@type\":\"ReadAction\",\"target\":[\"https:\/\/www.fraczinet.cl\/sitio\/2011\/05\/28\/dia-del-patrimonio-cultural\/\"]}]},{\"@type\":\"BreadcrumbList\",\"@id\":\"https:\/\/www.fraczinet.cl\/sitio\/2011\/05\/28\/dia-del-patrimonio-cultural\/#breadcrumb\",\"itemListElement\":[{\"@type\":\"ListItem\",\"position\":1,\"name\":\"Portada\",\"item\":\"https:\/\/www.fraczinet.cl\/sitio\/\"},{\"@type\":\"ListItem\",\"position\":2,\"name\":\"D\u00eda del Patrimonio Cultural\"}]},{\"@type\":\"WebSite\",\"@id\":\"https:\/\/www.fraczinet.cl\/sitio\/#website\",\"url\":\"https:\/\/www.fraczinet.cl\/sitio\/\",\"name\":\"Nuestro Bio B\u00edo\",\"description\":\"Tierra de Encuentros\",\"publisher\":{\"@id\":\"https:\/\/www.fraczinet.cl\/sitio\/#\/schema\/person\/aec8ee4da68df2b9b0eefdad24a0d582\"},\"potentialAction\":[{\"@type\":\"SearchAction\",\"target\":{\"@type\":\"EntryPoint\",\"urlTemplate\":\"https:\/\/www.fraczinet.cl\/sitio\/?s={search_term_string}\"},\"query-input\":{\"@type\":\"PropertyValueSpecification\",\"valueRequired\":true,\"valueName\":\"search_term_string\"}}],\"inLanguage\":\"es\"},{\"@type\":[\"Person\",\"Organization\"],\"@id\":\"https:\/\/www.fraczinet.cl\/sitio\/#\/schema\/person\/aec8ee4da68df2b9b0eefdad24a0d582\",\"name\":\"Luis Fernando Fraczinet\",\"image\":{\"@type\":\"ImageObject\",\"inLanguage\":\"es\",\"@id\":\"https:\/\/www.fraczinet.cl\/sitio\/#\/schema\/person\/image\/\",\"url\":\"https:\/\/www.fraczinet.cl\/sitio\/wp-content\/uploads\/2021\/07\/bannerlogo-1.gif\",\"contentUrl\":\"https:\/\/www.fraczinet.cl\/sitio\/wp-content\/uploads\/2021\/07\/bannerlogo-1.gif\",\"width\":159,\"height\":79,\"caption\":\"Luis Fernando Fraczinet\"},\"logo\":{\"@id\":\"https:\/\/www.fraczinet.cl\/sitio\/#\/schema\/person\/image\/\"},\"sameAs\":[\"https:\/\/www.fraczinet.cl\/sitio\/\"]},{\"@type\":\"Person\",\"@id\":\"https:\/\/www.fraczinet.cl\/sitio\/#\/schema\/person\/bc30f98e9cb10ae7e119dbe14bc93784\",\"name\":\"admin\",\"image\":{\"@type\":\"ImageObject\",\"inLanguage\":\"es\",\"@id\":\"https:\/\/www.fraczinet.cl\/sitio\/#\/schema\/person\/image\/\",\"url\":\"https:\/\/secure.gravatar.com\/avatar\/d5ad3cf7ef3b23a2bb5be73be780c86b2fc8545c3ad6b149f3913ff458c00099?s=96&d=mm&r=g\",\"contentUrl\":\"https:\/\/secure.gravatar.com\/avatar\/d5ad3cf7ef3b23a2bb5be73be780c86b2fc8545c3ad6b149f3913ff458c00099?s=96&d=mm&r=g\",\"caption\":\"admin\"},\"sameAs\":[\"https:\/\/www.fraczinet.cl\/sitio\"]}]}<\/script>\n<!-- \/ Yoast SEO plugin. -->","yoast_head_json":{"title":"D\u00eda del Patrimonio Cultural - Nuestro Bio B\u00edo","robots":{"index":"index","follow":"follow","max-snippet":"max-snippet:-1","max-image-preview":"max-image-preview:large","max-video-preview":"max-video-preview:-1"},"canonical":"https:\/\/www.fraczinet.cl\/sitio\/2011\/05\/28\/dia-del-patrimonio-cultural\/","og_locale":"es_ES","og_type":"article","og_title":"D\u00eda del Patrimonio Cultural - Nuestro Bio B\u00edo","og_description":"D\u00cdA DEL PATRIMONIO CULTURAL: DEFENSA DEL PATRIMONIO NACIONAL&nbsp; Este Domingo se celebra en Chile el D\u00eda del Patrimonio Cultural. La Cultura es todo lo que hace la humanidad. No es solamente su dimensi\u00f3n art\u00edstica. El Patrimonio de una naci\u00f3n son su cultura y sus riquezas naturales: sus parques, sus r\u00edos, su mar, su flora, su [&hellip;]","og_url":"https:\/\/www.fraczinet.cl\/sitio\/2011\/05\/28\/dia-del-patrimonio-cultural\/","og_site_name":"Nuestro Bio B\u00edo","article_published_time":"2011-05-28T16:32:00+00:00","article_modified_time":"2022-09-12T00:26:51+00:00","og_image":[{"width":159,"height":79,"url":"https:\/\/www.fraczinet.cl\/sitio\/wp-content\/uploads\/2021\/07\/bannerlogo-1.gif","type":"image\/gif"}],"author":"admin","twitter_card":"summary_large_image","twitter_creator":"@nuestrobiobio","twitter_site":"@nuestrobiobio","twitter_misc":{"Escrito por":"admin","Tiempo de lectura":"5 minutos"},"schema":{"@context":"https:\/\/schema.org","@graph":[{"@type":"Article","@id":"https:\/\/www.fraczinet.cl\/sitio\/2011\/05\/28\/dia-del-patrimonio-cultural\/#article","isPartOf":{"@id":"https:\/\/www.fraczinet.cl\/sitio\/2011\/05\/28\/dia-del-patrimonio-cultural\/"},"author":{"name":"admin","@id":"https:\/\/www.fraczinet.cl\/sitio\/#\/schema\/person\/bc30f98e9cb10ae7e119dbe14bc93784"},"headline":"D\u00eda del Patrimonio Cultural","datePublished":"2011-05-28T16:32:00+00:00","dateModified":"2022-09-12T00:26:51+00:00","mainEntityOfPage":{"@id":"https:\/\/www.fraczinet.cl\/sitio\/2011\/05\/28\/dia-del-patrimonio-cultural\/"},"wordCount":914,"commentCount":0,"publisher":{"@id":"https:\/\/www.fraczinet.cl\/sitio\/#\/schema\/person\/aec8ee4da68df2b9b0eefdad24a0d582"},"articleSection":["Opini\u00f3n","Patrimonio"],"inLanguage":"es","potentialAction":[{"@type":"CommentAction","name":"Comment","target":["https:\/\/www.fraczinet.cl\/sitio\/2011\/05\/28\/dia-del-patrimonio-cultural\/#respond"]}]},{"@type":"WebPage","@id":"https:\/\/www.fraczinet.cl\/sitio\/2011\/05\/28\/dia-del-patrimonio-cultural\/","url":"https:\/\/www.fraczinet.cl\/sitio\/2011\/05\/28\/dia-del-patrimonio-cultural\/","name":"D\u00eda del Patrimonio Cultural - Nuestro Bio B\u00edo","isPartOf":{"@id":"https:\/\/www.fraczinet.cl\/sitio\/#website"},"datePublished":"2011-05-28T16:32:00+00:00","dateModified":"2022-09-12T00:26:51+00:00","breadcrumb":{"@id":"https:\/\/www.fraczinet.cl\/sitio\/2011\/05\/28\/dia-del-patrimonio-cultural\/#breadcrumb"},"inLanguage":"es","potentialAction":[{"@type":"ReadAction","target":["https:\/\/www.fraczinet.cl\/sitio\/2011\/05\/28\/dia-del-patrimonio-cultural\/"]}]},{"@type":"BreadcrumbList","@id":"https:\/\/www.fraczinet.cl\/sitio\/2011\/05\/28\/dia-del-patrimonio-cultural\/#breadcrumb","itemListElement":[{"@type":"ListItem","position":1,"name":"Portada","item":"https:\/\/www.fraczinet.cl\/sitio\/"},{"@type":"ListItem","position":2,"name":"D\u00eda del Patrimonio Cultural"}]},{"@type":"WebSite","@id":"https:\/\/www.fraczinet.cl\/sitio\/#website","url":"https:\/\/www.fraczinet.cl\/sitio\/","name":"Nuestro Bio B\u00edo","description":"Tierra de Encuentros","publisher":{"@id":"https:\/\/www.fraczinet.cl\/sitio\/#\/schema\/person\/aec8ee4da68df2b9b0eefdad24a0d582"},"potentialAction":[{"@type":"SearchAction","target":{"@type":"EntryPoint","urlTemplate":"https:\/\/www.fraczinet.cl\/sitio\/?s={search_term_string}"},"query-input":{"@type":"PropertyValueSpecification","valueRequired":true,"valueName":"search_term_string"}}],"inLanguage":"es"},{"@type":["Person","Organization"],"@id":"https:\/\/www.fraczinet.cl\/sitio\/#\/schema\/person\/aec8ee4da68df2b9b0eefdad24a0d582","name":"Luis Fernando Fraczinet","image":{"@type":"ImageObject","inLanguage":"es","@id":"https:\/\/www.fraczinet.cl\/sitio\/#\/schema\/person\/image\/","url":"https:\/\/www.fraczinet.cl\/sitio\/wp-content\/uploads\/2021\/07\/bannerlogo-1.gif","contentUrl":"https:\/\/www.fraczinet.cl\/sitio\/wp-content\/uploads\/2021\/07\/bannerlogo-1.gif","width":159,"height":79,"caption":"Luis Fernando Fraczinet"},"logo":{"@id":"https:\/\/www.fraczinet.cl\/sitio\/#\/schema\/person\/image\/"},"sameAs":["https:\/\/www.fraczinet.cl\/sitio\/"]},{"@type":"Person","@id":"https:\/\/www.fraczinet.cl\/sitio\/#\/schema\/person\/bc30f98e9cb10ae7e119dbe14bc93784","name":"admin","image":{"@type":"ImageObject","inLanguage":"es","@id":"https:\/\/www.fraczinet.cl\/sitio\/#\/schema\/person\/image\/","url":"https:\/\/secure.gravatar.com\/avatar\/d5ad3cf7ef3b23a2bb5be73be780c86b2fc8545c3ad6b149f3913ff458c00099?s=96&d=mm&r=g","contentUrl":"https:\/\/secure.gravatar.com\/avatar\/d5ad3cf7ef3b23a2bb5be73be780c86b2fc8545c3ad6b149f3913ff458c00099?s=96&d=mm&r=g","caption":"admin"},"sameAs":["https:\/\/www.fraczinet.cl\/sitio"]}]}},"_links":{"self":[{"href":"https:\/\/www.fraczinet.cl\/sitio\/wp-json\/wp\/v2\/posts\/8693","targetHints":{"allow":["GET"]}}],"collection":[{"href":"https:\/\/www.fraczinet.cl\/sitio\/wp-json\/wp\/v2\/posts"}],"about":[{"href":"https:\/\/www.fraczinet.cl\/sitio\/wp-json\/wp\/v2\/types\/post"}],"author":[{"embeddable":true,"href":"https:\/\/www.fraczinet.cl\/sitio\/wp-json\/wp\/v2\/users\/1"}],"replies":[{"embeddable":true,"href":"https:\/\/www.fraczinet.cl\/sitio\/wp-json\/wp\/v2\/comments?post=8693"}],"version-history":[{"count":1,"href":"https:\/\/www.fraczinet.cl\/sitio\/wp-json\/wp\/v2\/posts\/8693\/revisions"}],"predecessor-version":[{"id":9259,"href":"https:\/\/www.fraczinet.cl\/sitio\/wp-json\/wp\/v2\/posts\/8693\/revisions\/9259"}],"wp:attachment":[{"href":"https:\/\/www.fraczinet.cl\/sitio\/wp-json\/wp\/v2\/media?parent=8693"}],"wp:term":[{"taxonomy":"category","embeddable":true,"href":"https:\/\/www.fraczinet.cl\/sitio\/wp-json\/wp\/v2\/categories?post=8693"},{"taxonomy":"post_tag","embeddable":true,"href":"https:\/\/www.fraczinet.cl\/sitio\/wp-json\/wp\/v2\/tags?post=8693"}],"curies":[{"name":"wp","href":"https:\/\/api.w.org\/{rel}","templated":true}]}}