{"id":8709,"date":"2011-05-19T23:03:00","date_gmt":"2011-05-19T23:03:00","guid":{"rendered":""},"modified":"2022-09-12T00:26:52","modified_gmt":"2022-09-12T00:26:52","slug":"concierto-de-guitarra-clasica-en-la-ucsc","status":"publish","type":"post","link":"https:\/\/www.fraczinet.cl\/sitio\/concierto-de-guitarra-clasica-en-la-ucsc\/","title":{"rendered":"Concierto De Guitarra Cl\u00e1sica En La UCSC"},"content":{"rendered":"<p><a href=\"https:\/\/www.fraczinet.cl\/sitio\/wp-content\/uploads\/2011\/05\/Concierto-2Bde-2BGuitarra-2Bcl-25C3-25A1sica-2BUCSC.jpg\"><img decoding=\"async\" alt=\"\" border=\"0\" id=\"BLOGGER_PHOTO_ID_5608567495720001794\" src=\"https:\/\/www.fraczinet.cl\/sitio\/wp-content\/uploads\/2011\/05\/Concierto-2Bde-2BGuitarra-2Bcl-25C3-25A1sica-2BUCSC-194x300.jpg\" style=\"cursor: pointer; float: left; height: 309px; margin: 0px 10px 10px 0px; width: 200px;\" \/><\/a>La Direcci\u00f3n de Extensi\u00f3n Art\u00edstica y Cultural UCSC y el Goethe Zentrum Concepci\u00f3n, como parte de la \u00bb XXVIII Temporada de Veladas Musicales, 2011&#8243; , los invitan al concierto de guitarra cl\u00e1sica del destacado guitarrista chileno,Carlos P\u00e9rez.   El viernes 27 de mayo a las 19:30 horas, entrada liberada. Sala de Conferencias y Exposiciones Ucsc, Caupolic\u00e1n 459, Concepci\u00f3n.   <span style=\"font-weight: bold;\">Programa: <\/span>Santiago de Murcia  M\u00e1ximo Diego Pujol Ernesto Nazareth Leo Brouwer Iporre Salinas\/C.P\u00e9rez Anon\/C. P\u00e9rez Antonio Lauro Marcelo Coronel   Carlos P\u00e9rez ha desarrollado una destacada y reconocida carrera musical, destacado por la cr\u00edtica internacional, por sus presentaciones en Estados Unidos, Alemania, Francia, Venezuela, B\u00e9lgica, Espa\u00f1a y Austria, entre otros pa\u00edses; en los cuales adem\u00e1s ha recibido 8 premios internacionales importantes.&nbsp;<\/p>\n","protected":false},"excerpt":{"rendered":"<p>La Direcci\u00f3n de Extensi\u00f3n Art\u00edstica y Cultural UCSC y el Goethe Zentrum Concepci\u00f3n, como parte de la \u00bb XXVIII Temporada de Veladas Musicales, 2011&#8243; , los invitan al concierto de guitarra cl\u00e1sica del destacado guitarrista chileno,Carlos P\u00e9rez. El viernes 27 de mayo a las 19:30 horas, entrada liberada. Sala de Conferencias y Exposiciones Ucsc, Caupolic\u00e1n [&hellip;]<\/p>\n","protected":false},"author":1,"featured_media":9283,"comment_status":"open","ping_status":"closed","sticky":false,"template":"","format":"standard","meta":{"footnotes":""},"categories":[44,80],"tags":[],"class_list":["post-8709","post","type-post","status-publish","format-standard","has-post-thumbnail","hentry","category-eventos","category-musica"],"yoast_head":"<!-- This site is optimized with the Yoast SEO plugin v28.2 - https:\/\/yoast.com\/product\/yoast-seo-wordpress\/ -->\n<title>Concierto De Guitarra Cl\u00e1sica En La UCSC - Nuestro Bio B\u00edo<\/title>\n<meta name=\"robots\" content=\"index, follow, max-snippet:-1, max-image-preview:large, max-video-preview:-1\" \/>\n<link rel=\"canonical\" href=\"https:\/\/www.fraczinet.cl\/sitio\/concierto-de-guitarra-clasica-en-la-ucsc\/\" \/>\n<meta property=\"og:locale\" content=\"es_ES\" \/>\n<meta property=\"og:type\" content=\"article\" \/>\n<meta property=\"og:title\" content=\"Concierto De Guitarra Cl\u00e1sica En La UCSC - Nuestro Bio B\u00edo\" \/>\n<meta property=\"og:description\" content=\"La Direcci\u00f3n de Extensi\u00f3n Art\u00edstica y Cultural UCSC y el Goethe Zentrum Concepci\u00f3n, como parte de la \u00bb XXVIII Temporada de Veladas Musicales, 2011&#8243; , los invitan al concierto de guitarra cl\u00e1sica del destacado guitarrista chileno,Carlos P\u00e9rez. El viernes 27 de mayo a las 19:30 horas, entrada liberada. Sala de Conferencias y Exposiciones Ucsc, Caupolic\u00e1n [&hellip;]\" \/>\n<meta property=\"og:url\" content=\"https:\/\/www.fraczinet.cl\/sitio\/concierto-de-guitarra-clasica-en-la-ucsc\/\" \/>\n<meta property=\"og:site_name\" content=\"Nuestro Bio B\u00edo\" \/>\n<meta property=\"article:publisher\" content=\"https:\/\/www.facebook.com\/groups\/15721414452\/\" \/>\n<meta property=\"article:published_time\" content=\"2011-05-19T23:03:00+00:00\" \/>\n<meta property=\"article:modified_time\" content=\"2022-09-12T00:26:52+00:00\" \/>\n<meta property=\"og:image\" content=\"https:\/\/www.fraczinet.cl\/sitio\/wp-content\/uploads\/2011\/05\/Concierto-2Bde-2BGuitarra-2Bcl-25C3-25A1sica-2BUCSC.jpg\" \/>\n\t<meta property=\"og:image:width\" content=\"200\" \/>\n\t<meta property=\"og:image:height\" content=\"309\" \/>\n\t<meta property=\"og:image:type\" content=\"image\/jpeg\" \/>\n<meta name=\"twitter:card\" content=\"summary_large_image\" \/>\n<meta name=\"twitter:creator\" content=\"@nuestrobiobio\" \/>\n<meta name=\"twitter:site\" content=\"@nuestrobiobio\" \/>\n<meta name=\"twitter:label1\" content=\"Escrito por\" \/>\n\t<meta name=\"twitter:data1\" content=\"\" \/>\n\t<meta name=\"twitter:label2\" content=\"Tiempo de lectura\" \/>\n\t<meta name=\"twitter:data2\" content=\"1 minuto\" \/>\n<script type=\"application\/ld+json\" class=\"yoast-schema-graph\">{\"@context\":\"https:\\\/\\\/schema.org\",\"@graph\":[{\"@type\":\"Article\",\"@id\":\"https:\\\/\\\/www.fraczinet.cl\\\/sitio\\\/concierto-de-guitarra-clasica-en-la-ucsc\\\/#article\",\"isPartOf\":{\"@id\":\"https:\\\/\\\/www.fraczinet.cl\\\/sitio\\\/concierto-de-guitarra-clasica-en-la-ucsc\\\/\"},\"author\":{\"name\":\"\",\"@id\":\"\"},\"headline\":\"Concierto De Guitarra Cl\u00e1sica En La UCSC\",\"datePublished\":\"2011-05-19T23:03:00+00:00\",\"dateModified\":\"2022-09-12T00:26:52+00:00\",\"mainEntityOfPage\":{\"@id\":\"https:\\\/\\\/www.fraczinet.cl\\\/sitio\\\/concierto-de-guitarra-clasica-en-la-ucsc\\\/\"},\"wordCount\":140,\"commentCount\":0,\"image\":{\"@id\":\"https:\\\/\\\/www.fraczinet.cl\\\/sitio\\\/concierto-de-guitarra-clasica-en-la-ucsc\\\/#primaryimage\"},\"thumbnailUrl\":\"https:\\\/\\\/www.fraczinet.cl\\\/sitio\\\/wp-content\\\/uploads\\\/2011\\\/05\\\/Concierto-2Bde-2BGuitarra-2Bcl-25C3-25A1sica-2BUCSC.jpg\",\"articleSection\":[\"Eventos\",\"M\u00fasica\"],\"inLanguage\":\"es\",\"potentialAction\":[{\"@type\":\"CommentAction\",\"name\":\"Comment\",\"target\":[\"https:\\\/\\\/www.fraczinet.cl\\\/sitio\\\/concierto-de-guitarra-clasica-en-la-ucsc\\\/#respond\"]}]},{\"@type\":\"WebPage\",\"@id\":\"https:\\\/\\\/www.fraczinet.cl\\\/sitio\\\/concierto-de-guitarra-clasica-en-la-ucsc\\\/\",\"url\":\"https:\\\/\\\/www.fraczinet.cl\\\/sitio\\\/concierto-de-guitarra-clasica-en-la-ucsc\\\/\",\"name\":\"Concierto De Guitarra Cl\u00e1sica En La UCSC - Nuestro Bio B\u00edo\",\"isPartOf\":{\"@id\":\"https:\\\/\\\/www.fraczinet.cl\\\/sitio\\\/#website\"},\"primaryImageOfPage\":{\"@id\":\"https:\\\/\\\/www.fraczinet.cl\\\/sitio\\\/concierto-de-guitarra-clasica-en-la-ucsc\\\/#primaryimage\"},\"image\":{\"@id\":\"https:\\\/\\\/www.fraczinet.cl\\\/sitio\\\/concierto-de-guitarra-clasica-en-la-ucsc\\\/#primaryimage\"},\"thumbnailUrl\":\"https:\\\/\\\/www.fraczinet.cl\\\/sitio\\\/wp-content\\\/uploads\\\/2011\\\/05\\\/Concierto-2Bde-2BGuitarra-2Bcl-25C3-25A1sica-2BUCSC.jpg\",\"datePublished\":\"2011-05-19T23:03:00+00:00\",\"dateModified\":\"2022-09-12T00:26:52+00:00\",\"author\":{\"@id\":\"\"},\"breadcrumb\":{\"@id\":\"https:\\\/\\\/www.fraczinet.cl\\\/sitio\\\/concierto-de-guitarra-clasica-en-la-ucsc\\\/#breadcrumb\"},\"inLanguage\":\"es\",\"potentialAction\":[{\"@type\":\"ReadAction\",\"target\":[\"https:\\\/\\\/www.fraczinet.cl\\\/sitio\\\/concierto-de-guitarra-clasica-en-la-ucsc\\\/\"]}]},{\"@type\":\"ImageObject\",\"inLanguage\":\"es\",\"@id\":\"https:\\\/\\\/www.fraczinet.cl\\\/sitio\\\/concierto-de-guitarra-clasica-en-la-ucsc\\\/#primaryimage\",\"url\":\"https:\\\/\\\/www.fraczinet.cl\\\/sitio\\\/wp-content\\\/uploads\\\/2011\\\/05\\\/Concierto-2Bde-2BGuitarra-2Bcl-25C3-25A1sica-2BUCSC.jpg\",\"contentUrl\":\"https:\\\/\\\/www.fraczinet.cl\\\/sitio\\\/wp-content\\\/uploads\\\/2011\\\/05\\\/Concierto-2Bde-2BGuitarra-2Bcl-25C3-25A1sica-2BUCSC.jpg\",\"width\":200,\"height\":309},{\"@type\":\"BreadcrumbList\",\"@id\":\"https:\\\/\\\/www.fraczinet.cl\\\/sitio\\\/concierto-de-guitarra-clasica-en-la-ucsc\\\/#breadcrumb\",\"itemListElement\":[{\"@type\":\"ListItem\",\"position\":1,\"name\":\"Portada\",\"item\":\"https:\\\/\\\/www.fraczinet.cl\\\/sitio\\\/\"},{\"@type\":\"ListItem\",\"position\":2,\"name\":\"Concierto De Guitarra Cl\u00e1sica En La UCSC\"}]},{\"@type\":\"WebSite\",\"@id\":\"https:\\\/\\\/www.fraczinet.cl\\\/sitio\\\/#website\",\"url\":\"https:\\\/\\\/www.fraczinet.cl\\\/sitio\\\/\",\"name\":\"Nuestro Bio B\u00edo\",\"description\":\"Tierra de Encuentros\",\"potentialAction\":[{\"@type\":\"SearchAction\",\"target\":{\"@type\":\"EntryPoint\",\"urlTemplate\":\"https:\\\/\\\/www.fraczinet.cl\\\/sitio\\\/?s={search_term_string}\"},\"query-input\":{\"@type\":\"PropertyValueSpecification\",\"valueRequired\":true,\"valueName\":\"search_term_string\"}}],\"inLanguage\":\"es\"},{\"@type\":\"Person\",\"@id\":\"\"}]}<\/script>\n<!-- \/ Yoast SEO plugin. -->","yoast_head_json":{"title":"Concierto De Guitarra Cl\u00e1sica En La UCSC - Nuestro Bio B\u00edo","robots":{"index":"index","follow":"follow","max-snippet":"max-snippet:-1","max-image-preview":"max-image-preview:large","max-video-preview":"max-video-preview:-1"},"canonical":"https:\/\/www.fraczinet.cl\/sitio\/concierto-de-guitarra-clasica-en-la-ucsc\/","og_locale":"es_ES","og_type":"article","og_title":"Concierto De Guitarra Cl\u00e1sica En La UCSC - Nuestro Bio B\u00edo","og_description":"La Direcci\u00f3n de Extensi\u00f3n Art\u00edstica y Cultural UCSC y el Goethe Zentrum Concepci\u00f3n, como parte de la \u00bb XXVIII Temporada de Veladas Musicales, 2011&#8243; , los invitan al concierto de guitarra cl\u00e1sica del destacado guitarrista chileno,Carlos P\u00e9rez. El viernes 27 de mayo a las 19:30 horas, entrada liberada. Sala de Conferencias y Exposiciones Ucsc, Caupolic\u00e1n [&hellip;]","og_url":"https:\/\/www.fraczinet.cl\/sitio\/concierto-de-guitarra-clasica-en-la-ucsc\/","og_site_name":"Nuestro Bio B\u00edo","article_publisher":"https:\/\/www.facebook.com\/groups\/15721414452\/","article_published_time":"2011-05-19T23:03:00+00:00","article_modified_time":"2022-09-12T00:26:52+00:00","og_image":[{"width":200,"height":309,"url":"https:\/\/www.fraczinet.cl\/sitio\/wp-content\/uploads\/2011\/05\/Concierto-2Bde-2BGuitarra-2Bcl-25C3-25A1sica-2BUCSC.jpg","type":"image\/jpeg"}],"twitter_card":"summary_large_image","twitter_creator":"@nuestrobiobio","twitter_site":"@nuestrobiobio","twitter_misc":{"Escrito por":"","Tiempo de lectura":"1 minuto"},"schema":{"@context":"https:\/\/schema.org","@graph":[{"@type":"Article","@id":"https:\/\/www.fraczinet.cl\/sitio\/concierto-de-guitarra-clasica-en-la-ucsc\/#article","isPartOf":{"@id":"https:\/\/www.fraczinet.cl\/sitio\/concierto-de-guitarra-clasica-en-la-ucsc\/"},"author":{"name":"","@id":""},"headline":"Concierto De Guitarra Cl\u00e1sica En La UCSC","datePublished":"2011-05-19T23:03:00+00:00","dateModified":"2022-09-12T00:26:52+00:00","mainEntityOfPage":{"@id":"https:\/\/www.fraczinet.cl\/sitio\/concierto-de-guitarra-clasica-en-la-ucsc\/"},"wordCount":140,"commentCount":0,"image":{"@id":"https:\/\/www.fraczinet.cl\/sitio\/concierto-de-guitarra-clasica-en-la-ucsc\/#primaryimage"},"thumbnailUrl":"https:\/\/www.fraczinet.cl\/sitio\/wp-content\/uploads\/2011\/05\/Concierto-2Bde-2BGuitarra-2Bcl-25C3-25A1sica-2BUCSC.jpg","articleSection":["Eventos","M\u00fasica"],"inLanguage":"es","potentialAction":[{"@type":"CommentAction","name":"Comment","target":["https:\/\/www.fraczinet.cl\/sitio\/concierto-de-guitarra-clasica-en-la-ucsc\/#respond"]}]},{"@type":"WebPage","@id":"https:\/\/www.fraczinet.cl\/sitio\/concierto-de-guitarra-clasica-en-la-ucsc\/","url":"https:\/\/www.fraczinet.cl\/sitio\/concierto-de-guitarra-clasica-en-la-ucsc\/","name":"Concierto De Guitarra Cl\u00e1sica En La UCSC - Nuestro Bio B\u00edo","isPartOf":{"@id":"https:\/\/www.fraczinet.cl\/sitio\/#website"},"primaryImageOfPage":{"@id":"https:\/\/www.fraczinet.cl\/sitio\/concierto-de-guitarra-clasica-en-la-ucsc\/#primaryimage"},"image":{"@id":"https:\/\/www.fraczinet.cl\/sitio\/concierto-de-guitarra-clasica-en-la-ucsc\/#primaryimage"},"thumbnailUrl":"https:\/\/www.fraczinet.cl\/sitio\/wp-content\/uploads\/2011\/05\/Concierto-2Bde-2BGuitarra-2Bcl-25C3-25A1sica-2BUCSC.jpg","datePublished":"2011-05-19T23:03:00+00:00","dateModified":"2022-09-12T00:26:52+00:00","author":{"@id":""},"breadcrumb":{"@id":"https:\/\/www.fraczinet.cl\/sitio\/concierto-de-guitarra-clasica-en-la-ucsc\/#breadcrumb"},"inLanguage":"es","potentialAction":[{"@type":"ReadAction","target":["https:\/\/www.fraczinet.cl\/sitio\/concierto-de-guitarra-clasica-en-la-ucsc\/"]}]},{"@type":"ImageObject","inLanguage":"es","@id":"https:\/\/www.fraczinet.cl\/sitio\/concierto-de-guitarra-clasica-en-la-ucsc\/#primaryimage","url":"https:\/\/www.fraczinet.cl\/sitio\/wp-content\/uploads\/2011\/05\/Concierto-2Bde-2BGuitarra-2Bcl-25C3-25A1sica-2BUCSC.jpg","contentUrl":"https:\/\/www.fraczinet.cl\/sitio\/wp-content\/uploads\/2011\/05\/Concierto-2Bde-2BGuitarra-2Bcl-25C3-25A1sica-2BUCSC.jpg","width":200,"height":309},{"@type":"BreadcrumbList","@id":"https:\/\/www.fraczinet.cl\/sitio\/concierto-de-guitarra-clasica-en-la-ucsc\/#breadcrumb","itemListElement":[{"@type":"ListItem","position":1,"name":"Portada","item":"https:\/\/www.fraczinet.cl\/sitio\/"},{"@type":"ListItem","position":2,"name":"Concierto De Guitarra Cl\u00e1sica En La UCSC"}]},{"@type":"WebSite","@id":"https:\/\/www.fraczinet.cl\/sitio\/#website","url":"https:\/\/www.fraczinet.cl\/sitio\/","name":"Nuestro Bio B\u00edo","description":"Tierra de Encuentros","potentialAction":[{"@type":"SearchAction","target":{"@type":"EntryPoint","urlTemplate":"https:\/\/www.fraczinet.cl\/sitio\/?s={search_term_string}"},"query-input":{"@type":"PropertyValueSpecification","valueRequired":true,"valueName":"search_term_string"}}],"inLanguage":"es"},{"@type":"Person","@id":""}]}},"_links":{"self":[{"href":"https:\/\/www.fraczinet.cl\/sitio\/wp-json\/wp\/v2\/posts\/8709","targetHints":{"allow":["GET"]}}],"collection":[{"href":"https:\/\/www.fraczinet.cl\/sitio\/wp-json\/wp\/v2\/posts"}],"about":[{"href":"https:\/\/www.fraczinet.cl\/sitio\/wp-json\/wp\/v2\/types\/post"}],"author":[{"embeddable":true,"href":"https:\/\/www.fraczinet.cl\/sitio\/wp-json\/wp\/v2\/users\/1"}],"replies":[{"embeddable":true,"href":"https:\/\/www.fraczinet.cl\/sitio\/wp-json\/wp\/v2\/comments?post=8709"}],"version-history":[{"count":2,"href":"https:\/\/www.fraczinet.cl\/sitio\/wp-json\/wp\/v2\/posts\/8709\/revisions"}],"predecessor-version":[{"id":12011,"href":"https:\/\/www.fraczinet.cl\/sitio\/wp-json\/wp\/v2\/posts\/8709\/revisions\/12011"}],"wp:featuredmedia":[{"embeddable":true,"href":"https:\/\/www.fraczinet.cl\/sitio\/wp-json\/wp\/v2\/media\/9283"}],"wp:attachment":[{"href":"https:\/\/www.fraczinet.cl\/sitio\/wp-json\/wp\/v2\/media?parent=8709"}],"wp:term":[{"taxonomy":"category","embeddable":true,"href":"https:\/\/www.fraczinet.cl\/sitio\/wp-json\/wp\/v2\/categories?post=8709"},{"taxonomy":"post_tag","embeddable":true,"href":"https:\/\/www.fraczinet.cl\/sitio\/wp-json\/wp\/v2\/tags?post=8709"}],"curies":[{"name":"wp","href":"https:\/\/api.w.org\/{rel}","templated":true}]}}