{"id":8746,"date":"2011-05-06T22:34:00","date_gmt":"2011-05-06T22:34:00","guid":{"rendered":"https:\/\/www.fraczinet.cl\/sitio\/2011\/05\/06\/censo-2012-mapuche-o-mapache\/"},"modified":"2011-05-06T22:34:00","modified_gmt":"2011-05-06T22:34:00","slug":"censo-2012-mapuche-o-mapache","status":"publish","type":"post","link":"https:\/\/www.fraczinet.cl\/sitio\/2011\/05\/06\/censo-2012-mapuche-o-mapache\/","title":{"rendered":"Censo 2012: \u00bfMapuche o mapache?"},"content":{"rendered":"<p>Cada vez que escribo \u201cmapuche\u201d en Word, el corrector autom\u00e1tico de ortograf\u00eda me pregunta si tal vez no quise escribir \u201cmapache\u201d. Y no me deja tranquilo hasta que seleccion\u00f3 la opci\u00f3n \u201cOmitir\u201d, porque por m\u00e1s que \u201cAgrego al diccionario\u201d la opci\u00f3n correcta, un complot microsoftniano anti-mapuche la hace desaparecer al instante. Y tan solo minutos despu\u00e9s, dale Word con el \u201cmapache\u201d. Algo por el estilo es lo que pretende hacer el INE, Instituto Nacional de Estad\u00edsticas, con nuestro pueblo en el pr\u00f3ximo Censo 2012. Espec\u00edficamente en lo que se refiere a la \u201cadscripci\u00f3n \u00e9tnica\u201d de los encuestados. Si bien el INE se encuentra promocionando una Consulta Nacional para recibir \u201csugerencias\u201d respecto del tenor de las preguntas censales \u2013 en cumplimiento a rega\u00f1adientes del Convenio 169-, lo cierto es que ya pareciera estar claro el derrotero de la principal. As\u00ed se desprende al menos de la propuesta del gobierno.<\/p>\n<p>\u201cPregunta 22. \u00bfA cu\u00e1l de los siguientes pueblos ind\u00edgenas pertenece?. 1.1 Mapuche. 1.2 Pehuenche. 1.3 Lafkenche. 1.4 Huilliche. 1.5 Huilliche \u2013 Chilote. 2. Aimara. 3. Rapa Nui o Pascuense. 4. Atacame\u00f1o. 5. Quechua. 6. Colla. 7. Diaguita. 8. Kawashkar. 9. Y\u00e1mana o Yag\u00e1n. 10. Ninguno de los anteriores\u201d. Nada que opinar de las opciones 2 a la 9. Sin embargo, en el caso mapuche la pregunta no puede ser calificada sino como un p\u00e9simo chiste. \u00bfQu\u00e9 es eso de pueblo ind\u00edgena \u201cPehuenche\u201d, \u201cLafkenche\u201d, \u201cHuilliche\u201d\u2026 \u00a1\u201cHuilliche-Chilote\u201d!? Para quienes, ya sea por ignorancia o por haber le\u00eddo demasiado los libros de Sergio Villalobos, no lo sepan, tales denominaciones en absoluto dan cuenta de pueblos distintos del Mapuche. Hablamos de identidades territoriales, gentilicios que dan cuenta de miembros de un mismo pueblo pero que habitan en la cordillera (pehuenche), en la costa (Lafkenche) o en la zona sur (Huilliche). Es decir, denominaciones geogr\u00e1ficas que si bien implican variaciones ling\u00fc\u00edsticas y particularidades culturales, no dejan de tener como matriz una identidad mapuche tan obvia como el merken.<\/p>\n<p>\u00bfQui\u00e9n les dijo a las luminarias del INE que se trataba de pueblos ind\u00edgenas diferentes al mapuche? Sospecho que nadie. Pero la oportunidad resultaba demasiado tentadora. Ya el Censo del 2002, v\u00eda pregunta igualmente capciosa, hab\u00eda eliminado de un plumazo m\u00e1s de 300 mil mapuches (Censo 1991: 932.000 mapuches \/ Censo 2002: 604.349 mapuches). \u00bfPor qu\u00e9 entonces no repetir y, sobre todo, mejorar la f\u00f3rmula? En lo personal y porque nac\u00ed en la costa de la mal llamada Araucan\u00eda, \u00bfdeber\u00eda optar el 2012 por la opci\u00f3n \u201cLafkenche\u201d? Rid\u00edculo para m\u00ed. \u00bfPero ser\u00e1 igualmente rid\u00edculo para los miles de mapuches que viven por esos lados y que \u2013de buena fe- pueden no captar el trasfondo pol\u00edtico de la pregunta censal? \u00bfO aquellos que viven en la zona cordillerana? Mientras menos poblaci\u00f3n mapuche exista, menos pesaremos en las pol\u00edticas p\u00fablicas y en la agenda de las \u00e9lites. Esa es una verdad del porte de un buque. Y en un gobierno adicto a las encuestas y los \u201cdatos duros\u201d, el panorama se vislumbra negr\u00edsimo.<\/p>\n<p>El a\u00f1o 2002, tras conocerse los resultados del pol\u00e9mico Censo, voces mapuches denunciaron un \u201cgenocidio estad\u00edstico\u201d. Si aquello fue un genocidio, lo que se viene bien puede ser catalogado como un \u201cholocausto\u201d. Ojo. Aun estamos a tiempo. \u00bfPor qu\u00e9 no salir al paso convocando a una \u201cCampa\u00f1a Virtual de Autoafirmaci\u00f3n Mapuche\u201d? Dicen que Twitter ha derribado gobiernos en Medio Oriente y expulsado Intendentas y Ministras en Chile. \u00bfC\u00f3mo no va a ser capaz de detener el holocausto censal que se nos viene como Katrina? Todos invitados. Mapuches, chilenos mestizos, caras p\u00e1lidas y no tan p\u00e1lidas, europeos residentes engrupidos con \u201cDanza con Lobos\u201d, hermanos peruanos migrantes, tambi\u00e9n los mapaches, por cierto. Todos a Twittear para el Censo 2012: #yotambiensoymapuche <\/p>\n<p>Publicado originalmente en <a href=\"http:\/\/www.theclinic.cl\/2011\/04\/20\/%C2%BFmapuche-o-mapache\/\">The Clinic, Edici\u00f3n del 21 de Abril de 2011.<\/a><\/p>\n","protected":false},"excerpt":{"rendered":"<p>Cada vez que escribo \u201cmapuche\u201d en Word, el corrector autom\u00e1tico de ortograf\u00eda me pregunta si tal vez no quise escribir \u201cmapache\u201d. Y no me deja tranquilo hasta que seleccion\u00f3 la opci\u00f3n \u201cOmitir\u201d, porque por m\u00e1s que \u201cAgrego al diccionario\u201d la opci\u00f3n correcta, un complot microsoftniano anti-mapuche la hace desaparecer al instante. Y tan solo minutos [&hellip;]<\/p>\n","protected":false},"author":1,"featured_media":0,"comment_status":"open","ping_status":"open","sticky":false,"template":"","format":"standard","meta":{"footnotes":""},"categories":[112],"tags":[],"class_list":["post-8746","post","type-post","status-publish","format-standard","hentry","category-opinion"],"yoast_head":"<!-- This site is optimized with the Yoast SEO plugin v25.0 - https:\/\/yoast.com\/wordpress\/plugins\/seo\/ -->\n<title>Censo 2012: \u00bfMapuche o mapache? - Nuestro Bio B\u00edo<\/title>\n<meta name=\"robots\" content=\"index, follow, max-snippet:-1, max-image-preview:large, max-video-preview:-1\" \/>\n<link rel=\"canonical\" href=\"https:\/\/www.fraczinet.cl\/sitio\/2011\/05\/06\/censo-2012-mapuche-o-mapache\/\" \/>\n<meta property=\"og:locale\" content=\"es_ES\" \/>\n<meta property=\"og:type\" content=\"article\" \/>\n<meta property=\"og:title\" content=\"Censo 2012: \u00bfMapuche o mapache? - Nuestro Bio B\u00edo\" \/>\n<meta property=\"og:description\" content=\"Cada vez que escribo \u201cmapuche\u201d en Word, el corrector autom\u00e1tico de ortograf\u00eda me pregunta si tal vez no quise escribir \u201cmapache\u201d. Y no me deja tranquilo hasta que seleccion\u00f3 la opci\u00f3n \u201cOmitir\u201d, porque por m\u00e1s que \u201cAgrego al diccionario\u201d la opci\u00f3n correcta, un complot microsoftniano anti-mapuche la hace desaparecer al instante. Y tan solo minutos [&hellip;]\" \/>\n<meta property=\"og:url\" content=\"https:\/\/www.fraczinet.cl\/sitio\/2011\/05\/06\/censo-2012-mapuche-o-mapache\/\" \/>\n<meta property=\"og:site_name\" content=\"Nuestro Bio B\u00edo\" \/>\n<meta property=\"article:published_time\" content=\"2011-05-06T22:34:00+00:00\" \/>\n<meta property=\"og:image\" content=\"https:\/\/www.fraczinet.cl\/sitio\/wp-content\/uploads\/2021\/07\/bannerlogo-1.gif\" \/>\n\t<meta property=\"og:image:width\" content=\"159\" \/>\n\t<meta property=\"og:image:height\" content=\"79\" \/>\n\t<meta property=\"og:image:type\" content=\"image\/gif\" \/>\n<meta name=\"author\" content=\"admin\" \/>\n<meta name=\"twitter:card\" content=\"summary_large_image\" \/>\n<meta name=\"twitter:creator\" content=\"@nuestrobiobio\" \/>\n<meta name=\"twitter:site\" content=\"@nuestrobiobio\" \/>\n<meta name=\"twitter:label1\" content=\"Escrito por\" \/>\n\t<meta name=\"twitter:data1\" content=\"admin\" \/>\n\t<meta name=\"twitter:label2\" content=\"Tiempo de lectura\" \/>\n\t<meta name=\"twitter:data2\" content=\"3 minutos\" \/>\n<script type=\"application\/ld+json\" class=\"yoast-schema-graph\">{\"@context\":\"https:\/\/schema.org\",\"@graph\":[{\"@type\":\"Article\",\"@id\":\"https:\/\/www.fraczinet.cl\/sitio\/2011\/05\/06\/censo-2012-mapuche-o-mapache\/#article\",\"isPartOf\":{\"@id\":\"https:\/\/www.fraczinet.cl\/sitio\/2011\/05\/06\/censo-2012-mapuche-o-mapache\/\"},\"author\":{\"name\":\"admin\",\"@id\":\"https:\/\/www.fraczinet.cl\/sitio\/#\/schema\/person\/bc30f98e9cb10ae7e119dbe14bc93784\"},\"headline\":\"Censo 2012: \u00bfMapuche o mapache?\",\"datePublished\":\"2011-05-06T22:34:00+00:00\",\"mainEntityOfPage\":{\"@id\":\"https:\/\/www.fraczinet.cl\/sitio\/2011\/05\/06\/censo-2012-mapuche-o-mapache\/\"},\"wordCount\":641,\"commentCount\":0,\"publisher\":{\"@id\":\"https:\/\/www.fraczinet.cl\/sitio\/#\/schema\/person\/aec8ee4da68df2b9b0eefdad24a0d582\"},\"articleSection\":[\"Opini\u00f3n\"],\"inLanguage\":\"es\",\"potentialAction\":[{\"@type\":\"CommentAction\",\"name\":\"Comment\",\"target\":[\"https:\/\/www.fraczinet.cl\/sitio\/2011\/05\/06\/censo-2012-mapuche-o-mapache\/#respond\"]}]},{\"@type\":\"WebPage\",\"@id\":\"https:\/\/www.fraczinet.cl\/sitio\/2011\/05\/06\/censo-2012-mapuche-o-mapache\/\",\"url\":\"https:\/\/www.fraczinet.cl\/sitio\/2011\/05\/06\/censo-2012-mapuche-o-mapache\/\",\"name\":\"Censo 2012: \u00bfMapuche o mapache? - Nuestro Bio B\u00edo\",\"isPartOf\":{\"@id\":\"https:\/\/www.fraczinet.cl\/sitio\/#website\"},\"datePublished\":\"2011-05-06T22:34:00+00:00\",\"breadcrumb\":{\"@id\":\"https:\/\/www.fraczinet.cl\/sitio\/2011\/05\/06\/censo-2012-mapuche-o-mapache\/#breadcrumb\"},\"inLanguage\":\"es\",\"potentialAction\":[{\"@type\":\"ReadAction\",\"target\":[\"https:\/\/www.fraczinet.cl\/sitio\/2011\/05\/06\/censo-2012-mapuche-o-mapache\/\"]}]},{\"@type\":\"BreadcrumbList\",\"@id\":\"https:\/\/www.fraczinet.cl\/sitio\/2011\/05\/06\/censo-2012-mapuche-o-mapache\/#breadcrumb\",\"itemListElement\":[{\"@type\":\"ListItem\",\"position\":1,\"name\":\"Portada\",\"item\":\"https:\/\/www.fraczinet.cl\/sitio\/\"},{\"@type\":\"ListItem\",\"position\":2,\"name\":\"Censo 2012: \u00bfMapuche o mapache?\"}]},{\"@type\":\"WebSite\",\"@id\":\"https:\/\/www.fraczinet.cl\/sitio\/#website\",\"url\":\"https:\/\/www.fraczinet.cl\/sitio\/\",\"name\":\"Nuestro Bio B\u00edo\",\"description\":\"Tierra de Encuentros\",\"publisher\":{\"@id\":\"https:\/\/www.fraczinet.cl\/sitio\/#\/schema\/person\/aec8ee4da68df2b9b0eefdad24a0d582\"},\"potentialAction\":[{\"@type\":\"SearchAction\",\"target\":{\"@type\":\"EntryPoint\",\"urlTemplate\":\"https:\/\/www.fraczinet.cl\/sitio\/?s={search_term_string}\"},\"query-input\":{\"@type\":\"PropertyValueSpecification\",\"valueRequired\":true,\"valueName\":\"search_term_string\"}}],\"inLanguage\":\"es\"},{\"@type\":[\"Person\",\"Organization\"],\"@id\":\"https:\/\/www.fraczinet.cl\/sitio\/#\/schema\/person\/aec8ee4da68df2b9b0eefdad24a0d582\",\"name\":\"Luis Fernando Fraczinet\",\"image\":{\"@type\":\"ImageObject\",\"inLanguage\":\"es\",\"@id\":\"https:\/\/www.fraczinet.cl\/sitio\/#\/schema\/person\/image\/\",\"url\":\"https:\/\/www.fraczinet.cl\/sitio\/wp-content\/uploads\/2021\/07\/bannerlogo-1.gif\",\"contentUrl\":\"https:\/\/www.fraczinet.cl\/sitio\/wp-content\/uploads\/2021\/07\/bannerlogo-1.gif\",\"width\":159,\"height\":79,\"caption\":\"Luis Fernando Fraczinet\"},\"logo\":{\"@id\":\"https:\/\/www.fraczinet.cl\/sitio\/#\/schema\/person\/image\/\"},\"sameAs\":[\"https:\/\/www.fraczinet.cl\/sitio\/\"]},{\"@type\":\"Person\",\"@id\":\"https:\/\/www.fraczinet.cl\/sitio\/#\/schema\/person\/bc30f98e9cb10ae7e119dbe14bc93784\",\"name\":\"admin\",\"image\":{\"@type\":\"ImageObject\",\"inLanguage\":\"es\",\"@id\":\"https:\/\/www.fraczinet.cl\/sitio\/#\/schema\/person\/image\/\",\"url\":\"https:\/\/secure.gravatar.com\/avatar\/d5ad3cf7ef3b23a2bb5be73be780c86b2fc8545c3ad6b149f3913ff458c00099?s=96&d=mm&r=g\",\"contentUrl\":\"https:\/\/secure.gravatar.com\/avatar\/d5ad3cf7ef3b23a2bb5be73be780c86b2fc8545c3ad6b149f3913ff458c00099?s=96&d=mm&r=g\",\"caption\":\"admin\"},\"sameAs\":[\"https:\/\/www.fraczinet.cl\/sitio\"]}]}<\/script>\n<!-- \/ Yoast SEO plugin. -->","yoast_head_json":{"title":"Censo 2012: \u00bfMapuche o mapache? - Nuestro Bio B\u00edo","robots":{"index":"index","follow":"follow","max-snippet":"max-snippet:-1","max-image-preview":"max-image-preview:large","max-video-preview":"max-video-preview:-1"},"canonical":"https:\/\/www.fraczinet.cl\/sitio\/2011\/05\/06\/censo-2012-mapuche-o-mapache\/","og_locale":"es_ES","og_type":"article","og_title":"Censo 2012: \u00bfMapuche o mapache? - Nuestro Bio B\u00edo","og_description":"Cada vez que escribo \u201cmapuche\u201d en Word, el corrector autom\u00e1tico de ortograf\u00eda me pregunta si tal vez no quise escribir \u201cmapache\u201d. Y no me deja tranquilo hasta que seleccion\u00f3 la opci\u00f3n \u201cOmitir\u201d, porque por m\u00e1s que \u201cAgrego al diccionario\u201d la opci\u00f3n correcta, un complot microsoftniano anti-mapuche la hace desaparecer al instante. Y tan solo minutos [&hellip;]","og_url":"https:\/\/www.fraczinet.cl\/sitio\/2011\/05\/06\/censo-2012-mapuche-o-mapache\/","og_site_name":"Nuestro Bio B\u00edo","article_published_time":"2011-05-06T22:34:00+00:00","og_image":[{"width":159,"height":79,"url":"https:\/\/www.fraczinet.cl\/sitio\/wp-content\/uploads\/2021\/07\/bannerlogo-1.gif","type":"image\/gif"}],"author":"admin","twitter_card":"summary_large_image","twitter_creator":"@nuestrobiobio","twitter_site":"@nuestrobiobio","twitter_misc":{"Escrito por":"admin","Tiempo de lectura":"3 minutos"},"schema":{"@context":"https:\/\/schema.org","@graph":[{"@type":"Article","@id":"https:\/\/www.fraczinet.cl\/sitio\/2011\/05\/06\/censo-2012-mapuche-o-mapache\/#article","isPartOf":{"@id":"https:\/\/www.fraczinet.cl\/sitio\/2011\/05\/06\/censo-2012-mapuche-o-mapache\/"},"author":{"name":"admin","@id":"https:\/\/www.fraczinet.cl\/sitio\/#\/schema\/person\/bc30f98e9cb10ae7e119dbe14bc93784"},"headline":"Censo 2012: \u00bfMapuche o mapache?","datePublished":"2011-05-06T22:34:00+00:00","mainEntityOfPage":{"@id":"https:\/\/www.fraczinet.cl\/sitio\/2011\/05\/06\/censo-2012-mapuche-o-mapache\/"},"wordCount":641,"commentCount":0,"publisher":{"@id":"https:\/\/www.fraczinet.cl\/sitio\/#\/schema\/person\/aec8ee4da68df2b9b0eefdad24a0d582"},"articleSection":["Opini\u00f3n"],"inLanguage":"es","potentialAction":[{"@type":"CommentAction","name":"Comment","target":["https:\/\/www.fraczinet.cl\/sitio\/2011\/05\/06\/censo-2012-mapuche-o-mapache\/#respond"]}]},{"@type":"WebPage","@id":"https:\/\/www.fraczinet.cl\/sitio\/2011\/05\/06\/censo-2012-mapuche-o-mapache\/","url":"https:\/\/www.fraczinet.cl\/sitio\/2011\/05\/06\/censo-2012-mapuche-o-mapache\/","name":"Censo 2012: \u00bfMapuche o mapache? - Nuestro Bio B\u00edo","isPartOf":{"@id":"https:\/\/www.fraczinet.cl\/sitio\/#website"},"datePublished":"2011-05-06T22:34:00+00:00","breadcrumb":{"@id":"https:\/\/www.fraczinet.cl\/sitio\/2011\/05\/06\/censo-2012-mapuche-o-mapache\/#breadcrumb"},"inLanguage":"es","potentialAction":[{"@type":"ReadAction","target":["https:\/\/www.fraczinet.cl\/sitio\/2011\/05\/06\/censo-2012-mapuche-o-mapache\/"]}]},{"@type":"BreadcrumbList","@id":"https:\/\/www.fraczinet.cl\/sitio\/2011\/05\/06\/censo-2012-mapuche-o-mapache\/#breadcrumb","itemListElement":[{"@type":"ListItem","position":1,"name":"Portada","item":"https:\/\/www.fraczinet.cl\/sitio\/"},{"@type":"ListItem","position":2,"name":"Censo 2012: \u00bfMapuche o mapache?"}]},{"@type":"WebSite","@id":"https:\/\/www.fraczinet.cl\/sitio\/#website","url":"https:\/\/www.fraczinet.cl\/sitio\/","name":"Nuestro Bio B\u00edo","description":"Tierra de Encuentros","publisher":{"@id":"https:\/\/www.fraczinet.cl\/sitio\/#\/schema\/person\/aec8ee4da68df2b9b0eefdad24a0d582"},"potentialAction":[{"@type":"SearchAction","target":{"@type":"EntryPoint","urlTemplate":"https:\/\/www.fraczinet.cl\/sitio\/?s={search_term_string}"},"query-input":{"@type":"PropertyValueSpecification","valueRequired":true,"valueName":"search_term_string"}}],"inLanguage":"es"},{"@type":["Person","Organization"],"@id":"https:\/\/www.fraczinet.cl\/sitio\/#\/schema\/person\/aec8ee4da68df2b9b0eefdad24a0d582","name":"Luis Fernando Fraczinet","image":{"@type":"ImageObject","inLanguage":"es","@id":"https:\/\/www.fraczinet.cl\/sitio\/#\/schema\/person\/image\/","url":"https:\/\/www.fraczinet.cl\/sitio\/wp-content\/uploads\/2021\/07\/bannerlogo-1.gif","contentUrl":"https:\/\/www.fraczinet.cl\/sitio\/wp-content\/uploads\/2021\/07\/bannerlogo-1.gif","width":159,"height":79,"caption":"Luis Fernando Fraczinet"},"logo":{"@id":"https:\/\/www.fraczinet.cl\/sitio\/#\/schema\/person\/image\/"},"sameAs":["https:\/\/www.fraczinet.cl\/sitio\/"]},{"@type":"Person","@id":"https:\/\/www.fraczinet.cl\/sitio\/#\/schema\/person\/bc30f98e9cb10ae7e119dbe14bc93784","name":"admin","image":{"@type":"ImageObject","inLanguage":"es","@id":"https:\/\/www.fraczinet.cl\/sitio\/#\/schema\/person\/image\/","url":"https:\/\/secure.gravatar.com\/avatar\/d5ad3cf7ef3b23a2bb5be73be780c86b2fc8545c3ad6b149f3913ff458c00099?s=96&d=mm&r=g","contentUrl":"https:\/\/secure.gravatar.com\/avatar\/d5ad3cf7ef3b23a2bb5be73be780c86b2fc8545c3ad6b149f3913ff458c00099?s=96&d=mm&r=g","caption":"admin"},"sameAs":["https:\/\/www.fraczinet.cl\/sitio"]}]}},"_links":{"self":[{"href":"https:\/\/www.fraczinet.cl\/sitio\/wp-json\/wp\/v2\/posts\/8746","targetHints":{"allow":["GET"]}}],"collection":[{"href":"https:\/\/www.fraczinet.cl\/sitio\/wp-json\/wp\/v2\/posts"}],"about":[{"href":"https:\/\/www.fraczinet.cl\/sitio\/wp-json\/wp\/v2\/types\/post"}],"author":[{"embeddable":true,"href":"https:\/\/www.fraczinet.cl\/sitio\/wp-json\/wp\/v2\/users\/1"}],"replies":[{"embeddable":true,"href":"https:\/\/www.fraczinet.cl\/sitio\/wp-json\/wp\/v2\/comments?post=8746"}],"version-history":[{"count":0,"href":"https:\/\/www.fraczinet.cl\/sitio\/wp-json\/wp\/v2\/posts\/8746\/revisions"}],"wp:attachment":[{"href":"https:\/\/www.fraczinet.cl\/sitio\/wp-json\/wp\/v2\/media?parent=8746"}],"wp:term":[{"taxonomy":"category","embeddable":true,"href":"https:\/\/www.fraczinet.cl\/sitio\/wp-json\/wp\/v2\/categories?post=8746"},{"taxonomy":"post_tag","embeddable":true,"href":"https:\/\/www.fraczinet.cl\/sitio\/wp-json\/wp\/v2\/tags?post=8746"}],"curies":[{"name":"wp","href":"https:\/\/api.w.org\/{rel}","templated":true}]}}