{"id":8749,"date":"2011-05-06T19:24:00","date_gmt":"2011-05-06T19:24:00","guid":{"rendered":"https:\/\/www.fraczinet.cl\/sitio\/2011\/05\/06\/cursos-y-talleres-comercio-exterior-de-prochile\/"},"modified":"2011-05-06T19:24:00","modified_gmt":"2011-05-06T19:24:00","slug":"cursos-y-talleres-comercio-exterior-de-prochile","status":"publish","type":"post","link":"https:\/\/www.fraczinet.cl\/sitio\/2011\/05\/06\/cursos-y-talleres-comercio-exterior-de-prochile\/","title":{"rendered":"Cursos y Talleres Comercio Exterior De ProChile"},"content":{"rendered":"<p>Estas herramientas contemplan el desarrollo de talleres o seminarios en Chile, en torno a tem\u00e1ticas demandadas por sectores o empresas que manifiestan inter\u00e9s de participar en esta l\u00ednea de trabajo, con el objeto de apoyar sus procesos de exportaci\u00f3n. Se contemplan actividades como realizaci\u00f3n de talleres, charlas t\u00e9cnicas, tra\u00edda de expertos, publicaciones de inter\u00e9s para un sector, y actividades de inteligencia de mercado, entre otros. Los temas son seleccionados de com\u00fan acuerdo entre el Equipo Central, el Sector o Direcci\u00f3n Regional de ProChile que demande la actividad.<\/p>\n<p>Los expositores son profesionales de excelencia con una relevante y variada experiencia pr\u00e1ctica y reconocimiento en el \u00e1mbito empresarial de procedencia nacional como internacional.<\/p>\n<p>M\u00e1s Informaci\u00f3n en <a href=\"http:\/\/rc.prochile.cl\/cursos_talleres_comercio_exterior\">ProChile<\/a><\/p>\n","protected":false},"excerpt":{"rendered":"<p>Estas herramientas contemplan el desarrollo de talleres o seminarios en Chile, en torno a tem\u00e1ticas demandadas por sectores o empresas que manifiestan inter\u00e9s de participar en esta l\u00ednea de trabajo, con el objeto de apoyar sus procesos de exportaci\u00f3n. Se contemplan actividades como realizaci\u00f3n de talleres, charlas t\u00e9cnicas, tra\u00edda de expertos, publicaciones de inter\u00e9s para [&hellip;]<\/p>\n","protected":false},"author":1,"featured_media":0,"comment_status":"open","ping_status":"open","sticky":false,"template":"","format":"standard","meta":{"footnotes":""},"categories":[242],"tags":[],"class_list":["post-8749","post","type-post","status-publish","format-standard","hentry","category-cursos"],"yoast_head":"<!-- This site is optimized with the Yoast SEO plugin v25.0 - https:\/\/yoast.com\/wordpress\/plugins\/seo\/ -->\n<title>Cursos y Talleres Comercio Exterior De ProChile - Nuestro Bio B\u00edo<\/title>\n<meta name=\"robots\" content=\"index, follow, max-snippet:-1, max-image-preview:large, max-video-preview:-1\" \/>\n<link rel=\"canonical\" href=\"https:\/\/www.fraczinet.cl\/sitio\/2011\/05\/06\/cursos-y-talleres-comercio-exterior-de-prochile\/\" \/>\n<meta property=\"og:locale\" content=\"es_ES\" \/>\n<meta property=\"og:type\" content=\"article\" \/>\n<meta property=\"og:title\" content=\"Cursos y Talleres Comercio Exterior De ProChile - Nuestro Bio B\u00edo\" \/>\n<meta property=\"og:description\" content=\"Estas herramientas contemplan el desarrollo de talleres o seminarios en Chile, en torno a tem\u00e1ticas demandadas por sectores o empresas que manifiestan inter\u00e9s de participar en esta l\u00ednea de trabajo, con el objeto de apoyar sus procesos de exportaci\u00f3n. Se contemplan actividades como realizaci\u00f3n de talleres, charlas t\u00e9cnicas, tra\u00edda de expertos, publicaciones de inter\u00e9s para [&hellip;]\" \/>\n<meta property=\"og:url\" content=\"https:\/\/www.fraczinet.cl\/sitio\/2011\/05\/06\/cursos-y-talleres-comercio-exterior-de-prochile\/\" \/>\n<meta property=\"og:site_name\" content=\"Nuestro Bio B\u00edo\" \/>\n<meta property=\"article:published_time\" content=\"2011-05-06T19:24:00+00:00\" \/>\n<meta property=\"og:image\" content=\"https:\/\/www.fraczinet.cl\/sitio\/wp-content\/uploads\/2021\/07\/bannerlogo-1.gif\" \/>\n\t<meta property=\"og:image:width\" content=\"159\" \/>\n\t<meta property=\"og:image:height\" content=\"79\" \/>\n\t<meta property=\"og:image:type\" content=\"image\/gif\" \/>\n<meta name=\"author\" content=\"admin\" \/>\n<meta name=\"twitter:card\" content=\"summary_large_image\" \/>\n<meta name=\"twitter:creator\" content=\"@nuestrobiobio\" \/>\n<meta name=\"twitter:site\" content=\"@nuestrobiobio\" \/>\n<meta name=\"twitter:label1\" content=\"Escrito por\" \/>\n\t<meta name=\"twitter:data1\" content=\"admin\" \/>\n\t<meta name=\"twitter:label2\" content=\"Tiempo de lectura\" \/>\n\t<meta name=\"twitter:data2\" content=\"1 minuto\" \/>\n<script type=\"application\/ld+json\" class=\"yoast-schema-graph\">{\"@context\":\"https:\/\/schema.org\",\"@graph\":[{\"@type\":\"Article\",\"@id\":\"https:\/\/www.fraczinet.cl\/sitio\/2011\/05\/06\/cursos-y-talleres-comercio-exterior-de-prochile\/#article\",\"isPartOf\":{\"@id\":\"https:\/\/www.fraczinet.cl\/sitio\/2011\/05\/06\/cursos-y-talleres-comercio-exterior-de-prochile\/\"},\"author\":{\"name\":\"admin\",\"@id\":\"https:\/\/www.fraczinet.cl\/sitio\/#\/schema\/person\/bc30f98e9cb10ae7e119dbe14bc93784\"},\"headline\":\"Cursos y Talleres Comercio Exterior De ProChile\",\"datePublished\":\"2011-05-06T19:24:00+00:00\",\"mainEntityOfPage\":{\"@id\":\"https:\/\/www.fraczinet.cl\/sitio\/2011\/05\/06\/cursos-y-talleres-comercio-exterior-de-prochile\/\"},\"wordCount\":135,\"commentCount\":0,\"publisher\":{\"@id\":\"https:\/\/www.fraczinet.cl\/sitio\/#\/schema\/person\/aec8ee4da68df2b9b0eefdad24a0d582\"},\"articleSection\":[\"Cursos\"],\"inLanguage\":\"es\",\"potentialAction\":[{\"@type\":\"CommentAction\",\"name\":\"Comment\",\"target\":[\"https:\/\/www.fraczinet.cl\/sitio\/2011\/05\/06\/cursos-y-talleres-comercio-exterior-de-prochile\/#respond\"]}]},{\"@type\":\"WebPage\",\"@id\":\"https:\/\/www.fraczinet.cl\/sitio\/2011\/05\/06\/cursos-y-talleres-comercio-exterior-de-prochile\/\",\"url\":\"https:\/\/www.fraczinet.cl\/sitio\/2011\/05\/06\/cursos-y-talleres-comercio-exterior-de-prochile\/\",\"name\":\"Cursos y Talleres Comercio Exterior De ProChile - Nuestro Bio B\u00edo\",\"isPartOf\":{\"@id\":\"https:\/\/www.fraczinet.cl\/sitio\/#website\"},\"datePublished\":\"2011-05-06T19:24:00+00:00\",\"breadcrumb\":{\"@id\":\"https:\/\/www.fraczinet.cl\/sitio\/2011\/05\/06\/cursos-y-talleres-comercio-exterior-de-prochile\/#breadcrumb\"},\"inLanguage\":\"es\",\"potentialAction\":[{\"@type\":\"ReadAction\",\"target\":[\"https:\/\/www.fraczinet.cl\/sitio\/2011\/05\/06\/cursos-y-talleres-comercio-exterior-de-prochile\/\"]}]},{\"@type\":\"BreadcrumbList\",\"@id\":\"https:\/\/www.fraczinet.cl\/sitio\/2011\/05\/06\/cursos-y-talleres-comercio-exterior-de-prochile\/#breadcrumb\",\"itemListElement\":[{\"@type\":\"ListItem\",\"position\":1,\"name\":\"Portada\",\"item\":\"https:\/\/www.fraczinet.cl\/sitio\/\"},{\"@type\":\"ListItem\",\"position\":2,\"name\":\"Cursos y Talleres Comercio Exterior De ProChile\"}]},{\"@type\":\"WebSite\",\"@id\":\"https:\/\/www.fraczinet.cl\/sitio\/#website\",\"url\":\"https:\/\/www.fraczinet.cl\/sitio\/\",\"name\":\"Nuestro Bio B\u00edo\",\"description\":\"Tierra de Encuentros\",\"publisher\":{\"@id\":\"https:\/\/www.fraczinet.cl\/sitio\/#\/schema\/person\/aec8ee4da68df2b9b0eefdad24a0d582\"},\"potentialAction\":[{\"@type\":\"SearchAction\",\"target\":{\"@type\":\"EntryPoint\",\"urlTemplate\":\"https:\/\/www.fraczinet.cl\/sitio\/?s={search_term_string}\"},\"query-input\":{\"@type\":\"PropertyValueSpecification\",\"valueRequired\":true,\"valueName\":\"search_term_string\"}}],\"inLanguage\":\"es\"},{\"@type\":[\"Person\",\"Organization\"],\"@id\":\"https:\/\/www.fraczinet.cl\/sitio\/#\/schema\/person\/aec8ee4da68df2b9b0eefdad24a0d582\",\"name\":\"Luis Fernando Fraczinet\",\"image\":{\"@type\":\"ImageObject\",\"inLanguage\":\"es\",\"@id\":\"https:\/\/www.fraczinet.cl\/sitio\/#\/schema\/person\/image\/\",\"url\":\"https:\/\/www.fraczinet.cl\/sitio\/wp-content\/uploads\/2021\/07\/bannerlogo-1.gif\",\"contentUrl\":\"https:\/\/www.fraczinet.cl\/sitio\/wp-content\/uploads\/2021\/07\/bannerlogo-1.gif\",\"width\":159,\"height\":79,\"caption\":\"Luis Fernando Fraczinet\"},\"logo\":{\"@id\":\"https:\/\/www.fraczinet.cl\/sitio\/#\/schema\/person\/image\/\"},\"sameAs\":[\"https:\/\/www.fraczinet.cl\/sitio\/\"]},{\"@type\":\"Person\",\"@id\":\"https:\/\/www.fraczinet.cl\/sitio\/#\/schema\/person\/bc30f98e9cb10ae7e119dbe14bc93784\",\"name\":\"admin\",\"image\":{\"@type\":\"ImageObject\",\"inLanguage\":\"es\",\"@id\":\"https:\/\/www.fraczinet.cl\/sitio\/#\/schema\/person\/image\/\",\"url\":\"https:\/\/secure.gravatar.com\/avatar\/d5ad3cf7ef3b23a2bb5be73be780c86b2fc8545c3ad6b149f3913ff458c00099?s=96&d=mm&r=g\",\"contentUrl\":\"https:\/\/secure.gravatar.com\/avatar\/d5ad3cf7ef3b23a2bb5be73be780c86b2fc8545c3ad6b149f3913ff458c00099?s=96&d=mm&r=g\",\"caption\":\"admin\"},\"sameAs\":[\"https:\/\/www.fraczinet.cl\/sitio\"]}]}<\/script>\n<!-- \/ Yoast SEO plugin. -->","yoast_head_json":{"title":"Cursos y Talleres Comercio Exterior De ProChile - Nuestro Bio B\u00edo","robots":{"index":"index","follow":"follow","max-snippet":"max-snippet:-1","max-image-preview":"max-image-preview:large","max-video-preview":"max-video-preview:-1"},"canonical":"https:\/\/www.fraczinet.cl\/sitio\/2011\/05\/06\/cursos-y-talleres-comercio-exterior-de-prochile\/","og_locale":"es_ES","og_type":"article","og_title":"Cursos y Talleres Comercio Exterior De ProChile - Nuestro Bio B\u00edo","og_description":"Estas herramientas contemplan el desarrollo de talleres o seminarios en Chile, en torno a tem\u00e1ticas demandadas por sectores o empresas que manifiestan inter\u00e9s de participar en esta l\u00ednea de trabajo, con el objeto de apoyar sus procesos de exportaci\u00f3n. Se contemplan actividades como realizaci\u00f3n de talleres, charlas t\u00e9cnicas, tra\u00edda de expertos, publicaciones de inter\u00e9s para [&hellip;]","og_url":"https:\/\/www.fraczinet.cl\/sitio\/2011\/05\/06\/cursos-y-talleres-comercio-exterior-de-prochile\/","og_site_name":"Nuestro Bio B\u00edo","article_published_time":"2011-05-06T19:24:00+00:00","og_image":[{"width":159,"height":79,"url":"https:\/\/www.fraczinet.cl\/sitio\/wp-content\/uploads\/2021\/07\/bannerlogo-1.gif","type":"image\/gif"}],"author":"admin","twitter_card":"summary_large_image","twitter_creator":"@nuestrobiobio","twitter_site":"@nuestrobiobio","twitter_misc":{"Escrito por":"admin","Tiempo de lectura":"1 minuto"},"schema":{"@context":"https:\/\/schema.org","@graph":[{"@type":"Article","@id":"https:\/\/www.fraczinet.cl\/sitio\/2011\/05\/06\/cursos-y-talleres-comercio-exterior-de-prochile\/#article","isPartOf":{"@id":"https:\/\/www.fraczinet.cl\/sitio\/2011\/05\/06\/cursos-y-talleres-comercio-exterior-de-prochile\/"},"author":{"name":"admin","@id":"https:\/\/www.fraczinet.cl\/sitio\/#\/schema\/person\/bc30f98e9cb10ae7e119dbe14bc93784"},"headline":"Cursos y Talleres Comercio Exterior De ProChile","datePublished":"2011-05-06T19:24:00+00:00","mainEntityOfPage":{"@id":"https:\/\/www.fraczinet.cl\/sitio\/2011\/05\/06\/cursos-y-talleres-comercio-exterior-de-prochile\/"},"wordCount":135,"commentCount":0,"publisher":{"@id":"https:\/\/www.fraczinet.cl\/sitio\/#\/schema\/person\/aec8ee4da68df2b9b0eefdad24a0d582"},"articleSection":["Cursos"],"inLanguage":"es","potentialAction":[{"@type":"CommentAction","name":"Comment","target":["https:\/\/www.fraczinet.cl\/sitio\/2011\/05\/06\/cursos-y-talleres-comercio-exterior-de-prochile\/#respond"]}]},{"@type":"WebPage","@id":"https:\/\/www.fraczinet.cl\/sitio\/2011\/05\/06\/cursos-y-talleres-comercio-exterior-de-prochile\/","url":"https:\/\/www.fraczinet.cl\/sitio\/2011\/05\/06\/cursos-y-talleres-comercio-exterior-de-prochile\/","name":"Cursos y Talleres Comercio Exterior De ProChile - Nuestro Bio B\u00edo","isPartOf":{"@id":"https:\/\/www.fraczinet.cl\/sitio\/#website"},"datePublished":"2011-05-06T19:24:00+00:00","breadcrumb":{"@id":"https:\/\/www.fraczinet.cl\/sitio\/2011\/05\/06\/cursos-y-talleres-comercio-exterior-de-prochile\/#breadcrumb"},"inLanguage":"es","potentialAction":[{"@type":"ReadAction","target":["https:\/\/www.fraczinet.cl\/sitio\/2011\/05\/06\/cursos-y-talleres-comercio-exterior-de-prochile\/"]}]},{"@type":"BreadcrumbList","@id":"https:\/\/www.fraczinet.cl\/sitio\/2011\/05\/06\/cursos-y-talleres-comercio-exterior-de-prochile\/#breadcrumb","itemListElement":[{"@type":"ListItem","position":1,"name":"Portada","item":"https:\/\/www.fraczinet.cl\/sitio\/"},{"@type":"ListItem","position":2,"name":"Cursos y Talleres Comercio Exterior De ProChile"}]},{"@type":"WebSite","@id":"https:\/\/www.fraczinet.cl\/sitio\/#website","url":"https:\/\/www.fraczinet.cl\/sitio\/","name":"Nuestro Bio B\u00edo","description":"Tierra de Encuentros","publisher":{"@id":"https:\/\/www.fraczinet.cl\/sitio\/#\/schema\/person\/aec8ee4da68df2b9b0eefdad24a0d582"},"potentialAction":[{"@type":"SearchAction","target":{"@type":"EntryPoint","urlTemplate":"https:\/\/www.fraczinet.cl\/sitio\/?s={search_term_string}"},"query-input":{"@type":"PropertyValueSpecification","valueRequired":true,"valueName":"search_term_string"}}],"inLanguage":"es"},{"@type":["Person","Organization"],"@id":"https:\/\/www.fraczinet.cl\/sitio\/#\/schema\/person\/aec8ee4da68df2b9b0eefdad24a0d582","name":"Luis Fernando Fraczinet","image":{"@type":"ImageObject","inLanguage":"es","@id":"https:\/\/www.fraczinet.cl\/sitio\/#\/schema\/person\/image\/","url":"https:\/\/www.fraczinet.cl\/sitio\/wp-content\/uploads\/2021\/07\/bannerlogo-1.gif","contentUrl":"https:\/\/www.fraczinet.cl\/sitio\/wp-content\/uploads\/2021\/07\/bannerlogo-1.gif","width":159,"height":79,"caption":"Luis Fernando Fraczinet"},"logo":{"@id":"https:\/\/www.fraczinet.cl\/sitio\/#\/schema\/person\/image\/"},"sameAs":["https:\/\/www.fraczinet.cl\/sitio\/"]},{"@type":"Person","@id":"https:\/\/www.fraczinet.cl\/sitio\/#\/schema\/person\/bc30f98e9cb10ae7e119dbe14bc93784","name":"admin","image":{"@type":"ImageObject","inLanguage":"es","@id":"https:\/\/www.fraczinet.cl\/sitio\/#\/schema\/person\/image\/","url":"https:\/\/secure.gravatar.com\/avatar\/d5ad3cf7ef3b23a2bb5be73be780c86b2fc8545c3ad6b149f3913ff458c00099?s=96&d=mm&r=g","contentUrl":"https:\/\/secure.gravatar.com\/avatar\/d5ad3cf7ef3b23a2bb5be73be780c86b2fc8545c3ad6b149f3913ff458c00099?s=96&d=mm&r=g","caption":"admin"},"sameAs":["https:\/\/www.fraczinet.cl\/sitio"]}]}},"_links":{"self":[{"href":"https:\/\/www.fraczinet.cl\/sitio\/wp-json\/wp\/v2\/posts\/8749","targetHints":{"allow":["GET"]}}],"collection":[{"href":"https:\/\/www.fraczinet.cl\/sitio\/wp-json\/wp\/v2\/posts"}],"about":[{"href":"https:\/\/www.fraczinet.cl\/sitio\/wp-json\/wp\/v2\/types\/post"}],"author":[{"embeddable":true,"href":"https:\/\/www.fraczinet.cl\/sitio\/wp-json\/wp\/v2\/users\/1"}],"replies":[{"embeddable":true,"href":"https:\/\/www.fraczinet.cl\/sitio\/wp-json\/wp\/v2\/comments?post=8749"}],"version-history":[{"count":0,"href":"https:\/\/www.fraczinet.cl\/sitio\/wp-json\/wp\/v2\/posts\/8749\/revisions"}],"wp:attachment":[{"href":"https:\/\/www.fraczinet.cl\/sitio\/wp-json\/wp\/v2\/media?parent=8749"}],"wp:term":[{"taxonomy":"category","embeddable":true,"href":"https:\/\/www.fraczinet.cl\/sitio\/wp-json\/wp\/v2\/categories?post=8749"},{"taxonomy":"post_tag","embeddable":true,"href":"https:\/\/www.fraczinet.cl\/sitio\/wp-json\/wp\/v2\/tags?post=8749"}],"curies":[{"name":"wp","href":"https:\/\/api.w.org\/{rel}","templated":true}]}}