{"id":8761,"date":"2011-05-02T22:36:00","date_gmt":"2011-05-02T22:36:00","guid":{"rendered":"https:\/\/www.fraczinet.cl\/sitio\/2011\/05\/02\/ciclo-documentales-territorio-de-fronteras\/"},"modified":"2022-10-04T14:34:58","modified_gmt":"2022-10-04T14:34:58","slug":"ciclo-documentales-territorio-de-fronteras","status":"publish","type":"post","link":"https:\/\/www.fraczinet.cl\/sitio\/2011\/05\/02\/ciclo-documentales-territorio-de-fronteras\/","title":{"rendered":"Ciclo Documentales &#8211; Territorio De Fronteras"},"content":{"rendered":"<p><a href=\"http:\/\/4.bp.blogspot.com\/-3vOWSi-AQRc\/Tb8y4fL1YHI\/AAAAAAAASsY\/YhGtyebcmRo\/s1600\/Territorio%2Bde%2Bfronteras.jpg\"><img decoding=\"async\" alt=\"\" border=\"0\" id=\"BLOGGER_PHOTO_ID_5602252407497384050\" src=\"http:\/\/4.bp.blogspot.com\/-3vOWSi-AQRc\/Tb8y4fL1YHI\/AAAAAAAASsY\/YhGtyebcmRo\/s400\/Territorio%2Bde%2Bfronteras.jpg\" style=\"cursor: pointer; float: left; height: 159px; margin: 0px 10px 10px 0px; width: 200px;\" \/><\/a>TERRITORIO DE FRONTERAS  Cuatro comuneros mapuche de la Regi\u00f3n de la Araucan\u00eda, (tres hombres y una mujer), son condenados por la Ley Antiterrorista chilena e inician una acci\u00f3n cr\u00edtica de \u00abhuelga de hambre\u00bb. Esto genera un proceso de movilizaci\u00f3n a nivel de las instituciones del Estado y de las organizaciones mapuche, tratando de encontrar una soluci\u00f3n al problema desde sus diferentes posiciones. De fondo, una relaci\u00f3n hist\u00f3rica asim\u00e9trica que vamos descubriendo en este \u00abterritorio de fronteras\u00bb, fronteras que no representan un l\u00edmite, sino el espacio donde las relaciones ocurren.  Los testimonios actualizan y generan conocimiento respecto del tema, por la pertinencia cultural, acad\u00e9mica y moral de los participantes, acercando y contradiciendo las diferentes posiciones.  Este trabajo con una mirada cr\u00edtica, opta por reconocer una relaci\u00f3n de subordinaci\u00f3n que ha ejercido el Estado Chileno hacia el Pueblo Mapuche, originada en un proceso hist\u00f3rico de expansi\u00f3n econ\u00f3mica y cuya manifestaci\u00f3n actual es el no visibilizar la dimensi\u00f3n principal de este problema, cual es su car\u00e1cter sociopol\u00edtico y no judicial.&nbsp;<\/p>\n<div><\/div>\n<div><span style=\"font-weight: bold;\">Horario: Viernes, 06 de mayo a las 21:00 Lugar: Freire 379, Los \u00c1ngeles&nbsp;<\/span><\/div>\n<div><span style=\"font-weight: bold;\">Organiza<\/span>: <a href=\"http:\/\/www.facebook.com\/imaginario.fronterizo\">Imaginario Fronterizo<\/a>&nbsp;<\/div>\n<div><\/div>\n<div>Reconocimientos y Muestras:  \u00b7 Menci\u00f3n Honor\u00edfica \u00abV Encuentro Hispanoamericano de Video y Cine Independiente, Voces Contra el Silencio \u2013 M\u00e9xico DF, M\u00e9xico 2008. \u00b7 Muestra en el \u00abV Incontro con il Cinema Latinoamericano\u00bb \u2013 Roma, Italia 2008. \u00b7 Selecci\u00f3n Oficial Festival de Documentales \u00abChilereality\u00bb \u2013 Chill\u00e1n, Chile 2007. \u00b7 Selecci\u00f3n Oficial Festival Internacional de Cortometrajes \u00abFesancor\u00bb \u2013 Santiago, Chile 2007. \u00b7 Muestra fuera de competencial en \u00abFestival Internacional de Cine de Vi\u00f1a del Mar\u00bb \u2013 Vi\u00f1a del Mar, Chile 2007. \u00b7 Muestras por Organizaciones de Derechos Humanos en Francia y Alemania. \u00b7 Muestras en diversas Universidades y Establecimientos Educacionales nacionales.  FICHA TECNICA  G\u00e9nero: Documental Duraci\u00f3n: 64 minutos A\u00f1o: 2007 Formato: Mini DV \u2013 DVD Direcci\u00f3n y Gui\u00f3n: Guido Brevis Hidalgo Producci\u00f3n: Jaime Garc\u00eda Henr\u00edquez Preproducci\u00f3n e Investigaci\u00f3n: Patricio Riquelme Luco Dise\u00f1o y Animaci\u00f3n: Daniel Bernal Parra Fotograf\u00eda y C\u00e1mara: Jaime Garc\u00eda \u2013 Guido Brevis Traducciones y Locuci\u00f3n: Graciela Cabral Quidel Producci\u00f3n en M\u00e9xico: Rosella Bergamaschi M\u00fasica: Agrupaci\u00f3n \u00abTierra Oscura\u00bb Posproducci\u00f3n: Guido Brevis Financiamiento: Fondo de Fomento Audiovisual, L\u00ednea de Producciones Regionales.<\/div>\n","protected":false},"excerpt":{"rendered":"<p>TERRITORIO DE FRONTERAS Cuatro comuneros mapuche de la Regi\u00f3n de la Araucan\u00eda, (tres hombres y una mujer), son condenados por la Ley Antiterrorista chilena e inician una acci\u00f3n cr\u00edtica de \u00abhuelga de hambre\u00bb. Esto genera un proceso de movilizaci\u00f3n a nivel de las instituciones del Estado y de las organizaciones mapuche, tratando de encontrar una [&hellip;]<\/p>\n","protected":false},"author":1,"featured_media":0,"comment_status":"open","ping_status":"open","sticky":false,"template":"","format":"standard","meta":{"footnotes":""},"categories":[164],"tags":[],"class_list":["post-8761","post","type-post","status-publish","format-standard","hentry","category-documentales"],"yoast_head":"<!-- This site is optimized with the Yoast SEO plugin v25.0 - https:\/\/yoast.com\/wordpress\/plugins\/seo\/ -->\n<title>Ciclo Documentales - Territorio De Fronteras - Nuestro Bio B\u00edo<\/title>\n<meta name=\"robots\" content=\"index, follow, max-snippet:-1, max-image-preview:large, max-video-preview:-1\" \/>\n<link rel=\"canonical\" href=\"https:\/\/www.fraczinet.cl\/sitio\/2011\/05\/02\/ciclo-documentales-territorio-de-fronteras\/\" \/>\n<meta property=\"og:locale\" content=\"es_ES\" \/>\n<meta property=\"og:type\" content=\"article\" \/>\n<meta property=\"og:title\" content=\"Ciclo Documentales - Territorio De Fronteras - Nuestro Bio B\u00edo\" \/>\n<meta property=\"og:description\" content=\"TERRITORIO DE FRONTERAS Cuatro comuneros mapuche de la Regi\u00f3n de la Araucan\u00eda, (tres hombres y una mujer), son condenados por la Ley Antiterrorista chilena e inician una acci\u00f3n cr\u00edtica de \u00abhuelga de hambre\u00bb. Esto genera un proceso de movilizaci\u00f3n a nivel de las instituciones del Estado y de las organizaciones mapuche, tratando de encontrar una [&hellip;]\" \/>\n<meta property=\"og:url\" content=\"https:\/\/www.fraczinet.cl\/sitio\/2011\/05\/02\/ciclo-documentales-territorio-de-fronteras\/\" \/>\n<meta property=\"og:site_name\" content=\"Nuestro Bio B\u00edo\" \/>\n<meta property=\"article:published_time\" content=\"2011-05-02T22:36:00+00:00\" \/>\n<meta property=\"article:modified_time\" content=\"2022-10-04T14:34:58+00:00\" \/>\n<meta property=\"og:image\" content=\"http:\/\/4.bp.blogspot.com\/-3vOWSi-AQRc\/Tb8y4fL1YHI\/AAAAAAAASsY\/YhGtyebcmRo\/s400\/Territorio%2Bde%2Bfronteras.jpg\" \/>\n<meta name=\"author\" content=\"admin\" \/>\n<meta name=\"twitter:card\" content=\"summary_large_image\" \/>\n<meta name=\"twitter:creator\" content=\"@nuestrobiobio\" \/>\n<meta name=\"twitter:site\" content=\"@nuestrobiobio\" \/>\n<meta name=\"twitter:label1\" content=\"Escrito por\" \/>\n\t<meta name=\"twitter:data1\" content=\"admin\" \/>\n\t<meta name=\"twitter:label2\" content=\"Tiempo de lectura\" \/>\n\t<meta name=\"twitter:data2\" content=\"2 minutos\" \/>\n<script type=\"application\/ld+json\" class=\"yoast-schema-graph\">{\"@context\":\"https:\/\/schema.org\",\"@graph\":[{\"@type\":\"Article\",\"@id\":\"https:\/\/www.fraczinet.cl\/sitio\/2011\/05\/02\/ciclo-documentales-territorio-de-fronteras\/#article\",\"isPartOf\":{\"@id\":\"https:\/\/www.fraczinet.cl\/sitio\/2011\/05\/02\/ciclo-documentales-territorio-de-fronteras\/\"},\"author\":{\"name\":\"admin\",\"@id\":\"https:\/\/www.fraczinet.cl\/sitio\/#\/schema\/person\/bc30f98e9cb10ae7e119dbe14bc93784\"},\"headline\":\"Ciclo Documentales &#8211; Territorio De Fronteras\",\"datePublished\":\"2011-05-02T22:36:00+00:00\",\"dateModified\":\"2022-10-04T14:34:58+00:00\",\"mainEntityOfPage\":{\"@id\":\"https:\/\/www.fraczinet.cl\/sitio\/2011\/05\/02\/ciclo-documentales-territorio-de-fronteras\/\"},\"wordCount\":391,\"commentCount\":0,\"publisher\":{\"@id\":\"https:\/\/www.fraczinet.cl\/sitio\/#\/schema\/person\/aec8ee4da68df2b9b0eefdad24a0d582\"},\"image\":{\"@id\":\"https:\/\/www.fraczinet.cl\/sitio\/2011\/05\/02\/ciclo-documentales-territorio-de-fronteras\/#primaryimage\"},\"thumbnailUrl\":\"http:\/\/4.bp.blogspot.com\/-3vOWSi-AQRc\/Tb8y4fL1YHI\/AAAAAAAASsY\/YhGtyebcmRo\/s400\/Territorio%2Bde%2Bfronteras.jpg\",\"articleSection\":[\"Documentales\"],\"inLanguage\":\"es\",\"potentialAction\":[{\"@type\":\"CommentAction\",\"name\":\"Comment\",\"target\":[\"https:\/\/www.fraczinet.cl\/sitio\/2011\/05\/02\/ciclo-documentales-territorio-de-fronteras\/#respond\"]}]},{\"@type\":\"WebPage\",\"@id\":\"https:\/\/www.fraczinet.cl\/sitio\/2011\/05\/02\/ciclo-documentales-territorio-de-fronteras\/\",\"url\":\"https:\/\/www.fraczinet.cl\/sitio\/2011\/05\/02\/ciclo-documentales-territorio-de-fronteras\/\",\"name\":\"Ciclo Documentales - Territorio De Fronteras - Nuestro Bio B\u00edo\",\"isPartOf\":{\"@id\":\"https:\/\/www.fraczinet.cl\/sitio\/#website\"},\"primaryImageOfPage\":{\"@id\":\"https:\/\/www.fraczinet.cl\/sitio\/2011\/05\/02\/ciclo-documentales-territorio-de-fronteras\/#primaryimage\"},\"image\":{\"@id\":\"https:\/\/www.fraczinet.cl\/sitio\/2011\/05\/02\/ciclo-documentales-territorio-de-fronteras\/#primaryimage\"},\"thumbnailUrl\":\"http:\/\/4.bp.blogspot.com\/-3vOWSi-AQRc\/Tb8y4fL1YHI\/AAAAAAAASsY\/YhGtyebcmRo\/s400\/Territorio%2Bde%2Bfronteras.jpg\",\"datePublished\":\"2011-05-02T22:36:00+00:00\",\"dateModified\":\"2022-10-04T14:34:58+00:00\",\"breadcrumb\":{\"@id\":\"https:\/\/www.fraczinet.cl\/sitio\/2011\/05\/02\/ciclo-documentales-territorio-de-fronteras\/#breadcrumb\"},\"inLanguage\":\"es\",\"potentialAction\":[{\"@type\":\"ReadAction\",\"target\":[\"https:\/\/www.fraczinet.cl\/sitio\/2011\/05\/02\/ciclo-documentales-territorio-de-fronteras\/\"]}]},{\"@type\":\"ImageObject\",\"inLanguage\":\"es\",\"@id\":\"https:\/\/www.fraczinet.cl\/sitio\/2011\/05\/02\/ciclo-documentales-territorio-de-fronteras\/#primaryimage\",\"url\":\"http:\/\/4.bp.blogspot.com\/-3vOWSi-AQRc\/Tb8y4fL1YHI\/AAAAAAAASsY\/YhGtyebcmRo\/s400\/Territorio%2Bde%2Bfronteras.jpg\",\"contentUrl\":\"http:\/\/4.bp.blogspot.com\/-3vOWSi-AQRc\/Tb8y4fL1YHI\/AAAAAAAASsY\/YhGtyebcmRo\/s400\/Territorio%2Bde%2Bfronteras.jpg\"},{\"@type\":\"BreadcrumbList\",\"@id\":\"https:\/\/www.fraczinet.cl\/sitio\/2011\/05\/02\/ciclo-documentales-territorio-de-fronteras\/#breadcrumb\",\"itemListElement\":[{\"@type\":\"ListItem\",\"position\":1,\"name\":\"Portada\",\"item\":\"https:\/\/www.fraczinet.cl\/sitio\/\"},{\"@type\":\"ListItem\",\"position\":2,\"name\":\"Ciclo Documentales &#8211; Territorio De Fronteras\"}]},{\"@type\":\"WebSite\",\"@id\":\"https:\/\/www.fraczinet.cl\/sitio\/#website\",\"url\":\"https:\/\/www.fraczinet.cl\/sitio\/\",\"name\":\"Nuestro Bio B\u00edo\",\"description\":\"Tierra de Encuentros\",\"publisher\":{\"@id\":\"https:\/\/www.fraczinet.cl\/sitio\/#\/schema\/person\/aec8ee4da68df2b9b0eefdad24a0d582\"},\"potentialAction\":[{\"@type\":\"SearchAction\",\"target\":{\"@type\":\"EntryPoint\",\"urlTemplate\":\"https:\/\/www.fraczinet.cl\/sitio\/?s={search_term_string}\"},\"query-input\":{\"@type\":\"PropertyValueSpecification\",\"valueRequired\":true,\"valueName\":\"search_term_string\"}}],\"inLanguage\":\"es\"},{\"@type\":[\"Person\",\"Organization\"],\"@id\":\"https:\/\/www.fraczinet.cl\/sitio\/#\/schema\/person\/aec8ee4da68df2b9b0eefdad24a0d582\",\"name\":\"Luis Fernando Fraczinet\",\"image\":{\"@type\":\"ImageObject\",\"inLanguage\":\"es\",\"@id\":\"https:\/\/www.fraczinet.cl\/sitio\/#\/schema\/person\/image\/\",\"url\":\"https:\/\/www.fraczinet.cl\/sitio\/wp-content\/uploads\/2021\/07\/bannerlogo-1.gif\",\"contentUrl\":\"https:\/\/www.fraczinet.cl\/sitio\/wp-content\/uploads\/2021\/07\/bannerlogo-1.gif\",\"width\":159,\"height\":79,\"caption\":\"Luis Fernando Fraczinet\"},\"logo\":{\"@id\":\"https:\/\/www.fraczinet.cl\/sitio\/#\/schema\/person\/image\/\"},\"sameAs\":[\"https:\/\/www.fraczinet.cl\/sitio\/\"]},{\"@type\":\"Person\",\"@id\":\"https:\/\/www.fraczinet.cl\/sitio\/#\/schema\/person\/bc30f98e9cb10ae7e119dbe14bc93784\",\"name\":\"admin\",\"image\":{\"@type\":\"ImageObject\",\"inLanguage\":\"es\",\"@id\":\"https:\/\/www.fraczinet.cl\/sitio\/#\/schema\/person\/image\/\",\"url\":\"https:\/\/secure.gravatar.com\/avatar\/d5ad3cf7ef3b23a2bb5be73be780c86b2fc8545c3ad6b149f3913ff458c00099?s=96&d=mm&r=g\",\"contentUrl\":\"https:\/\/secure.gravatar.com\/avatar\/d5ad3cf7ef3b23a2bb5be73be780c86b2fc8545c3ad6b149f3913ff458c00099?s=96&d=mm&r=g\",\"caption\":\"admin\"},\"sameAs\":[\"https:\/\/www.fraczinet.cl\/sitio\"]}]}<\/script>\n<!-- \/ Yoast SEO plugin. -->","yoast_head_json":{"title":"Ciclo Documentales - Territorio De Fronteras - Nuestro Bio B\u00edo","robots":{"index":"index","follow":"follow","max-snippet":"max-snippet:-1","max-image-preview":"max-image-preview:large","max-video-preview":"max-video-preview:-1"},"canonical":"https:\/\/www.fraczinet.cl\/sitio\/2011\/05\/02\/ciclo-documentales-territorio-de-fronteras\/","og_locale":"es_ES","og_type":"article","og_title":"Ciclo Documentales - Territorio De Fronteras - Nuestro Bio B\u00edo","og_description":"TERRITORIO DE FRONTERAS Cuatro comuneros mapuche de la Regi\u00f3n de la Araucan\u00eda, (tres hombres y una mujer), son condenados por la Ley Antiterrorista chilena e inician una acci\u00f3n cr\u00edtica de \u00abhuelga de hambre\u00bb. Esto genera un proceso de movilizaci\u00f3n a nivel de las instituciones del Estado y de las organizaciones mapuche, tratando de encontrar una [&hellip;]","og_url":"https:\/\/www.fraczinet.cl\/sitio\/2011\/05\/02\/ciclo-documentales-territorio-de-fronteras\/","og_site_name":"Nuestro Bio B\u00edo","article_published_time":"2011-05-02T22:36:00+00:00","article_modified_time":"2022-10-04T14:34:58+00:00","og_image":[{"url":"http:\/\/4.bp.blogspot.com\/-3vOWSi-AQRc\/Tb8y4fL1YHI\/AAAAAAAASsY\/YhGtyebcmRo\/s400\/Territorio%2Bde%2Bfronteras.jpg","type":"","width":"","height":""}],"author":"admin","twitter_card":"summary_large_image","twitter_creator":"@nuestrobiobio","twitter_site":"@nuestrobiobio","twitter_misc":{"Escrito por":"admin","Tiempo de lectura":"2 minutos"},"schema":{"@context":"https:\/\/schema.org","@graph":[{"@type":"Article","@id":"https:\/\/www.fraczinet.cl\/sitio\/2011\/05\/02\/ciclo-documentales-territorio-de-fronteras\/#article","isPartOf":{"@id":"https:\/\/www.fraczinet.cl\/sitio\/2011\/05\/02\/ciclo-documentales-territorio-de-fronteras\/"},"author":{"name":"admin","@id":"https:\/\/www.fraczinet.cl\/sitio\/#\/schema\/person\/bc30f98e9cb10ae7e119dbe14bc93784"},"headline":"Ciclo Documentales &#8211; Territorio De Fronteras","datePublished":"2011-05-02T22:36:00+00:00","dateModified":"2022-10-04T14:34:58+00:00","mainEntityOfPage":{"@id":"https:\/\/www.fraczinet.cl\/sitio\/2011\/05\/02\/ciclo-documentales-territorio-de-fronteras\/"},"wordCount":391,"commentCount":0,"publisher":{"@id":"https:\/\/www.fraczinet.cl\/sitio\/#\/schema\/person\/aec8ee4da68df2b9b0eefdad24a0d582"},"image":{"@id":"https:\/\/www.fraczinet.cl\/sitio\/2011\/05\/02\/ciclo-documentales-territorio-de-fronteras\/#primaryimage"},"thumbnailUrl":"http:\/\/4.bp.blogspot.com\/-3vOWSi-AQRc\/Tb8y4fL1YHI\/AAAAAAAASsY\/YhGtyebcmRo\/s400\/Territorio%2Bde%2Bfronteras.jpg","articleSection":["Documentales"],"inLanguage":"es","potentialAction":[{"@type":"CommentAction","name":"Comment","target":["https:\/\/www.fraczinet.cl\/sitio\/2011\/05\/02\/ciclo-documentales-territorio-de-fronteras\/#respond"]}]},{"@type":"WebPage","@id":"https:\/\/www.fraczinet.cl\/sitio\/2011\/05\/02\/ciclo-documentales-territorio-de-fronteras\/","url":"https:\/\/www.fraczinet.cl\/sitio\/2011\/05\/02\/ciclo-documentales-territorio-de-fronteras\/","name":"Ciclo Documentales - Territorio De Fronteras - Nuestro Bio B\u00edo","isPartOf":{"@id":"https:\/\/www.fraczinet.cl\/sitio\/#website"},"primaryImageOfPage":{"@id":"https:\/\/www.fraczinet.cl\/sitio\/2011\/05\/02\/ciclo-documentales-territorio-de-fronteras\/#primaryimage"},"image":{"@id":"https:\/\/www.fraczinet.cl\/sitio\/2011\/05\/02\/ciclo-documentales-territorio-de-fronteras\/#primaryimage"},"thumbnailUrl":"http:\/\/4.bp.blogspot.com\/-3vOWSi-AQRc\/Tb8y4fL1YHI\/AAAAAAAASsY\/YhGtyebcmRo\/s400\/Territorio%2Bde%2Bfronteras.jpg","datePublished":"2011-05-02T22:36:00+00:00","dateModified":"2022-10-04T14:34:58+00:00","breadcrumb":{"@id":"https:\/\/www.fraczinet.cl\/sitio\/2011\/05\/02\/ciclo-documentales-territorio-de-fronteras\/#breadcrumb"},"inLanguage":"es","potentialAction":[{"@type":"ReadAction","target":["https:\/\/www.fraczinet.cl\/sitio\/2011\/05\/02\/ciclo-documentales-territorio-de-fronteras\/"]}]},{"@type":"ImageObject","inLanguage":"es","@id":"https:\/\/www.fraczinet.cl\/sitio\/2011\/05\/02\/ciclo-documentales-territorio-de-fronteras\/#primaryimage","url":"http:\/\/4.bp.blogspot.com\/-3vOWSi-AQRc\/Tb8y4fL1YHI\/AAAAAAAASsY\/YhGtyebcmRo\/s400\/Territorio%2Bde%2Bfronteras.jpg","contentUrl":"http:\/\/4.bp.blogspot.com\/-3vOWSi-AQRc\/Tb8y4fL1YHI\/AAAAAAAASsY\/YhGtyebcmRo\/s400\/Territorio%2Bde%2Bfronteras.jpg"},{"@type":"BreadcrumbList","@id":"https:\/\/www.fraczinet.cl\/sitio\/2011\/05\/02\/ciclo-documentales-territorio-de-fronteras\/#breadcrumb","itemListElement":[{"@type":"ListItem","position":1,"name":"Portada","item":"https:\/\/www.fraczinet.cl\/sitio\/"},{"@type":"ListItem","position":2,"name":"Ciclo Documentales &#8211; Territorio De Fronteras"}]},{"@type":"WebSite","@id":"https:\/\/www.fraczinet.cl\/sitio\/#website","url":"https:\/\/www.fraczinet.cl\/sitio\/","name":"Nuestro Bio B\u00edo","description":"Tierra de Encuentros","publisher":{"@id":"https:\/\/www.fraczinet.cl\/sitio\/#\/schema\/person\/aec8ee4da68df2b9b0eefdad24a0d582"},"potentialAction":[{"@type":"SearchAction","target":{"@type":"EntryPoint","urlTemplate":"https:\/\/www.fraczinet.cl\/sitio\/?s={search_term_string}"},"query-input":{"@type":"PropertyValueSpecification","valueRequired":true,"valueName":"search_term_string"}}],"inLanguage":"es"},{"@type":["Person","Organization"],"@id":"https:\/\/www.fraczinet.cl\/sitio\/#\/schema\/person\/aec8ee4da68df2b9b0eefdad24a0d582","name":"Luis Fernando Fraczinet","image":{"@type":"ImageObject","inLanguage":"es","@id":"https:\/\/www.fraczinet.cl\/sitio\/#\/schema\/person\/image\/","url":"https:\/\/www.fraczinet.cl\/sitio\/wp-content\/uploads\/2021\/07\/bannerlogo-1.gif","contentUrl":"https:\/\/www.fraczinet.cl\/sitio\/wp-content\/uploads\/2021\/07\/bannerlogo-1.gif","width":159,"height":79,"caption":"Luis Fernando Fraczinet"},"logo":{"@id":"https:\/\/www.fraczinet.cl\/sitio\/#\/schema\/person\/image\/"},"sameAs":["https:\/\/www.fraczinet.cl\/sitio\/"]},{"@type":"Person","@id":"https:\/\/www.fraczinet.cl\/sitio\/#\/schema\/person\/bc30f98e9cb10ae7e119dbe14bc93784","name":"admin","image":{"@type":"ImageObject","inLanguage":"es","@id":"https:\/\/www.fraczinet.cl\/sitio\/#\/schema\/person\/image\/","url":"https:\/\/secure.gravatar.com\/avatar\/d5ad3cf7ef3b23a2bb5be73be780c86b2fc8545c3ad6b149f3913ff458c00099?s=96&d=mm&r=g","contentUrl":"https:\/\/secure.gravatar.com\/avatar\/d5ad3cf7ef3b23a2bb5be73be780c86b2fc8545c3ad6b149f3913ff458c00099?s=96&d=mm&r=g","caption":"admin"},"sameAs":["https:\/\/www.fraczinet.cl\/sitio"]}]}},"_links":{"self":[{"href":"https:\/\/www.fraczinet.cl\/sitio\/wp-json\/wp\/v2\/posts\/8761","targetHints":{"allow":["GET"]}}],"collection":[{"href":"https:\/\/www.fraczinet.cl\/sitio\/wp-json\/wp\/v2\/posts"}],"about":[{"href":"https:\/\/www.fraczinet.cl\/sitio\/wp-json\/wp\/v2\/types\/post"}],"author":[{"embeddable":true,"href":"https:\/\/www.fraczinet.cl\/sitio\/wp-json\/wp\/v2\/users\/1"}],"replies":[{"embeddable":true,"href":"https:\/\/www.fraczinet.cl\/sitio\/wp-json\/wp\/v2\/comments?post=8761"}],"version-history":[{"count":1,"href":"https:\/\/www.fraczinet.cl\/sitio\/wp-json\/wp\/v2\/posts\/8761\/revisions"}],"predecessor-version":[{"id":13845,"href":"https:\/\/www.fraczinet.cl\/sitio\/wp-json\/wp\/v2\/posts\/8761\/revisions\/13845"}],"wp:attachment":[{"href":"https:\/\/www.fraczinet.cl\/sitio\/wp-json\/wp\/v2\/media?parent=8761"}],"wp:term":[{"taxonomy":"category","embeddable":true,"href":"https:\/\/www.fraczinet.cl\/sitio\/wp-json\/wp\/v2\/categories?post=8761"},{"taxonomy":"post_tag","embeddable":true,"href":"https:\/\/www.fraczinet.cl\/sitio\/wp-json\/wp\/v2\/tags?post=8761"}],"curies":[{"name":"wp","href":"https:\/\/api.w.org\/{rel}","templated":true}]}}