{"id":8765,"date":"2011-05-02T00:57:00","date_gmt":"2011-05-02T00:57:00","guid":{"rendered":"https:\/\/www.fraczinet.cl\/sitio\/2011\/05\/02\/el-discurso-que-hizo-que-mataran-a-jfk\/"},"modified":"2022-09-26T00:26:39","modified_gmt":"2022-09-26T00:26:39","slug":"el-discurso-que-hizo-que-mataran-a-jfk","status":"publish","type":"post","link":"https:\/\/www.fraczinet.cl\/sitio\/2011\/05\/02\/el-discurso-que-hizo-que-mataran-a-jfk\/","title":{"rendered":"El Discurso Que Hizo Que Mataran A JFK"},"content":{"rendered":"<p>Discurso de John Fitzgearl Kennedy el dia 27 de abril de 1961. En \u00e9l Kennedy habla sobre el peligro que conllevan las sociedades secretas. Un peligro que ha acabado convirti\u00e9ndose en el peor enemigo de la raza humana. Por supuesto, al poner esto en manifiesto, quisieron quitarle de en medio, no fuese que empezara una revoluci\u00f3n social.<\/p>\n<p><iframe title=\"El discurso que hizo que mataran a JFK\" width=\"640\" height=\"480\" src=\"https:\/\/www.youtube.com\/embed\/XxfOY1HN9Qk?feature=oembed\" frameborder=\"0\" allow=\"accelerometer; autoplay; clipboard-write; encrypted-media; gyroscope; picture-in-picture; web-share\" referrerpolicy=\"strict-origin-when-cross-origin\" allowfullscreen><\/iframe><\/p>\n","protected":false},"excerpt":{"rendered":"<p>Discurso de John Fitzgearl Kennedy el dia 27 de abril de 1961. En \u00e9l Kennedy habla sobre el peligro que conllevan las sociedades secretas. Un peligro que ha acabado convirti\u00e9ndose en el peor enemigo de la raza humana. Por supuesto, al poner esto en manifiesto, quisieron quitarle de en medio, no fuese que empezara una [&hellip;]<\/p>\n","protected":false},"author":1,"featured_media":13442,"comment_status":"open","ping_status":"open","sticky":false,"template":"","format":"standard","meta":{"footnotes":""},"categories":[10,41],"tags":[],"class_list":["post-8765","post","type-post","status-publish","format-standard","has-post-thumbnail","hentry","category-historia","category-videos"],"yoast_head":"<!-- This site is optimized with the Yoast SEO plugin v25.0 - https:\/\/yoast.com\/wordpress\/plugins\/seo\/ -->\n<title>El Discurso Que Hizo Que Mataran A JFK - Nuestro Bio B\u00edo<\/title>\n<meta name=\"robots\" content=\"index, follow, max-snippet:-1, max-image-preview:large, max-video-preview:-1\" \/>\n<link rel=\"canonical\" href=\"https:\/\/www.fraczinet.cl\/sitio\/2011\/05\/02\/el-discurso-que-hizo-que-mataran-a-jfk\/\" \/>\n<meta property=\"og:locale\" content=\"es_ES\" \/>\n<meta property=\"og:type\" content=\"article\" \/>\n<meta property=\"og:title\" content=\"El Discurso Que Hizo Que Mataran A JFK - Nuestro Bio B\u00edo\" \/>\n<meta property=\"og:description\" content=\"Discurso de John Fitzgearl Kennedy el dia 27 de abril de 1961. En \u00e9l Kennedy habla sobre el peligro que conllevan las sociedades secretas. Un peligro que ha acabado convirti\u00e9ndose en el peor enemigo de la raza humana. Por supuesto, al poner esto en manifiesto, quisieron quitarle de en medio, no fuese que empezara una [&hellip;]\" \/>\n<meta property=\"og:url\" content=\"https:\/\/www.fraczinet.cl\/sitio\/2011\/05\/02\/el-discurso-que-hizo-que-mataran-a-jfk\/\" \/>\n<meta property=\"og:site_name\" content=\"Nuestro Bio B\u00edo\" \/>\n<meta property=\"article:published_time\" content=\"2011-05-02T00:57:00+00:00\" \/>\n<meta property=\"article:modified_time\" content=\"2022-09-26T00:26:39+00:00\" \/>\n<meta property=\"og:image\" content=\"https:\/\/www.fraczinet.cl\/sitio\/wp-content\/uploads\/2011\/05\/jfk.jpeg\" \/>\n\t<meta property=\"og:image:width\" content=\"197\" \/>\n\t<meta property=\"og:image:height\" content=\"256\" \/>\n\t<meta property=\"og:image:type\" content=\"image\/jpeg\" \/>\n<meta name=\"author\" content=\"admin\" \/>\n<meta name=\"twitter:card\" content=\"summary_large_image\" \/>\n<meta name=\"twitter:creator\" content=\"@nuestrobiobio\" \/>\n<meta name=\"twitter:site\" content=\"@nuestrobiobio\" \/>\n<meta name=\"twitter:label1\" content=\"Escrito por\" \/>\n\t<meta name=\"twitter:data1\" content=\"admin\" \/>\n<script type=\"application\/ld+json\" class=\"yoast-schema-graph\">{\"@context\":\"https:\/\/schema.org\",\"@graph\":[{\"@type\":\"Article\",\"@id\":\"https:\/\/www.fraczinet.cl\/sitio\/2011\/05\/02\/el-discurso-que-hizo-que-mataran-a-jfk\/#article\",\"isPartOf\":{\"@id\":\"https:\/\/www.fraczinet.cl\/sitio\/2011\/05\/02\/el-discurso-que-hizo-que-mataran-a-jfk\/\"},\"author\":{\"name\":\"admin\",\"@id\":\"https:\/\/www.fraczinet.cl\/sitio\/#\/schema\/person\/bc30f98e9cb10ae7e119dbe14bc93784\"},\"headline\":\"El Discurso Que Hizo Que Mataran A JFK\",\"datePublished\":\"2011-05-02T00:57:00+00:00\",\"dateModified\":\"2022-09-26T00:26:39+00:00\",\"mainEntityOfPage\":{\"@id\":\"https:\/\/www.fraczinet.cl\/sitio\/2011\/05\/02\/el-discurso-que-hizo-que-mataran-a-jfk\/\"},\"wordCount\":76,\"commentCount\":0,\"publisher\":{\"@id\":\"https:\/\/www.fraczinet.cl\/sitio\/#\/schema\/person\/aec8ee4da68df2b9b0eefdad24a0d582\"},\"image\":{\"@id\":\"https:\/\/www.fraczinet.cl\/sitio\/2011\/05\/02\/el-discurso-que-hizo-que-mataran-a-jfk\/#primaryimage\"},\"thumbnailUrl\":\"https:\/\/www.fraczinet.cl\/sitio\/wp-content\/uploads\/2011\/05\/jfk.jpeg\",\"articleSection\":[\"Historia\",\"Videos\"],\"inLanguage\":\"es\",\"potentialAction\":[{\"@type\":\"CommentAction\",\"name\":\"Comment\",\"target\":[\"https:\/\/www.fraczinet.cl\/sitio\/2011\/05\/02\/el-discurso-que-hizo-que-mataran-a-jfk\/#respond\"]}]},{\"@type\":\"WebPage\",\"@id\":\"https:\/\/www.fraczinet.cl\/sitio\/2011\/05\/02\/el-discurso-que-hizo-que-mataran-a-jfk\/\",\"url\":\"https:\/\/www.fraczinet.cl\/sitio\/2011\/05\/02\/el-discurso-que-hizo-que-mataran-a-jfk\/\",\"name\":\"El Discurso Que Hizo Que Mataran A JFK - Nuestro Bio B\u00edo\",\"isPartOf\":{\"@id\":\"https:\/\/www.fraczinet.cl\/sitio\/#website\"},\"primaryImageOfPage\":{\"@id\":\"https:\/\/www.fraczinet.cl\/sitio\/2011\/05\/02\/el-discurso-que-hizo-que-mataran-a-jfk\/#primaryimage\"},\"image\":{\"@id\":\"https:\/\/www.fraczinet.cl\/sitio\/2011\/05\/02\/el-discurso-que-hizo-que-mataran-a-jfk\/#primaryimage\"},\"thumbnailUrl\":\"https:\/\/www.fraczinet.cl\/sitio\/wp-content\/uploads\/2011\/05\/jfk.jpeg\",\"datePublished\":\"2011-05-02T00:57:00+00:00\",\"dateModified\":\"2022-09-26T00:26:39+00:00\",\"breadcrumb\":{\"@id\":\"https:\/\/www.fraczinet.cl\/sitio\/2011\/05\/02\/el-discurso-que-hizo-que-mataran-a-jfk\/#breadcrumb\"},\"inLanguage\":\"es\",\"potentialAction\":[{\"@type\":\"ReadAction\",\"target\":[\"https:\/\/www.fraczinet.cl\/sitio\/2011\/05\/02\/el-discurso-que-hizo-que-mataran-a-jfk\/\"]}]},{\"@type\":\"ImageObject\",\"inLanguage\":\"es\",\"@id\":\"https:\/\/www.fraczinet.cl\/sitio\/2011\/05\/02\/el-discurso-que-hizo-que-mataran-a-jfk\/#primaryimage\",\"url\":\"https:\/\/www.fraczinet.cl\/sitio\/wp-content\/uploads\/2011\/05\/jfk.jpeg\",\"contentUrl\":\"https:\/\/www.fraczinet.cl\/sitio\/wp-content\/uploads\/2011\/05\/jfk.jpeg\",\"width\":197,\"height\":256},{\"@type\":\"BreadcrumbList\",\"@id\":\"https:\/\/www.fraczinet.cl\/sitio\/2011\/05\/02\/el-discurso-que-hizo-que-mataran-a-jfk\/#breadcrumb\",\"itemListElement\":[{\"@type\":\"ListItem\",\"position\":1,\"name\":\"Portada\",\"item\":\"https:\/\/www.fraczinet.cl\/sitio\/\"},{\"@type\":\"ListItem\",\"position\":2,\"name\":\"El Discurso Que Hizo Que Mataran A JFK\"}]},{\"@type\":\"WebSite\",\"@id\":\"https:\/\/www.fraczinet.cl\/sitio\/#website\",\"url\":\"https:\/\/www.fraczinet.cl\/sitio\/\",\"name\":\"Nuestro Bio B\u00edo\",\"description\":\"Tierra de Encuentros\",\"publisher\":{\"@id\":\"https:\/\/www.fraczinet.cl\/sitio\/#\/schema\/person\/aec8ee4da68df2b9b0eefdad24a0d582\"},\"potentialAction\":[{\"@type\":\"SearchAction\",\"target\":{\"@type\":\"EntryPoint\",\"urlTemplate\":\"https:\/\/www.fraczinet.cl\/sitio\/?s={search_term_string}\"},\"query-input\":{\"@type\":\"PropertyValueSpecification\",\"valueRequired\":true,\"valueName\":\"search_term_string\"}}],\"inLanguage\":\"es\"},{\"@type\":[\"Person\",\"Organization\"],\"@id\":\"https:\/\/www.fraczinet.cl\/sitio\/#\/schema\/person\/aec8ee4da68df2b9b0eefdad24a0d582\",\"name\":\"Luis Fernando Fraczinet\",\"image\":{\"@type\":\"ImageObject\",\"inLanguage\":\"es\",\"@id\":\"https:\/\/www.fraczinet.cl\/sitio\/#\/schema\/person\/image\/\",\"url\":\"https:\/\/www.fraczinet.cl\/sitio\/wp-content\/uploads\/2021\/07\/bannerlogo-1.gif\",\"contentUrl\":\"https:\/\/www.fraczinet.cl\/sitio\/wp-content\/uploads\/2021\/07\/bannerlogo-1.gif\",\"width\":159,\"height\":79,\"caption\":\"Luis Fernando Fraczinet\"},\"logo\":{\"@id\":\"https:\/\/www.fraczinet.cl\/sitio\/#\/schema\/person\/image\/\"},\"sameAs\":[\"https:\/\/www.fraczinet.cl\/sitio\/\"]},{\"@type\":\"Person\",\"@id\":\"https:\/\/www.fraczinet.cl\/sitio\/#\/schema\/person\/bc30f98e9cb10ae7e119dbe14bc93784\",\"name\":\"admin\",\"image\":{\"@type\":\"ImageObject\",\"inLanguage\":\"es\",\"@id\":\"https:\/\/www.fraczinet.cl\/sitio\/#\/schema\/person\/image\/\",\"url\":\"https:\/\/secure.gravatar.com\/avatar\/d5ad3cf7ef3b23a2bb5be73be780c86b2fc8545c3ad6b149f3913ff458c00099?s=96&d=mm&r=g\",\"contentUrl\":\"https:\/\/secure.gravatar.com\/avatar\/d5ad3cf7ef3b23a2bb5be73be780c86b2fc8545c3ad6b149f3913ff458c00099?s=96&d=mm&r=g\",\"caption\":\"admin\"},\"sameAs\":[\"https:\/\/www.fraczinet.cl\/sitio\"]}]}<\/script>\n<!-- \/ Yoast SEO plugin. -->","yoast_head_json":{"title":"El Discurso Que Hizo Que Mataran A JFK - Nuestro Bio B\u00edo","robots":{"index":"index","follow":"follow","max-snippet":"max-snippet:-1","max-image-preview":"max-image-preview:large","max-video-preview":"max-video-preview:-1"},"canonical":"https:\/\/www.fraczinet.cl\/sitio\/2011\/05\/02\/el-discurso-que-hizo-que-mataran-a-jfk\/","og_locale":"es_ES","og_type":"article","og_title":"El Discurso Que Hizo Que Mataran A JFK - Nuestro Bio B\u00edo","og_description":"Discurso de John Fitzgearl Kennedy el dia 27 de abril de 1961. En \u00e9l Kennedy habla sobre el peligro que conllevan las sociedades secretas. Un peligro que ha acabado convirti\u00e9ndose en el peor enemigo de la raza humana. Por supuesto, al poner esto en manifiesto, quisieron quitarle de en medio, no fuese que empezara una [&hellip;]","og_url":"https:\/\/www.fraczinet.cl\/sitio\/2011\/05\/02\/el-discurso-que-hizo-que-mataran-a-jfk\/","og_site_name":"Nuestro Bio B\u00edo","article_published_time":"2011-05-02T00:57:00+00:00","article_modified_time":"2022-09-26T00:26:39+00:00","og_image":[{"width":197,"height":256,"url":"https:\/\/www.fraczinet.cl\/sitio\/wp-content\/uploads\/2011\/05\/jfk.jpeg","type":"image\/jpeg"}],"author":"admin","twitter_card":"summary_large_image","twitter_creator":"@nuestrobiobio","twitter_site":"@nuestrobiobio","twitter_misc":{"Escrito por":"admin"},"schema":{"@context":"https:\/\/schema.org","@graph":[{"@type":"Article","@id":"https:\/\/www.fraczinet.cl\/sitio\/2011\/05\/02\/el-discurso-que-hizo-que-mataran-a-jfk\/#article","isPartOf":{"@id":"https:\/\/www.fraczinet.cl\/sitio\/2011\/05\/02\/el-discurso-que-hizo-que-mataran-a-jfk\/"},"author":{"name":"admin","@id":"https:\/\/www.fraczinet.cl\/sitio\/#\/schema\/person\/bc30f98e9cb10ae7e119dbe14bc93784"},"headline":"El Discurso Que Hizo Que Mataran A JFK","datePublished":"2011-05-02T00:57:00+00:00","dateModified":"2022-09-26T00:26:39+00:00","mainEntityOfPage":{"@id":"https:\/\/www.fraczinet.cl\/sitio\/2011\/05\/02\/el-discurso-que-hizo-que-mataran-a-jfk\/"},"wordCount":76,"commentCount":0,"publisher":{"@id":"https:\/\/www.fraczinet.cl\/sitio\/#\/schema\/person\/aec8ee4da68df2b9b0eefdad24a0d582"},"image":{"@id":"https:\/\/www.fraczinet.cl\/sitio\/2011\/05\/02\/el-discurso-que-hizo-que-mataran-a-jfk\/#primaryimage"},"thumbnailUrl":"https:\/\/www.fraczinet.cl\/sitio\/wp-content\/uploads\/2011\/05\/jfk.jpeg","articleSection":["Historia","Videos"],"inLanguage":"es","potentialAction":[{"@type":"CommentAction","name":"Comment","target":["https:\/\/www.fraczinet.cl\/sitio\/2011\/05\/02\/el-discurso-que-hizo-que-mataran-a-jfk\/#respond"]}]},{"@type":"WebPage","@id":"https:\/\/www.fraczinet.cl\/sitio\/2011\/05\/02\/el-discurso-que-hizo-que-mataran-a-jfk\/","url":"https:\/\/www.fraczinet.cl\/sitio\/2011\/05\/02\/el-discurso-que-hizo-que-mataran-a-jfk\/","name":"El Discurso Que Hizo Que Mataran A JFK - Nuestro Bio B\u00edo","isPartOf":{"@id":"https:\/\/www.fraczinet.cl\/sitio\/#website"},"primaryImageOfPage":{"@id":"https:\/\/www.fraczinet.cl\/sitio\/2011\/05\/02\/el-discurso-que-hizo-que-mataran-a-jfk\/#primaryimage"},"image":{"@id":"https:\/\/www.fraczinet.cl\/sitio\/2011\/05\/02\/el-discurso-que-hizo-que-mataran-a-jfk\/#primaryimage"},"thumbnailUrl":"https:\/\/www.fraczinet.cl\/sitio\/wp-content\/uploads\/2011\/05\/jfk.jpeg","datePublished":"2011-05-02T00:57:00+00:00","dateModified":"2022-09-26T00:26:39+00:00","breadcrumb":{"@id":"https:\/\/www.fraczinet.cl\/sitio\/2011\/05\/02\/el-discurso-que-hizo-que-mataran-a-jfk\/#breadcrumb"},"inLanguage":"es","potentialAction":[{"@type":"ReadAction","target":["https:\/\/www.fraczinet.cl\/sitio\/2011\/05\/02\/el-discurso-que-hizo-que-mataran-a-jfk\/"]}]},{"@type":"ImageObject","inLanguage":"es","@id":"https:\/\/www.fraczinet.cl\/sitio\/2011\/05\/02\/el-discurso-que-hizo-que-mataran-a-jfk\/#primaryimage","url":"https:\/\/www.fraczinet.cl\/sitio\/wp-content\/uploads\/2011\/05\/jfk.jpeg","contentUrl":"https:\/\/www.fraczinet.cl\/sitio\/wp-content\/uploads\/2011\/05\/jfk.jpeg","width":197,"height":256},{"@type":"BreadcrumbList","@id":"https:\/\/www.fraczinet.cl\/sitio\/2011\/05\/02\/el-discurso-que-hizo-que-mataran-a-jfk\/#breadcrumb","itemListElement":[{"@type":"ListItem","position":1,"name":"Portada","item":"https:\/\/www.fraczinet.cl\/sitio\/"},{"@type":"ListItem","position":2,"name":"El Discurso Que Hizo Que Mataran A JFK"}]},{"@type":"WebSite","@id":"https:\/\/www.fraczinet.cl\/sitio\/#website","url":"https:\/\/www.fraczinet.cl\/sitio\/","name":"Nuestro Bio B\u00edo","description":"Tierra de Encuentros","publisher":{"@id":"https:\/\/www.fraczinet.cl\/sitio\/#\/schema\/person\/aec8ee4da68df2b9b0eefdad24a0d582"},"potentialAction":[{"@type":"SearchAction","target":{"@type":"EntryPoint","urlTemplate":"https:\/\/www.fraczinet.cl\/sitio\/?s={search_term_string}"},"query-input":{"@type":"PropertyValueSpecification","valueRequired":true,"valueName":"search_term_string"}}],"inLanguage":"es"},{"@type":["Person","Organization"],"@id":"https:\/\/www.fraczinet.cl\/sitio\/#\/schema\/person\/aec8ee4da68df2b9b0eefdad24a0d582","name":"Luis Fernando Fraczinet","image":{"@type":"ImageObject","inLanguage":"es","@id":"https:\/\/www.fraczinet.cl\/sitio\/#\/schema\/person\/image\/","url":"https:\/\/www.fraczinet.cl\/sitio\/wp-content\/uploads\/2021\/07\/bannerlogo-1.gif","contentUrl":"https:\/\/www.fraczinet.cl\/sitio\/wp-content\/uploads\/2021\/07\/bannerlogo-1.gif","width":159,"height":79,"caption":"Luis Fernando Fraczinet"},"logo":{"@id":"https:\/\/www.fraczinet.cl\/sitio\/#\/schema\/person\/image\/"},"sameAs":["https:\/\/www.fraczinet.cl\/sitio\/"]},{"@type":"Person","@id":"https:\/\/www.fraczinet.cl\/sitio\/#\/schema\/person\/bc30f98e9cb10ae7e119dbe14bc93784","name":"admin","image":{"@type":"ImageObject","inLanguage":"es","@id":"https:\/\/www.fraczinet.cl\/sitio\/#\/schema\/person\/image\/","url":"https:\/\/secure.gravatar.com\/avatar\/d5ad3cf7ef3b23a2bb5be73be780c86b2fc8545c3ad6b149f3913ff458c00099?s=96&d=mm&r=g","contentUrl":"https:\/\/secure.gravatar.com\/avatar\/d5ad3cf7ef3b23a2bb5be73be780c86b2fc8545c3ad6b149f3913ff458c00099?s=96&d=mm&r=g","caption":"admin"},"sameAs":["https:\/\/www.fraczinet.cl\/sitio"]}]}},"_links":{"self":[{"href":"https:\/\/www.fraczinet.cl\/sitio\/wp-json\/wp\/v2\/posts\/8765","targetHints":{"allow":["GET"]}}],"collection":[{"href":"https:\/\/www.fraczinet.cl\/sitio\/wp-json\/wp\/v2\/posts"}],"about":[{"href":"https:\/\/www.fraczinet.cl\/sitio\/wp-json\/wp\/v2\/types\/post"}],"author":[{"embeddable":true,"href":"https:\/\/www.fraczinet.cl\/sitio\/wp-json\/wp\/v2\/users\/1"}],"replies":[{"embeddable":true,"href":"https:\/\/www.fraczinet.cl\/sitio\/wp-json\/wp\/v2\/comments?post=8765"}],"version-history":[{"count":2,"href":"https:\/\/www.fraczinet.cl\/sitio\/wp-json\/wp\/v2\/posts\/8765\/revisions"}],"predecessor-version":[{"id":13443,"href":"https:\/\/www.fraczinet.cl\/sitio\/wp-json\/wp\/v2\/posts\/8765\/revisions\/13443"}],"wp:featuredmedia":[{"embeddable":true,"href":"https:\/\/www.fraczinet.cl\/sitio\/wp-json\/wp\/v2\/media\/13442"}],"wp:attachment":[{"href":"https:\/\/www.fraczinet.cl\/sitio\/wp-json\/wp\/v2\/media?parent=8765"}],"wp:term":[{"taxonomy":"category","embeddable":true,"href":"https:\/\/www.fraczinet.cl\/sitio\/wp-json\/wp\/v2\/categories?post=8765"},{"taxonomy":"post_tag","embeddable":true,"href":"https:\/\/www.fraczinet.cl\/sitio\/wp-json\/wp\/v2\/tags?post=8765"}],"curies":[{"name":"wp","href":"https:\/\/api.w.org\/{rel}","templated":true}]}}