{"id":8778,"date":"2011-04-23T22:36:00","date_gmt":"2011-04-23T22:36:00","guid":{"rendered":"https:\/\/www.fraczinet.cl\/sitio\/2011\/04\/23\/en-la-reconstruccion-de-haiti-la-unesco-apuesta-por-la-cultura\/"},"modified":"2022-09-26T00:29:28","modified_gmt":"2022-09-26T00:29:28","slug":"en-la-reconstruccion-de-haiti-la-unesco-apuesta-por-la-cultura","status":"publish","type":"post","link":"https:\/\/www.fraczinet.cl\/sitio\/2011\/04\/23\/en-la-reconstruccion-de-haiti-la-unesco-apuesta-por-la-cultura\/","title":{"rendered":"En La Reconstrucci\u00f3n De Hait\u00ed La UNESCO Apuesta Por La Cultura"},"content":{"rendered":"<p><a href=\"http:\/\/2.bp.blogspot.com\/-edC0geXYvB4\/TbNVKMiowII\/AAAAAAAASpA\/oIsDhFcsCvI\/s1600\/Haiti.jpg\"><img decoding=\"async\" id=\"BLOGGER_PHOTO_ID_5598912395405213826\" class=\"alignleft\" style=\"cursor: hand; width: 400px; height: 322px;\" src=\"http:\/\/2.bp.blogspot.com\/-edC0geXYvB4\/TbNVKMiowII\/AAAAAAAASpA\/oIsDhFcsCvI\/s400\/Haiti.jpg\" alt=\"\" border=\"0\" \/><\/a>Imagen: Anna Giolitto &#8211; Carnaval de Jacmel<\/p>\n<p>La cultura, parte esencial de la identidad haitiana, centr\u00f3 una conferencia sobre la reconstrucci\u00f3n de Hait\u00ed celebrada el pasado martes 19 de abril en la Sede de la UNESCO con el objetivo de movilizar a la comunidad internacional y al sector privado para restaurar el patrimonio cultural da\u00f1ado por el se\u00edsmo y poner de nuevo en marcha las instituciones culturales del pa\u00eds.<\/p>\n<p>Representantes de los Estados Miembros de la UNESCO, de organismos multilaterales, bancos de desarrollo, del sector privado y de la sociedad civil estaban invitados al encuentro, presidido por la Directora General de la UNESCO, Irina Bokova, y la secretaria de Estado espa\u00f1ola de Cooperaci\u00f3n Internacional, Soraya Rodr\u00edguez Ramos.<\/p>\n<p>La Enviada Especial de la UNESCO para Hait\u00ed, Micha\u00eblle Jean, y el Director General del ministerio de Cultura de Hait\u00ed, Stefan Malebranche, participaron tambi\u00e9n en la reuni\u00f3n, titulada: <span style=\"font-weight: bold;\">\u201cHait\u00ed, hacer de la cultura un motor de reconstrucci\u00f3n\u201d<\/span>.<\/p>\n<p>Tras el terremoto que golpe\u00f3 al pa\u00eds en enero de 2010, la UNESCO moviliz\u00f3 nueve millones de d\u00f3lares para la reconstrucci\u00f3n de Hait\u00ed. 23 millones de d\u00f3lares suplementarios est\u00e1n en curso de negociaci\u00f3n. Esos fondos permitieron en particular poner en marcha proyectos en las esferas de la educaci\u00f3n y la ciencia. \u201c<span style=\"font-style: italic;\">Hoy ha llegado el momento de movilizarnos m\u00e1s por la cultura<\/span>\u201d, declar\u00f3 la Directora General. \u201c<span style=\"font-style: italic;\">La cultura es una parte constitutiva de la identidad haitiana y est\u00e1 en todas partes: en la calle, en las casas, en la manera de vivir y de pensar. <span style=\"font-weight: bold;\">La cultura es una fuerza movilizadora, una fuerza de uni\u00f3n<\/span><\/span>\u201d.<\/p>\n<p>La UNESCO puso en marcha en julio de 2010 el Comit\u00e9 Internacional de Coordinaci\u00f3n para la salvaguardia del patrimonio cultural haitiano (CIC), que adopt\u00f3 una hoja de ruta de las acciones necesarias. Esta instancia mantendr\u00e1 su pr\u00f3xima reuni\u00f3n en diciembre de 2011 en Hait\u00ed.<\/p>\n<p>La Organizaci\u00f3n tambi\u00e9n trabaj\u00f3 para impedir el pillaje de los sitios culturales y conservar las colecciones de museos p\u00fablicos y privados da\u00f1ados por el sismo.<\/p>\n<p>Las acciones para las cuales se ha solicitado financiaci\u00f3n hoy se refieren a cinco grandes sectores: el patrimonio mundial (cultural y natural), el patrimonio cultural inmaterial, el patrimonio mueble (museos, fondos de archivos, bibliotecas), las industrias culturales y las pol\u00edticas culturales. Tras la reuni\u00f3n de hoy, Espa\u00f1a se comprometi\u00f3 a destinar 500.000 euros a la financiaci\u00f3n de algunos de estos proyectos.<\/p>\n<p>\u201c<span style=\"font-style: italic;\">Hay un estado de urgencia. Debemos redoblar esfuerzos para apoyar el sue\u00f1o al que aspira cada haitiano y cada haitiana. Todo lo que est\u00e1 calculado es realizable. Nuestra solidaridad no debe flaquear<\/span>\u201d, concluy\u00f3 Micha\u00eblle Jean.<\/p>\n<p>Fuente: <a href=\"http:\/\/www.unesco.org\/new\/es\/media-services\/single-view\/news\/reconstruction_dhaiti_lunesco_mise_sur_la_culture_french_only\/\">UNESCO<\/a><\/p>\n<p><span style=\"font-style: italic;\">Nota del Editor: <span style=\"font-style: italic;\">Yo lo vengo diciendo desde el a\u00f1o pasado, pero como a mi no me pescan ni en bajada siguen armando pol\u00edticas de reconstrucci\u00f3n basada en c\u00e1lculos ingenieriles.<\/span><\/span><\/p>\n","protected":false},"excerpt":{"rendered":"<p>Imagen: Anna Giolitto &#8211; Carnaval de Jacmel La cultura, parte esencial de la identidad haitiana, centr\u00f3 una conferencia sobre la reconstrucci\u00f3n de Hait\u00ed celebrada el pasado martes 19 de abril en la Sede de la UNESCO con el objetivo de movilizar a la comunidad internacional y al sector privado para restaurar el patrimonio cultural da\u00f1ado [&hellip;]<\/p>\n","protected":false},"author":1,"featured_media":13445,"comment_status":"open","ping_status":"open","sticky":false,"template":"","format":"standard","meta":{"footnotes":""},"categories":[160],"tags":[],"class_list":["post-8778","post","type-post","status-publish","format-standard","has-post-thumbnail","hentry","category-cultura"],"yoast_head":"<!-- This site is optimized with the Yoast SEO plugin v25.0 - https:\/\/yoast.com\/wordpress\/plugins\/seo\/ -->\n<title>En La Reconstrucci\u00f3n De Hait\u00ed La UNESCO Apuesta Por La Cultura - Nuestro Bio B\u00edo<\/title>\n<meta name=\"robots\" content=\"index, follow, max-snippet:-1, max-image-preview:large, max-video-preview:-1\" \/>\n<link rel=\"canonical\" href=\"https:\/\/www.fraczinet.cl\/sitio\/2011\/04\/23\/en-la-reconstruccion-de-haiti-la-unesco-apuesta-por-la-cultura\/\" \/>\n<meta property=\"og:locale\" content=\"es_ES\" \/>\n<meta property=\"og:type\" content=\"article\" \/>\n<meta property=\"og:title\" content=\"En La Reconstrucci\u00f3n De Hait\u00ed La UNESCO Apuesta Por La Cultura - Nuestro Bio B\u00edo\" \/>\n<meta property=\"og:description\" content=\"Imagen: Anna Giolitto &#8211; Carnaval de Jacmel La cultura, parte esencial de la identidad haitiana, centr\u00f3 una conferencia sobre la reconstrucci\u00f3n de Hait\u00ed celebrada el pasado martes 19 de abril en la Sede de la UNESCO con el objetivo de movilizar a la comunidad internacional y al sector privado para restaurar el patrimonio cultural da\u00f1ado [&hellip;]\" \/>\n<meta property=\"og:url\" content=\"https:\/\/www.fraczinet.cl\/sitio\/2011\/04\/23\/en-la-reconstruccion-de-haiti-la-unesco-apuesta-por-la-cultura\/\" \/>\n<meta property=\"og:site_name\" content=\"Nuestro Bio B\u00edo\" \/>\n<meta property=\"article:published_time\" content=\"2011-04-23T22:36:00+00:00\" \/>\n<meta property=\"article:modified_time\" content=\"2022-09-26T00:29:28+00:00\" \/>\n<meta property=\"og:image\" content=\"https:\/\/www.fraczinet.cl\/sitio\/wp-content\/uploads\/2011\/04\/Haiti-cultura.jpg\" \/>\n\t<meta property=\"og:image:width\" content=\"400\" \/>\n\t<meta property=\"og:image:height\" content=\"322\" \/>\n\t<meta property=\"og:image:type\" content=\"image\/jpeg\" \/>\n<meta name=\"author\" content=\"admin\" \/>\n<meta name=\"twitter:card\" content=\"summary_large_image\" \/>\n<meta name=\"twitter:creator\" content=\"@nuestrobiobio\" \/>\n<meta name=\"twitter:site\" content=\"@nuestrobiobio\" \/>\n<meta name=\"twitter:label1\" content=\"Escrito por\" \/>\n\t<meta name=\"twitter:data1\" content=\"admin\" \/>\n\t<meta name=\"twitter:label2\" content=\"Tiempo de lectura\" \/>\n\t<meta name=\"twitter:data2\" content=\"2 minutos\" \/>\n<script type=\"application\/ld+json\" class=\"yoast-schema-graph\">{\"@context\":\"https:\/\/schema.org\",\"@graph\":[{\"@type\":\"Article\",\"@id\":\"https:\/\/www.fraczinet.cl\/sitio\/2011\/04\/23\/en-la-reconstruccion-de-haiti-la-unesco-apuesta-por-la-cultura\/#article\",\"isPartOf\":{\"@id\":\"https:\/\/www.fraczinet.cl\/sitio\/2011\/04\/23\/en-la-reconstruccion-de-haiti-la-unesco-apuesta-por-la-cultura\/\"},\"author\":{\"name\":\"admin\",\"@id\":\"https:\/\/www.fraczinet.cl\/sitio\/#\/schema\/person\/bc30f98e9cb10ae7e119dbe14bc93784\"},\"headline\":\"En La Reconstrucci\u00f3n De Hait\u00ed La UNESCO Apuesta Por La Cultura\",\"datePublished\":\"2011-04-23T22:36:00+00:00\",\"dateModified\":\"2022-09-26T00:29:28+00:00\",\"mainEntityOfPage\":{\"@id\":\"https:\/\/www.fraczinet.cl\/sitio\/2011\/04\/23\/en-la-reconstruccion-de-haiti-la-unesco-apuesta-por-la-cultura\/\"},\"wordCount\":500,\"commentCount\":0,\"publisher\":{\"@id\":\"https:\/\/www.fraczinet.cl\/sitio\/#\/schema\/person\/aec8ee4da68df2b9b0eefdad24a0d582\"},\"image\":{\"@id\":\"https:\/\/www.fraczinet.cl\/sitio\/2011\/04\/23\/en-la-reconstruccion-de-haiti-la-unesco-apuesta-por-la-cultura\/#primaryimage\"},\"thumbnailUrl\":\"https:\/\/www.fraczinet.cl\/sitio\/wp-content\/uploads\/2011\/04\/Haiti-cultura.jpg\",\"articleSection\":[\"Cultura\"],\"inLanguage\":\"es\",\"potentialAction\":[{\"@type\":\"CommentAction\",\"name\":\"Comment\",\"target\":[\"https:\/\/www.fraczinet.cl\/sitio\/2011\/04\/23\/en-la-reconstruccion-de-haiti-la-unesco-apuesta-por-la-cultura\/#respond\"]}]},{\"@type\":\"WebPage\",\"@id\":\"https:\/\/www.fraczinet.cl\/sitio\/2011\/04\/23\/en-la-reconstruccion-de-haiti-la-unesco-apuesta-por-la-cultura\/\",\"url\":\"https:\/\/www.fraczinet.cl\/sitio\/2011\/04\/23\/en-la-reconstruccion-de-haiti-la-unesco-apuesta-por-la-cultura\/\",\"name\":\"En La Reconstrucci\u00f3n De Hait\u00ed La UNESCO Apuesta Por La Cultura - Nuestro Bio B\u00edo\",\"isPartOf\":{\"@id\":\"https:\/\/www.fraczinet.cl\/sitio\/#website\"},\"primaryImageOfPage\":{\"@id\":\"https:\/\/www.fraczinet.cl\/sitio\/2011\/04\/23\/en-la-reconstruccion-de-haiti-la-unesco-apuesta-por-la-cultura\/#primaryimage\"},\"image\":{\"@id\":\"https:\/\/www.fraczinet.cl\/sitio\/2011\/04\/23\/en-la-reconstruccion-de-haiti-la-unesco-apuesta-por-la-cultura\/#primaryimage\"},\"thumbnailUrl\":\"https:\/\/www.fraczinet.cl\/sitio\/wp-content\/uploads\/2011\/04\/Haiti-cultura.jpg\",\"datePublished\":\"2011-04-23T22:36:00+00:00\",\"dateModified\":\"2022-09-26T00:29:28+00:00\",\"breadcrumb\":{\"@id\":\"https:\/\/www.fraczinet.cl\/sitio\/2011\/04\/23\/en-la-reconstruccion-de-haiti-la-unesco-apuesta-por-la-cultura\/#breadcrumb\"},\"inLanguage\":\"es\",\"potentialAction\":[{\"@type\":\"ReadAction\",\"target\":[\"https:\/\/www.fraczinet.cl\/sitio\/2011\/04\/23\/en-la-reconstruccion-de-haiti-la-unesco-apuesta-por-la-cultura\/\"]}]},{\"@type\":\"ImageObject\",\"inLanguage\":\"es\",\"@id\":\"https:\/\/www.fraczinet.cl\/sitio\/2011\/04\/23\/en-la-reconstruccion-de-haiti-la-unesco-apuesta-por-la-cultura\/#primaryimage\",\"url\":\"https:\/\/www.fraczinet.cl\/sitio\/wp-content\/uploads\/2011\/04\/Haiti-cultura.jpg\",\"contentUrl\":\"https:\/\/www.fraczinet.cl\/sitio\/wp-content\/uploads\/2011\/04\/Haiti-cultura.jpg\",\"width\":400,\"height\":322},{\"@type\":\"BreadcrumbList\",\"@id\":\"https:\/\/www.fraczinet.cl\/sitio\/2011\/04\/23\/en-la-reconstruccion-de-haiti-la-unesco-apuesta-por-la-cultura\/#breadcrumb\",\"itemListElement\":[{\"@type\":\"ListItem\",\"position\":1,\"name\":\"Portada\",\"item\":\"https:\/\/www.fraczinet.cl\/sitio\/\"},{\"@type\":\"ListItem\",\"position\":2,\"name\":\"En La Reconstrucci\u00f3n De Hait\u00ed La UNESCO Apuesta Por La Cultura\"}]},{\"@type\":\"WebSite\",\"@id\":\"https:\/\/www.fraczinet.cl\/sitio\/#website\",\"url\":\"https:\/\/www.fraczinet.cl\/sitio\/\",\"name\":\"Nuestro Bio B\u00edo\",\"description\":\"Tierra de Encuentros\",\"publisher\":{\"@id\":\"https:\/\/www.fraczinet.cl\/sitio\/#\/schema\/person\/aec8ee4da68df2b9b0eefdad24a0d582\"},\"potentialAction\":[{\"@type\":\"SearchAction\",\"target\":{\"@type\":\"EntryPoint\",\"urlTemplate\":\"https:\/\/www.fraczinet.cl\/sitio\/?s={search_term_string}\"},\"query-input\":{\"@type\":\"PropertyValueSpecification\",\"valueRequired\":true,\"valueName\":\"search_term_string\"}}],\"inLanguage\":\"es\"},{\"@type\":[\"Person\",\"Organization\"],\"@id\":\"https:\/\/www.fraczinet.cl\/sitio\/#\/schema\/person\/aec8ee4da68df2b9b0eefdad24a0d582\",\"name\":\"Luis Fernando Fraczinet\",\"image\":{\"@type\":\"ImageObject\",\"inLanguage\":\"es\",\"@id\":\"https:\/\/www.fraczinet.cl\/sitio\/#\/schema\/person\/image\/\",\"url\":\"https:\/\/www.fraczinet.cl\/sitio\/wp-content\/uploads\/2021\/07\/bannerlogo-1.gif\",\"contentUrl\":\"https:\/\/www.fraczinet.cl\/sitio\/wp-content\/uploads\/2021\/07\/bannerlogo-1.gif\",\"width\":159,\"height\":79,\"caption\":\"Luis Fernando Fraczinet\"},\"logo\":{\"@id\":\"https:\/\/www.fraczinet.cl\/sitio\/#\/schema\/person\/image\/\"},\"sameAs\":[\"https:\/\/www.fraczinet.cl\/sitio\/\"]},{\"@type\":\"Person\",\"@id\":\"https:\/\/www.fraczinet.cl\/sitio\/#\/schema\/person\/bc30f98e9cb10ae7e119dbe14bc93784\",\"name\":\"admin\",\"image\":{\"@type\":\"ImageObject\",\"inLanguage\":\"es\",\"@id\":\"https:\/\/www.fraczinet.cl\/sitio\/#\/schema\/person\/image\/\",\"url\":\"https:\/\/secure.gravatar.com\/avatar\/d5ad3cf7ef3b23a2bb5be73be780c86b2fc8545c3ad6b149f3913ff458c00099?s=96&d=mm&r=g\",\"contentUrl\":\"https:\/\/secure.gravatar.com\/avatar\/d5ad3cf7ef3b23a2bb5be73be780c86b2fc8545c3ad6b149f3913ff458c00099?s=96&d=mm&r=g\",\"caption\":\"admin\"},\"sameAs\":[\"https:\/\/www.fraczinet.cl\/sitio\"]}]}<\/script>\n<!-- \/ Yoast SEO plugin. -->","yoast_head_json":{"title":"En La Reconstrucci\u00f3n De Hait\u00ed La UNESCO Apuesta Por La Cultura - Nuestro Bio B\u00edo","robots":{"index":"index","follow":"follow","max-snippet":"max-snippet:-1","max-image-preview":"max-image-preview:large","max-video-preview":"max-video-preview:-1"},"canonical":"https:\/\/www.fraczinet.cl\/sitio\/2011\/04\/23\/en-la-reconstruccion-de-haiti-la-unesco-apuesta-por-la-cultura\/","og_locale":"es_ES","og_type":"article","og_title":"En La Reconstrucci\u00f3n De Hait\u00ed La UNESCO Apuesta Por La Cultura - Nuestro Bio B\u00edo","og_description":"Imagen: Anna Giolitto &#8211; Carnaval de Jacmel La cultura, parte esencial de la identidad haitiana, centr\u00f3 una conferencia sobre la reconstrucci\u00f3n de Hait\u00ed celebrada el pasado martes 19 de abril en la Sede de la UNESCO con el objetivo de movilizar a la comunidad internacional y al sector privado para restaurar el patrimonio cultural da\u00f1ado [&hellip;]","og_url":"https:\/\/www.fraczinet.cl\/sitio\/2011\/04\/23\/en-la-reconstruccion-de-haiti-la-unesco-apuesta-por-la-cultura\/","og_site_name":"Nuestro Bio B\u00edo","article_published_time":"2011-04-23T22:36:00+00:00","article_modified_time":"2022-09-26T00:29:28+00:00","og_image":[{"width":400,"height":322,"url":"https:\/\/www.fraczinet.cl\/sitio\/wp-content\/uploads\/2011\/04\/Haiti-cultura.jpg","type":"image\/jpeg"}],"author":"admin","twitter_card":"summary_large_image","twitter_creator":"@nuestrobiobio","twitter_site":"@nuestrobiobio","twitter_misc":{"Escrito por":"admin","Tiempo de lectura":"2 minutos"},"schema":{"@context":"https:\/\/schema.org","@graph":[{"@type":"Article","@id":"https:\/\/www.fraczinet.cl\/sitio\/2011\/04\/23\/en-la-reconstruccion-de-haiti-la-unesco-apuesta-por-la-cultura\/#article","isPartOf":{"@id":"https:\/\/www.fraczinet.cl\/sitio\/2011\/04\/23\/en-la-reconstruccion-de-haiti-la-unesco-apuesta-por-la-cultura\/"},"author":{"name":"admin","@id":"https:\/\/www.fraczinet.cl\/sitio\/#\/schema\/person\/bc30f98e9cb10ae7e119dbe14bc93784"},"headline":"En La Reconstrucci\u00f3n De Hait\u00ed La UNESCO Apuesta Por La Cultura","datePublished":"2011-04-23T22:36:00+00:00","dateModified":"2022-09-26T00:29:28+00:00","mainEntityOfPage":{"@id":"https:\/\/www.fraczinet.cl\/sitio\/2011\/04\/23\/en-la-reconstruccion-de-haiti-la-unesco-apuesta-por-la-cultura\/"},"wordCount":500,"commentCount":0,"publisher":{"@id":"https:\/\/www.fraczinet.cl\/sitio\/#\/schema\/person\/aec8ee4da68df2b9b0eefdad24a0d582"},"image":{"@id":"https:\/\/www.fraczinet.cl\/sitio\/2011\/04\/23\/en-la-reconstruccion-de-haiti-la-unesco-apuesta-por-la-cultura\/#primaryimage"},"thumbnailUrl":"https:\/\/www.fraczinet.cl\/sitio\/wp-content\/uploads\/2011\/04\/Haiti-cultura.jpg","articleSection":["Cultura"],"inLanguage":"es","potentialAction":[{"@type":"CommentAction","name":"Comment","target":["https:\/\/www.fraczinet.cl\/sitio\/2011\/04\/23\/en-la-reconstruccion-de-haiti-la-unesco-apuesta-por-la-cultura\/#respond"]}]},{"@type":"WebPage","@id":"https:\/\/www.fraczinet.cl\/sitio\/2011\/04\/23\/en-la-reconstruccion-de-haiti-la-unesco-apuesta-por-la-cultura\/","url":"https:\/\/www.fraczinet.cl\/sitio\/2011\/04\/23\/en-la-reconstruccion-de-haiti-la-unesco-apuesta-por-la-cultura\/","name":"En La Reconstrucci\u00f3n De Hait\u00ed La UNESCO Apuesta Por La Cultura - Nuestro Bio B\u00edo","isPartOf":{"@id":"https:\/\/www.fraczinet.cl\/sitio\/#website"},"primaryImageOfPage":{"@id":"https:\/\/www.fraczinet.cl\/sitio\/2011\/04\/23\/en-la-reconstruccion-de-haiti-la-unesco-apuesta-por-la-cultura\/#primaryimage"},"image":{"@id":"https:\/\/www.fraczinet.cl\/sitio\/2011\/04\/23\/en-la-reconstruccion-de-haiti-la-unesco-apuesta-por-la-cultura\/#primaryimage"},"thumbnailUrl":"https:\/\/www.fraczinet.cl\/sitio\/wp-content\/uploads\/2011\/04\/Haiti-cultura.jpg","datePublished":"2011-04-23T22:36:00+00:00","dateModified":"2022-09-26T00:29:28+00:00","breadcrumb":{"@id":"https:\/\/www.fraczinet.cl\/sitio\/2011\/04\/23\/en-la-reconstruccion-de-haiti-la-unesco-apuesta-por-la-cultura\/#breadcrumb"},"inLanguage":"es","potentialAction":[{"@type":"ReadAction","target":["https:\/\/www.fraczinet.cl\/sitio\/2011\/04\/23\/en-la-reconstruccion-de-haiti-la-unesco-apuesta-por-la-cultura\/"]}]},{"@type":"ImageObject","inLanguage":"es","@id":"https:\/\/www.fraczinet.cl\/sitio\/2011\/04\/23\/en-la-reconstruccion-de-haiti-la-unesco-apuesta-por-la-cultura\/#primaryimage","url":"https:\/\/www.fraczinet.cl\/sitio\/wp-content\/uploads\/2011\/04\/Haiti-cultura.jpg","contentUrl":"https:\/\/www.fraczinet.cl\/sitio\/wp-content\/uploads\/2011\/04\/Haiti-cultura.jpg","width":400,"height":322},{"@type":"BreadcrumbList","@id":"https:\/\/www.fraczinet.cl\/sitio\/2011\/04\/23\/en-la-reconstruccion-de-haiti-la-unesco-apuesta-por-la-cultura\/#breadcrumb","itemListElement":[{"@type":"ListItem","position":1,"name":"Portada","item":"https:\/\/www.fraczinet.cl\/sitio\/"},{"@type":"ListItem","position":2,"name":"En La Reconstrucci\u00f3n De Hait\u00ed La UNESCO Apuesta Por La Cultura"}]},{"@type":"WebSite","@id":"https:\/\/www.fraczinet.cl\/sitio\/#website","url":"https:\/\/www.fraczinet.cl\/sitio\/","name":"Nuestro Bio B\u00edo","description":"Tierra de Encuentros","publisher":{"@id":"https:\/\/www.fraczinet.cl\/sitio\/#\/schema\/person\/aec8ee4da68df2b9b0eefdad24a0d582"},"potentialAction":[{"@type":"SearchAction","target":{"@type":"EntryPoint","urlTemplate":"https:\/\/www.fraczinet.cl\/sitio\/?s={search_term_string}"},"query-input":{"@type":"PropertyValueSpecification","valueRequired":true,"valueName":"search_term_string"}}],"inLanguage":"es"},{"@type":["Person","Organization"],"@id":"https:\/\/www.fraczinet.cl\/sitio\/#\/schema\/person\/aec8ee4da68df2b9b0eefdad24a0d582","name":"Luis Fernando Fraczinet","image":{"@type":"ImageObject","inLanguage":"es","@id":"https:\/\/www.fraczinet.cl\/sitio\/#\/schema\/person\/image\/","url":"https:\/\/www.fraczinet.cl\/sitio\/wp-content\/uploads\/2021\/07\/bannerlogo-1.gif","contentUrl":"https:\/\/www.fraczinet.cl\/sitio\/wp-content\/uploads\/2021\/07\/bannerlogo-1.gif","width":159,"height":79,"caption":"Luis Fernando Fraczinet"},"logo":{"@id":"https:\/\/www.fraczinet.cl\/sitio\/#\/schema\/person\/image\/"},"sameAs":["https:\/\/www.fraczinet.cl\/sitio\/"]},{"@type":"Person","@id":"https:\/\/www.fraczinet.cl\/sitio\/#\/schema\/person\/bc30f98e9cb10ae7e119dbe14bc93784","name":"admin","image":{"@type":"ImageObject","inLanguage":"es","@id":"https:\/\/www.fraczinet.cl\/sitio\/#\/schema\/person\/image\/","url":"https:\/\/secure.gravatar.com\/avatar\/d5ad3cf7ef3b23a2bb5be73be780c86b2fc8545c3ad6b149f3913ff458c00099?s=96&d=mm&r=g","contentUrl":"https:\/\/secure.gravatar.com\/avatar\/d5ad3cf7ef3b23a2bb5be73be780c86b2fc8545c3ad6b149f3913ff458c00099?s=96&d=mm&r=g","caption":"admin"},"sameAs":["https:\/\/www.fraczinet.cl\/sitio"]}]}},"_links":{"self":[{"href":"https:\/\/www.fraczinet.cl\/sitio\/wp-json\/wp\/v2\/posts\/8778","targetHints":{"allow":["GET"]}}],"collection":[{"href":"https:\/\/www.fraczinet.cl\/sitio\/wp-json\/wp\/v2\/posts"}],"about":[{"href":"https:\/\/www.fraczinet.cl\/sitio\/wp-json\/wp\/v2\/types\/post"}],"author":[{"embeddable":true,"href":"https:\/\/www.fraczinet.cl\/sitio\/wp-json\/wp\/v2\/users\/1"}],"replies":[{"embeddable":true,"href":"https:\/\/www.fraczinet.cl\/sitio\/wp-json\/wp\/v2\/comments?post=8778"}],"version-history":[{"count":1,"href":"https:\/\/www.fraczinet.cl\/sitio\/wp-json\/wp\/v2\/posts\/8778\/revisions"}],"predecessor-version":[{"id":13446,"href":"https:\/\/www.fraczinet.cl\/sitio\/wp-json\/wp\/v2\/posts\/8778\/revisions\/13446"}],"wp:featuredmedia":[{"embeddable":true,"href":"https:\/\/www.fraczinet.cl\/sitio\/wp-json\/wp\/v2\/media\/13445"}],"wp:attachment":[{"href":"https:\/\/www.fraczinet.cl\/sitio\/wp-json\/wp\/v2\/media?parent=8778"}],"wp:term":[{"taxonomy":"category","embeddable":true,"href":"https:\/\/www.fraczinet.cl\/sitio\/wp-json\/wp\/v2\/categories?post=8778"},{"taxonomy":"post_tag","embeddable":true,"href":"https:\/\/www.fraczinet.cl\/sitio\/wp-json\/wp\/v2\/tags?post=8778"}],"curies":[{"name":"wp","href":"https:\/\/api.w.org\/{rel}","templated":true}]}}