{"id":8782,"date":"2011-04-23T14:55:00","date_gmt":"2011-04-23T14:55:00","guid":{"rendered":"https:\/\/www.fraczinet.cl\/sitio\/2011\/04\/23\/dia-del-libro-cafe-literario-en-talcahuano\/"},"modified":"2022-10-06T22:52:26","modified_gmt":"2022-10-06T22:52:26","slug":"dia-del-libro-cafe-literario-en-talcahuano","status":"publish","type":"post","link":"https:\/\/www.fraczinet.cl\/sitio\/2011\/04\/23\/dia-del-libro-cafe-literario-en-talcahuano\/","title":{"rendered":"D\u00eda del Libro: Caf\u00e9 Literario En Talcahuano"},"content":{"rendered":"<div><a href=\"http:\/\/2.bp.blogspot.com\/-cNIKS1lWmG8\/TbLq8aNYdGI\/AAAAAAAASo4\/AhvNJA1XXmI\/s1600\/afiche-cafeliterario400.jpg\" style=\"clear: left; float: left; margin-bottom: 1em; margin-right: 1em;\"><img decoding=\"async\" alt=\"\" border=\"0\" id=\"BLOGGER_PHOTO_ID_5598795610323448930\" src=\"http:\/\/2.bp.blogspot.com\/-cNIKS1lWmG8\/TbLq8aNYdGI\/AAAAAAAASo4\/AhvNJA1XXmI\/s400\/afiche-cafeliterario400.jpg\" style=\"cursor: pointer; height: 350px; width: 400px;\" \/><\/a><\/div>\n<p> En Talcahuano se realizar\u00e1 la Celebraci\u00f3n D\u00eda del Libro con un Caf\u00e9 Literario el pr\u00f3ximo lunes 25 de abril a las 16:30 horas en el Centro Comunitario Galvarino. Comuna de Talcahuano.  Escritores Invitados: Cristi\u00e1n Condemarzo Fernando Ortiz Sergio Neira Ingrid Odgers Mar\u00eda Cristina Ogalde  Cantautor: Pablo Sald\u00edas  CIC Colectivo La Silla 2011  El Centro Comunitario Galvarino esta en Manuel Bayon 360, Poblacion Santa Clara, Las Salinas. Se llega por avenida Colon al frente de Olimpia se toma calle Manuel Montt (hacia el mar), se dobla a la izquierda por calle Buenos Aires.<\/p>\n","protected":false},"excerpt":{"rendered":"<p>En Talcahuano se realizar\u00e1 la Celebraci\u00f3n D\u00eda del Libro con un Caf\u00e9 Literario el pr\u00f3ximo lunes 25 de abril a las 16:30 horas en el Centro Comunitario Galvarino. Comuna de Talcahuano. Escritores Invitados: Cristi\u00e1n Condemarzo Fernando Ortiz Sergio Neira Ingrid Odgers Mar\u00eda Cristina Ogalde Cantautor: Pablo Sald\u00edas CIC Colectivo La Silla 2011 El Centro Comunitario [&hellip;]<\/p>\n","protected":false},"author":1,"featured_media":0,"comment_status":"open","ping_status":"open","sticky":false,"template":"","format":"standard","meta":{"footnotes":""},"categories":[70],"tags":[],"class_list":["post-8782","post","type-post","status-publish","format-standard","hentry","category-libros"],"yoast_head":"<!-- This site is optimized with the Yoast SEO plugin v25.0 - https:\/\/yoast.com\/wordpress\/plugins\/seo\/ -->\n<title>D\u00eda del Libro: Caf\u00e9 Literario En Talcahuano - Nuestro Bio B\u00edo<\/title>\n<meta name=\"robots\" content=\"index, follow, max-snippet:-1, max-image-preview:large, max-video-preview:-1\" \/>\n<link rel=\"canonical\" href=\"https:\/\/www.fraczinet.cl\/sitio\/2011\/04\/23\/dia-del-libro-cafe-literario-en-talcahuano\/\" \/>\n<meta property=\"og:locale\" content=\"es_ES\" \/>\n<meta property=\"og:type\" content=\"article\" \/>\n<meta property=\"og:title\" content=\"D\u00eda del Libro: Caf\u00e9 Literario En Talcahuano - Nuestro Bio B\u00edo\" \/>\n<meta property=\"og:description\" content=\"En Talcahuano se realizar\u00e1 la Celebraci\u00f3n D\u00eda del Libro con un Caf\u00e9 Literario el pr\u00f3ximo lunes 25 de abril a las 16:30 horas en el Centro Comunitario Galvarino. Comuna de Talcahuano. Escritores Invitados: Cristi\u00e1n Condemarzo Fernando Ortiz Sergio Neira Ingrid Odgers Mar\u00eda Cristina Ogalde Cantautor: Pablo Sald\u00edas CIC Colectivo La Silla 2011 El Centro Comunitario [&hellip;]\" \/>\n<meta property=\"og:url\" content=\"https:\/\/www.fraczinet.cl\/sitio\/2011\/04\/23\/dia-del-libro-cafe-literario-en-talcahuano\/\" \/>\n<meta property=\"og:site_name\" content=\"Nuestro Bio B\u00edo\" \/>\n<meta property=\"article:published_time\" content=\"2011-04-23T14:55:00+00:00\" \/>\n<meta property=\"article:modified_time\" content=\"2022-10-06T22:52:26+00:00\" \/>\n<meta property=\"og:image\" content=\"http:\/\/2.bp.blogspot.com\/-cNIKS1lWmG8\/TbLq8aNYdGI\/AAAAAAAASo4\/AhvNJA1XXmI\/s400\/afiche-cafeliterario400.jpg\" \/>\n<meta name=\"author\" content=\"admin\" \/>\n<meta name=\"twitter:card\" content=\"summary_large_image\" \/>\n<meta name=\"twitter:creator\" content=\"@nuestrobiobio\" \/>\n<meta name=\"twitter:site\" content=\"@nuestrobiobio\" \/>\n<meta name=\"twitter:label1\" content=\"Escrito por\" \/>\n\t<meta name=\"twitter:data1\" content=\"admin\" \/>\n<script type=\"application\/ld+json\" class=\"yoast-schema-graph\">{\"@context\":\"https:\/\/schema.org\",\"@graph\":[{\"@type\":\"Article\",\"@id\":\"https:\/\/www.fraczinet.cl\/sitio\/2011\/04\/23\/dia-del-libro-cafe-literario-en-talcahuano\/#article\",\"isPartOf\":{\"@id\":\"https:\/\/www.fraczinet.cl\/sitio\/2011\/04\/23\/dia-del-libro-cafe-literario-en-talcahuano\/\"},\"author\":{\"name\":\"admin\",\"@id\":\"https:\/\/www.fraczinet.cl\/sitio\/#\/schema\/person\/bc30f98e9cb10ae7e119dbe14bc93784\"},\"headline\":\"D\u00eda del Libro: Caf\u00e9 Literario En Talcahuano\",\"datePublished\":\"2011-04-23T14:55:00+00:00\",\"dateModified\":\"2022-10-06T22:52:26+00:00\",\"mainEntityOfPage\":{\"@id\":\"https:\/\/www.fraczinet.cl\/sitio\/2011\/04\/23\/dia-del-libro-cafe-literario-en-talcahuano\/\"},\"wordCount\":102,\"commentCount\":0,\"publisher\":{\"@id\":\"https:\/\/www.fraczinet.cl\/sitio\/#\/schema\/person\/aec8ee4da68df2b9b0eefdad24a0d582\"},\"image\":{\"@id\":\"https:\/\/www.fraczinet.cl\/sitio\/2011\/04\/23\/dia-del-libro-cafe-literario-en-talcahuano\/#primaryimage\"},\"thumbnailUrl\":\"http:\/\/2.bp.blogspot.com\/-cNIKS1lWmG8\/TbLq8aNYdGI\/AAAAAAAASo4\/AhvNJA1XXmI\/s400\/afiche-cafeliterario400.jpg\",\"articleSection\":[\"Libros\"],\"inLanguage\":\"es\",\"potentialAction\":[{\"@type\":\"CommentAction\",\"name\":\"Comment\",\"target\":[\"https:\/\/www.fraczinet.cl\/sitio\/2011\/04\/23\/dia-del-libro-cafe-literario-en-talcahuano\/#respond\"]}]},{\"@type\":\"WebPage\",\"@id\":\"https:\/\/www.fraczinet.cl\/sitio\/2011\/04\/23\/dia-del-libro-cafe-literario-en-talcahuano\/\",\"url\":\"https:\/\/www.fraczinet.cl\/sitio\/2011\/04\/23\/dia-del-libro-cafe-literario-en-talcahuano\/\",\"name\":\"D\u00eda del Libro: Caf\u00e9 Literario En Talcahuano - Nuestro Bio B\u00edo\",\"isPartOf\":{\"@id\":\"https:\/\/www.fraczinet.cl\/sitio\/#website\"},\"primaryImageOfPage\":{\"@id\":\"https:\/\/www.fraczinet.cl\/sitio\/2011\/04\/23\/dia-del-libro-cafe-literario-en-talcahuano\/#primaryimage\"},\"image\":{\"@id\":\"https:\/\/www.fraczinet.cl\/sitio\/2011\/04\/23\/dia-del-libro-cafe-literario-en-talcahuano\/#primaryimage\"},\"thumbnailUrl\":\"http:\/\/2.bp.blogspot.com\/-cNIKS1lWmG8\/TbLq8aNYdGI\/AAAAAAAASo4\/AhvNJA1XXmI\/s400\/afiche-cafeliterario400.jpg\",\"datePublished\":\"2011-04-23T14:55:00+00:00\",\"dateModified\":\"2022-10-06T22:52:26+00:00\",\"breadcrumb\":{\"@id\":\"https:\/\/www.fraczinet.cl\/sitio\/2011\/04\/23\/dia-del-libro-cafe-literario-en-talcahuano\/#breadcrumb\"},\"inLanguage\":\"es\",\"potentialAction\":[{\"@type\":\"ReadAction\",\"target\":[\"https:\/\/www.fraczinet.cl\/sitio\/2011\/04\/23\/dia-del-libro-cafe-literario-en-talcahuano\/\"]}]},{\"@type\":\"ImageObject\",\"inLanguage\":\"es\",\"@id\":\"https:\/\/www.fraczinet.cl\/sitio\/2011\/04\/23\/dia-del-libro-cafe-literario-en-talcahuano\/#primaryimage\",\"url\":\"http:\/\/2.bp.blogspot.com\/-cNIKS1lWmG8\/TbLq8aNYdGI\/AAAAAAAASo4\/AhvNJA1XXmI\/s400\/afiche-cafeliterario400.jpg\",\"contentUrl\":\"http:\/\/2.bp.blogspot.com\/-cNIKS1lWmG8\/TbLq8aNYdGI\/AAAAAAAASo4\/AhvNJA1XXmI\/s400\/afiche-cafeliterario400.jpg\"},{\"@type\":\"BreadcrumbList\",\"@id\":\"https:\/\/www.fraczinet.cl\/sitio\/2011\/04\/23\/dia-del-libro-cafe-literario-en-talcahuano\/#breadcrumb\",\"itemListElement\":[{\"@type\":\"ListItem\",\"position\":1,\"name\":\"Portada\",\"item\":\"https:\/\/www.fraczinet.cl\/sitio\/\"},{\"@type\":\"ListItem\",\"position\":2,\"name\":\"D\u00eda del Libro: Caf\u00e9 Literario En Talcahuano\"}]},{\"@type\":\"WebSite\",\"@id\":\"https:\/\/www.fraczinet.cl\/sitio\/#website\",\"url\":\"https:\/\/www.fraczinet.cl\/sitio\/\",\"name\":\"Nuestro Bio B\u00edo\",\"description\":\"Tierra de Encuentros\",\"publisher\":{\"@id\":\"https:\/\/www.fraczinet.cl\/sitio\/#\/schema\/person\/aec8ee4da68df2b9b0eefdad24a0d582\"},\"potentialAction\":[{\"@type\":\"SearchAction\",\"target\":{\"@type\":\"EntryPoint\",\"urlTemplate\":\"https:\/\/www.fraczinet.cl\/sitio\/?s={search_term_string}\"},\"query-input\":{\"@type\":\"PropertyValueSpecification\",\"valueRequired\":true,\"valueName\":\"search_term_string\"}}],\"inLanguage\":\"es\"},{\"@type\":[\"Person\",\"Organization\"],\"@id\":\"https:\/\/www.fraczinet.cl\/sitio\/#\/schema\/person\/aec8ee4da68df2b9b0eefdad24a0d582\",\"name\":\"Luis Fernando Fraczinet\",\"image\":{\"@type\":\"ImageObject\",\"inLanguage\":\"es\",\"@id\":\"https:\/\/www.fraczinet.cl\/sitio\/#\/schema\/person\/image\/\",\"url\":\"https:\/\/www.fraczinet.cl\/sitio\/wp-content\/uploads\/2021\/07\/bannerlogo-1.gif\",\"contentUrl\":\"https:\/\/www.fraczinet.cl\/sitio\/wp-content\/uploads\/2021\/07\/bannerlogo-1.gif\",\"width\":159,\"height\":79,\"caption\":\"Luis Fernando Fraczinet\"},\"logo\":{\"@id\":\"https:\/\/www.fraczinet.cl\/sitio\/#\/schema\/person\/image\/\"},\"sameAs\":[\"https:\/\/www.fraczinet.cl\/sitio\/\"]},{\"@type\":\"Person\",\"@id\":\"https:\/\/www.fraczinet.cl\/sitio\/#\/schema\/person\/bc30f98e9cb10ae7e119dbe14bc93784\",\"name\":\"admin\",\"image\":{\"@type\":\"ImageObject\",\"inLanguage\":\"es\",\"@id\":\"https:\/\/www.fraczinet.cl\/sitio\/#\/schema\/person\/image\/\",\"url\":\"https:\/\/secure.gravatar.com\/avatar\/d5ad3cf7ef3b23a2bb5be73be780c86b2fc8545c3ad6b149f3913ff458c00099?s=96&d=mm&r=g\",\"contentUrl\":\"https:\/\/secure.gravatar.com\/avatar\/d5ad3cf7ef3b23a2bb5be73be780c86b2fc8545c3ad6b149f3913ff458c00099?s=96&d=mm&r=g\",\"caption\":\"admin\"},\"sameAs\":[\"https:\/\/www.fraczinet.cl\/sitio\"]}]}<\/script>\n<!-- \/ Yoast SEO plugin. -->","yoast_head_json":{"title":"D\u00eda del Libro: Caf\u00e9 Literario En Talcahuano - Nuestro Bio B\u00edo","robots":{"index":"index","follow":"follow","max-snippet":"max-snippet:-1","max-image-preview":"max-image-preview:large","max-video-preview":"max-video-preview:-1"},"canonical":"https:\/\/www.fraczinet.cl\/sitio\/2011\/04\/23\/dia-del-libro-cafe-literario-en-talcahuano\/","og_locale":"es_ES","og_type":"article","og_title":"D\u00eda del Libro: Caf\u00e9 Literario En Talcahuano - Nuestro Bio B\u00edo","og_description":"En Talcahuano se realizar\u00e1 la Celebraci\u00f3n D\u00eda del Libro con un Caf\u00e9 Literario el pr\u00f3ximo lunes 25 de abril a las 16:30 horas en el Centro Comunitario Galvarino. Comuna de Talcahuano. Escritores Invitados: Cristi\u00e1n Condemarzo Fernando Ortiz Sergio Neira Ingrid Odgers Mar\u00eda Cristina Ogalde Cantautor: Pablo Sald\u00edas CIC Colectivo La Silla 2011 El Centro Comunitario [&hellip;]","og_url":"https:\/\/www.fraczinet.cl\/sitio\/2011\/04\/23\/dia-del-libro-cafe-literario-en-talcahuano\/","og_site_name":"Nuestro Bio B\u00edo","article_published_time":"2011-04-23T14:55:00+00:00","article_modified_time":"2022-10-06T22:52:26+00:00","og_image":[{"url":"http:\/\/2.bp.blogspot.com\/-cNIKS1lWmG8\/TbLq8aNYdGI\/AAAAAAAASo4\/AhvNJA1XXmI\/s400\/afiche-cafeliterario400.jpg","type":"","width":"","height":""}],"author":"admin","twitter_card":"summary_large_image","twitter_creator":"@nuestrobiobio","twitter_site":"@nuestrobiobio","twitter_misc":{"Escrito por":"admin"},"schema":{"@context":"https:\/\/schema.org","@graph":[{"@type":"Article","@id":"https:\/\/www.fraczinet.cl\/sitio\/2011\/04\/23\/dia-del-libro-cafe-literario-en-talcahuano\/#article","isPartOf":{"@id":"https:\/\/www.fraczinet.cl\/sitio\/2011\/04\/23\/dia-del-libro-cafe-literario-en-talcahuano\/"},"author":{"name":"admin","@id":"https:\/\/www.fraczinet.cl\/sitio\/#\/schema\/person\/bc30f98e9cb10ae7e119dbe14bc93784"},"headline":"D\u00eda del Libro: Caf\u00e9 Literario En Talcahuano","datePublished":"2011-04-23T14:55:00+00:00","dateModified":"2022-10-06T22:52:26+00:00","mainEntityOfPage":{"@id":"https:\/\/www.fraczinet.cl\/sitio\/2011\/04\/23\/dia-del-libro-cafe-literario-en-talcahuano\/"},"wordCount":102,"commentCount":0,"publisher":{"@id":"https:\/\/www.fraczinet.cl\/sitio\/#\/schema\/person\/aec8ee4da68df2b9b0eefdad24a0d582"},"image":{"@id":"https:\/\/www.fraczinet.cl\/sitio\/2011\/04\/23\/dia-del-libro-cafe-literario-en-talcahuano\/#primaryimage"},"thumbnailUrl":"http:\/\/2.bp.blogspot.com\/-cNIKS1lWmG8\/TbLq8aNYdGI\/AAAAAAAASo4\/AhvNJA1XXmI\/s400\/afiche-cafeliterario400.jpg","articleSection":["Libros"],"inLanguage":"es","potentialAction":[{"@type":"CommentAction","name":"Comment","target":["https:\/\/www.fraczinet.cl\/sitio\/2011\/04\/23\/dia-del-libro-cafe-literario-en-talcahuano\/#respond"]}]},{"@type":"WebPage","@id":"https:\/\/www.fraczinet.cl\/sitio\/2011\/04\/23\/dia-del-libro-cafe-literario-en-talcahuano\/","url":"https:\/\/www.fraczinet.cl\/sitio\/2011\/04\/23\/dia-del-libro-cafe-literario-en-talcahuano\/","name":"D\u00eda del Libro: Caf\u00e9 Literario En Talcahuano - Nuestro Bio B\u00edo","isPartOf":{"@id":"https:\/\/www.fraczinet.cl\/sitio\/#website"},"primaryImageOfPage":{"@id":"https:\/\/www.fraczinet.cl\/sitio\/2011\/04\/23\/dia-del-libro-cafe-literario-en-talcahuano\/#primaryimage"},"image":{"@id":"https:\/\/www.fraczinet.cl\/sitio\/2011\/04\/23\/dia-del-libro-cafe-literario-en-talcahuano\/#primaryimage"},"thumbnailUrl":"http:\/\/2.bp.blogspot.com\/-cNIKS1lWmG8\/TbLq8aNYdGI\/AAAAAAAASo4\/AhvNJA1XXmI\/s400\/afiche-cafeliterario400.jpg","datePublished":"2011-04-23T14:55:00+00:00","dateModified":"2022-10-06T22:52:26+00:00","breadcrumb":{"@id":"https:\/\/www.fraczinet.cl\/sitio\/2011\/04\/23\/dia-del-libro-cafe-literario-en-talcahuano\/#breadcrumb"},"inLanguage":"es","potentialAction":[{"@type":"ReadAction","target":["https:\/\/www.fraczinet.cl\/sitio\/2011\/04\/23\/dia-del-libro-cafe-literario-en-talcahuano\/"]}]},{"@type":"ImageObject","inLanguage":"es","@id":"https:\/\/www.fraczinet.cl\/sitio\/2011\/04\/23\/dia-del-libro-cafe-literario-en-talcahuano\/#primaryimage","url":"http:\/\/2.bp.blogspot.com\/-cNIKS1lWmG8\/TbLq8aNYdGI\/AAAAAAAASo4\/AhvNJA1XXmI\/s400\/afiche-cafeliterario400.jpg","contentUrl":"http:\/\/2.bp.blogspot.com\/-cNIKS1lWmG8\/TbLq8aNYdGI\/AAAAAAAASo4\/AhvNJA1XXmI\/s400\/afiche-cafeliterario400.jpg"},{"@type":"BreadcrumbList","@id":"https:\/\/www.fraczinet.cl\/sitio\/2011\/04\/23\/dia-del-libro-cafe-literario-en-talcahuano\/#breadcrumb","itemListElement":[{"@type":"ListItem","position":1,"name":"Portada","item":"https:\/\/www.fraczinet.cl\/sitio\/"},{"@type":"ListItem","position":2,"name":"D\u00eda del Libro: Caf\u00e9 Literario En Talcahuano"}]},{"@type":"WebSite","@id":"https:\/\/www.fraczinet.cl\/sitio\/#website","url":"https:\/\/www.fraczinet.cl\/sitio\/","name":"Nuestro Bio B\u00edo","description":"Tierra de Encuentros","publisher":{"@id":"https:\/\/www.fraczinet.cl\/sitio\/#\/schema\/person\/aec8ee4da68df2b9b0eefdad24a0d582"},"potentialAction":[{"@type":"SearchAction","target":{"@type":"EntryPoint","urlTemplate":"https:\/\/www.fraczinet.cl\/sitio\/?s={search_term_string}"},"query-input":{"@type":"PropertyValueSpecification","valueRequired":true,"valueName":"search_term_string"}}],"inLanguage":"es"},{"@type":["Person","Organization"],"@id":"https:\/\/www.fraczinet.cl\/sitio\/#\/schema\/person\/aec8ee4da68df2b9b0eefdad24a0d582","name":"Luis Fernando Fraczinet","image":{"@type":"ImageObject","inLanguage":"es","@id":"https:\/\/www.fraczinet.cl\/sitio\/#\/schema\/person\/image\/","url":"https:\/\/www.fraczinet.cl\/sitio\/wp-content\/uploads\/2021\/07\/bannerlogo-1.gif","contentUrl":"https:\/\/www.fraczinet.cl\/sitio\/wp-content\/uploads\/2021\/07\/bannerlogo-1.gif","width":159,"height":79,"caption":"Luis Fernando Fraczinet"},"logo":{"@id":"https:\/\/www.fraczinet.cl\/sitio\/#\/schema\/person\/image\/"},"sameAs":["https:\/\/www.fraczinet.cl\/sitio\/"]},{"@type":"Person","@id":"https:\/\/www.fraczinet.cl\/sitio\/#\/schema\/person\/bc30f98e9cb10ae7e119dbe14bc93784","name":"admin","image":{"@type":"ImageObject","inLanguage":"es","@id":"https:\/\/www.fraczinet.cl\/sitio\/#\/schema\/person\/image\/","url":"https:\/\/secure.gravatar.com\/avatar\/d5ad3cf7ef3b23a2bb5be73be780c86b2fc8545c3ad6b149f3913ff458c00099?s=96&d=mm&r=g","contentUrl":"https:\/\/secure.gravatar.com\/avatar\/d5ad3cf7ef3b23a2bb5be73be780c86b2fc8545c3ad6b149f3913ff458c00099?s=96&d=mm&r=g","caption":"admin"},"sameAs":["https:\/\/www.fraczinet.cl\/sitio"]}]}},"_links":{"self":[{"href":"https:\/\/www.fraczinet.cl\/sitio\/wp-json\/wp\/v2\/posts\/8782","targetHints":{"allow":["GET"]}}],"collection":[{"href":"https:\/\/www.fraczinet.cl\/sitio\/wp-json\/wp\/v2\/posts"}],"about":[{"href":"https:\/\/www.fraczinet.cl\/sitio\/wp-json\/wp\/v2\/types\/post"}],"author":[{"embeddable":true,"href":"https:\/\/www.fraczinet.cl\/sitio\/wp-json\/wp\/v2\/users\/1"}],"replies":[{"embeddable":true,"href":"https:\/\/www.fraczinet.cl\/sitio\/wp-json\/wp\/v2\/comments?post=8782"}],"version-history":[{"count":1,"href":"https:\/\/www.fraczinet.cl\/sitio\/wp-json\/wp\/v2\/posts\/8782\/revisions"}],"predecessor-version":[{"id":14308,"href":"https:\/\/www.fraczinet.cl\/sitio\/wp-json\/wp\/v2\/posts\/8782\/revisions\/14308"}],"wp:attachment":[{"href":"https:\/\/www.fraczinet.cl\/sitio\/wp-json\/wp\/v2\/media?parent=8782"}],"wp:term":[{"taxonomy":"category","embeddable":true,"href":"https:\/\/www.fraczinet.cl\/sitio\/wp-json\/wp\/v2\/categories?post=8782"},{"taxonomy":"post_tag","embeddable":true,"href":"https:\/\/www.fraczinet.cl\/sitio\/wp-json\/wp\/v2\/tags?post=8782"}],"curies":[{"name":"wp","href":"https:\/\/api.w.org\/{rel}","templated":true}]}}