{"id":8791,"date":"2011-04-20T13:49:00","date_gmt":"2011-04-20T13:49:00","guid":{"rendered":"https:\/\/www.fraczinet.cl\/sitio\/2011\/04\/20\/dia-internacional-del-libro-y-del-derecho-de-autor-en-chillan-y-chillan-viejo\/"},"modified":"2022-10-07T00:52:28","modified_gmt":"2022-10-07T00:52:28","slug":"dia-internacional-del-libro-y-del-derecho-de-autor-en-chillan-y-chillan-viejo","status":"publish","type":"post","link":"https:\/\/www.fraczinet.cl\/sitio\/2011\/04\/20\/dia-internacional-del-libro-y-del-derecho-de-autor-en-chillan-y-chillan-viejo\/","title":{"rendered":"D\u00eda Internacional Del Libro Y Del Derecho De Autor En Chill\u00e1n Y Chill\u00e1n Viejo"},"content":{"rendered":"<p><a href=\"http:\/\/1.bp.blogspot.com\/-plDiAzYpUrs\/Ta7qoVQbmqI\/AAAAAAAASnA\/rCTLNGdyNgg\/s1600\/dia%2Bdel%2Blibro%2Bchillan.jpg\"><img decoding=\"async\" alt=\"\" border=\"0\" id=\"BLOGGER_PHOTO_ID_5597669365489834658\" src=\"http:\/\/1.bp.blogspot.com\/-plDiAzYpUrs\/Ta7qoVQbmqI\/AAAAAAAASnA\/rCTLNGdyNgg\/s400\/dia%2Bdel%2Blibro%2Bchillan.jpg\" style=\"cursor: pointer; float: left; height: 311px; margin: 0px 10px 10px 0px; width: 200px;\" \/><\/a>Se ha determinado la realizaci\u00f3n de una serie de actividades en la ciudad de Chill\u00e1n, con motivo del d\u00eda internacional del libro y del derecho de autor, para el d\u00eda 21 y 23 de Abril, <span style=\"font-weight: bold;\">coordinado por Bar Calibraciones y Descentralizaci\u00f3n Po\u00e9tica Chill\u00e1n<\/span>.  Sabido es, que en una sociedad donde se privilegia lo bizarro por sobre las artes y las ciencias, el dinero, por sobre la dignidad del trabajo, y el \u201cprogreso\u201d por sobre la magnifi &#8230;cencia de nuestro medio natural, tanto el individuo como el artista, carecen de todo tipo de preponderancia, dotado de un rechazo generalizado por las masas, y relegado al confinamiento m\u00e1s l\u00fagubre por las instituciones, el gobierno y el Estado.  El libro es un arma liberadora que ilumina las mentes, m\u00e1s punzante que una espada de doble filo, capaz de partir hasta las coyunturas de la mism\u00edsima miseria humana, penetrar hasta lo m\u00e1s hondo de los corazones de los muertos. Es un derecho inalienable en una sociedad moderna, por lo tanto, imprescindible para romper las amarras que nos unen al vicio y a la ignorancia, donde paulatinamente nos han acercado los Estados neoliberales, arrastr\u00e1ndonos al profundo pozo de la desigualdad y la falta de juicio, cuyo fin necesariamente es la degradaci\u00f3n de los hombres y mujeres.  Queremos hacernos part\u00edcipes de este d\u00eda, yendo a las Escuelas, la Calle, las Universidades y los Bares, a leer poes\u00eda, realizar talleres, compartir m\u00fasica, presentar libros, realizar performances, generar conversatorios, donde la gente com\u00fan, \u00e1vida de esperanza y de justicia, se reconcilie con las letras, tantas veces panfleto de elecciones y de la institucionalidad. Artistas de la cuidad de Chill\u00e1n y de otros lugares de la regi\u00f3n pondr\u00e1n al alcance de los estudiantes y de la gente com\u00fan, lo que los pol\u00edticos y los centros culturales no logran.&nbsp;<\/p>\n<div><\/div>\n<div>Dichas actividades se desarrollar\u00e1n el 21 de Abril en la Escuela Pacheco Altamirano de Chill\u00e1n Viejo (10:00 hrs), Universidad del Bio Bio campus la Castilla (13:00 hrs), colegio Coyam (15:15 hrs); el S\u00e1bado 23 de Abril: paseo peatonal Arauco (17:00 hrs) y Bar Calibraciones (21:30 hrs), donde participar\u00e1n poetas y m\u00fasicos de Chill\u00e1n, Pemuco, Curic\u00f3, Concepci\u00f3n y Talcahuano.  Los artistas son: Rodrigo Guti\u00e9rrez, Nicoli Tamarin, Mart\u00edn Bordemar, Arnaldo Donoso, Patricio Contreras, Alicia Pereda, Andr\u00e9s Rodr\u00edguez, Gustavo Arias, Misela R\u00edos, Santiago Bonhomme, Alejandra Contreras, Cata Salinas, Rowson Yeber, Luis Contreras, Cristian Condemarzo, B\u00e1rbara Calder\u00f3n, Milton Leiva, Nicol\u00e1s R\u00edos, Jaime Povea, Charlie Flowers, Manuel Quezada, Grupo Mapuyal.&nbsp;<\/div>\n<div>\n<div><\/div>\n<div><span style=\"font-weight: bold;\">Descentralizaci\u00f3n Po\u00e9tica Chill\u00e1n Bar Calibraciones.<\/span>&nbsp;<\/div>\n<div><\/div>\n<div><span style=\"font-weight: bold;\">PROGRAMA<\/span> <span style=\"font-weight: bold;\"><span style=\"font-style: italic;\">JUEVES 21 DE ABRIL.<\/span><\/span>&nbsp;<\/div>\n<div><\/div>\n<div>ESCUELA PACHECO ALTAMIRANO.SOTOMAYOR 401. CHILL\u00c1N VIEJO.  10:00 HRS: TALLER DE DESARROLLO LITERARIO. A cargo de Rodrigo Guti\u00e9rrez. 11:00 HRS.: LECTURAS PO\u00c9TICAS. Arnaldo Donoso. Patricio Contreras. Alicia Pereda. Rodrigo Guti\u00e9rrez. M\u00daSICA. Nicol\u00e1s R\u00edos.  UNIVERSIDAD DEL BIO B\u00cdO. CAMPUS LA CASTILLA. CHILL\u00c1N.  13:00 HRS: LECTURAS PO\u00c9TICAS. PRESENTACIONES DE LIBROS Y CONVERSACIONES CON EL P\u00daBLICO Andr\u00e9s Rodr\u00edguez. Gustavo Arias. Misela R\u00edos. Luis Arias. 14:00 HRS: M\u00daSICA. Nicol\u00e1s R\u00edos.  COLEGIO COYAM. AV. LOS PUELCHES 1551. CHILL\u00c1N 15:30 HRS: M\u00daSICA. Jaime Povea 15: 45 HRS: LECTURAS PO\u00c9TICAS. CONVERSACIONES CON LOS ALUMNOS. Santiago Bonhomme. Alejandra Contreras. Cata Salinas. 16:30 HRS: M\u00daSICA. Charlie Flowers.&nbsp;<\/div>\n<div><\/div>\n<div><span style=\"font-weight: bold;\"><span>S\u00c1BADO 23 DE ABRIL<\/span><\/span>PASEO PEATONAL ARAUCO. CHILL\u00c1N  17:00 HRS: M\u00daSICA. Jaime Povea 17:20 HRS: LECTURAS PO\u00c9TICAS. Rowson Yeber. Luis Contreras. Juan Carlos Veloso. Mart\u00edn Bordemar. 17:50 HRS: PERFORMANCE LITERARIA. Cristian Condemarzo. B\u00e1rbara Calder\u00f3n. 18:10 HRS: M\u00daSICA. Manuel Quezada.  18:25 HRS: LECTURAS PO\u00c9TICAS. Eduardo Leyton. Milton Leiva. Alicia Pereda 19:00 HRS: M\u00daSICA. Grupo Mapuyal  BAR CALIBRACIONES. MAIP\u00d3N 42-A. CHILL\u00c1N.  21:30 HRS: M\u00daSICA. Jaime Povea 22:00 HRS: LECTURAS PO\u00c9TICAS. Eduardo Leyton. Arnaldo Donoso. Alejandra Contreras. Rowson Yeber. 22:30 HRS: M\u00daSICA. Nicol\u00e1s R\u00edos 23:00 HRS: PERFORMANCES. Cristian Condemarzo. B\u00e1rbara Calder\u00f3n. 23: 20 HRS: LECTURAS PO\u00c9TICAS. Santiago Bonhomme. Juan Carlos Veloso. Milton Leiva 00:00 HRS: M\u00daSICA. Grupo Mapuyal.&nbsp;<\/div>\n<\/div>\n","protected":false},"excerpt":{"rendered":"<p>Se ha determinado la realizaci\u00f3n de una serie de actividades en la ciudad de Chill\u00e1n, con motivo del d\u00eda internacional del libro y del derecho de autor, para el d\u00eda 21 y 23 de Abril, coordinado por Bar Calibraciones y Descentralizaci\u00f3n Po\u00e9tica Chill\u00e1n. Sabido es, que en una sociedad donde se privilegia lo bizarro por [&hellip;]<\/p>\n","protected":false},"author":1,"featured_media":0,"comment_status":"open","ping_status":"open","sticky":false,"template":"","format":"standard","meta":{"footnotes":""},"categories":[115,44,70,102,67],"tags":[],"class_list":["post-8791","post","type-post","status-publish","format-standard","hentry","category-alicia-pereda","category-eventos","category-libros","category-literatura","category-poesia"],"yoast_head":"<!-- This site is optimized with the Yoast SEO plugin v25.0 - https:\/\/yoast.com\/wordpress\/plugins\/seo\/ -->\n<title>D\u00eda Internacional Del Libro Y Del Derecho De Autor En Chill\u00e1n Y Chill\u00e1n Viejo - Nuestro Bio B\u00edo<\/title>\n<meta name=\"robots\" content=\"index, follow, max-snippet:-1, max-image-preview:large, max-video-preview:-1\" \/>\n<link rel=\"canonical\" href=\"https:\/\/www.fraczinet.cl\/sitio\/2011\/04\/20\/dia-internacional-del-libro-y-del-derecho-de-autor-en-chillan-y-chillan-viejo\/\" \/>\n<meta property=\"og:locale\" content=\"es_ES\" \/>\n<meta property=\"og:type\" content=\"article\" \/>\n<meta property=\"og:title\" content=\"D\u00eda Internacional Del Libro Y Del Derecho De Autor En Chill\u00e1n Y Chill\u00e1n Viejo - Nuestro Bio B\u00edo\" \/>\n<meta property=\"og:description\" content=\"Se ha determinado la realizaci\u00f3n de una serie de actividades en la ciudad de Chill\u00e1n, con motivo del d\u00eda internacional del libro y del derecho de autor, para el d\u00eda 21 y 23 de Abril, coordinado por Bar Calibraciones y Descentralizaci\u00f3n Po\u00e9tica Chill\u00e1n. Sabido es, que en una sociedad donde se privilegia lo bizarro por [&hellip;]\" \/>\n<meta property=\"og:url\" content=\"https:\/\/www.fraczinet.cl\/sitio\/2011\/04\/20\/dia-internacional-del-libro-y-del-derecho-de-autor-en-chillan-y-chillan-viejo\/\" \/>\n<meta property=\"og:site_name\" content=\"Nuestro Bio B\u00edo\" \/>\n<meta property=\"article:published_time\" content=\"2011-04-20T13:49:00+00:00\" \/>\n<meta property=\"article:modified_time\" content=\"2022-10-07T00:52:28+00:00\" \/>\n<meta property=\"og:image\" content=\"http:\/\/1.bp.blogspot.com\/-plDiAzYpUrs\/Ta7qoVQbmqI\/AAAAAAAASnA\/rCTLNGdyNgg\/s400\/dia%2Bdel%2Blibro%2Bchillan.jpg\" \/>\n<meta name=\"author\" content=\"admin\" \/>\n<meta name=\"twitter:card\" content=\"summary_large_image\" \/>\n<meta name=\"twitter:creator\" content=\"@nuestrobiobio\" \/>\n<meta name=\"twitter:site\" content=\"@nuestrobiobio\" \/>\n<meta name=\"twitter:label1\" content=\"Escrito por\" \/>\n\t<meta name=\"twitter:data1\" content=\"admin\" \/>\n\t<meta name=\"twitter:label2\" content=\"Tiempo de lectura\" \/>\n\t<meta name=\"twitter:data2\" content=\"3 minutos\" \/>\n<script type=\"application\/ld+json\" class=\"yoast-schema-graph\">{\"@context\":\"https:\/\/schema.org\",\"@graph\":[{\"@type\":\"Article\",\"@id\":\"https:\/\/www.fraczinet.cl\/sitio\/2011\/04\/20\/dia-internacional-del-libro-y-del-derecho-de-autor-en-chillan-y-chillan-viejo\/#article\",\"isPartOf\":{\"@id\":\"https:\/\/www.fraczinet.cl\/sitio\/2011\/04\/20\/dia-internacional-del-libro-y-del-derecho-de-autor-en-chillan-y-chillan-viejo\/\"},\"author\":{\"name\":\"admin\",\"@id\":\"https:\/\/www.fraczinet.cl\/sitio\/#\/schema\/person\/bc30f98e9cb10ae7e119dbe14bc93784\"},\"headline\":\"D\u00eda Internacional Del Libro Y Del Derecho De Autor En Chill\u00e1n Y Chill\u00e1n Viejo\",\"datePublished\":\"2011-04-20T13:49:00+00:00\",\"dateModified\":\"2022-10-07T00:52:28+00:00\",\"mainEntityOfPage\":{\"@id\":\"https:\/\/www.fraczinet.cl\/sitio\/2011\/04\/20\/dia-internacional-del-libro-y-del-derecho-de-autor-en-chillan-y-chillan-viejo\/\"},\"wordCount\":691,\"commentCount\":0,\"publisher\":{\"@id\":\"https:\/\/www.fraczinet.cl\/sitio\/#\/schema\/person\/aec8ee4da68df2b9b0eefdad24a0d582\"},\"image\":{\"@id\":\"https:\/\/www.fraczinet.cl\/sitio\/2011\/04\/20\/dia-internacional-del-libro-y-del-derecho-de-autor-en-chillan-y-chillan-viejo\/#primaryimage\"},\"thumbnailUrl\":\"http:\/\/1.bp.blogspot.com\/-plDiAzYpUrs\/Ta7qoVQbmqI\/AAAAAAAASnA\/rCTLNGdyNgg\/s400\/dia%2Bdel%2Blibro%2Bchillan.jpg\",\"articleSection\":[\"Alicia Pereda\",\"Eventos\",\"Libros\",\"Literatura\",\"Poes\u00eda\"],\"inLanguage\":\"es\",\"potentialAction\":[{\"@type\":\"CommentAction\",\"name\":\"Comment\",\"target\":[\"https:\/\/www.fraczinet.cl\/sitio\/2011\/04\/20\/dia-internacional-del-libro-y-del-derecho-de-autor-en-chillan-y-chillan-viejo\/#respond\"]}]},{\"@type\":\"WebPage\",\"@id\":\"https:\/\/www.fraczinet.cl\/sitio\/2011\/04\/20\/dia-internacional-del-libro-y-del-derecho-de-autor-en-chillan-y-chillan-viejo\/\",\"url\":\"https:\/\/www.fraczinet.cl\/sitio\/2011\/04\/20\/dia-internacional-del-libro-y-del-derecho-de-autor-en-chillan-y-chillan-viejo\/\",\"name\":\"D\u00eda Internacional Del Libro Y Del Derecho De Autor En Chill\u00e1n Y Chill\u00e1n Viejo - Nuestro Bio B\u00edo\",\"isPartOf\":{\"@id\":\"https:\/\/www.fraczinet.cl\/sitio\/#website\"},\"primaryImageOfPage\":{\"@id\":\"https:\/\/www.fraczinet.cl\/sitio\/2011\/04\/20\/dia-internacional-del-libro-y-del-derecho-de-autor-en-chillan-y-chillan-viejo\/#primaryimage\"},\"image\":{\"@id\":\"https:\/\/www.fraczinet.cl\/sitio\/2011\/04\/20\/dia-internacional-del-libro-y-del-derecho-de-autor-en-chillan-y-chillan-viejo\/#primaryimage\"},\"thumbnailUrl\":\"http:\/\/1.bp.blogspot.com\/-plDiAzYpUrs\/Ta7qoVQbmqI\/AAAAAAAASnA\/rCTLNGdyNgg\/s400\/dia%2Bdel%2Blibro%2Bchillan.jpg\",\"datePublished\":\"2011-04-20T13:49:00+00:00\",\"dateModified\":\"2022-10-07T00:52:28+00:00\",\"breadcrumb\":{\"@id\":\"https:\/\/www.fraczinet.cl\/sitio\/2011\/04\/20\/dia-internacional-del-libro-y-del-derecho-de-autor-en-chillan-y-chillan-viejo\/#breadcrumb\"},\"inLanguage\":\"es\",\"potentialAction\":[{\"@type\":\"ReadAction\",\"target\":[\"https:\/\/www.fraczinet.cl\/sitio\/2011\/04\/20\/dia-internacional-del-libro-y-del-derecho-de-autor-en-chillan-y-chillan-viejo\/\"]}]},{\"@type\":\"ImageObject\",\"inLanguage\":\"es\",\"@id\":\"https:\/\/www.fraczinet.cl\/sitio\/2011\/04\/20\/dia-internacional-del-libro-y-del-derecho-de-autor-en-chillan-y-chillan-viejo\/#primaryimage\",\"url\":\"http:\/\/1.bp.blogspot.com\/-plDiAzYpUrs\/Ta7qoVQbmqI\/AAAAAAAASnA\/rCTLNGdyNgg\/s400\/dia%2Bdel%2Blibro%2Bchillan.jpg\",\"contentUrl\":\"http:\/\/1.bp.blogspot.com\/-plDiAzYpUrs\/Ta7qoVQbmqI\/AAAAAAAASnA\/rCTLNGdyNgg\/s400\/dia%2Bdel%2Blibro%2Bchillan.jpg\"},{\"@type\":\"BreadcrumbList\",\"@id\":\"https:\/\/www.fraczinet.cl\/sitio\/2011\/04\/20\/dia-internacional-del-libro-y-del-derecho-de-autor-en-chillan-y-chillan-viejo\/#breadcrumb\",\"itemListElement\":[{\"@type\":\"ListItem\",\"position\":1,\"name\":\"Portada\",\"item\":\"https:\/\/www.fraczinet.cl\/sitio\/\"},{\"@type\":\"ListItem\",\"position\":2,\"name\":\"D\u00eda Internacional Del Libro Y Del Derecho De Autor En Chill\u00e1n Y Chill\u00e1n Viejo\"}]},{\"@type\":\"WebSite\",\"@id\":\"https:\/\/www.fraczinet.cl\/sitio\/#website\",\"url\":\"https:\/\/www.fraczinet.cl\/sitio\/\",\"name\":\"Nuestro Bio B\u00edo\",\"description\":\"Tierra de Encuentros\",\"publisher\":{\"@id\":\"https:\/\/www.fraczinet.cl\/sitio\/#\/schema\/person\/aec8ee4da68df2b9b0eefdad24a0d582\"},\"potentialAction\":[{\"@type\":\"SearchAction\",\"target\":{\"@type\":\"EntryPoint\",\"urlTemplate\":\"https:\/\/www.fraczinet.cl\/sitio\/?s={search_term_string}\"},\"query-input\":{\"@type\":\"PropertyValueSpecification\",\"valueRequired\":true,\"valueName\":\"search_term_string\"}}],\"inLanguage\":\"es\"},{\"@type\":[\"Person\",\"Organization\"],\"@id\":\"https:\/\/www.fraczinet.cl\/sitio\/#\/schema\/person\/aec8ee4da68df2b9b0eefdad24a0d582\",\"name\":\"Luis Fernando Fraczinet\",\"image\":{\"@type\":\"ImageObject\",\"inLanguage\":\"es\",\"@id\":\"https:\/\/www.fraczinet.cl\/sitio\/#\/schema\/person\/image\/\",\"url\":\"https:\/\/www.fraczinet.cl\/sitio\/wp-content\/uploads\/2021\/07\/bannerlogo-1.gif\",\"contentUrl\":\"https:\/\/www.fraczinet.cl\/sitio\/wp-content\/uploads\/2021\/07\/bannerlogo-1.gif\",\"width\":159,\"height\":79,\"caption\":\"Luis Fernando Fraczinet\"},\"logo\":{\"@id\":\"https:\/\/www.fraczinet.cl\/sitio\/#\/schema\/person\/image\/\"},\"sameAs\":[\"https:\/\/www.fraczinet.cl\/sitio\/\"]},{\"@type\":\"Person\",\"@id\":\"https:\/\/www.fraczinet.cl\/sitio\/#\/schema\/person\/bc30f98e9cb10ae7e119dbe14bc93784\",\"name\":\"admin\",\"image\":{\"@type\":\"ImageObject\",\"inLanguage\":\"es\",\"@id\":\"https:\/\/www.fraczinet.cl\/sitio\/#\/schema\/person\/image\/\",\"url\":\"https:\/\/secure.gravatar.com\/avatar\/d5ad3cf7ef3b23a2bb5be73be780c86b2fc8545c3ad6b149f3913ff458c00099?s=96&d=mm&r=g\",\"contentUrl\":\"https:\/\/secure.gravatar.com\/avatar\/d5ad3cf7ef3b23a2bb5be73be780c86b2fc8545c3ad6b149f3913ff458c00099?s=96&d=mm&r=g\",\"caption\":\"admin\"},\"sameAs\":[\"https:\/\/www.fraczinet.cl\/sitio\"]}]}<\/script>\n<!-- \/ Yoast SEO plugin. -->","yoast_head_json":{"title":"D\u00eda Internacional Del Libro Y Del Derecho De Autor En Chill\u00e1n Y Chill\u00e1n Viejo - Nuestro Bio B\u00edo","robots":{"index":"index","follow":"follow","max-snippet":"max-snippet:-1","max-image-preview":"max-image-preview:large","max-video-preview":"max-video-preview:-1"},"canonical":"https:\/\/www.fraczinet.cl\/sitio\/2011\/04\/20\/dia-internacional-del-libro-y-del-derecho-de-autor-en-chillan-y-chillan-viejo\/","og_locale":"es_ES","og_type":"article","og_title":"D\u00eda Internacional Del Libro Y Del Derecho De Autor En Chill\u00e1n Y Chill\u00e1n Viejo - Nuestro Bio B\u00edo","og_description":"Se ha determinado la realizaci\u00f3n de una serie de actividades en la ciudad de Chill\u00e1n, con motivo del d\u00eda internacional del libro y del derecho de autor, para el d\u00eda 21 y 23 de Abril, coordinado por Bar Calibraciones y Descentralizaci\u00f3n Po\u00e9tica Chill\u00e1n. Sabido es, que en una sociedad donde se privilegia lo bizarro por [&hellip;]","og_url":"https:\/\/www.fraczinet.cl\/sitio\/2011\/04\/20\/dia-internacional-del-libro-y-del-derecho-de-autor-en-chillan-y-chillan-viejo\/","og_site_name":"Nuestro Bio B\u00edo","article_published_time":"2011-04-20T13:49:00+00:00","article_modified_time":"2022-10-07T00:52:28+00:00","og_image":[{"url":"http:\/\/1.bp.blogspot.com\/-plDiAzYpUrs\/Ta7qoVQbmqI\/AAAAAAAASnA\/rCTLNGdyNgg\/s400\/dia%2Bdel%2Blibro%2Bchillan.jpg","type":"","width":"","height":""}],"author":"admin","twitter_card":"summary_large_image","twitter_creator":"@nuestrobiobio","twitter_site":"@nuestrobiobio","twitter_misc":{"Escrito por":"admin","Tiempo de lectura":"3 minutos"},"schema":{"@context":"https:\/\/schema.org","@graph":[{"@type":"Article","@id":"https:\/\/www.fraczinet.cl\/sitio\/2011\/04\/20\/dia-internacional-del-libro-y-del-derecho-de-autor-en-chillan-y-chillan-viejo\/#article","isPartOf":{"@id":"https:\/\/www.fraczinet.cl\/sitio\/2011\/04\/20\/dia-internacional-del-libro-y-del-derecho-de-autor-en-chillan-y-chillan-viejo\/"},"author":{"name":"admin","@id":"https:\/\/www.fraczinet.cl\/sitio\/#\/schema\/person\/bc30f98e9cb10ae7e119dbe14bc93784"},"headline":"D\u00eda Internacional Del Libro Y Del Derecho De Autor En Chill\u00e1n Y Chill\u00e1n Viejo","datePublished":"2011-04-20T13:49:00+00:00","dateModified":"2022-10-07T00:52:28+00:00","mainEntityOfPage":{"@id":"https:\/\/www.fraczinet.cl\/sitio\/2011\/04\/20\/dia-internacional-del-libro-y-del-derecho-de-autor-en-chillan-y-chillan-viejo\/"},"wordCount":691,"commentCount":0,"publisher":{"@id":"https:\/\/www.fraczinet.cl\/sitio\/#\/schema\/person\/aec8ee4da68df2b9b0eefdad24a0d582"},"image":{"@id":"https:\/\/www.fraczinet.cl\/sitio\/2011\/04\/20\/dia-internacional-del-libro-y-del-derecho-de-autor-en-chillan-y-chillan-viejo\/#primaryimage"},"thumbnailUrl":"http:\/\/1.bp.blogspot.com\/-plDiAzYpUrs\/Ta7qoVQbmqI\/AAAAAAAASnA\/rCTLNGdyNgg\/s400\/dia%2Bdel%2Blibro%2Bchillan.jpg","articleSection":["Alicia Pereda","Eventos","Libros","Literatura","Poes\u00eda"],"inLanguage":"es","potentialAction":[{"@type":"CommentAction","name":"Comment","target":["https:\/\/www.fraczinet.cl\/sitio\/2011\/04\/20\/dia-internacional-del-libro-y-del-derecho-de-autor-en-chillan-y-chillan-viejo\/#respond"]}]},{"@type":"WebPage","@id":"https:\/\/www.fraczinet.cl\/sitio\/2011\/04\/20\/dia-internacional-del-libro-y-del-derecho-de-autor-en-chillan-y-chillan-viejo\/","url":"https:\/\/www.fraczinet.cl\/sitio\/2011\/04\/20\/dia-internacional-del-libro-y-del-derecho-de-autor-en-chillan-y-chillan-viejo\/","name":"D\u00eda Internacional Del Libro Y Del Derecho De Autor En Chill\u00e1n Y Chill\u00e1n Viejo - Nuestro Bio B\u00edo","isPartOf":{"@id":"https:\/\/www.fraczinet.cl\/sitio\/#website"},"primaryImageOfPage":{"@id":"https:\/\/www.fraczinet.cl\/sitio\/2011\/04\/20\/dia-internacional-del-libro-y-del-derecho-de-autor-en-chillan-y-chillan-viejo\/#primaryimage"},"image":{"@id":"https:\/\/www.fraczinet.cl\/sitio\/2011\/04\/20\/dia-internacional-del-libro-y-del-derecho-de-autor-en-chillan-y-chillan-viejo\/#primaryimage"},"thumbnailUrl":"http:\/\/1.bp.blogspot.com\/-plDiAzYpUrs\/Ta7qoVQbmqI\/AAAAAAAASnA\/rCTLNGdyNgg\/s400\/dia%2Bdel%2Blibro%2Bchillan.jpg","datePublished":"2011-04-20T13:49:00+00:00","dateModified":"2022-10-07T00:52:28+00:00","breadcrumb":{"@id":"https:\/\/www.fraczinet.cl\/sitio\/2011\/04\/20\/dia-internacional-del-libro-y-del-derecho-de-autor-en-chillan-y-chillan-viejo\/#breadcrumb"},"inLanguage":"es","potentialAction":[{"@type":"ReadAction","target":["https:\/\/www.fraczinet.cl\/sitio\/2011\/04\/20\/dia-internacional-del-libro-y-del-derecho-de-autor-en-chillan-y-chillan-viejo\/"]}]},{"@type":"ImageObject","inLanguage":"es","@id":"https:\/\/www.fraczinet.cl\/sitio\/2011\/04\/20\/dia-internacional-del-libro-y-del-derecho-de-autor-en-chillan-y-chillan-viejo\/#primaryimage","url":"http:\/\/1.bp.blogspot.com\/-plDiAzYpUrs\/Ta7qoVQbmqI\/AAAAAAAASnA\/rCTLNGdyNgg\/s400\/dia%2Bdel%2Blibro%2Bchillan.jpg","contentUrl":"http:\/\/1.bp.blogspot.com\/-plDiAzYpUrs\/Ta7qoVQbmqI\/AAAAAAAASnA\/rCTLNGdyNgg\/s400\/dia%2Bdel%2Blibro%2Bchillan.jpg"},{"@type":"BreadcrumbList","@id":"https:\/\/www.fraczinet.cl\/sitio\/2011\/04\/20\/dia-internacional-del-libro-y-del-derecho-de-autor-en-chillan-y-chillan-viejo\/#breadcrumb","itemListElement":[{"@type":"ListItem","position":1,"name":"Portada","item":"https:\/\/www.fraczinet.cl\/sitio\/"},{"@type":"ListItem","position":2,"name":"D\u00eda Internacional Del Libro Y Del Derecho De Autor En Chill\u00e1n Y Chill\u00e1n Viejo"}]},{"@type":"WebSite","@id":"https:\/\/www.fraczinet.cl\/sitio\/#website","url":"https:\/\/www.fraczinet.cl\/sitio\/","name":"Nuestro Bio B\u00edo","description":"Tierra de Encuentros","publisher":{"@id":"https:\/\/www.fraczinet.cl\/sitio\/#\/schema\/person\/aec8ee4da68df2b9b0eefdad24a0d582"},"potentialAction":[{"@type":"SearchAction","target":{"@type":"EntryPoint","urlTemplate":"https:\/\/www.fraczinet.cl\/sitio\/?s={search_term_string}"},"query-input":{"@type":"PropertyValueSpecification","valueRequired":true,"valueName":"search_term_string"}}],"inLanguage":"es"},{"@type":["Person","Organization"],"@id":"https:\/\/www.fraczinet.cl\/sitio\/#\/schema\/person\/aec8ee4da68df2b9b0eefdad24a0d582","name":"Luis Fernando Fraczinet","image":{"@type":"ImageObject","inLanguage":"es","@id":"https:\/\/www.fraczinet.cl\/sitio\/#\/schema\/person\/image\/","url":"https:\/\/www.fraczinet.cl\/sitio\/wp-content\/uploads\/2021\/07\/bannerlogo-1.gif","contentUrl":"https:\/\/www.fraczinet.cl\/sitio\/wp-content\/uploads\/2021\/07\/bannerlogo-1.gif","width":159,"height":79,"caption":"Luis Fernando Fraczinet"},"logo":{"@id":"https:\/\/www.fraczinet.cl\/sitio\/#\/schema\/person\/image\/"},"sameAs":["https:\/\/www.fraczinet.cl\/sitio\/"]},{"@type":"Person","@id":"https:\/\/www.fraczinet.cl\/sitio\/#\/schema\/person\/bc30f98e9cb10ae7e119dbe14bc93784","name":"admin","image":{"@type":"ImageObject","inLanguage":"es","@id":"https:\/\/www.fraczinet.cl\/sitio\/#\/schema\/person\/image\/","url":"https:\/\/secure.gravatar.com\/avatar\/d5ad3cf7ef3b23a2bb5be73be780c86b2fc8545c3ad6b149f3913ff458c00099?s=96&d=mm&r=g","contentUrl":"https:\/\/secure.gravatar.com\/avatar\/d5ad3cf7ef3b23a2bb5be73be780c86b2fc8545c3ad6b149f3913ff458c00099?s=96&d=mm&r=g","caption":"admin"},"sameAs":["https:\/\/www.fraczinet.cl\/sitio"]}]}},"_links":{"self":[{"href":"https:\/\/www.fraczinet.cl\/sitio\/wp-json\/wp\/v2\/posts\/8791","targetHints":{"allow":["GET"]}}],"collection":[{"href":"https:\/\/www.fraczinet.cl\/sitio\/wp-json\/wp\/v2\/posts"}],"about":[{"href":"https:\/\/www.fraczinet.cl\/sitio\/wp-json\/wp\/v2\/types\/post"}],"author":[{"embeddable":true,"href":"https:\/\/www.fraczinet.cl\/sitio\/wp-json\/wp\/v2\/users\/1"}],"replies":[{"embeddable":true,"href":"https:\/\/www.fraczinet.cl\/sitio\/wp-json\/wp\/v2\/comments?post=8791"}],"version-history":[{"count":1,"href":"https:\/\/www.fraczinet.cl\/sitio\/wp-json\/wp\/v2\/posts\/8791\/revisions"}],"predecessor-version":[{"id":14441,"href":"https:\/\/www.fraczinet.cl\/sitio\/wp-json\/wp\/v2\/posts\/8791\/revisions\/14441"}],"wp:attachment":[{"href":"https:\/\/www.fraczinet.cl\/sitio\/wp-json\/wp\/v2\/media?parent=8791"}],"wp:term":[{"taxonomy":"category","embeddable":true,"href":"https:\/\/www.fraczinet.cl\/sitio\/wp-json\/wp\/v2\/categories?post=8791"},{"taxonomy":"post_tag","embeddable":true,"href":"https:\/\/www.fraczinet.cl\/sitio\/wp-json\/wp\/v2\/tags?post=8791"}],"curies":[{"name":"wp","href":"https:\/\/api.w.org\/{rel}","templated":true}]}}