{"id":8799,"date":"2011-04-17T15:41:00","date_gmt":"2011-04-17T15:41:00","guid":{"rendered":"https:\/\/www.fraczinet.cl\/sitio\/2011\/04\/17\/concurso-literario-rescatando-el-patrimonio-tangible-de-la-provincia-de-bio-bio\/"},"modified":"2022-10-04T14:36:26","modified_gmt":"2022-10-04T14:36:26","slug":"concurso-literario-rescatando-el-patrimonio-tangible-de-la-provincia-de-bio-bio","status":"publish","type":"post","link":"https:\/\/www.fraczinet.cl\/sitio\/2011\/04\/17\/concurso-literario-rescatando-el-patrimonio-tangible-de-la-provincia-de-bio-bio\/","title":{"rendered":"Concurso Literario \u201cRescatando El Patrimonio Tangible De La Provincia De Bio B\u00edo\u00bb"},"content":{"rendered":"<p>Con el fin de lograr la valoraci\u00f3n del patrimonio tangible de la provincia entre  los j\u00f3venes de la comuna de Los \u00c1ngeles, estimular la creaci\u00f3n literaria y difundir valores  patrimoniales de la provincia, nuestra organizaci\u00f3n en conjunto con la Municipalidad de Los \u00c1ngeles convoca a un concurso literario, modalidad ensayo. El Concurso literario est\u00e1  dirigido alumnos de terceros y cuartos a\u00f1os medios de los liceos y colegios municipales, particulares y particulares subvencionados de la comuna.&nbsp;<\/p>\n<div><\/div>\n<div><span style=\"font-weight: bold;\">OBJETIVOS ESPEC\u00cdFICOS:<\/span> \u2022 Despertar sensibilidad y empat\u00eda hacia la preservaci\u00f3n del patrimonio hist\u00f3rico en los  j\u00f3venes de la comuna. \u2022 Estimular la investigaci\u00f3n del patrimonio hist\u00f3rico tangible en alumnos de ense\u00f1anza media.  \u2022 Propiciar la valoraci\u00f3n de lugares con tradici\u00f3n hist\u00f3rica, arquitect\u00f3nica y artesanal de la provincia.  \u2022 Estimular el rescate de lugares con las caracter\u00edsticas mencionadas en el objetivo anterior. \u2022 Fomentar la habilidad de la escritura en los j\u00f3venes como una forma de expresi\u00f3n de ideas sobre un tema espec\u00edfico.&nbsp;<\/div>\n<div><\/div>\n<div><span style=\"font-weight: bold;\">REQUISITOS GENERALES PARA LOS PARTICIPANTES:<\/span>  1. El tema y contenido de los trabajos deben adaptarse a las caracter\u00edsticas propias del ensayo. 2. Los trabajos deben tener una extensi\u00f3n m\u00ednima de 3 carillas y m\u00e1xima de 5, tama\u00f1os  carta , doble  espacio, letra Arial, tama\u00f1o 12. 3. Estas obras deber\u00e1n entregarse en 4 copias en sobre cerrado y firmado con seud\u00f3nimo. Se deber\u00e1 incluir un sobre sellado, consignando en su interior el nombre del autor, R.U.T., nombre de su colegio,  indicando la direcci\u00f3n completa y n\u00famero de tel\u00e9fono tanto personales como del establecimiento y se\u00f1alando en su exterior el seud\u00f3nimo del participante. 4. Los trabajos no ser\u00e1n devueltos.   5. Podr\u00e1n participar alumnos de terceros y cuartos a\u00f1os medios de los liceos y colegios municipales, particulares y particulares subvencionados de la provincia. 6. Los trabajos deben ser in\u00e9ditos.&nbsp;<\/div>\n<div><\/div>\n<div><span style=\"font-weight: bold;\">RECEPCION DE LOS TRABAJOS:<\/span> Todas las  creaciones  procedentes de liceos y colegios municipales, particulares y particulares subvencionados de la comuna deber\u00e1n  entregarse  en: &#8211; la  Oficina Extraescolar del DEM (Sra. Roxana Soler), calle Colo-Colo 491, Piso 2, o en &#8211; la Oficina del Sr. H\u00e9ctor Anabal\u00f3n Cuevas, Vicepresidente de la Corporaci\u00f3n de Monumentos Hist\u00f3ricos Nacionales de Los \u00c1ngeles, calle Col\u00f3n 341, Of. 8, Piso 2, Los \u00c1ngeles, hasta el d\u00eda jueves 28 de abril de 2011, antes de las 12 hrs.&nbsp;<\/div>\n<div><\/div>\n<div><span style=\"font-weight: bold;\">DEL JURADO:<\/span>  1. El jurado  estar\u00e1 integrado por las siguientes personas. <span style=\"font-weight: bold;\">Osvaldo C\u00e1ceres Gonz\u00e1lez, Arquitecto<\/span><span style=\"font-weight: bold;\">Tulio Gonz\u00e1lez Abuter, Historiador <\/span><span style=\"font-weight: bold;\">Julio Cid B\u00e1ez,  Profesor de Lenguaje y Comunicaci\u00f3n<\/span> 2. El  jurado  conceder\u00e1  una  distinci\u00f3n  a  los tres mejores ensayos.  El  veredicto  del  jurado  ser\u00e1  inapelable y  se  dar\u00e1  a  conocer el  29 de mayo de 2011.   3. Los tres primeros lugares ser\u00e1n  premiados durante la ceremonia de la celebraci\u00f3n del D\u00eda del Patrimonio que lleva a efecto la Municipalidad de Los \u00c1ngeles en conjunto con la Corporaci\u00f3n de Monumentos Hist\u00f3ricos Nacionales de Los \u00c1ngeles el d\u00eda 29 de mayo de 2011, a las 12 hrs. (Lugar ser\u00e1 anunciado)  4. Un gran premio de dos a\u00f1os de beca en el Instituto AIEP    Dos Gift Card  de la firma Falabella por $25.000 cada uno    Premios en Libros de la Feria Chilena del Libro por $60.000  5. Las  creaciones  premiadas  quedar\u00e1n en poder   de  la   comisi\u00f3n  organizadora y  a  su  entera disposici\u00f3n. La Corporaci\u00f3n de Monumentos Hist\u00f3ricos Nacionales de Los \u00c1ngeles se reserva el derecho de publicar los trabajos premiados de acuerdo a la disponibilidad de espacio en el Diario \u201cLa Tribuna\u201d.<\/div>\n","protected":false},"excerpt":{"rendered":"<p>Con el fin de lograr la valoraci\u00f3n del patrimonio tangible de la provincia entre los j\u00f3venes de la comuna de Los \u00c1ngeles, estimular la creaci\u00f3n literaria y difundir valores patrimoniales de la provincia, nuestra organizaci\u00f3n en conjunto con la Municipalidad de Los \u00c1ngeles convoca a un concurso literario, modalidad ensayo. El Concurso literario est\u00e1 dirigido [&hellip;]<\/p>\n","protected":false},"author":1,"featured_media":0,"comment_status":"open","ping_status":"open","sticky":false,"template":"","format":"standard","meta":{"footnotes":""},"categories":[206,102,29],"tags":[],"class_list":["post-8799","post","type-post","status-publish","format-standard","hentry","category-concursos","category-literatura","category-patrimonio"],"yoast_head":"<!-- This site is optimized with the Yoast SEO plugin v25.0 - https:\/\/yoast.com\/wordpress\/plugins\/seo\/ -->\n<title>Concurso Literario \u201cRescatando El Patrimonio Tangible De La Provincia De Bio B\u00edo&quot; - Nuestro Bio B\u00edo<\/title>\n<meta name=\"robots\" content=\"index, follow, max-snippet:-1, max-image-preview:large, max-video-preview:-1\" \/>\n<link rel=\"canonical\" href=\"https:\/\/www.fraczinet.cl\/sitio\/2011\/04\/17\/concurso-literario-rescatando-el-patrimonio-tangible-de-la-provincia-de-bio-bio\/\" \/>\n<meta property=\"og:locale\" content=\"es_ES\" \/>\n<meta property=\"og:type\" content=\"article\" \/>\n<meta property=\"og:title\" content=\"Concurso Literario \u201cRescatando El Patrimonio Tangible De La Provincia De Bio B\u00edo&quot; - Nuestro Bio B\u00edo\" \/>\n<meta property=\"og:description\" content=\"Con el fin de lograr la valoraci\u00f3n del patrimonio tangible de la provincia entre los j\u00f3venes de la comuna de Los \u00c1ngeles, estimular la creaci\u00f3n literaria y difundir valores patrimoniales de la provincia, nuestra organizaci\u00f3n en conjunto con la Municipalidad de Los \u00c1ngeles convoca a un concurso literario, modalidad ensayo. El Concurso literario est\u00e1 dirigido [&hellip;]\" \/>\n<meta property=\"og:url\" content=\"https:\/\/www.fraczinet.cl\/sitio\/2011\/04\/17\/concurso-literario-rescatando-el-patrimonio-tangible-de-la-provincia-de-bio-bio\/\" \/>\n<meta property=\"og:site_name\" content=\"Nuestro Bio B\u00edo\" \/>\n<meta property=\"article:published_time\" content=\"2011-04-17T15:41:00+00:00\" \/>\n<meta property=\"article:modified_time\" content=\"2022-10-04T14:36:26+00:00\" \/>\n<meta property=\"og:image\" content=\"https:\/\/www.fraczinet.cl\/sitio\/wp-content\/uploads\/2021\/07\/bannerlogo-1.gif\" \/>\n\t<meta property=\"og:image:width\" content=\"159\" \/>\n\t<meta property=\"og:image:height\" content=\"79\" \/>\n\t<meta property=\"og:image:type\" content=\"image\/gif\" \/>\n<meta name=\"author\" content=\"admin\" \/>\n<meta name=\"twitter:card\" content=\"summary_large_image\" \/>\n<meta name=\"twitter:creator\" content=\"@nuestrobiobio\" \/>\n<meta name=\"twitter:site\" content=\"@nuestrobiobio\" \/>\n<meta name=\"twitter:label1\" content=\"Escrito por\" \/>\n\t<meta name=\"twitter:data1\" content=\"admin\" \/>\n\t<meta name=\"twitter:label2\" content=\"Tiempo de lectura\" \/>\n\t<meta name=\"twitter:data2\" content=\"3 minutos\" \/>\n<script type=\"application\/ld+json\" class=\"yoast-schema-graph\">{\"@context\":\"https:\/\/schema.org\",\"@graph\":[{\"@type\":\"Article\",\"@id\":\"https:\/\/www.fraczinet.cl\/sitio\/2011\/04\/17\/concurso-literario-rescatando-el-patrimonio-tangible-de-la-provincia-de-bio-bio\/#article\",\"isPartOf\":{\"@id\":\"https:\/\/www.fraczinet.cl\/sitio\/2011\/04\/17\/concurso-literario-rescatando-el-patrimonio-tangible-de-la-provincia-de-bio-bio\/\"},\"author\":{\"name\":\"admin\",\"@id\":\"https:\/\/www.fraczinet.cl\/sitio\/#\/schema\/person\/bc30f98e9cb10ae7e119dbe14bc93784\"},\"headline\":\"Concurso Literario \u201cRescatando El Patrimonio Tangible De La Provincia De Bio B\u00edo\u00bb\",\"datePublished\":\"2011-04-17T15:41:00+00:00\",\"dateModified\":\"2022-10-04T14:36:26+00:00\",\"mainEntityOfPage\":{\"@id\":\"https:\/\/www.fraczinet.cl\/sitio\/2011\/04\/17\/concurso-literario-rescatando-el-patrimonio-tangible-de-la-provincia-de-bio-bio\/\"},\"wordCount\":608,\"commentCount\":0,\"publisher\":{\"@id\":\"https:\/\/www.fraczinet.cl\/sitio\/#\/schema\/person\/aec8ee4da68df2b9b0eefdad24a0d582\"},\"articleSection\":[\"Concursos\",\"Literatura\",\"Patrimonio\"],\"inLanguage\":\"es\",\"potentialAction\":[{\"@type\":\"CommentAction\",\"name\":\"Comment\",\"target\":[\"https:\/\/www.fraczinet.cl\/sitio\/2011\/04\/17\/concurso-literario-rescatando-el-patrimonio-tangible-de-la-provincia-de-bio-bio\/#respond\"]}]},{\"@type\":\"WebPage\",\"@id\":\"https:\/\/www.fraczinet.cl\/sitio\/2011\/04\/17\/concurso-literario-rescatando-el-patrimonio-tangible-de-la-provincia-de-bio-bio\/\",\"url\":\"https:\/\/www.fraczinet.cl\/sitio\/2011\/04\/17\/concurso-literario-rescatando-el-patrimonio-tangible-de-la-provincia-de-bio-bio\/\",\"name\":\"Concurso Literario \u201cRescatando El Patrimonio Tangible De La Provincia De Bio B\u00edo\\\" - Nuestro Bio B\u00edo\",\"isPartOf\":{\"@id\":\"https:\/\/www.fraczinet.cl\/sitio\/#website\"},\"datePublished\":\"2011-04-17T15:41:00+00:00\",\"dateModified\":\"2022-10-04T14:36:26+00:00\",\"breadcrumb\":{\"@id\":\"https:\/\/www.fraczinet.cl\/sitio\/2011\/04\/17\/concurso-literario-rescatando-el-patrimonio-tangible-de-la-provincia-de-bio-bio\/#breadcrumb\"},\"inLanguage\":\"es\",\"potentialAction\":[{\"@type\":\"ReadAction\",\"target\":[\"https:\/\/www.fraczinet.cl\/sitio\/2011\/04\/17\/concurso-literario-rescatando-el-patrimonio-tangible-de-la-provincia-de-bio-bio\/\"]}]},{\"@type\":\"BreadcrumbList\",\"@id\":\"https:\/\/www.fraczinet.cl\/sitio\/2011\/04\/17\/concurso-literario-rescatando-el-patrimonio-tangible-de-la-provincia-de-bio-bio\/#breadcrumb\",\"itemListElement\":[{\"@type\":\"ListItem\",\"position\":1,\"name\":\"Portada\",\"item\":\"https:\/\/www.fraczinet.cl\/sitio\/\"},{\"@type\":\"ListItem\",\"position\":2,\"name\":\"Concurso Literario \u201cRescatando El Patrimonio Tangible De La Provincia De Bio B\u00edo\u00bb\"}]},{\"@type\":\"WebSite\",\"@id\":\"https:\/\/www.fraczinet.cl\/sitio\/#website\",\"url\":\"https:\/\/www.fraczinet.cl\/sitio\/\",\"name\":\"Nuestro Bio B\u00edo\",\"description\":\"Tierra de Encuentros\",\"publisher\":{\"@id\":\"https:\/\/www.fraczinet.cl\/sitio\/#\/schema\/person\/aec8ee4da68df2b9b0eefdad24a0d582\"},\"potentialAction\":[{\"@type\":\"SearchAction\",\"target\":{\"@type\":\"EntryPoint\",\"urlTemplate\":\"https:\/\/www.fraczinet.cl\/sitio\/?s={search_term_string}\"},\"query-input\":{\"@type\":\"PropertyValueSpecification\",\"valueRequired\":true,\"valueName\":\"search_term_string\"}}],\"inLanguage\":\"es\"},{\"@type\":[\"Person\",\"Organization\"],\"@id\":\"https:\/\/www.fraczinet.cl\/sitio\/#\/schema\/person\/aec8ee4da68df2b9b0eefdad24a0d582\",\"name\":\"Luis Fernando Fraczinet\",\"image\":{\"@type\":\"ImageObject\",\"inLanguage\":\"es\",\"@id\":\"https:\/\/www.fraczinet.cl\/sitio\/#\/schema\/person\/image\/\",\"url\":\"https:\/\/www.fraczinet.cl\/sitio\/wp-content\/uploads\/2021\/07\/bannerlogo-1.gif\",\"contentUrl\":\"https:\/\/www.fraczinet.cl\/sitio\/wp-content\/uploads\/2021\/07\/bannerlogo-1.gif\",\"width\":159,\"height\":79,\"caption\":\"Luis Fernando Fraczinet\"},\"logo\":{\"@id\":\"https:\/\/www.fraczinet.cl\/sitio\/#\/schema\/person\/image\/\"},\"sameAs\":[\"https:\/\/www.fraczinet.cl\/sitio\/\"]},{\"@type\":\"Person\",\"@id\":\"https:\/\/www.fraczinet.cl\/sitio\/#\/schema\/person\/bc30f98e9cb10ae7e119dbe14bc93784\",\"name\":\"admin\",\"image\":{\"@type\":\"ImageObject\",\"inLanguage\":\"es\",\"@id\":\"https:\/\/www.fraczinet.cl\/sitio\/#\/schema\/person\/image\/\",\"url\":\"https:\/\/secure.gravatar.com\/avatar\/d5ad3cf7ef3b23a2bb5be73be780c86b2fc8545c3ad6b149f3913ff458c00099?s=96&d=mm&r=g\",\"contentUrl\":\"https:\/\/secure.gravatar.com\/avatar\/d5ad3cf7ef3b23a2bb5be73be780c86b2fc8545c3ad6b149f3913ff458c00099?s=96&d=mm&r=g\",\"caption\":\"admin\"},\"sameAs\":[\"https:\/\/www.fraczinet.cl\/sitio\"]}]}<\/script>\n<!-- \/ Yoast SEO plugin. -->","yoast_head_json":{"title":"Concurso Literario \u201cRescatando El Patrimonio Tangible De La Provincia De Bio B\u00edo\" - Nuestro Bio B\u00edo","robots":{"index":"index","follow":"follow","max-snippet":"max-snippet:-1","max-image-preview":"max-image-preview:large","max-video-preview":"max-video-preview:-1"},"canonical":"https:\/\/www.fraczinet.cl\/sitio\/2011\/04\/17\/concurso-literario-rescatando-el-patrimonio-tangible-de-la-provincia-de-bio-bio\/","og_locale":"es_ES","og_type":"article","og_title":"Concurso Literario \u201cRescatando El Patrimonio Tangible De La Provincia De Bio B\u00edo\" - Nuestro Bio B\u00edo","og_description":"Con el fin de lograr la valoraci\u00f3n del patrimonio tangible de la provincia entre los j\u00f3venes de la comuna de Los \u00c1ngeles, estimular la creaci\u00f3n literaria y difundir valores patrimoniales de la provincia, nuestra organizaci\u00f3n en conjunto con la Municipalidad de Los \u00c1ngeles convoca a un concurso literario, modalidad ensayo. El Concurso literario est\u00e1 dirigido [&hellip;]","og_url":"https:\/\/www.fraczinet.cl\/sitio\/2011\/04\/17\/concurso-literario-rescatando-el-patrimonio-tangible-de-la-provincia-de-bio-bio\/","og_site_name":"Nuestro Bio B\u00edo","article_published_time":"2011-04-17T15:41:00+00:00","article_modified_time":"2022-10-04T14:36:26+00:00","og_image":[{"width":159,"height":79,"url":"https:\/\/www.fraczinet.cl\/sitio\/wp-content\/uploads\/2021\/07\/bannerlogo-1.gif","type":"image\/gif"}],"author":"admin","twitter_card":"summary_large_image","twitter_creator":"@nuestrobiobio","twitter_site":"@nuestrobiobio","twitter_misc":{"Escrito por":"admin","Tiempo de lectura":"3 minutos"},"schema":{"@context":"https:\/\/schema.org","@graph":[{"@type":"Article","@id":"https:\/\/www.fraczinet.cl\/sitio\/2011\/04\/17\/concurso-literario-rescatando-el-patrimonio-tangible-de-la-provincia-de-bio-bio\/#article","isPartOf":{"@id":"https:\/\/www.fraczinet.cl\/sitio\/2011\/04\/17\/concurso-literario-rescatando-el-patrimonio-tangible-de-la-provincia-de-bio-bio\/"},"author":{"name":"admin","@id":"https:\/\/www.fraczinet.cl\/sitio\/#\/schema\/person\/bc30f98e9cb10ae7e119dbe14bc93784"},"headline":"Concurso Literario \u201cRescatando El Patrimonio Tangible De La Provincia De Bio B\u00edo\u00bb","datePublished":"2011-04-17T15:41:00+00:00","dateModified":"2022-10-04T14:36:26+00:00","mainEntityOfPage":{"@id":"https:\/\/www.fraczinet.cl\/sitio\/2011\/04\/17\/concurso-literario-rescatando-el-patrimonio-tangible-de-la-provincia-de-bio-bio\/"},"wordCount":608,"commentCount":0,"publisher":{"@id":"https:\/\/www.fraczinet.cl\/sitio\/#\/schema\/person\/aec8ee4da68df2b9b0eefdad24a0d582"},"articleSection":["Concursos","Literatura","Patrimonio"],"inLanguage":"es","potentialAction":[{"@type":"CommentAction","name":"Comment","target":["https:\/\/www.fraczinet.cl\/sitio\/2011\/04\/17\/concurso-literario-rescatando-el-patrimonio-tangible-de-la-provincia-de-bio-bio\/#respond"]}]},{"@type":"WebPage","@id":"https:\/\/www.fraczinet.cl\/sitio\/2011\/04\/17\/concurso-literario-rescatando-el-patrimonio-tangible-de-la-provincia-de-bio-bio\/","url":"https:\/\/www.fraczinet.cl\/sitio\/2011\/04\/17\/concurso-literario-rescatando-el-patrimonio-tangible-de-la-provincia-de-bio-bio\/","name":"Concurso Literario \u201cRescatando El Patrimonio Tangible De La Provincia De Bio B\u00edo\" - Nuestro Bio B\u00edo","isPartOf":{"@id":"https:\/\/www.fraczinet.cl\/sitio\/#website"},"datePublished":"2011-04-17T15:41:00+00:00","dateModified":"2022-10-04T14:36:26+00:00","breadcrumb":{"@id":"https:\/\/www.fraczinet.cl\/sitio\/2011\/04\/17\/concurso-literario-rescatando-el-patrimonio-tangible-de-la-provincia-de-bio-bio\/#breadcrumb"},"inLanguage":"es","potentialAction":[{"@type":"ReadAction","target":["https:\/\/www.fraczinet.cl\/sitio\/2011\/04\/17\/concurso-literario-rescatando-el-patrimonio-tangible-de-la-provincia-de-bio-bio\/"]}]},{"@type":"BreadcrumbList","@id":"https:\/\/www.fraczinet.cl\/sitio\/2011\/04\/17\/concurso-literario-rescatando-el-patrimonio-tangible-de-la-provincia-de-bio-bio\/#breadcrumb","itemListElement":[{"@type":"ListItem","position":1,"name":"Portada","item":"https:\/\/www.fraczinet.cl\/sitio\/"},{"@type":"ListItem","position":2,"name":"Concurso Literario \u201cRescatando El Patrimonio Tangible De La Provincia De Bio B\u00edo\u00bb"}]},{"@type":"WebSite","@id":"https:\/\/www.fraczinet.cl\/sitio\/#website","url":"https:\/\/www.fraczinet.cl\/sitio\/","name":"Nuestro Bio B\u00edo","description":"Tierra de Encuentros","publisher":{"@id":"https:\/\/www.fraczinet.cl\/sitio\/#\/schema\/person\/aec8ee4da68df2b9b0eefdad24a0d582"},"potentialAction":[{"@type":"SearchAction","target":{"@type":"EntryPoint","urlTemplate":"https:\/\/www.fraczinet.cl\/sitio\/?s={search_term_string}"},"query-input":{"@type":"PropertyValueSpecification","valueRequired":true,"valueName":"search_term_string"}}],"inLanguage":"es"},{"@type":["Person","Organization"],"@id":"https:\/\/www.fraczinet.cl\/sitio\/#\/schema\/person\/aec8ee4da68df2b9b0eefdad24a0d582","name":"Luis Fernando Fraczinet","image":{"@type":"ImageObject","inLanguage":"es","@id":"https:\/\/www.fraczinet.cl\/sitio\/#\/schema\/person\/image\/","url":"https:\/\/www.fraczinet.cl\/sitio\/wp-content\/uploads\/2021\/07\/bannerlogo-1.gif","contentUrl":"https:\/\/www.fraczinet.cl\/sitio\/wp-content\/uploads\/2021\/07\/bannerlogo-1.gif","width":159,"height":79,"caption":"Luis Fernando Fraczinet"},"logo":{"@id":"https:\/\/www.fraczinet.cl\/sitio\/#\/schema\/person\/image\/"},"sameAs":["https:\/\/www.fraczinet.cl\/sitio\/"]},{"@type":"Person","@id":"https:\/\/www.fraczinet.cl\/sitio\/#\/schema\/person\/bc30f98e9cb10ae7e119dbe14bc93784","name":"admin","image":{"@type":"ImageObject","inLanguage":"es","@id":"https:\/\/www.fraczinet.cl\/sitio\/#\/schema\/person\/image\/","url":"https:\/\/secure.gravatar.com\/avatar\/d5ad3cf7ef3b23a2bb5be73be780c86b2fc8545c3ad6b149f3913ff458c00099?s=96&d=mm&r=g","contentUrl":"https:\/\/secure.gravatar.com\/avatar\/d5ad3cf7ef3b23a2bb5be73be780c86b2fc8545c3ad6b149f3913ff458c00099?s=96&d=mm&r=g","caption":"admin"},"sameAs":["https:\/\/www.fraczinet.cl\/sitio"]}]}},"_links":{"self":[{"href":"https:\/\/www.fraczinet.cl\/sitio\/wp-json\/wp\/v2\/posts\/8799","targetHints":{"allow":["GET"]}}],"collection":[{"href":"https:\/\/www.fraczinet.cl\/sitio\/wp-json\/wp\/v2\/posts"}],"about":[{"href":"https:\/\/www.fraczinet.cl\/sitio\/wp-json\/wp\/v2\/types\/post"}],"author":[{"embeddable":true,"href":"https:\/\/www.fraczinet.cl\/sitio\/wp-json\/wp\/v2\/users\/1"}],"replies":[{"embeddable":true,"href":"https:\/\/www.fraczinet.cl\/sitio\/wp-json\/wp\/v2\/comments?post=8799"}],"version-history":[{"count":1,"href":"https:\/\/www.fraczinet.cl\/sitio\/wp-json\/wp\/v2\/posts\/8799\/revisions"}],"predecessor-version":[{"id":13847,"href":"https:\/\/www.fraczinet.cl\/sitio\/wp-json\/wp\/v2\/posts\/8799\/revisions\/13847"}],"wp:attachment":[{"href":"https:\/\/www.fraczinet.cl\/sitio\/wp-json\/wp\/v2\/media?parent=8799"}],"wp:term":[{"taxonomy":"category","embeddable":true,"href":"https:\/\/www.fraczinet.cl\/sitio\/wp-json\/wp\/v2\/categories?post=8799"},{"taxonomy":"post_tag","embeddable":true,"href":"https:\/\/www.fraczinet.cl\/sitio\/wp-json\/wp\/v2\/tags?post=8799"}],"curies":[{"name":"wp","href":"https:\/\/api.w.org\/{rel}","templated":true}]}}