{"id":8805,"date":"2011-04-14T23:23:00","date_gmt":"2011-04-14T23:23:00","guid":{"rendered":"https:\/\/www.fraczinet.cl\/sitio\/2011\/04\/14\/egac-convoca-a-su-x-escuela-de-gestores-culturales\/"},"modified":"2022-09-26T00:40:25","modified_gmt":"2022-09-26T00:40:25","slug":"egac-convoca-a-su-x-escuela-de-gestores-culturales","status":"publish","type":"post","link":"https:\/\/www.fraczinet.cl\/sitio\/2011\/04\/14\/egac-convoca-a-su-x-escuela-de-gestores-culturales\/","title":{"rendered":"EGAC Convoca A Su X Escuela De Gestores Culturales"},"content":{"rendered":"<p><a href=\"http:\/\/3.bp.blogspot.com\/-ztWkSpU7brE\/TaeCNqwPczI\/AAAAAAAASlA\/KALXx5Ns_DA\/s1600\/EGAC%2BEscuela.jpg\"><img decoding=\"async\" id=\"BLOGGER_PHOTO_ID_5595584233357669170\" class=\"alignleft\" style=\"cursor: hand; width: 393px; height: 215px;\" src=\"http:\/\/3.bp.blogspot.com\/-ztWkSpU7brE\/TaeCNqwPczI\/AAAAAAAASlA\/KALXx5Ns_DA\/s400\/EGAC%2BEscuela.jpg\" alt=\"\" border=\"0\" \/><\/a>\u201cLa cultura como espacio de posibilidades para el desarrollo de la persona humana, en di\u00e1logo con otros y en perspectiva liberadora, es una poderosa herramienta cuando esta en manos de los protagonistas del desarrollo\u201d. Con esta frase que encabeza su programa, la Escuela de Gestores y Animadores Culturales, Egac convoca a la realizaci\u00f3n de su X Escuela, a realizarse entre los meses de abril y junio.<\/p>\n<p>Organizada en 24 sesiones, el curso aborda las tem\u00e1ticas de trabajo de grupos, cultura, animaci\u00f3n sociocultural, pol\u00edticas culturales, patrimonio, participaci\u00f3n ciudadana, gesti\u00f3n cultural y proyectos culturales, \u201centregado los principios metodol\u00f3gicos b\u00e1sicos para el desempe\u00f1o en el campo de la intervenci\u00f3n sociocultural\u201d, como indica en su programa.<\/p>\n<p>El curso est\u00e1 dirigido a toda persona interesada y con experiencia en el campo de la cultura y las artes que desee fortalecer sus competencias en el \u00e1mbito de la intervenci\u00f3n art\u00edstica y cultural, en especial a responsables de unidades de cultura de municipios, instituciones culturales p\u00fablicas y privadas, dirigentes de organizaciones culturales locales, gestores culturales, animadores comunitarios y artistas.<\/p>\n<p><span style=\"font-weight: bold;\">Descargar Programa y formulario de inscripci\u00f3n:<\/span><\/p>\n<p><a href=\"http:\/\/robertoguerra.files.wordpress.com\/2011\/04\/programa-x-egac.pdf\">Programa X Egac<\/a><\/p>\n<p><a href=\"http:\/\/robertoguerra.files.wordpress.com\/2011\/04\/ficha-inscripcic3b3n-x-egac.doc\">Formulario inscripci\u00f3n X Egac<\/a><\/p>\n<p>M\u00e1s informaci\u00f3n en: <a href=\"http:\/\/egac.wordpress.com\/\">http:\/\/egac.wordpress.com\/<\/a><\/p>\n","protected":false},"excerpt":{"rendered":"<p>\u201cLa cultura como espacio de posibilidades para el desarrollo de la persona humana, en di\u00e1logo con otros y en perspectiva liberadora, es una poderosa herramienta cuando esta en manos de los protagonistas del desarrollo\u201d. Con esta frase que encabeza su programa, la Escuela de Gestores y Animadores Culturales, Egac convoca a la realizaci\u00f3n de su [&hellip;]<\/p>\n","protected":false},"author":1,"featured_media":13458,"comment_status":"open","ping_status":"open","sticky":false,"template":"","format":"standard","meta":{"footnotes":""},"categories":[207],"tags":[],"class_list":["post-8805","post","type-post","status-publish","format-standard","has-post-thumbnail","hentry","category-gestion-cultural"],"yoast_head":"<!-- This site is optimized with the Yoast SEO plugin v25.0 - https:\/\/yoast.com\/wordpress\/plugins\/seo\/ -->\n<title>EGAC Convoca A Su X Escuela De Gestores Culturales - Nuestro Bio B\u00edo<\/title>\n<meta name=\"robots\" content=\"index, follow, max-snippet:-1, max-image-preview:large, max-video-preview:-1\" \/>\n<link rel=\"canonical\" href=\"https:\/\/www.fraczinet.cl\/sitio\/2011\/04\/14\/egac-convoca-a-su-x-escuela-de-gestores-culturales\/\" \/>\n<meta property=\"og:locale\" content=\"es_ES\" \/>\n<meta property=\"og:type\" content=\"article\" \/>\n<meta property=\"og:title\" content=\"EGAC Convoca A Su X Escuela De Gestores Culturales - Nuestro Bio B\u00edo\" \/>\n<meta property=\"og:description\" content=\"\u201cLa cultura como espacio de posibilidades para el desarrollo de la persona humana, en di\u00e1logo con otros y en perspectiva liberadora, es una poderosa herramienta cuando esta en manos de los protagonistas del desarrollo\u201d. Con esta frase que encabeza su programa, la Escuela de Gestores y Animadores Culturales, Egac convoca a la realizaci\u00f3n de su [&hellip;]\" \/>\n<meta property=\"og:url\" content=\"https:\/\/www.fraczinet.cl\/sitio\/2011\/04\/14\/egac-convoca-a-su-x-escuela-de-gestores-culturales\/\" \/>\n<meta property=\"og:site_name\" content=\"Nuestro Bio B\u00edo\" \/>\n<meta property=\"article:published_time\" content=\"2011-04-14T23:23:00+00:00\" \/>\n<meta property=\"article:modified_time\" content=\"2022-09-26T00:40:25+00:00\" \/>\n<meta property=\"og:image\" content=\"https:\/\/www.fraczinet.cl\/sitio\/wp-content\/uploads\/2011\/04\/EGAC-Escuela.jpg\" \/>\n\t<meta property=\"og:image:width\" content=\"393\" \/>\n\t<meta property=\"og:image:height\" content=\"215\" \/>\n\t<meta property=\"og:image:type\" content=\"image\/jpeg\" \/>\n<meta name=\"author\" content=\"admin\" \/>\n<meta name=\"twitter:card\" content=\"summary_large_image\" \/>\n<meta name=\"twitter:creator\" content=\"@nuestrobiobio\" \/>\n<meta name=\"twitter:site\" content=\"@nuestrobiobio\" \/>\n<meta name=\"twitter:label1\" content=\"Escrito por\" \/>\n\t<meta name=\"twitter:data1\" content=\"admin\" \/>\n\t<meta name=\"twitter:label2\" content=\"Tiempo de lectura\" \/>\n\t<meta name=\"twitter:data2\" content=\"1 minuto\" \/>\n<script type=\"application\/ld+json\" class=\"yoast-schema-graph\">{\"@context\":\"https:\/\/schema.org\",\"@graph\":[{\"@type\":\"Article\",\"@id\":\"https:\/\/www.fraczinet.cl\/sitio\/2011\/04\/14\/egac-convoca-a-su-x-escuela-de-gestores-culturales\/#article\",\"isPartOf\":{\"@id\":\"https:\/\/www.fraczinet.cl\/sitio\/2011\/04\/14\/egac-convoca-a-su-x-escuela-de-gestores-culturales\/\"},\"author\":{\"name\":\"admin\",\"@id\":\"https:\/\/www.fraczinet.cl\/sitio\/#\/schema\/person\/bc30f98e9cb10ae7e119dbe14bc93784\"},\"headline\":\"EGAC Convoca A Su X Escuela De Gestores Culturales\",\"datePublished\":\"2011-04-14T23:23:00+00:00\",\"dateModified\":\"2022-09-26T00:40:25+00:00\",\"mainEntityOfPage\":{\"@id\":\"https:\/\/www.fraczinet.cl\/sitio\/2011\/04\/14\/egac-convoca-a-su-x-escuela-de-gestores-culturales\/\"},\"wordCount\":218,\"commentCount\":0,\"publisher\":{\"@id\":\"https:\/\/www.fraczinet.cl\/sitio\/#\/schema\/person\/aec8ee4da68df2b9b0eefdad24a0d582\"},\"image\":{\"@id\":\"https:\/\/www.fraczinet.cl\/sitio\/2011\/04\/14\/egac-convoca-a-su-x-escuela-de-gestores-culturales\/#primaryimage\"},\"thumbnailUrl\":\"https:\/\/www.fraczinet.cl\/sitio\/wp-content\/uploads\/2011\/04\/EGAC-Escuela.jpg\",\"articleSection\":[\"Gesti\u00f3n Cultural\"],\"inLanguage\":\"es\",\"potentialAction\":[{\"@type\":\"CommentAction\",\"name\":\"Comment\",\"target\":[\"https:\/\/www.fraczinet.cl\/sitio\/2011\/04\/14\/egac-convoca-a-su-x-escuela-de-gestores-culturales\/#respond\"]}]},{\"@type\":\"WebPage\",\"@id\":\"https:\/\/www.fraczinet.cl\/sitio\/2011\/04\/14\/egac-convoca-a-su-x-escuela-de-gestores-culturales\/\",\"url\":\"https:\/\/www.fraczinet.cl\/sitio\/2011\/04\/14\/egac-convoca-a-su-x-escuela-de-gestores-culturales\/\",\"name\":\"EGAC Convoca A Su X Escuela De Gestores Culturales - Nuestro Bio B\u00edo\",\"isPartOf\":{\"@id\":\"https:\/\/www.fraczinet.cl\/sitio\/#website\"},\"primaryImageOfPage\":{\"@id\":\"https:\/\/www.fraczinet.cl\/sitio\/2011\/04\/14\/egac-convoca-a-su-x-escuela-de-gestores-culturales\/#primaryimage\"},\"image\":{\"@id\":\"https:\/\/www.fraczinet.cl\/sitio\/2011\/04\/14\/egac-convoca-a-su-x-escuela-de-gestores-culturales\/#primaryimage\"},\"thumbnailUrl\":\"https:\/\/www.fraczinet.cl\/sitio\/wp-content\/uploads\/2011\/04\/EGAC-Escuela.jpg\",\"datePublished\":\"2011-04-14T23:23:00+00:00\",\"dateModified\":\"2022-09-26T00:40:25+00:00\",\"breadcrumb\":{\"@id\":\"https:\/\/www.fraczinet.cl\/sitio\/2011\/04\/14\/egac-convoca-a-su-x-escuela-de-gestores-culturales\/#breadcrumb\"},\"inLanguage\":\"es\",\"potentialAction\":[{\"@type\":\"ReadAction\",\"target\":[\"https:\/\/www.fraczinet.cl\/sitio\/2011\/04\/14\/egac-convoca-a-su-x-escuela-de-gestores-culturales\/\"]}]},{\"@type\":\"ImageObject\",\"inLanguage\":\"es\",\"@id\":\"https:\/\/www.fraczinet.cl\/sitio\/2011\/04\/14\/egac-convoca-a-su-x-escuela-de-gestores-culturales\/#primaryimage\",\"url\":\"https:\/\/www.fraczinet.cl\/sitio\/wp-content\/uploads\/2011\/04\/EGAC-Escuela.jpg\",\"contentUrl\":\"https:\/\/www.fraczinet.cl\/sitio\/wp-content\/uploads\/2011\/04\/EGAC-Escuela.jpg\",\"width\":393,\"height\":215},{\"@type\":\"BreadcrumbList\",\"@id\":\"https:\/\/www.fraczinet.cl\/sitio\/2011\/04\/14\/egac-convoca-a-su-x-escuela-de-gestores-culturales\/#breadcrumb\",\"itemListElement\":[{\"@type\":\"ListItem\",\"position\":1,\"name\":\"Portada\",\"item\":\"https:\/\/www.fraczinet.cl\/sitio\/\"},{\"@type\":\"ListItem\",\"position\":2,\"name\":\"EGAC Convoca A Su X Escuela De Gestores Culturales\"}]},{\"@type\":\"WebSite\",\"@id\":\"https:\/\/www.fraczinet.cl\/sitio\/#website\",\"url\":\"https:\/\/www.fraczinet.cl\/sitio\/\",\"name\":\"Nuestro Bio B\u00edo\",\"description\":\"Tierra de Encuentros\",\"publisher\":{\"@id\":\"https:\/\/www.fraczinet.cl\/sitio\/#\/schema\/person\/aec8ee4da68df2b9b0eefdad24a0d582\"},\"potentialAction\":[{\"@type\":\"SearchAction\",\"target\":{\"@type\":\"EntryPoint\",\"urlTemplate\":\"https:\/\/www.fraczinet.cl\/sitio\/?s={search_term_string}\"},\"query-input\":{\"@type\":\"PropertyValueSpecification\",\"valueRequired\":true,\"valueName\":\"search_term_string\"}}],\"inLanguage\":\"es\"},{\"@type\":[\"Person\",\"Organization\"],\"@id\":\"https:\/\/www.fraczinet.cl\/sitio\/#\/schema\/person\/aec8ee4da68df2b9b0eefdad24a0d582\",\"name\":\"Luis Fernando Fraczinet\",\"image\":{\"@type\":\"ImageObject\",\"inLanguage\":\"es\",\"@id\":\"https:\/\/www.fraczinet.cl\/sitio\/#\/schema\/person\/image\/\",\"url\":\"https:\/\/www.fraczinet.cl\/sitio\/wp-content\/uploads\/2021\/07\/bannerlogo-1.gif\",\"contentUrl\":\"https:\/\/www.fraczinet.cl\/sitio\/wp-content\/uploads\/2021\/07\/bannerlogo-1.gif\",\"width\":159,\"height\":79,\"caption\":\"Luis Fernando Fraczinet\"},\"logo\":{\"@id\":\"https:\/\/www.fraczinet.cl\/sitio\/#\/schema\/person\/image\/\"},\"sameAs\":[\"https:\/\/www.fraczinet.cl\/sitio\/\"]},{\"@type\":\"Person\",\"@id\":\"https:\/\/www.fraczinet.cl\/sitio\/#\/schema\/person\/bc30f98e9cb10ae7e119dbe14bc93784\",\"name\":\"admin\",\"image\":{\"@type\":\"ImageObject\",\"inLanguage\":\"es\",\"@id\":\"https:\/\/www.fraczinet.cl\/sitio\/#\/schema\/person\/image\/\",\"url\":\"https:\/\/secure.gravatar.com\/avatar\/d5ad3cf7ef3b23a2bb5be73be780c86b2fc8545c3ad6b149f3913ff458c00099?s=96&d=mm&r=g\",\"contentUrl\":\"https:\/\/secure.gravatar.com\/avatar\/d5ad3cf7ef3b23a2bb5be73be780c86b2fc8545c3ad6b149f3913ff458c00099?s=96&d=mm&r=g\",\"caption\":\"admin\"},\"sameAs\":[\"https:\/\/www.fraczinet.cl\/sitio\"]}]}<\/script>\n<!-- \/ Yoast SEO plugin. -->","yoast_head_json":{"title":"EGAC Convoca A Su X Escuela De Gestores Culturales - Nuestro Bio B\u00edo","robots":{"index":"index","follow":"follow","max-snippet":"max-snippet:-1","max-image-preview":"max-image-preview:large","max-video-preview":"max-video-preview:-1"},"canonical":"https:\/\/www.fraczinet.cl\/sitio\/2011\/04\/14\/egac-convoca-a-su-x-escuela-de-gestores-culturales\/","og_locale":"es_ES","og_type":"article","og_title":"EGAC Convoca A Su X Escuela De Gestores Culturales - Nuestro Bio B\u00edo","og_description":"\u201cLa cultura como espacio de posibilidades para el desarrollo de la persona humana, en di\u00e1logo con otros y en perspectiva liberadora, es una poderosa herramienta cuando esta en manos de los protagonistas del desarrollo\u201d. Con esta frase que encabeza su programa, la Escuela de Gestores y Animadores Culturales, Egac convoca a la realizaci\u00f3n de su [&hellip;]","og_url":"https:\/\/www.fraczinet.cl\/sitio\/2011\/04\/14\/egac-convoca-a-su-x-escuela-de-gestores-culturales\/","og_site_name":"Nuestro Bio B\u00edo","article_published_time":"2011-04-14T23:23:00+00:00","article_modified_time":"2022-09-26T00:40:25+00:00","og_image":[{"width":393,"height":215,"url":"https:\/\/www.fraczinet.cl\/sitio\/wp-content\/uploads\/2011\/04\/EGAC-Escuela.jpg","type":"image\/jpeg"}],"author":"admin","twitter_card":"summary_large_image","twitter_creator":"@nuestrobiobio","twitter_site":"@nuestrobiobio","twitter_misc":{"Escrito por":"admin","Tiempo de lectura":"1 minuto"},"schema":{"@context":"https:\/\/schema.org","@graph":[{"@type":"Article","@id":"https:\/\/www.fraczinet.cl\/sitio\/2011\/04\/14\/egac-convoca-a-su-x-escuela-de-gestores-culturales\/#article","isPartOf":{"@id":"https:\/\/www.fraczinet.cl\/sitio\/2011\/04\/14\/egac-convoca-a-su-x-escuela-de-gestores-culturales\/"},"author":{"name":"admin","@id":"https:\/\/www.fraczinet.cl\/sitio\/#\/schema\/person\/bc30f98e9cb10ae7e119dbe14bc93784"},"headline":"EGAC Convoca A Su X Escuela De Gestores Culturales","datePublished":"2011-04-14T23:23:00+00:00","dateModified":"2022-09-26T00:40:25+00:00","mainEntityOfPage":{"@id":"https:\/\/www.fraczinet.cl\/sitio\/2011\/04\/14\/egac-convoca-a-su-x-escuela-de-gestores-culturales\/"},"wordCount":218,"commentCount":0,"publisher":{"@id":"https:\/\/www.fraczinet.cl\/sitio\/#\/schema\/person\/aec8ee4da68df2b9b0eefdad24a0d582"},"image":{"@id":"https:\/\/www.fraczinet.cl\/sitio\/2011\/04\/14\/egac-convoca-a-su-x-escuela-de-gestores-culturales\/#primaryimage"},"thumbnailUrl":"https:\/\/www.fraczinet.cl\/sitio\/wp-content\/uploads\/2011\/04\/EGAC-Escuela.jpg","articleSection":["Gesti\u00f3n Cultural"],"inLanguage":"es","potentialAction":[{"@type":"CommentAction","name":"Comment","target":["https:\/\/www.fraczinet.cl\/sitio\/2011\/04\/14\/egac-convoca-a-su-x-escuela-de-gestores-culturales\/#respond"]}]},{"@type":"WebPage","@id":"https:\/\/www.fraczinet.cl\/sitio\/2011\/04\/14\/egac-convoca-a-su-x-escuela-de-gestores-culturales\/","url":"https:\/\/www.fraczinet.cl\/sitio\/2011\/04\/14\/egac-convoca-a-su-x-escuela-de-gestores-culturales\/","name":"EGAC Convoca A Su X Escuela De Gestores Culturales - Nuestro Bio B\u00edo","isPartOf":{"@id":"https:\/\/www.fraczinet.cl\/sitio\/#website"},"primaryImageOfPage":{"@id":"https:\/\/www.fraczinet.cl\/sitio\/2011\/04\/14\/egac-convoca-a-su-x-escuela-de-gestores-culturales\/#primaryimage"},"image":{"@id":"https:\/\/www.fraczinet.cl\/sitio\/2011\/04\/14\/egac-convoca-a-su-x-escuela-de-gestores-culturales\/#primaryimage"},"thumbnailUrl":"https:\/\/www.fraczinet.cl\/sitio\/wp-content\/uploads\/2011\/04\/EGAC-Escuela.jpg","datePublished":"2011-04-14T23:23:00+00:00","dateModified":"2022-09-26T00:40:25+00:00","breadcrumb":{"@id":"https:\/\/www.fraczinet.cl\/sitio\/2011\/04\/14\/egac-convoca-a-su-x-escuela-de-gestores-culturales\/#breadcrumb"},"inLanguage":"es","potentialAction":[{"@type":"ReadAction","target":["https:\/\/www.fraczinet.cl\/sitio\/2011\/04\/14\/egac-convoca-a-su-x-escuela-de-gestores-culturales\/"]}]},{"@type":"ImageObject","inLanguage":"es","@id":"https:\/\/www.fraczinet.cl\/sitio\/2011\/04\/14\/egac-convoca-a-su-x-escuela-de-gestores-culturales\/#primaryimage","url":"https:\/\/www.fraczinet.cl\/sitio\/wp-content\/uploads\/2011\/04\/EGAC-Escuela.jpg","contentUrl":"https:\/\/www.fraczinet.cl\/sitio\/wp-content\/uploads\/2011\/04\/EGAC-Escuela.jpg","width":393,"height":215},{"@type":"BreadcrumbList","@id":"https:\/\/www.fraczinet.cl\/sitio\/2011\/04\/14\/egac-convoca-a-su-x-escuela-de-gestores-culturales\/#breadcrumb","itemListElement":[{"@type":"ListItem","position":1,"name":"Portada","item":"https:\/\/www.fraczinet.cl\/sitio\/"},{"@type":"ListItem","position":2,"name":"EGAC Convoca A Su X Escuela De Gestores Culturales"}]},{"@type":"WebSite","@id":"https:\/\/www.fraczinet.cl\/sitio\/#website","url":"https:\/\/www.fraczinet.cl\/sitio\/","name":"Nuestro Bio B\u00edo","description":"Tierra de Encuentros","publisher":{"@id":"https:\/\/www.fraczinet.cl\/sitio\/#\/schema\/person\/aec8ee4da68df2b9b0eefdad24a0d582"},"potentialAction":[{"@type":"SearchAction","target":{"@type":"EntryPoint","urlTemplate":"https:\/\/www.fraczinet.cl\/sitio\/?s={search_term_string}"},"query-input":{"@type":"PropertyValueSpecification","valueRequired":true,"valueName":"search_term_string"}}],"inLanguage":"es"},{"@type":["Person","Organization"],"@id":"https:\/\/www.fraczinet.cl\/sitio\/#\/schema\/person\/aec8ee4da68df2b9b0eefdad24a0d582","name":"Luis Fernando Fraczinet","image":{"@type":"ImageObject","inLanguage":"es","@id":"https:\/\/www.fraczinet.cl\/sitio\/#\/schema\/person\/image\/","url":"https:\/\/www.fraczinet.cl\/sitio\/wp-content\/uploads\/2021\/07\/bannerlogo-1.gif","contentUrl":"https:\/\/www.fraczinet.cl\/sitio\/wp-content\/uploads\/2021\/07\/bannerlogo-1.gif","width":159,"height":79,"caption":"Luis Fernando Fraczinet"},"logo":{"@id":"https:\/\/www.fraczinet.cl\/sitio\/#\/schema\/person\/image\/"},"sameAs":["https:\/\/www.fraczinet.cl\/sitio\/"]},{"@type":"Person","@id":"https:\/\/www.fraczinet.cl\/sitio\/#\/schema\/person\/bc30f98e9cb10ae7e119dbe14bc93784","name":"admin","image":{"@type":"ImageObject","inLanguage":"es","@id":"https:\/\/www.fraczinet.cl\/sitio\/#\/schema\/person\/image\/","url":"https:\/\/secure.gravatar.com\/avatar\/d5ad3cf7ef3b23a2bb5be73be780c86b2fc8545c3ad6b149f3913ff458c00099?s=96&d=mm&r=g","contentUrl":"https:\/\/secure.gravatar.com\/avatar\/d5ad3cf7ef3b23a2bb5be73be780c86b2fc8545c3ad6b149f3913ff458c00099?s=96&d=mm&r=g","caption":"admin"},"sameAs":["https:\/\/www.fraczinet.cl\/sitio"]}]}},"_links":{"self":[{"href":"https:\/\/www.fraczinet.cl\/sitio\/wp-json\/wp\/v2\/posts\/8805","targetHints":{"allow":["GET"]}}],"collection":[{"href":"https:\/\/www.fraczinet.cl\/sitio\/wp-json\/wp\/v2\/posts"}],"about":[{"href":"https:\/\/www.fraczinet.cl\/sitio\/wp-json\/wp\/v2\/types\/post"}],"author":[{"embeddable":true,"href":"https:\/\/www.fraczinet.cl\/sitio\/wp-json\/wp\/v2\/users\/1"}],"replies":[{"embeddable":true,"href":"https:\/\/www.fraczinet.cl\/sitio\/wp-json\/wp\/v2\/comments?post=8805"}],"version-history":[{"count":1,"href":"https:\/\/www.fraczinet.cl\/sitio\/wp-json\/wp\/v2\/posts\/8805\/revisions"}],"predecessor-version":[{"id":13459,"href":"https:\/\/www.fraczinet.cl\/sitio\/wp-json\/wp\/v2\/posts\/8805\/revisions\/13459"}],"wp:featuredmedia":[{"embeddable":true,"href":"https:\/\/www.fraczinet.cl\/sitio\/wp-json\/wp\/v2\/media\/13458"}],"wp:attachment":[{"href":"https:\/\/www.fraczinet.cl\/sitio\/wp-json\/wp\/v2\/media?parent=8805"}],"wp:term":[{"taxonomy":"category","embeddable":true,"href":"https:\/\/www.fraczinet.cl\/sitio\/wp-json\/wp\/v2\/categories?post=8805"},{"taxonomy":"post_tag","embeddable":true,"href":"https:\/\/www.fraczinet.cl\/sitio\/wp-json\/wp\/v2\/tags?post=8805"}],"curies":[{"name":"wp","href":"https:\/\/api.w.org\/{rel}","templated":true}]}}