{"id":8809,"date":"2011-04-12T13:53:00","date_gmt":"2011-04-12T13:53:00","guid":{"rendered":"https:\/\/www.fraczinet.cl\/sitio\/2011\/04\/12\/en-tome-inauguracion-obra-escultorica-elogio-al-espacio\/"},"modified":"2022-10-06T23:02:59","modified_gmt":"2022-10-06T23:02:59","slug":"en-tome-inauguracion-obra-escultorica-elogio-al-espacio","status":"publish","type":"post","link":"https:\/\/www.fraczinet.cl\/sitio\/en-tome-inauguracion-obra-escultorica-elogio-al-espacio\/","title":{"rendered":"En Tom\u00e9 Inauguraci\u00f3n Obra Escult\u00f3rica \u00abElogio Al Espacio\u00bb"},"content":{"rendered":"<div><a href=\"http:\/\/3.bp.blogspot.com\/--0jSO5aGtsw\/TaRaLuGqNII\/AAAAAAAASkg\/tqCKrirQH84\/s1600\/hoja%2Bbase%2Bpara%2Bemplazamiento.jpg\" style=\"clear: left; float: left; margin-bottom: 1em; margin-right: 1em;\"><img decoding=\"async\" alt=\"\" border=\"0\" id=\"BLOGGER_PHOTO_ID_5594695794502022274\" src=\"http:\/\/3.bp.blogspot.com\/--0jSO5aGtsw\/TaRaLuGqNII\/AAAAAAAASkg\/tqCKrirQH84\/s400\/hoja%2Bbase%2Bpara%2Bemplazamiento.jpg\" style=\"cursor: pointer; height: 241px; width: 400px;\" \/><\/a><\/div>\n<p> Estimados amigos y amigas; Tenemos el agrado de invitarles a participar del acto de   inauguraci\u00f3n obra escult\u00f3rica \u00abElogio al Espacio\u00bb, que se realizar\u00e1 el pr\u00f3ximo lunes 18 a las 12:00 horas en Paseo Costanera Bellavista, Tom\u00e9.    Para este d\u00eda se ha organizado un programa que contempla: Exposici\u00f3n fotogr\u00e1fica que da cuenta de todo el proceso escult\u00f3rico; intervenci\u00f3n del artista, creador de la obra, don Vicente Gajardo; presentaci\u00f3n art\u00edstico cultural.  Esta Actividad es abierta a todo p\u00fablico  Invita Ilustre Municipalidad de Tom\u00e9<\/p>\n","protected":false},"excerpt":{"rendered":"<p>Estimados amigos y amigas; Tenemos el agrado de invitarles a participar del acto de inauguraci\u00f3n obra escult\u00f3rica \u00abElogio al Espacio\u00bb, que se realizar\u00e1 el pr\u00f3ximo lunes 18 a las 12:00 horas en Paseo Costanera Bellavista, Tom\u00e9. Para este d\u00eda se ha organizado un programa que contempla: Exposici\u00f3n fotogr\u00e1fica que da cuenta de todo el proceso [&hellip;]<\/p>\n","protected":false},"author":1,"featured_media":0,"comment_status":"open","ping_status":"closed","sticky":false,"template":"","format":"standard","meta":{"footnotes":""},"categories":[229],"tags":[],"class_list":["post-8809","post","type-post","status-publish","format-standard","hentry","category-artes-plasticas"],"yoast_head":"<!-- This site is optimized with the Yoast SEO plugin v28.2 - https:\/\/yoast.com\/product\/yoast-seo-wordpress\/ -->\n<title>En Tom\u00e9 Inauguraci\u00f3n Obra Escult\u00f3rica &quot;Elogio Al Espacio&quot; - Nuestro Bio B\u00edo<\/title>\n<meta name=\"robots\" content=\"index, follow, max-snippet:-1, max-image-preview:large, max-video-preview:-1\" \/>\n<link rel=\"canonical\" href=\"https:\/\/www.fraczinet.cl\/sitio\/en-tome-inauguracion-obra-escultorica-elogio-al-espacio\/\" \/>\n<meta property=\"og:locale\" content=\"es_ES\" \/>\n<meta property=\"og:type\" content=\"article\" \/>\n<meta property=\"og:title\" content=\"En Tom\u00e9 Inauguraci\u00f3n Obra Escult\u00f3rica &quot;Elogio Al Espacio&quot; - Nuestro Bio B\u00edo\" \/>\n<meta property=\"og:description\" content=\"Estimados amigos y amigas; Tenemos el agrado de invitarles a participar del acto de inauguraci\u00f3n obra escult\u00f3rica \u00abElogio al Espacio\u00bb, que se realizar\u00e1 el pr\u00f3ximo lunes 18 a las 12:00 horas en Paseo Costanera Bellavista, Tom\u00e9. Para este d\u00eda se ha organizado un programa que contempla: Exposici\u00f3n fotogr\u00e1fica que da cuenta de todo el proceso [&hellip;]\" \/>\n<meta property=\"og:url\" content=\"https:\/\/www.fraczinet.cl\/sitio\/en-tome-inauguracion-obra-escultorica-elogio-al-espacio\/\" \/>\n<meta property=\"og:site_name\" content=\"Nuestro Bio B\u00edo\" \/>\n<meta property=\"article:publisher\" content=\"https:\/\/www.facebook.com\/groups\/15721414452\/\" \/>\n<meta property=\"article:published_time\" content=\"2011-04-12T13:53:00+00:00\" \/>\n<meta property=\"article:modified_time\" content=\"2022-10-06T23:02:59+00:00\" \/>\n<meta property=\"og:image\" content=\"http:\/\/3.bp.blogspot.com\/--0jSO5aGtsw\/TaRaLuGqNII\/AAAAAAAASkg\/tqCKrirQH84\/s400\/hoja%2Bbase%2Bpara%2Bemplazamiento.jpg\" \/>\n<meta name=\"twitter:card\" content=\"summary_large_image\" \/>\n<meta name=\"twitter:creator\" content=\"@nuestrobiobio\" \/>\n<meta name=\"twitter:site\" content=\"@nuestrobiobio\" \/>\n<meta name=\"twitter:label1\" content=\"Escrito por\" \/>\n\t<meta name=\"twitter:data1\" content=\"\" \/>\n<script type=\"application\/ld+json\" class=\"yoast-schema-graph\">{\"@context\":\"https:\\\/\\\/schema.org\",\"@graph\":[{\"@type\":\"Article\",\"@id\":\"https:\\\/\\\/www.fraczinet.cl\\\/sitio\\\/en-tome-inauguracion-obra-escultorica-elogio-al-espacio\\\/#article\",\"isPartOf\":{\"@id\":\"https:\\\/\\\/www.fraczinet.cl\\\/sitio\\\/en-tome-inauguracion-obra-escultorica-elogio-al-espacio\\\/\"},\"author\":{\"name\":\"\",\"@id\":\"\"},\"headline\":\"En Tom\u00e9 Inauguraci\u00f3n Obra Escult\u00f3rica \u00abElogio Al Espacio\u00bb\",\"datePublished\":\"2011-04-12T13:53:00+00:00\",\"dateModified\":\"2022-10-06T23:02:59+00:00\",\"mainEntityOfPage\":{\"@id\":\"https:\\\/\\\/www.fraczinet.cl\\\/sitio\\\/en-tome-inauguracion-obra-escultorica-elogio-al-espacio\\\/\"},\"wordCount\":100,\"commentCount\":0,\"image\":{\"@id\":\"https:\\\/\\\/www.fraczinet.cl\\\/sitio\\\/en-tome-inauguracion-obra-escultorica-elogio-al-espacio\\\/#primaryimage\"},\"thumbnailUrl\":\"http:\\\/\\\/3.bp.blogspot.com\\\/--0jSO5aGtsw\\\/TaRaLuGqNII\\\/AAAAAAAASkg\\\/tqCKrirQH84\\\/s400\\\/hoja%2Bbase%2Bpara%2Bemplazamiento.jpg\",\"articleSection\":[\"Artes Pl\u00e1sticas\"],\"inLanguage\":\"es\",\"potentialAction\":[{\"@type\":\"CommentAction\",\"name\":\"Comment\",\"target\":[\"https:\\\/\\\/www.fraczinet.cl\\\/sitio\\\/en-tome-inauguracion-obra-escultorica-elogio-al-espacio\\\/#respond\"]}]},{\"@type\":\"WebPage\",\"@id\":\"https:\\\/\\\/www.fraczinet.cl\\\/sitio\\\/en-tome-inauguracion-obra-escultorica-elogio-al-espacio\\\/\",\"url\":\"https:\\\/\\\/www.fraczinet.cl\\\/sitio\\\/en-tome-inauguracion-obra-escultorica-elogio-al-espacio\\\/\",\"name\":\"En Tom\u00e9 Inauguraci\u00f3n Obra Escult\u00f3rica \\\"Elogio Al Espacio\\\" - Nuestro Bio B\u00edo\",\"isPartOf\":{\"@id\":\"https:\\\/\\\/www.fraczinet.cl\\\/sitio\\\/#website\"},\"primaryImageOfPage\":{\"@id\":\"https:\\\/\\\/www.fraczinet.cl\\\/sitio\\\/en-tome-inauguracion-obra-escultorica-elogio-al-espacio\\\/#primaryimage\"},\"image\":{\"@id\":\"https:\\\/\\\/www.fraczinet.cl\\\/sitio\\\/en-tome-inauguracion-obra-escultorica-elogio-al-espacio\\\/#primaryimage\"},\"thumbnailUrl\":\"http:\\\/\\\/3.bp.blogspot.com\\\/--0jSO5aGtsw\\\/TaRaLuGqNII\\\/AAAAAAAASkg\\\/tqCKrirQH84\\\/s400\\\/hoja%2Bbase%2Bpara%2Bemplazamiento.jpg\",\"datePublished\":\"2011-04-12T13:53:00+00:00\",\"dateModified\":\"2022-10-06T23:02:59+00:00\",\"author\":{\"@id\":\"\"},\"breadcrumb\":{\"@id\":\"https:\\\/\\\/www.fraczinet.cl\\\/sitio\\\/en-tome-inauguracion-obra-escultorica-elogio-al-espacio\\\/#breadcrumb\"},\"inLanguage\":\"es\",\"potentialAction\":[{\"@type\":\"ReadAction\",\"target\":[\"https:\\\/\\\/www.fraczinet.cl\\\/sitio\\\/en-tome-inauguracion-obra-escultorica-elogio-al-espacio\\\/\"]}]},{\"@type\":\"ImageObject\",\"inLanguage\":\"es\",\"@id\":\"https:\\\/\\\/www.fraczinet.cl\\\/sitio\\\/en-tome-inauguracion-obra-escultorica-elogio-al-espacio\\\/#primaryimage\",\"url\":\"http:\\\/\\\/3.bp.blogspot.com\\\/--0jSO5aGtsw\\\/TaRaLuGqNII\\\/AAAAAAAASkg\\\/tqCKrirQH84\\\/s400\\\/hoja%2Bbase%2Bpara%2Bemplazamiento.jpg\",\"contentUrl\":\"http:\\\/\\\/3.bp.blogspot.com\\\/--0jSO5aGtsw\\\/TaRaLuGqNII\\\/AAAAAAAASkg\\\/tqCKrirQH84\\\/s400\\\/hoja%2Bbase%2Bpara%2Bemplazamiento.jpg\"},{\"@type\":\"BreadcrumbList\",\"@id\":\"https:\\\/\\\/www.fraczinet.cl\\\/sitio\\\/en-tome-inauguracion-obra-escultorica-elogio-al-espacio\\\/#breadcrumb\",\"itemListElement\":[{\"@type\":\"ListItem\",\"position\":1,\"name\":\"Portada\",\"item\":\"https:\\\/\\\/www.fraczinet.cl\\\/sitio\\\/\"},{\"@type\":\"ListItem\",\"position\":2,\"name\":\"En Tom\u00e9 Inauguraci\u00f3n Obra Escult\u00f3rica \u00abElogio Al Espacio\u00bb\"}]},{\"@type\":\"WebSite\",\"@id\":\"https:\\\/\\\/www.fraczinet.cl\\\/sitio\\\/#website\",\"url\":\"https:\\\/\\\/www.fraczinet.cl\\\/sitio\\\/\",\"name\":\"Nuestro Bio B\u00edo\",\"description\":\"Tierra de Encuentros\",\"potentialAction\":[{\"@type\":\"SearchAction\",\"target\":{\"@type\":\"EntryPoint\",\"urlTemplate\":\"https:\\\/\\\/www.fraczinet.cl\\\/sitio\\\/?s={search_term_string}\"},\"query-input\":{\"@type\":\"PropertyValueSpecification\",\"valueRequired\":true,\"valueName\":\"search_term_string\"}}],\"inLanguage\":\"es\"},{\"@type\":\"Person\",\"@id\":\"\"}]}<\/script>\n<!-- \/ Yoast SEO plugin. -->","yoast_head_json":{"title":"En Tom\u00e9 Inauguraci\u00f3n Obra Escult\u00f3rica \"Elogio Al Espacio\" - Nuestro Bio B\u00edo","robots":{"index":"index","follow":"follow","max-snippet":"max-snippet:-1","max-image-preview":"max-image-preview:large","max-video-preview":"max-video-preview:-1"},"canonical":"https:\/\/www.fraczinet.cl\/sitio\/en-tome-inauguracion-obra-escultorica-elogio-al-espacio\/","og_locale":"es_ES","og_type":"article","og_title":"En Tom\u00e9 Inauguraci\u00f3n Obra Escult\u00f3rica \"Elogio Al Espacio\" - Nuestro Bio B\u00edo","og_description":"Estimados amigos y amigas; Tenemos el agrado de invitarles a participar del acto de inauguraci\u00f3n obra escult\u00f3rica \u00abElogio al Espacio\u00bb, que se realizar\u00e1 el pr\u00f3ximo lunes 18 a las 12:00 horas en Paseo Costanera Bellavista, Tom\u00e9. Para este d\u00eda se ha organizado un programa que contempla: Exposici\u00f3n fotogr\u00e1fica que da cuenta de todo el proceso [&hellip;]","og_url":"https:\/\/www.fraczinet.cl\/sitio\/en-tome-inauguracion-obra-escultorica-elogio-al-espacio\/","og_site_name":"Nuestro Bio B\u00edo","article_publisher":"https:\/\/www.facebook.com\/groups\/15721414452\/","article_published_time":"2011-04-12T13:53:00+00:00","article_modified_time":"2022-10-06T23:02:59+00:00","og_image":[{"url":"http:\/\/3.bp.blogspot.com\/--0jSO5aGtsw\/TaRaLuGqNII\/AAAAAAAASkg\/tqCKrirQH84\/s400\/hoja%2Bbase%2Bpara%2Bemplazamiento.jpg","type":"","width":"","height":""}],"twitter_card":"summary_large_image","twitter_creator":"@nuestrobiobio","twitter_site":"@nuestrobiobio","twitter_misc":{"Escrito por":""},"schema":{"@context":"https:\/\/schema.org","@graph":[{"@type":"Article","@id":"https:\/\/www.fraczinet.cl\/sitio\/en-tome-inauguracion-obra-escultorica-elogio-al-espacio\/#article","isPartOf":{"@id":"https:\/\/www.fraczinet.cl\/sitio\/en-tome-inauguracion-obra-escultorica-elogio-al-espacio\/"},"author":{"name":"","@id":""},"headline":"En Tom\u00e9 Inauguraci\u00f3n Obra Escult\u00f3rica \u00abElogio Al Espacio\u00bb","datePublished":"2011-04-12T13:53:00+00:00","dateModified":"2022-10-06T23:02:59+00:00","mainEntityOfPage":{"@id":"https:\/\/www.fraczinet.cl\/sitio\/en-tome-inauguracion-obra-escultorica-elogio-al-espacio\/"},"wordCount":100,"commentCount":0,"image":{"@id":"https:\/\/www.fraczinet.cl\/sitio\/en-tome-inauguracion-obra-escultorica-elogio-al-espacio\/#primaryimage"},"thumbnailUrl":"http:\/\/3.bp.blogspot.com\/--0jSO5aGtsw\/TaRaLuGqNII\/AAAAAAAASkg\/tqCKrirQH84\/s400\/hoja%2Bbase%2Bpara%2Bemplazamiento.jpg","articleSection":["Artes Pl\u00e1sticas"],"inLanguage":"es","potentialAction":[{"@type":"CommentAction","name":"Comment","target":["https:\/\/www.fraczinet.cl\/sitio\/en-tome-inauguracion-obra-escultorica-elogio-al-espacio\/#respond"]}]},{"@type":"WebPage","@id":"https:\/\/www.fraczinet.cl\/sitio\/en-tome-inauguracion-obra-escultorica-elogio-al-espacio\/","url":"https:\/\/www.fraczinet.cl\/sitio\/en-tome-inauguracion-obra-escultorica-elogio-al-espacio\/","name":"En Tom\u00e9 Inauguraci\u00f3n Obra Escult\u00f3rica \"Elogio Al Espacio\" - Nuestro Bio B\u00edo","isPartOf":{"@id":"https:\/\/www.fraczinet.cl\/sitio\/#website"},"primaryImageOfPage":{"@id":"https:\/\/www.fraczinet.cl\/sitio\/en-tome-inauguracion-obra-escultorica-elogio-al-espacio\/#primaryimage"},"image":{"@id":"https:\/\/www.fraczinet.cl\/sitio\/en-tome-inauguracion-obra-escultorica-elogio-al-espacio\/#primaryimage"},"thumbnailUrl":"http:\/\/3.bp.blogspot.com\/--0jSO5aGtsw\/TaRaLuGqNII\/AAAAAAAASkg\/tqCKrirQH84\/s400\/hoja%2Bbase%2Bpara%2Bemplazamiento.jpg","datePublished":"2011-04-12T13:53:00+00:00","dateModified":"2022-10-06T23:02:59+00:00","author":{"@id":""},"breadcrumb":{"@id":"https:\/\/www.fraczinet.cl\/sitio\/en-tome-inauguracion-obra-escultorica-elogio-al-espacio\/#breadcrumb"},"inLanguage":"es","potentialAction":[{"@type":"ReadAction","target":["https:\/\/www.fraczinet.cl\/sitio\/en-tome-inauguracion-obra-escultorica-elogio-al-espacio\/"]}]},{"@type":"ImageObject","inLanguage":"es","@id":"https:\/\/www.fraczinet.cl\/sitio\/en-tome-inauguracion-obra-escultorica-elogio-al-espacio\/#primaryimage","url":"http:\/\/3.bp.blogspot.com\/--0jSO5aGtsw\/TaRaLuGqNII\/AAAAAAAASkg\/tqCKrirQH84\/s400\/hoja%2Bbase%2Bpara%2Bemplazamiento.jpg","contentUrl":"http:\/\/3.bp.blogspot.com\/--0jSO5aGtsw\/TaRaLuGqNII\/AAAAAAAASkg\/tqCKrirQH84\/s400\/hoja%2Bbase%2Bpara%2Bemplazamiento.jpg"},{"@type":"BreadcrumbList","@id":"https:\/\/www.fraczinet.cl\/sitio\/en-tome-inauguracion-obra-escultorica-elogio-al-espacio\/#breadcrumb","itemListElement":[{"@type":"ListItem","position":1,"name":"Portada","item":"https:\/\/www.fraczinet.cl\/sitio\/"},{"@type":"ListItem","position":2,"name":"En Tom\u00e9 Inauguraci\u00f3n Obra Escult\u00f3rica \u00abElogio Al Espacio\u00bb"}]},{"@type":"WebSite","@id":"https:\/\/www.fraczinet.cl\/sitio\/#website","url":"https:\/\/www.fraczinet.cl\/sitio\/","name":"Nuestro Bio B\u00edo","description":"Tierra de Encuentros","potentialAction":[{"@type":"SearchAction","target":{"@type":"EntryPoint","urlTemplate":"https:\/\/www.fraczinet.cl\/sitio\/?s={search_term_string}"},"query-input":{"@type":"PropertyValueSpecification","valueRequired":true,"valueName":"search_term_string"}}],"inLanguage":"es"},{"@type":"Person","@id":""}]}},"_links":{"self":[{"href":"https:\/\/www.fraczinet.cl\/sitio\/wp-json\/wp\/v2\/posts\/8809","targetHints":{"allow":["GET"]}}],"collection":[{"href":"https:\/\/www.fraczinet.cl\/sitio\/wp-json\/wp\/v2\/posts"}],"about":[{"href":"https:\/\/www.fraczinet.cl\/sitio\/wp-json\/wp\/v2\/types\/post"}],"author":[{"embeddable":true,"href":"https:\/\/www.fraczinet.cl\/sitio\/wp-json\/wp\/v2\/users\/1"}],"replies":[{"embeddable":true,"href":"https:\/\/www.fraczinet.cl\/sitio\/wp-json\/wp\/v2\/comments?post=8809"}],"version-history":[{"count":1,"href":"https:\/\/www.fraczinet.cl\/sitio\/wp-json\/wp\/v2\/posts\/8809\/revisions"}],"predecessor-version":[{"id":14329,"href":"https:\/\/www.fraczinet.cl\/sitio\/wp-json\/wp\/v2\/posts\/8809\/revisions\/14329"}],"wp:attachment":[{"href":"https:\/\/www.fraczinet.cl\/sitio\/wp-json\/wp\/v2\/media?parent=8809"}],"wp:term":[{"taxonomy":"category","embeddable":true,"href":"https:\/\/www.fraczinet.cl\/sitio\/wp-json\/wp\/v2\/categories?post=8809"},{"taxonomy":"post_tag","embeddable":true,"href":"https:\/\/www.fraczinet.cl\/sitio\/wp-json\/wp\/v2\/tags?post=8809"}],"curies":[{"name":"wp","href":"https:\/\/api.w.org\/{rel}","templated":true}]}}