{"id":8812,"date":"2011-04-09T21:10:00","date_gmt":"2011-04-09T21:10:00","guid":{"rendered":"https:\/\/www.fraczinet.cl\/sitio\/2011\/04\/09\/redes-culturales-se-reunen-en-quito\/"},"modified":"2011-04-09T21:10:00","modified_gmt":"2011-04-09T21:10:00","slug":"redes-culturales-se-reunen-en-quito","status":"publish","type":"post","link":"https:\/\/www.fraczinet.cl\/sitio\/2011\/04\/09\/redes-culturales-se-reunen-en-quito\/","title":{"rendered":"Redes Culturales Se Re\u00fanen En Quito"},"content":{"rendered":"<p><a href=\"http:\/\/robertoguerra.wordpress.com\/2011\/04\/09\/redes-culturales-se-reunen-en-quito\/\">Por Roberto Guerra V.<\/a>Gestor Cultural<\/p>\n<p>Con la \u201c<span style=\"font-weight:bold;\">Carta de Quito<\/span>\u201d, acuerdos de colaboraci\u00f3n entre redes y la voluntad de profundizar el desarrollo de acciones concretas entre las diversas plataformas asociativas, concluy\u00f3 en Ecuador, el 2 de abril reci\u00e9n pasado, el encuentro \u201c<span style=\"font-style:italic;\">Cultura de red. Din\u00e1micas, innovaci\u00f3n y acci\u00f3n para la cooperaci\u00f3n regional<\/span>\u201d.<\/p>\n<p>Convocado por Cultura Senda, OEI y el apoyo de la Fundaci\u00f3n Hivos, el evento cont\u00f3 con la presencia de diversas redes que act\u00faan en el campo de la cultura en la regi\u00f3n, destacando la presencia de la Red Sudamericana de Danza; Red Latinoamericana de Gesti\u00f3n Cultural; Red Latinoamericana de Arte para la Transformaci\u00f3n social, a trav\u00e9s de la fundaci\u00f3n \u201cCanchimalos\u201d de Medell\u00edn, Colombia; Residencias en red; Red Fora do eixo y Couveflor de Brasil, y el proyecto Sistema  de integraci\u00f3n centroamericana, Sica, con presencia de gestores de Ecuador, M\u00e9xico, Costa Rica, Venezuela, Colombia, Uruguay, Bolivia y Chile.<\/p>\n<p><span style=\"font-weight:bold;\">El buen vivir y la participaci\u00f3n ciudadana<\/span><\/p>\n<p>Con una institucionalidad cultural en pleno desarrollo, en el marco de la revoluci\u00f3n ciudadana impulsada por el Presidente Correa, el sector cultural anota avances que son percibidos como importantes logros por los gestores. Se cuenta con un ministerio, iniciativas en curso y quiz\u00e1s lo m\u00e1s significativo, la incorporaci\u00f3n de la cultura como uno de los 12 objetivos del \u201c<span style=\"font-weight:bold;\">plan del bien vivir<\/span>\u201d, a\u00fan, pese a la sostenida cr\u00edtica al proceso de participaci\u00f3n en la generaci\u00f3n de la ley de culturas que manifiestan los gestores locales presentes en el encuentro. Como se\u00f1alara una de ellas, \u201c<span style=\"font-style:italic;\">estamos pidiendo a ritos que nos dejen participar y no nos toman en cuenta<\/span>\u201d, graficando la situaci\u00f3n.<\/p>\n<p>No obstante y a diferencia de otros procesos de generaci\u00f3n de pol\u00edtica, como el de Chile, m\u00e1s de 5.000 personas participaron en los di\u00e1logos y encuentros regionales realizados para la elaboraci\u00f3n de la pol\u00edtica, aunque finalmente dicho proceso no fuera considerado por las autoridades, a decir de algunos agentes que participaron activamente en el dise\u00f1o de este.<\/p>\n<p>Pese a ello, y como siempre en estos casos, artistas, gestores y organizaciones generan sus espacios y se articulan aprovechando las oportunidades existentes y venciendo dificultades. Proyectos como \u201cQuito chiquito\u201d, (Encuentro de arte para ni\u00f1os y ni\u00f1as), la Escuela itinerante de Danza Guandul, Corporaci\u00f3n Cuarto Piso, Revista El apuntador, Ciudarte y Progescu, Asociaci\u00f3n que agrupa a los gestores culturales, son parte de un a todas luces, activo movimiento cultural que busca aunar esfuerzos.<\/p>\n<p><span style=\"font-weight:bold;\">Los acuerdos: encuentro de las redes y potenciar lo ya existente<\/span><\/p>\n<p>Que el campo de la cultura y la gesti\u00f3n cultural en Latinoam\u00e9rica experimentan un proceso de incremento de la asociatividad, ya no es una sorpresa. Lenta pero sostenidamente, diversos esfuerzos desde el \u00e1mbito local, al internacional, reivindican el trabajo colaborativo como estrategia, de cooperaci\u00f3n e intercambio para el desarrollo de su quehacer. Desde las peque\u00f1as redes sectoriales, a esfuerzos de \u00edndole internacional, las redes conectan y articulan voluntades, acciones y recursos y buscan encontrarse.<\/p>\n<p>Uno de estos esfuerzos, con buen camino avanzado es la \u201cPlataforma Puente\u201d, cuyo encuentro de Medell\u00edn en octubre del 2010, reuni\u00f3 un importante n\u00famero de organizaciones que se plantean fortalecer el papel de la ciudadan\u00eda en la agenda p\u00fablica. La campa\u00f1a por el impulso de las metas del 1% del presupuesto nacional y municipal y el 0.1% para la cultura viva comunitaria, aparece como una de las propuestas m\u00e1s interesantes de este espacio, que sigue sumando adhesiones.<\/p>\n<p>En el campo de la gesti\u00f3n cultural, el componente asociativo va cobrando fuerza y desde hace tiempo, comienza a instalarse en la agenda del sector. Solo el a\u00f1o 2010, se realizaron importantes eventos en M\u00e9xico, Colombia (Santander y Cali), Argentina, Chile, adem\u00e1s del VIII Campus de Cooperaci\u00f3n Cultural en Palma de Gran Canaria. Para este a\u00f1o, la agenda cuenta ya con el encuentro nacional realizado en Panam\u00e1, a los que se suman en los pr\u00f3ximos meses el encuentro nacional de gestores culturales de M\u00e9xico (Tijuana, Julio), El 2\u00ba encuentro de Gestores Culturales de Danza (Julio, en Santiago) y los Congresos nacionales de gesti\u00f3n cultural de Ecuador (Septiembre) y Chile (Noviembre).<\/p>\n<p>En esta direcci\u00f3n el encuentro de Quito concluye en iniciar un proceso de acercamiento y articulaci\u00f3n entre las redes y organizaciones que favorezca el actuar conjunto en perspectiva del desarrollo de proyectos concretos, que es donde finalmente se pone a prueba la proyecci\u00f3n de estos espacios. Entre abrazos y canelazos, la asociatividad da otro paso desde Ecuador.<\/p>\n<p><a href=\"http:\/\/robertoguerra.files.wordpress.com\/2011\/04\/carta-de-quito.doc\">DESCARGAR CARTA DE QUITO <\/a><\/p>\n","protected":false},"excerpt":{"rendered":"<p>Por Roberto Guerra V.Gestor Cultural Con la \u201cCarta de Quito\u201d, acuerdos de colaboraci\u00f3n entre redes y la voluntad de profundizar el desarrollo de acciones concretas entre las diversas plataformas asociativas, concluy\u00f3 en Ecuador, el 2 de abril reci\u00e9n pasado, el encuentro \u201cCultura de red. Din\u00e1micas, innovaci\u00f3n y acci\u00f3n para la cooperaci\u00f3n regional\u201d. Convocado por Cultura [&hellip;]<\/p>\n","protected":false},"author":1,"featured_media":0,"comment_status":"open","ping_status":"open","sticky":false,"template":"","format":"standard","meta":{"footnotes":""},"categories":[207],"tags":[],"class_list":["post-8812","post","type-post","status-publish","format-standard","hentry","category-gestion-cultural"],"yoast_head":"<!-- This site is optimized with the Yoast SEO plugin v25.0 - https:\/\/yoast.com\/wordpress\/plugins\/seo\/ -->\n<title>Redes Culturales Se Re\u00fanen En Quito - Nuestro Bio B\u00edo<\/title>\n<meta name=\"robots\" content=\"index, follow, max-snippet:-1, max-image-preview:large, max-video-preview:-1\" \/>\n<link rel=\"canonical\" href=\"https:\/\/www.fraczinet.cl\/sitio\/2011\/04\/09\/redes-culturales-se-reunen-en-quito\/\" \/>\n<meta property=\"og:locale\" content=\"es_ES\" \/>\n<meta property=\"og:type\" content=\"article\" \/>\n<meta property=\"og:title\" content=\"Redes Culturales Se Re\u00fanen En Quito - Nuestro Bio B\u00edo\" \/>\n<meta property=\"og:description\" content=\"Por Roberto Guerra V.Gestor Cultural Con la \u201cCarta de Quito\u201d, acuerdos de colaboraci\u00f3n entre redes y la voluntad de profundizar el desarrollo de acciones concretas entre las diversas plataformas asociativas, concluy\u00f3 en Ecuador, el 2 de abril reci\u00e9n pasado, el encuentro \u201cCultura de red. Din\u00e1micas, innovaci\u00f3n y acci\u00f3n para la cooperaci\u00f3n regional\u201d. Convocado por Cultura [&hellip;]\" \/>\n<meta property=\"og:url\" content=\"https:\/\/www.fraczinet.cl\/sitio\/2011\/04\/09\/redes-culturales-se-reunen-en-quito\/\" \/>\n<meta property=\"og:site_name\" content=\"Nuestro Bio B\u00edo\" \/>\n<meta property=\"article:published_time\" content=\"2011-04-09T21:10:00+00:00\" \/>\n<meta property=\"og:image\" content=\"https:\/\/www.fraczinet.cl\/sitio\/wp-content\/uploads\/2021\/07\/bannerlogo-1.gif\" \/>\n\t<meta property=\"og:image:width\" content=\"159\" \/>\n\t<meta property=\"og:image:height\" content=\"79\" \/>\n\t<meta property=\"og:image:type\" content=\"image\/gif\" \/>\n<meta name=\"author\" content=\"admin\" \/>\n<meta name=\"twitter:card\" content=\"summary_large_image\" \/>\n<meta name=\"twitter:creator\" content=\"@nuestrobiobio\" \/>\n<meta name=\"twitter:site\" content=\"@nuestrobiobio\" \/>\n<meta name=\"twitter:label1\" content=\"Escrito por\" \/>\n\t<meta name=\"twitter:data1\" content=\"admin\" \/>\n\t<meta name=\"twitter:label2\" content=\"Tiempo de lectura\" \/>\n\t<meta name=\"twitter:data2\" content=\"4 minutos\" \/>\n<script type=\"application\/ld+json\" class=\"yoast-schema-graph\">{\"@context\":\"https:\/\/schema.org\",\"@graph\":[{\"@type\":\"Article\",\"@id\":\"https:\/\/www.fraczinet.cl\/sitio\/2011\/04\/09\/redes-culturales-se-reunen-en-quito\/#article\",\"isPartOf\":{\"@id\":\"https:\/\/www.fraczinet.cl\/sitio\/2011\/04\/09\/redes-culturales-se-reunen-en-quito\/\"},\"author\":{\"name\":\"admin\",\"@id\":\"https:\/\/www.fraczinet.cl\/sitio\/#\/schema\/person\/bc30f98e9cb10ae7e119dbe14bc93784\"},\"headline\":\"Redes Culturales Se Re\u00fanen En Quito\",\"datePublished\":\"2011-04-09T21:10:00+00:00\",\"mainEntityOfPage\":{\"@id\":\"https:\/\/www.fraczinet.cl\/sitio\/2011\/04\/09\/redes-culturales-se-reunen-en-quito\/\"},\"wordCount\":790,\"commentCount\":0,\"publisher\":{\"@id\":\"https:\/\/www.fraczinet.cl\/sitio\/#\/schema\/person\/aec8ee4da68df2b9b0eefdad24a0d582\"},\"articleSection\":[\"Gesti\u00f3n Cultural\"],\"inLanguage\":\"es\",\"potentialAction\":[{\"@type\":\"CommentAction\",\"name\":\"Comment\",\"target\":[\"https:\/\/www.fraczinet.cl\/sitio\/2011\/04\/09\/redes-culturales-se-reunen-en-quito\/#respond\"]}]},{\"@type\":\"WebPage\",\"@id\":\"https:\/\/www.fraczinet.cl\/sitio\/2011\/04\/09\/redes-culturales-se-reunen-en-quito\/\",\"url\":\"https:\/\/www.fraczinet.cl\/sitio\/2011\/04\/09\/redes-culturales-se-reunen-en-quito\/\",\"name\":\"Redes Culturales Se Re\u00fanen En Quito - Nuestro Bio B\u00edo\",\"isPartOf\":{\"@id\":\"https:\/\/www.fraczinet.cl\/sitio\/#website\"},\"datePublished\":\"2011-04-09T21:10:00+00:00\",\"breadcrumb\":{\"@id\":\"https:\/\/www.fraczinet.cl\/sitio\/2011\/04\/09\/redes-culturales-se-reunen-en-quito\/#breadcrumb\"},\"inLanguage\":\"es\",\"potentialAction\":[{\"@type\":\"ReadAction\",\"target\":[\"https:\/\/www.fraczinet.cl\/sitio\/2011\/04\/09\/redes-culturales-se-reunen-en-quito\/\"]}]},{\"@type\":\"BreadcrumbList\",\"@id\":\"https:\/\/www.fraczinet.cl\/sitio\/2011\/04\/09\/redes-culturales-se-reunen-en-quito\/#breadcrumb\",\"itemListElement\":[{\"@type\":\"ListItem\",\"position\":1,\"name\":\"Portada\",\"item\":\"https:\/\/www.fraczinet.cl\/sitio\/\"},{\"@type\":\"ListItem\",\"position\":2,\"name\":\"Redes Culturales Se Re\u00fanen En Quito\"}]},{\"@type\":\"WebSite\",\"@id\":\"https:\/\/www.fraczinet.cl\/sitio\/#website\",\"url\":\"https:\/\/www.fraczinet.cl\/sitio\/\",\"name\":\"Nuestro Bio B\u00edo\",\"description\":\"Tierra de Encuentros\",\"publisher\":{\"@id\":\"https:\/\/www.fraczinet.cl\/sitio\/#\/schema\/person\/aec8ee4da68df2b9b0eefdad24a0d582\"},\"potentialAction\":[{\"@type\":\"SearchAction\",\"target\":{\"@type\":\"EntryPoint\",\"urlTemplate\":\"https:\/\/www.fraczinet.cl\/sitio\/?s={search_term_string}\"},\"query-input\":{\"@type\":\"PropertyValueSpecification\",\"valueRequired\":true,\"valueName\":\"search_term_string\"}}],\"inLanguage\":\"es\"},{\"@type\":[\"Person\",\"Organization\"],\"@id\":\"https:\/\/www.fraczinet.cl\/sitio\/#\/schema\/person\/aec8ee4da68df2b9b0eefdad24a0d582\",\"name\":\"Luis Fernando Fraczinet\",\"image\":{\"@type\":\"ImageObject\",\"inLanguage\":\"es\",\"@id\":\"https:\/\/www.fraczinet.cl\/sitio\/#\/schema\/person\/image\/\",\"url\":\"https:\/\/www.fraczinet.cl\/sitio\/wp-content\/uploads\/2021\/07\/bannerlogo-1.gif\",\"contentUrl\":\"https:\/\/www.fraczinet.cl\/sitio\/wp-content\/uploads\/2021\/07\/bannerlogo-1.gif\",\"width\":159,\"height\":79,\"caption\":\"Luis Fernando Fraczinet\"},\"logo\":{\"@id\":\"https:\/\/www.fraczinet.cl\/sitio\/#\/schema\/person\/image\/\"},\"sameAs\":[\"https:\/\/www.fraczinet.cl\/sitio\/\"]},{\"@type\":\"Person\",\"@id\":\"https:\/\/www.fraczinet.cl\/sitio\/#\/schema\/person\/bc30f98e9cb10ae7e119dbe14bc93784\",\"name\":\"admin\",\"image\":{\"@type\":\"ImageObject\",\"inLanguage\":\"es\",\"@id\":\"https:\/\/www.fraczinet.cl\/sitio\/#\/schema\/person\/image\/\",\"url\":\"https:\/\/secure.gravatar.com\/avatar\/d5ad3cf7ef3b23a2bb5be73be780c86b2fc8545c3ad6b149f3913ff458c00099?s=96&d=mm&r=g\",\"contentUrl\":\"https:\/\/secure.gravatar.com\/avatar\/d5ad3cf7ef3b23a2bb5be73be780c86b2fc8545c3ad6b149f3913ff458c00099?s=96&d=mm&r=g\",\"caption\":\"admin\"},\"sameAs\":[\"https:\/\/www.fraczinet.cl\/sitio\"]}]}<\/script>\n<!-- \/ Yoast SEO plugin. -->","yoast_head_json":{"title":"Redes Culturales Se Re\u00fanen En Quito - Nuestro Bio B\u00edo","robots":{"index":"index","follow":"follow","max-snippet":"max-snippet:-1","max-image-preview":"max-image-preview:large","max-video-preview":"max-video-preview:-1"},"canonical":"https:\/\/www.fraczinet.cl\/sitio\/2011\/04\/09\/redes-culturales-se-reunen-en-quito\/","og_locale":"es_ES","og_type":"article","og_title":"Redes Culturales Se Re\u00fanen En Quito - Nuestro Bio B\u00edo","og_description":"Por Roberto Guerra V.Gestor Cultural Con la \u201cCarta de Quito\u201d, acuerdos de colaboraci\u00f3n entre redes y la voluntad de profundizar el desarrollo de acciones concretas entre las diversas plataformas asociativas, concluy\u00f3 en Ecuador, el 2 de abril reci\u00e9n pasado, el encuentro \u201cCultura de red. Din\u00e1micas, innovaci\u00f3n y acci\u00f3n para la cooperaci\u00f3n regional\u201d. Convocado por Cultura [&hellip;]","og_url":"https:\/\/www.fraczinet.cl\/sitio\/2011\/04\/09\/redes-culturales-se-reunen-en-quito\/","og_site_name":"Nuestro Bio B\u00edo","article_published_time":"2011-04-09T21:10:00+00:00","og_image":[{"width":159,"height":79,"url":"https:\/\/www.fraczinet.cl\/sitio\/wp-content\/uploads\/2021\/07\/bannerlogo-1.gif","type":"image\/gif"}],"author":"admin","twitter_card":"summary_large_image","twitter_creator":"@nuestrobiobio","twitter_site":"@nuestrobiobio","twitter_misc":{"Escrito por":"admin","Tiempo de lectura":"4 minutos"},"schema":{"@context":"https:\/\/schema.org","@graph":[{"@type":"Article","@id":"https:\/\/www.fraczinet.cl\/sitio\/2011\/04\/09\/redes-culturales-se-reunen-en-quito\/#article","isPartOf":{"@id":"https:\/\/www.fraczinet.cl\/sitio\/2011\/04\/09\/redes-culturales-se-reunen-en-quito\/"},"author":{"name":"admin","@id":"https:\/\/www.fraczinet.cl\/sitio\/#\/schema\/person\/bc30f98e9cb10ae7e119dbe14bc93784"},"headline":"Redes Culturales Se Re\u00fanen En Quito","datePublished":"2011-04-09T21:10:00+00:00","mainEntityOfPage":{"@id":"https:\/\/www.fraczinet.cl\/sitio\/2011\/04\/09\/redes-culturales-se-reunen-en-quito\/"},"wordCount":790,"commentCount":0,"publisher":{"@id":"https:\/\/www.fraczinet.cl\/sitio\/#\/schema\/person\/aec8ee4da68df2b9b0eefdad24a0d582"},"articleSection":["Gesti\u00f3n Cultural"],"inLanguage":"es","potentialAction":[{"@type":"CommentAction","name":"Comment","target":["https:\/\/www.fraczinet.cl\/sitio\/2011\/04\/09\/redes-culturales-se-reunen-en-quito\/#respond"]}]},{"@type":"WebPage","@id":"https:\/\/www.fraczinet.cl\/sitio\/2011\/04\/09\/redes-culturales-se-reunen-en-quito\/","url":"https:\/\/www.fraczinet.cl\/sitio\/2011\/04\/09\/redes-culturales-se-reunen-en-quito\/","name":"Redes Culturales Se Re\u00fanen En Quito - Nuestro Bio B\u00edo","isPartOf":{"@id":"https:\/\/www.fraczinet.cl\/sitio\/#website"},"datePublished":"2011-04-09T21:10:00+00:00","breadcrumb":{"@id":"https:\/\/www.fraczinet.cl\/sitio\/2011\/04\/09\/redes-culturales-se-reunen-en-quito\/#breadcrumb"},"inLanguage":"es","potentialAction":[{"@type":"ReadAction","target":["https:\/\/www.fraczinet.cl\/sitio\/2011\/04\/09\/redes-culturales-se-reunen-en-quito\/"]}]},{"@type":"BreadcrumbList","@id":"https:\/\/www.fraczinet.cl\/sitio\/2011\/04\/09\/redes-culturales-se-reunen-en-quito\/#breadcrumb","itemListElement":[{"@type":"ListItem","position":1,"name":"Portada","item":"https:\/\/www.fraczinet.cl\/sitio\/"},{"@type":"ListItem","position":2,"name":"Redes Culturales Se Re\u00fanen En Quito"}]},{"@type":"WebSite","@id":"https:\/\/www.fraczinet.cl\/sitio\/#website","url":"https:\/\/www.fraczinet.cl\/sitio\/","name":"Nuestro Bio B\u00edo","description":"Tierra de Encuentros","publisher":{"@id":"https:\/\/www.fraczinet.cl\/sitio\/#\/schema\/person\/aec8ee4da68df2b9b0eefdad24a0d582"},"potentialAction":[{"@type":"SearchAction","target":{"@type":"EntryPoint","urlTemplate":"https:\/\/www.fraczinet.cl\/sitio\/?s={search_term_string}"},"query-input":{"@type":"PropertyValueSpecification","valueRequired":true,"valueName":"search_term_string"}}],"inLanguage":"es"},{"@type":["Person","Organization"],"@id":"https:\/\/www.fraczinet.cl\/sitio\/#\/schema\/person\/aec8ee4da68df2b9b0eefdad24a0d582","name":"Luis Fernando Fraczinet","image":{"@type":"ImageObject","inLanguage":"es","@id":"https:\/\/www.fraczinet.cl\/sitio\/#\/schema\/person\/image\/","url":"https:\/\/www.fraczinet.cl\/sitio\/wp-content\/uploads\/2021\/07\/bannerlogo-1.gif","contentUrl":"https:\/\/www.fraczinet.cl\/sitio\/wp-content\/uploads\/2021\/07\/bannerlogo-1.gif","width":159,"height":79,"caption":"Luis Fernando Fraczinet"},"logo":{"@id":"https:\/\/www.fraczinet.cl\/sitio\/#\/schema\/person\/image\/"},"sameAs":["https:\/\/www.fraczinet.cl\/sitio\/"]},{"@type":"Person","@id":"https:\/\/www.fraczinet.cl\/sitio\/#\/schema\/person\/bc30f98e9cb10ae7e119dbe14bc93784","name":"admin","image":{"@type":"ImageObject","inLanguage":"es","@id":"https:\/\/www.fraczinet.cl\/sitio\/#\/schema\/person\/image\/","url":"https:\/\/secure.gravatar.com\/avatar\/d5ad3cf7ef3b23a2bb5be73be780c86b2fc8545c3ad6b149f3913ff458c00099?s=96&d=mm&r=g","contentUrl":"https:\/\/secure.gravatar.com\/avatar\/d5ad3cf7ef3b23a2bb5be73be780c86b2fc8545c3ad6b149f3913ff458c00099?s=96&d=mm&r=g","caption":"admin"},"sameAs":["https:\/\/www.fraczinet.cl\/sitio"]}]}},"_links":{"self":[{"href":"https:\/\/www.fraczinet.cl\/sitio\/wp-json\/wp\/v2\/posts\/8812","targetHints":{"allow":["GET"]}}],"collection":[{"href":"https:\/\/www.fraczinet.cl\/sitio\/wp-json\/wp\/v2\/posts"}],"about":[{"href":"https:\/\/www.fraczinet.cl\/sitio\/wp-json\/wp\/v2\/types\/post"}],"author":[{"embeddable":true,"href":"https:\/\/www.fraczinet.cl\/sitio\/wp-json\/wp\/v2\/users\/1"}],"replies":[{"embeddable":true,"href":"https:\/\/www.fraczinet.cl\/sitio\/wp-json\/wp\/v2\/comments?post=8812"}],"version-history":[{"count":0,"href":"https:\/\/www.fraczinet.cl\/sitio\/wp-json\/wp\/v2\/posts\/8812\/revisions"}],"wp:attachment":[{"href":"https:\/\/www.fraczinet.cl\/sitio\/wp-json\/wp\/v2\/media?parent=8812"}],"wp:term":[{"taxonomy":"category","embeddable":true,"href":"https:\/\/www.fraczinet.cl\/sitio\/wp-json\/wp\/v2\/categories?post=8812"},{"taxonomy":"post_tag","embeddable":true,"href":"https:\/\/www.fraczinet.cl\/sitio\/wp-json\/wp\/v2\/tags?post=8812"}],"curies":[{"name":"wp","href":"https:\/\/api.w.org\/{rel}","templated":true}]}}