{"id":8816,"date":"2011-04-06T20:08:00","date_gmt":"2011-04-06T20:08:00","guid":{"rendered":"https:\/\/www.fraczinet.cl\/sitio\/2011\/04\/06\/comuna-de-arauco-entrego-fondos-para-el-emprendimiento\/"},"modified":"2011-04-06T20:08:00","modified_gmt":"2011-04-06T20:08:00","slug":"comuna-de-arauco-entrego-fondos-para-el-emprendimiento","status":"publish","type":"post","link":"https:\/\/www.fraczinet.cl\/sitio\/comuna-de-arauco-entrego-fondos-para-el-emprendimiento\/","title":{"rendered":"Comuna De Arauco Entreg\u00f3 Fondos Para El Emprendimiento"},"content":{"rendered":"<div><a href=\"http:\/\/2.bp.blogspot.com\/-1cXRTQvumHA\/TZzI3KP3rpI\/AAAAAAAAShQ\/QtQHrtMEkLE\/s1600\/CapitalSemilla1.jpg\" style=\"clear: left; float: left; margin-bottom: 1em; margin-right: 1em;\"><img decoding=\"async\" alt=\"\" border=\"0\" id=\"BLOGGER_PHOTO_ID_5592565687256592018\" src=\"http:\/\/2.bp.blogspot.com\/-1cXRTQvumHA\/TZzI3KP3rpI\/AAAAAAAAShQ\/QtQHrtMEkLE\/s400\/CapitalSemilla1.jpg\" style=\"cursor: pointer; height: 167px; width: 400px;\" \/><\/a><\/div>\n<p> En una sencilla ceremonia, encabezada por la gobernadora Flor Weisse, el alcalde Mauricio Alarc\u00f3n y los representantes del sector privado comunal, se certific\u00f3 en Arauco a 47 emprendedores como acreedores del Fondo Capital Semilla Comunal.  En su segunda versi\u00f3n, el Fondo Municipal \u2013iniciativa de la administraci\u00f3n del Alcalde Mauricio Alarc\u00f3n- cont\u00f3 con los aportes de empresas Arauco y Acciona, adem\u00e1s de la asistencia t\u00e9cnica de CorpArauco, lo que permiti\u00f3 aumentar considerablemente los recursos de este fondo concursable; duplicando los siete millones de pesos de 2009.  A trav\u00e9s de la l\u00ednea de Emprendimiento y Reconstrucci\u00f3n, se busc\u00f3 incentivar las ideas productivas innovadoras y apoyar a las mypes (micro y peque\u00f1as empresas)  damnificadas del 27F. Mientras a los emprendedores se les otorg\u00f3 un fondo de hasta quinientos mil pesos; los comerciantes recibieron un subsidio de hasta trescientos mil.   Cabe se\u00f1alar que este Fondo araucano permite no s\u00f3lo desarrollar nuevas ideas de negocio, sino que tambi\u00e9n financia infraestructura, equipamiento y capital de trabajo; generando en la mayor\u00eda de los casos empleabilidad.<\/p>\n","protected":false},"excerpt":{"rendered":"<p>En una sencilla ceremonia, encabezada por la gobernadora Flor Weisse, el alcalde Mauricio Alarc\u00f3n y los representantes del sector privado comunal, se certific\u00f3 en Arauco a 47 emprendedores como acreedores del Fondo Capital Semilla Comunal. En su segunda versi\u00f3n, el Fondo Municipal \u2013iniciativa de la administraci\u00f3n del Alcalde Mauricio Alarc\u00f3n- cont\u00f3 con los aportes de [&hellip;]<\/p>\n","protected":false},"author":1,"featured_media":0,"comment_status":"open","ping_status":"closed","sticky":false,"template":"","format":"standard","meta":{"footnotes":""},"categories":[178],"tags":[],"class_list":["post-8816","post","type-post","status-publish","format-standard","hentry","category-fondos-concursables"],"yoast_head":"<!-- This site is optimized with the Yoast SEO plugin v28.2 - https:\/\/yoast.com\/product\/yoast-seo-wordpress\/ -->\n<title>Comuna De Arauco Entreg\u00f3 Fondos Para El Emprendimiento - Nuestro Bio B\u00edo<\/title>\n<meta name=\"robots\" content=\"index, follow, max-snippet:-1, max-image-preview:large, max-video-preview:-1\" \/>\n<link rel=\"canonical\" href=\"https:\/\/www.fraczinet.cl\/sitio\/comuna-de-arauco-entrego-fondos-para-el-emprendimiento\/\" \/>\n<meta property=\"og:locale\" content=\"es_ES\" \/>\n<meta property=\"og:type\" content=\"article\" \/>\n<meta property=\"og:title\" content=\"Comuna De Arauco Entreg\u00f3 Fondos Para El Emprendimiento - Nuestro Bio B\u00edo\" \/>\n<meta property=\"og:description\" content=\"En una sencilla ceremonia, encabezada por la gobernadora Flor Weisse, el alcalde Mauricio Alarc\u00f3n y los representantes del sector privado comunal, se certific\u00f3 en Arauco a 47 emprendedores como acreedores del Fondo Capital Semilla Comunal. En su segunda versi\u00f3n, el Fondo Municipal \u2013iniciativa de la administraci\u00f3n del Alcalde Mauricio Alarc\u00f3n- cont\u00f3 con los aportes de [&hellip;]\" \/>\n<meta property=\"og:url\" content=\"https:\/\/www.fraczinet.cl\/sitio\/comuna-de-arauco-entrego-fondos-para-el-emprendimiento\/\" \/>\n<meta property=\"og:site_name\" content=\"Nuestro Bio B\u00edo\" \/>\n<meta property=\"article:publisher\" content=\"https:\/\/www.facebook.com\/groups\/15721414452\/\" \/>\n<meta property=\"article:published_time\" content=\"2011-04-06T20:08:00+00:00\" \/>\n<meta property=\"og:image\" content=\"http:\/\/2.bp.blogspot.com\/-1cXRTQvumHA\/TZzI3KP3rpI\/AAAAAAAAShQ\/QtQHrtMEkLE\/s400\/CapitalSemilla1.jpg\" \/>\n<meta name=\"twitter:card\" content=\"summary_large_image\" \/>\n<meta name=\"twitter:creator\" content=\"@nuestrobiobio\" \/>\n<meta name=\"twitter:site\" content=\"@nuestrobiobio\" \/>\n<meta name=\"twitter:label1\" content=\"Escrito por\" \/>\n\t<meta name=\"twitter:data1\" content=\"\" \/>\n\t<meta name=\"twitter:label2\" content=\"Tiempo de lectura\" \/>\n\t<meta name=\"twitter:data2\" content=\"1 minuto\" \/>\n<script type=\"application\/ld+json\" class=\"yoast-schema-graph\">{\"@context\":\"https:\\\/\\\/schema.org\",\"@graph\":[{\"@type\":\"Article\",\"@id\":\"https:\\\/\\\/www.fraczinet.cl\\\/sitio\\\/comuna-de-arauco-entrego-fondos-para-el-emprendimiento\\\/#article\",\"isPartOf\":{\"@id\":\"https:\\\/\\\/www.fraczinet.cl\\\/sitio\\\/comuna-de-arauco-entrego-fondos-para-el-emprendimiento\\\/\"},\"author\":{\"name\":\"\",\"@id\":\"\"},\"headline\":\"Comuna De Arauco Entreg\u00f3 Fondos Para El Emprendimiento\",\"datePublished\":\"2011-04-06T20:08:00+00:00\",\"mainEntityOfPage\":{\"@id\":\"https:\\\/\\\/www.fraczinet.cl\\\/sitio\\\/comuna-de-arauco-entrego-fondos-para-el-emprendimiento\\\/\"},\"wordCount\":188,\"commentCount\":0,\"image\":{\"@id\":\"https:\\\/\\\/www.fraczinet.cl\\\/sitio\\\/comuna-de-arauco-entrego-fondos-para-el-emprendimiento\\\/#primaryimage\"},\"thumbnailUrl\":\"http:\\\/\\\/2.bp.blogspot.com\\\/-1cXRTQvumHA\\\/TZzI3KP3rpI\\\/AAAAAAAAShQ\\\/QtQHrtMEkLE\\\/s400\\\/CapitalSemilla1.jpg\",\"articleSection\":[\"Fondos Concursables\"],\"inLanguage\":\"es\",\"potentialAction\":[{\"@type\":\"CommentAction\",\"name\":\"Comment\",\"target\":[\"https:\\\/\\\/www.fraczinet.cl\\\/sitio\\\/comuna-de-arauco-entrego-fondos-para-el-emprendimiento\\\/#respond\"]}]},{\"@type\":\"WebPage\",\"@id\":\"https:\\\/\\\/www.fraczinet.cl\\\/sitio\\\/comuna-de-arauco-entrego-fondos-para-el-emprendimiento\\\/\",\"url\":\"https:\\\/\\\/www.fraczinet.cl\\\/sitio\\\/comuna-de-arauco-entrego-fondos-para-el-emprendimiento\\\/\",\"name\":\"Comuna De Arauco Entreg\u00f3 Fondos Para El Emprendimiento - Nuestro Bio B\u00edo\",\"isPartOf\":{\"@id\":\"https:\\\/\\\/www.fraczinet.cl\\\/sitio\\\/#website\"},\"primaryImageOfPage\":{\"@id\":\"https:\\\/\\\/www.fraczinet.cl\\\/sitio\\\/comuna-de-arauco-entrego-fondos-para-el-emprendimiento\\\/#primaryimage\"},\"image\":{\"@id\":\"https:\\\/\\\/www.fraczinet.cl\\\/sitio\\\/comuna-de-arauco-entrego-fondos-para-el-emprendimiento\\\/#primaryimage\"},\"thumbnailUrl\":\"http:\\\/\\\/2.bp.blogspot.com\\\/-1cXRTQvumHA\\\/TZzI3KP3rpI\\\/AAAAAAAAShQ\\\/QtQHrtMEkLE\\\/s400\\\/CapitalSemilla1.jpg\",\"datePublished\":\"2011-04-06T20:08:00+00:00\",\"author\":{\"@id\":\"\"},\"breadcrumb\":{\"@id\":\"https:\\\/\\\/www.fraczinet.cl\\\/sitio\\\/comuna-de-arauco-entrego-fondos-para-el-emprendimiento\\\/#breadcrumb\"},\"inLanguage\":\"es\",\"potentialAction\":[{\"@type\":\"ReadAction\",\"target\":[\"https:\\\/\\\/www.fraczinet.cl\\\/sitio\\\/comuna-de-arauco-entrego-fondos-para-el-emprendimiento\\\/\"]}]},{\"@type\":\"ImageObject\",\"inLanguage\":\"es\",\"@id\":\"https:\\\/\\\/www.fraczinet.cl\\\/sitio\\\/comuna-de-arauco-entrego-fondos-para-el-emprendimiento\\\/#primaryimage\",\"url\":\"http:\\\/\\\/2.bp.blogspot.com\\\/-1cXRTQvumHA\\\/TZzI3KP3rpI\\\/AAAAAAAAShQ\\\/QtQHrtMEkLE\\\/s400\\\/CapitalSemilla1.jpg\",\"contentUrl\":\"http:\\\/\\\/2.bp.blogspot.com\\\/-1cXRTQvumHA\\\/TZzI3KP3rpI\\\/AAAAAAAAShQ\\\/QtQHrtMEkLE\\\/s400\\\/CapitalSemilla1.jpg\"},{\"@type\":\"BreadcrumbList\",\"@id\":\"https:\\\/\\\/www.fraczinet.cl\\\/sitio\\\/comuna-de-arauco-entrego-fondos-para-el-emprendimiento\\\/#breadcrumb\",\"itemListElement\":[{\"@type\":\"ListItem\",\"position\":1,\"name\":\"Portada\",\"item\":\"https:\\\/\\\/www.fraczinet.cl\\\/sitio\\\/\"},{\"@type\":\"ListItem\",\"position\":2,\"name\":\"Comuna De Arauco Entreg\u00f3 Fondos Para El Emprendimiento\"}]},{\"@type\":\"WebSite\",\"@id\":\"https:\\\/\\\/www.fraczinet.cl\\\/sitio\\\/#website\",\"url\":\"https:\\\/\\\/www.fraczinet.cl\\\/sitio\\\/\",\"name\":\"Nuestro Bio B\u00edo\",\"description\":\"Tierra de Encuentros\",\"potentialAction\":[{\"@type\":\"SearchAction\",\"target\":{\"@type\":\"EntryPoint\",\"urlTemplate\":\"https:\\\/\\\/www.fraczinet.cl\\\/sitio\\\/?s={search_term_string}\"},\"query-input\":{\"@type\":\"PropertyValueSpecification\",\"valueRequired\":true,\"valueName\":\"search_term_string\"}}],\"inLanguage\":\"es\"},{\"@type\":\"Person\",\"@id\":\"\"}]}<\/script>\n<!-- \/ Yoast SEO plugin. -->","yoast_head_json":{"title":"Comuna De Arauco Entreg\u00f3 Fondos Para El Emprendimiento - Nuestro Bio B\u00edo","robots":{"index":"index","follow":"follow","max-snippet":"max-snippet:-1","max-image-preview":"max-image-preview:large","max-video-preview":"max-video-preview:-1"},"canonical":"https:\/\/www.fraczinet.cl\/sitio\/comuna-de-arauco-entrego-fondos-para-el-emprendimiento\/","og_locale":"es_ES","og_type":"article","og_title":"Comuna De Arauco Entreg\u00f3 Fondos Para El Emprendimiento - Nuestro Bio B\u00edo","og_description":"En una sencilla ceremonia, encabezada por la gobernadora Flor Weisse, el alcalde Mauricio Alarc\u00f3n y los representantes del sector privado comunal, se certific\u00f3 en Arauco a 47 emprendedores como acreedores del Fondo Capital Semilla Comunal. En su segunda versi\u00f3n, el Fondo Municipal \u2013iniciativa de la administraci\u00f3n del Alcalde Mauricio Alarc\u00f3n- cont\u00f3 con los aportes de [&hellip;]","og_url":"https:\/\/www.fraczinet.cl\/sitio\/comuna-de-arauco-entrego-fondos-para-el-emprendimiento\/","og_site_name":"Nuestro Bio B\u00edo","article_publisher":"https:\/\/www.facebook.com\/groups\/15721414452\/","article_published_time":"2011-04-06T20:08:00+00:00","og_image":[{"url":"http:\/\/2.bp.blogspot.com\/-1cXRTQvumHA\/TZzI3KP3rpI\/AAAAAAAAShQ\/QtQHrtMEkLE\/s400\/CapitalSemilla1.jpg","type":"","width":"","height":""}],"twitter_card":"summary_large_image","twitter_creator":"@nuestrobiobio","twitter_site":"@nuestrobiobio","twitter_misc":{"Escrito por":"","Tiempo de lectura":"1 minuto"},"schema":{"@context":"https:\/\/schema.org","@graph":[{"@type":"Article","@id":"https:\/\/www.fraczinet.cl\/sitio\/comuna-de-arauco-entrego-fondos-para-el-emprendimiento\/#article","isPartOf":{"@id":"https:\/\/www.fraczinet.cl\/sitio\/comuna-de-arauco-entrego-fondos-para-el-emprendimiento\/"},"author":{"name":"","@id":""},"headline":"Comuna De Arauco Entreg\u00f3 Fondos Para El Emprendimiento","datePublished":"2011-04-06T20:08:00+00:00","mainEntityOfPage":{"@id":"https:\/\/www.fraczinet.cl\/sitio\/comuna-de-arauco-entrego-fondos-para-el-emprendimiento\/"},"wordCount":188,"commentCount":0,"image":{"@id":"https:\/\/www.fraczinet.cl\/sitio\/comuna-de-arauco-entrego-fondos-para-el-emprendimiento\/#primaryimage"},"thumbnailUrl":"http:\/\/2.bp.blogspot.com\/-1cXRTQvumHA\/TZzI3KP3rpI\/AAAAAAAAShQ\/QtQHrtMEkLE\/s400\/CapitalSemilla1.jpg","articleSection":["Fondos Concursables"],"inLanguage":"es","potentialAction":[{"@type":"CommentAction","name":"Comment","target":["https:\/\/www.fraczinet.cl\/sitio\/comuna-de-arauco-entrego-fondos-para-el-emprendimiento\/#respond"]}]},{"@type":"WebPage","@id":"https:\/\/www.fraczinet.cl\/sitio\/comuna-de-arauco-entrego-fondos-para-el-emprendimiento\/","url":"https:\/\/www.fraczinet.cl\/sitio\/comuna-de-arauco-entrego-fondos-para-el-emprendimiento\/","name":"Comuna De Arauco Entreg\u00f3 Fondos Para El Emprendimiento - Nuestro Bio B\u00edo","isPartOf":{"@id":"https:\/\/www.fraczinet.cl\/sitio\/#website"},"primaryImageOfPage":{"@id":"https:\/\/www.fraczinet.cl\/sitio\/comuna-de-arauco-entrego-fondos-para-el-emprendimiento\/#primaryimage"},"image":{"@id":"https:\/\/www.fraczinet.cl\/sitio\/comuna-de-arauco-entrego-fondos-para-el-emprendimiento\/#primaryimage"},"thumbnailUrl":"http:\/\/2.bp.blogspot.com\/-1cXRTQvumHA\/TZzI3KP3rpI\/AAAAAAAAShQ\/QtQHrtMEkLE\/s400\/CapitalSemilla1.jpg","datePublished":"2011-04-06T20:08:00+00:00","author":{"@id":""},"breadcrumb":{"@id":"https:\/\/www.fraczinet.cl\/sitio\/comuna-de-arauco-entrego-fondos-para-el-emprendimiento\/#breadcrumb"},"inLanguage":"es","potentialAction":[{"@type":"ReadAction","target":["https:\/\/www.fraczinet.cl\/sitio\/comuna-de-arauco-entrego-fondos-para-el-emprendimiento\/"]}]},{"@type":"ImageObject","inLanguage":"es","@id":"https:\/\/www.fraczinet.cl\/sitio\/comuna-de-arauco-entrego-fondos-para-el-emprendimiento\/#primaryimage","url":"http:\/\/2.bp.blogspot.com\/-1cXRTQvumHA\/TZzI3KP3rpI\/AAAAAAAAShQ\/QtQHrtMEkLE\/s400\/CapitalSemilla1.jpg","contentUrl":"http:\/\/2.bp.blogspot.com\/-1cXRTQvumHA\/TZzI3KP3rpI\/AAAAAAAAShQ\/QtQHrtMEkLE\/s400\/CapitalSemilla1.jpg"},{"@type":"BreadcrumbList","@id":"https:\/\/www.fraczinet.cl\/sitio\/comuna-de-arauco-entrego-fondos-para-el-emprendimiento\/#breadcrumb","itemListElement":[{"@type":"ListItem","position":1,"name":"Portada","item":"https:\/\/www.fraczinet.cl\/sitio\/"},{"@type":"ListItem","position":2,"name":"Comuna De Arauco Entreg\u00f3 Fondos Para El Emprendimiento"}]},{"@type":"WebSite","@id":"https:\/\/www.fraczinet.cl\/sitio\/#website","url":"https:\/\/www.fraczinet.cl\/sitio\/","name":"Nuestro Bio B\u00edo","description":"Tierra de Encuentros","potentialAction":[{"@type":"SearchAction","target":{"@type":"EntryPoint","urlTemplate":"https:\/\/www.fraczinet.cl\/sitio\/?s={search_term_string}"},"query-input":{"@type":"PropertyValueSpecification","valueRequired":true,"valueName":"search_term_string"}}],"inLanguage":"es"},{"@type":"Person","@id":""}]}},"_links":{"self":[{"href":"https:\/\/www.fraczinet.cl\/sitio\/wp-json\/wp\/v2\/posts\/8816","targetHints":{"allow":["GET"]}}],"collection":[{"href":"https:\/\/www.fraczinet.cl\/sitio\/wp-json\/wp\/v2\/posts"}],"about":[{"href":"https:\/\/www.fraczinet.cl\/sitio\/wp-json\/wp\/v2\/types\/post"}],"author":[{"embeddable":true,"href":"https:\/\/www.fraczinet.cl\/sitio\/wp-json\/wp\/v2\/users\/1"}],"replies":[{"embeddable":true,"href":"https:\/\/www.fraczinet.cl\/sitio\/wp-json\/wp\/v2\/comments?post=8816"}],"version-history":[{"count":0,"href":"https:\/\/www.fraczinet.cl\/sitio\/wp-json\/wp\/v2\/posts\/8816\/revisions"}],"wp:attachment":[{"href":"https:\/\/www.fraczinet.cl\/sitio\/wp-json\/wp\/v2\/media?parent=8816"}],"wp:term":[{"taxonomy":"category","embeddable":true,"href":"https:\/\/www.fraczinet.cl\/sitio\/wp-json\/wp\/v2\/categories?post=8816"},{"taxonomy":"post_tag","embeddable":true,"href":"https:\/\/www.fraczinet.cl\/sitio\/wp-json\/wp\/v2\/tags?post=8816"}],"curies":[{"name":"wp","href":"https:\/\/api.w.org\/{rel}","templated":true}]}}