{"id":8818,"date":"2011-04-06T14:41:00","date_gmt":"2011-04-06T14:41:00","guid":{"rendered":"https:\/\/www.fraczinet.cl\/sitio\/2011\/04\/06\/pantallazos-latinoamericanos-en-plan-b-todos-los-miercoles\/"},"modified":"2022-10-07T02:27:37","modified_gmt":"2022-10-07T02:27:37","slug":"pantallazos-latinoamericanos-en-plan-b-todos-los-miercoles","status":"publish","type":"post","link":"https:\/\/www.fraczinet.cl\/sitio\/2011\/04\/06\/pantallazos-latinoamericanos-en-plan-b-todos-los-miercoles\/","title":{"rendered":"Pantallazos Latinoamericanos En Plan B Todos Los Mi\u00e9rcoles"},"content":{"rendered":"<p><a href=\"http:\/\/2.bp.blogspot.com\/-AR3hFB2yDFo\/TZx-om9lqHI\/AAAAAAAAShA\/Io0qSpPjkMA\/s1600\/Pantallazos%2Blatinoamericanos.jpg\"><img decoding=\"async\" id=\"BLOGGER_PHOTO_ID_5592484073406048370\" style=\"cursor: pointer; float: left; height: 265px; margin: 0px 10px 10px 0px; width: 200px;\" src=\"http:\/\/2.bp.blogspot.com\/-AR3hFB2yDFo\/TZx-om9lqHI\/AAAAAAAAShA\/Io0qSpPjkMA\/s400\/Pantallazos%2Blatinoamericanos.jpg\" alt=\"\" border=\"0\" \/><\/a>\u00abDocumentales sobre Experiencias Comunitarias Transformadoras en Latinoam\u00e9rica.\u00bb Todos los Mi\u00e9rcoles a las 19:00 horas en Plan B El <span style=\"font-weight: bold;\">Colectivo Concecomunitaria<\/span> tiene el agrado de invitarles a participar de este ciclo de documentales que tiene como objetivo mostrar-reflexionar sobre las Experiencias de organizaci\u00f3n comunitaria que han ocurrido y que est\u00e1n ocurriendo en nuestros pueblos Latinoamericanos. De esta manera proponemos que estas experiencias acontezcan en \u00e9ste espacio, encontrando-nos con otros pueblos y lugares de nuestra luchadora regi\u00f3n, y porque no, tambi\u00e9n esperamos que nos motiven luces en nuestro devenir&#8230; Para este primer encuentro les proponemos los siguientes documentales: <span style=\"font-weight: bold;\">1.- Radio Vilar de Voz<\/span> (30 minutos aprox.): Desde Uruguay este documental nos muestra el trabajo socio-comunitario de una radio que trabaja con pacientes psiqui\u00e1tricos. Respecto a la estructura de la radio, su pagina web se\u00f1ala lo siguiente: \u00abLa importancia de la participaci\u00f3n es clave, constituye la dimensi\u00f3n pol\u00edtica del proyecto, ya que en este pilar estamos considerando todo lo concerniente a la producci\u00f3n de autonom\u00eda, la construcci\u00f3n de ciudadan\u00eda y responsabilidad social, el desarrollo de la solidaridad y la capacidad de transformaci\u00f3n del entorno por parte de los participantes. Pero sobretodo, la propuesta del modelo democr\u00e1tico como forma de organizaci\u00f3n de un proyecto de intervenci\u00f3n social-comunitaria.\u00bb Fuente: <a href=\"http:\/\/radiovilardevoz.wordpress.com\/que-es-vilardevoz\/\">http:\/\/radiovilardevoz.wordpress.com\/que-es-vilardevoz\/<\/a> <span style=\"font-weight: bold;\">2.- Teatro Trono<\/span> (40 minutos aprox): Desde Bolivia: La experiencia transformadora a trav\u00e9s del arte. \u201cNosotros creemos en el arte de los excluidos\u201d \u00abTeatro Trono es m\u00e1s que una comunidad de teatro. Es un movimiento. \u201cNosotros queremos romper el mito de que el arte y la belleza son privilegios solo de los ricos,\u201d explica Ivan Nogales, director del teatro. \u00bb Fuente: <a href=\"http:\/\/www.communityarts.net\/readingroom\/archivefiles\/2004\/05\/cmo_un_teatro_e.php\">http:\/\/www.communityarts.net\/readingroom\/archivefiles\/2004\/05\/cmo_un_teatro_e.php<\/a> Nos encontramos el 6 de abril en el sal\u00f3n del edificio Plan B, Orompello 555, entre barros y freire, Concepci\u00f3n. Newen! Evento en Facebook: <a href=\"http:\/\/www.facebook.com\/event.php?eid=149457518450281\">http:\/\/www.facebook.com\/event.php?eid=149457518450281<\/a><\/p>\n","protected":false},"excerpt":{"rendered":"<p>\u00abDocumentales sobre Experiencias Comunitarias Transformadoras en Latinoam\u00e9rica.\u00bb Todos los Mi\u00e9rcoles a las 19:00 horas en Plan B El Colectivo Concecomunitaria tiene el agrado de invitarles a participar de este ciclo de documentales que tiene como objetivo mostrar-reflexionar sobre las Experiencias de organizaci\u00f3n comunitaria que han ocurrido y que est\u00e1n ocurriendo en nuestros pueblos Latinoamericanos. De [&hellip;]<\/p>\n","protected":false},"author":1,"featured_media":14504,"comment_status":"open","ping_status":"open","sticky":false,"template":"","format":"standard","meta":{"footnotes":""},"categories":[32,42,44],"tags":[],"class_list":["post-8818","post","type-post","status-publish","format-standard","has-post-thumbnail","hentry","category-cine","category-concepcion","category-eventos"],"yoast_head":"<!-- This site is optimized with the Yoast SEO plugin v25.0 - https:\/\/yoast.com\/wordpress\/plugins\/seo\/ -->\n<title>Pantallazos Latinoamericanos En Plan B Todos Los Mi\u00e9rcoles - Nuestro Bio B\u00edo<\/title>\n<meta name=\"robots\" content=\"index, follow, max-snippet:-1, max-image-preview:large, max-video-preview:-1\" \/>\n<link rel=\"canonical\" href=\"https:\/\/www.fraczinet.cl\/sitio\/2011\/04\/06\/pantallazos-latinoamericanos-en-plan-b-todos-los-miercoles\/\" \/>\n<meta property=\"og:locale\" content=\"es_ES\" \/>\n<meta property=\"og:type\" content=\"article\" \/>\n<meta property=\"og:title\" content=\"Pantallazos Latinoamericanos En Plan B Todos Los Mi\u00e9rcoles - Nuestro Bio B\u00edo\" \/>\n<meta property=\"og:description\" content=\"\u00abDocumentales sobre Experiencias Comunitarias Transformadoras en Latinoam\u00e9rica.\u00bb Todos los Mi\u00e9rcoles a las 19:00 horas en Plan B El Colectivo Concecomunitaria tiene el agrado de invitarles a participar de este ciclo de documentales que tiene como objetivo mostrar-reflexionar sobre las Experiencias de organizaci\u00f3n comunitaria que han ocurrido y que est\u00e1n ocurriendo en nuestros pueblos Latinoamericanos. De [&hellip;]\" \/>\n<meta property=\"og:url\" content=\"https:\/\/www.fraczinet.cl\/sitio\/2011\/04\/06\/pantallazos-latinoamericanos-en-plan-b-todos-los-miercoles\/\" \/>\n<meta property=\"og:site_name\" content=\"Nuestro Bio B\u00edo\" \/>\n<meta property=\"article:published_time\" content=\"2011-04-06T14:41:00+00:00\" \/>\n<meta property=\"article:modified_time\" content=\"2022-10-07T02:27:37+00:00\" \/>\n<meta property=\"og:image\" content=\"https:\/\/www.fraczinet.cl\/sitio\/wp-content\/uploads\/2011\/04\/Pantallazos-latinoamericanos.jpg\" \/>\n\t<meta property=\"og:image:width\" content=\"200\" \/>\n\t<meta property=\"og:image:height\" content=\"265\" \/>\n\t<meta property=\"og:image:type\" content=\"image\/jpeg\" \/>\n<meta name=\"author\" content=\"admin\" \/>\n<meta name=\"twitter:card\" content=\"summary_large_image\" \/>\n<meta name=\"twitter:creator\" content=\"@nuestrobiobio\" \/>\n<meta name=\"twitter:site\" content=\"@nuestrobiobio\" \/>\n<meta name=\"twitter:label1\" content=\"Escrito por\" \/>\n\t<meta name=\"twitter:data1\" content=\"admin\" \/>\n\t<meta name=\"twitter:label2\" content=\"Tiempo de lectura\" \/>\n\t<meta name=\"twitter:data2\" content=\"2 minutos\" \/>\n<script type=\"application\/ld+json\" class=\"yoast-schema-graph\">{\"@context\":\"https:\/\/schema.org\",\"@graph\":[{\"@type\":\"Article\",\"@id\":\"https:\/\/www.fraczinet.cl\/sitio\/2011\/04\/06\/pantallazos-latinoamericanos-en-plan-b-todos-los-miercoles\/#article\",\"isPartOf\":{\"@id\":\"https:\/\/www.fraczinet.cl\/sitio\/2011\/04\/06\/pantallazos-latinoamericanos-en-plan-b-todos-los-miercoles\/\"},\"author\":{\"name\":\"admin\",\"@id\":\"https:\/\/www.fraczinet.cl\/sitio\/#\/schema\/person\/bc30f98e9cb10ae7e119dbe14bc93784\"},\"headline\":\"Pantallazos Latinoamericanos En Plan B Todos Los Mi\u00e9rcoles\",\"datePublished\":\"2011-04-06T14:41:00+00:00\",\"dateModified\":\"2022-10-07T02:27:37+00:00\",\"mainEntityOfPage\":{\"@id\":\"https:\/\/www.fraczinet.cl\/sitio\/2011\/04\/06\/pantallazos-latinoamericanos-en-plan-b-todos-los-miercoles\/\"},\"wordCount\":338,\"commentCount\":0,\"publisher\":{\"@id\":\"https:\/\/www.fraczinet.cl\/sitio\/#\/schema\/person\/aec8ee4da68df2b9b0eefdad24a0d582\"},\"image\":{\"@id\":\"https:\/\/www.fraczinet.cl\/sitio\/2011\/04\/06\/pantallazos-latinoamericanos-en-plan-b-todos-los-miercoles\/#primaryimage\"},\"thumbnailUrl\":\"https:\/\/www.fraczinet.cl\/sitio\/wp-content\/uploads\/2011\/04\/Pantallazos-latinoamericanos.jpg\",\"articleSection\":[\"Cine\",\"Concepci\u00f3n\",\"Eventos\"],\"inLanguage\":\"es\",\"potentialAction\":[{\"@type\":\"CommentAction\",\"name\":\"Comment\",\"target\":[\"https:\/\/www.fraczinet.cl\/sitio\/2011\/04\/06\/pantallazos-latinoamericanos-en-plan-b-todos-los-miercoles\/#respond\"]}]},{\"@type\":\"WebPage\",\"@id\":\"https:\/\/www.fraczinet.cl\/sitio\/2011\/04\/06\/pantallazos-latinoamericanos-en-plan-b-todos-los-miercoles\/\",\"url\":\"https:\/\/www.fraczinet.cl\/sitio\/2011\/04\/06\/pantallazos-latinoamericanos-en-plan-b-todos-los-miercoles\/\",\"name\":\"Pantallazos Latinoamericanos En Plan B Todos Los Mi\u00e9rcoles - Nuestro Bio B\u00edo\",\"isPartOf\":{\"@id\":\"https:\/\/www.fraczinet.cl\/sitio\/#website\"},\"primaryImageOfPage\":{\"@id\":\"https:\/\/www.fraczinet.cl\/sitio\/2011\/04\/06\/pantallazos-latinoamericanos-en-plan-b-todos-los-miercoles\/#primaryimage\"},\"image\":{\"@id\":\"https:\/\/www.fraczinet.cl\/sitio\/2011\/04\/06\/pantallazos-latinoamericanos-en-plan-b-todos-los-miercoles\/#primaryimage\"},\"thumbnailUrl\":\"https:\/\/www.fraczinet.cl\/sitio\/wp-content\/uploads\/2011\/04\/Pantallazos-latinoamericanos.jpg\",\"datePublished\":\"2011-04-06T14:41:00+00:00\",\"dateModified\":\"2022-10-07T02:27:37+00:00\",\"breadcrumb\":{\"@id\":\"https:\/\/www.fraczinet.cl\/sitio\/2011\/04\/06\/pantallazos-latinoamericanos-en-plan-b-todos-los-miercoles\/#breadcrumb\"},\"inLanguage\":\"es\",\"potentialAction\":[{\"@type\":\"ReadAction\",\"target\":[\"https:\/\/www.fraczinet.cl\/sitio\/2011\/04\/06\/pantallazos-latinoamericanos-en-plan-b-todos-los-miercoles\/\"]}]},{\"@type\":\"ImageObject\",\"inLanguage\":\"es\",\"@id\":\"https:\/\/www.fraczinet.cl\/sitio\/2011\/04\/06\/pantallazos-latinoamericanos-en-plan-b-todos-los-miercoles\/#primaryimage\",\"url\":\"https:\/\/www.fraczinet.cl\/sitio\/wp-content\/uploads\/2011\/04\/Pantallazos-latinoamericanos.jpg\",\"contentUrl\":\"https:\/\/www.fraczinet.cl\/sitio\/wp-content\/uploads\/2011\/04\/Pantallazos-latinoamericanos.jpg\",\"width\":200,\"height\":265},{\"@type\":\"BreadcrumbList\",\"@id\":\"https:\/\/www.fraczinet.cl\/sitio\/2011\/04\/06\/pantallazos-latinoamericanos-en-plan-b-todos-los-miercoles\/#breadcrumb\",\"itemListElement\":[{\"@type\":\"ListItem\",\"position\":1,\"name\":\"Portada\",\"item\":\"https:\/\/www.fraczinet.cl\/sitio\/\"},{\"@type\":\"ListItem\",\"position\":2,\"name\":\"Pantallazos Latinoamericanos En Plan B Todos Los Mi\u00e9rcoles\"}]},{\"@type\":\"WebSite\",\"@id\":\"https:\/\/www.fraczinet.cl\/sitio\/#website\",\"url\":\"https:\/\/www.fraczinet.cl\/sitio\/\",\"name\":\"Nuestro Bio B\u00edo\",\"description\":\"Tierra de Encuentros\",\"publisher\":{\"@id\":\"https:\/\/www.fraczinet.cl\/sitio\/#\/schema\/person\/aec8ee4da68df2b9b0eefdad24a0d582\"},\"potentialAction\":[{\"@type\":\"SearchAction\",\"target\":{\"@type\":\"EntryPoint\",\"urlTemplate\":\"https:\/\/www.fraczinet.cl\/sitio\/?s={search_term_string}\"},\"query-input\":{\"@type\":\"PropertyValueSpecification\",\"valueRequired\":true,\"valueName\":\"search_term_string\"}}],\"inLanguage\":\"es\"},{\"@type\":[\"Person\",\"Organization\"],\"@id\":\"https:\/\/www.fraczinet.cl\/sitio\/#\/schema\/person\/aec8ee4da68df2b9b0eefdad24a0d582\",\"name\":\"Luis Fernando Fraczinet\",\"image\":{\"@type\":\"ImageObject\",\"inLanguage\":\"es\",\"@id\":\"https:\/\/www.fraczinet.cl\/sitio\/#\/schema\/person\/image\/\",\"url\":\"https:\/\/www.fraczinet.cl\/sitio\/wp-content\/uploads\/2021\/07\/bannerlogo-1.gif\",\"contentUrl\":\"https:\/\/www.fraczinet.cl\/sitio\/wp-content\/uploads\/2021\/07\/bannerlogo-1.gif\",\"width\":159,\"height\":79,\"caption\":\"Luis Fernando Fraczinet\"},\"logo\":{\"@id\":\"https:\/\/www.fraczinet.cl\/sitio\/#\/schema\/person\/image\/\"},\"sameAs\":[\"https:\/\/www.fraczinet.cl\/sitio\/\"]},{\"@type\":\"Person\",\"@id\":\"https:\/\/www.fraczinet.cl\/sitio\/#\/schema\/person\/bc30f98e9cb10ae7e119dbe14bc93784\",\"name\":\"admin\",\"image\":{\"@type\":\"ImageObject\",\"inLanguage\":\"es\",\"@id\":\"https:\/\/www.fraczinet.cl\/sitio\/#\/schema\/person\/image\/\",\"url\":\"https:\/\/secure.gravatar.com\/avatar\/d5ad3cf7ef3b23a2bb5be73be780c86b2fc8545c3ad6b149f3913ff458c00099?s=96&d=mm&r=g\",\"contentUrl\":\"https:\/\/secure.gravatar.com\/avatar\/d5ad3cf7ef3b23a2bb5be73be780c86b2fc8545c3ad6b149f3913ff458c00099?s=96&d=mm&r=g\",\"caption\":\"admin\"},\"sameAs\":[\"https:\/\/www.fraczinet.cl\/sitio\"]}]}<\/script>\n<!-- \/ Yoast SEO plugin. -->","yoast_head_json":{"title":"Pantallazos Latinoamericanos En Plan B Todos Los Mi\u00e9rcoles - Nuestro Bio B\u00edo","robots":{"index":"index","follow":"follow","max-snippet":"max-snippet:-1","max-image-preview":"max-image-preview:large","max-video-preview":"max-video-preview:-1"},"canonical":"https:\/\/www.fraczinet.cl\/sitio\/2011\/04\/06\/pantallazos-latinoamericanos-en-plan-b-todos-los-miercoles\/","og_locale":"es_ES","og_type":"article","og_title":"Pantallazos Latinoamericanos En Plan B Todos Los Mi\u00e9rcoles - Nuestro Bio B\u00edo","og_description":"\u00abDocumentales sobre Experiencias Comunitarias Transformadoras en Latinoam\u00e9rica.\u00bb Todos los Mi\u00e9rcoles a las 19:00 horas en Plan B El Colectivo Concecomunitaria tiene el agrado de invitarles a participar de este ciclo de documentales que tiene como objetivo mostrar-reflexionar sobre las Experiencias de organizaci\u00f3n comunitaria que han ocurrido y que est\u00e1n ocurriendo en nuestros pueblos Latinoamericanos. De [&hellip;]","og_url":"https:\/\/www.fraczinet.cl\/sitio\/2011\/04\/06\/pantallazos-latinoamericanos-en-plan-b-todos-los-miercoles\/","og_site_name":"Nuestro Bio B\u00edo","article_published_time":"2011-04-06T14:41:00+00:00","article_modified_time":"2022-10-07T02:27:37+00:00","og_image":[{"width":200,"height":265,"url":"https:\/\/www.fraczinet.cl\/sitio\/wp-content\/uploads\/2011\/04\/Pantallazos-latinoamericanos.jpg","type":"image\/jpeg"}],"author":"admin","twitter_card":"summary_large_image","twitter_creator":"@nuestrobiobio","twitter_site":"@nuestrobiobio","twitter_misc":{"Escrito por":"admin","Tiempo de lectura":"2 minutos"},"schema":{"@context":"https:\/\/schema.org","@graph":[{"@type":"Article","@id":"https:\/\/www.fraczinet.cl\/sitio\/2011\/04\/06\/pantallazos-latinoamericanos-en-plan-b-todos-los-miercoles\/#article","isPartOf":{"@id":"https:\/\/www.fraczinet.cl\/sitio\/2011\/04\/06\/pantallazos-latinoamericanos-en-plan-b-todos-los-miercoles\/"},"author":{"name":"admin","@id":"https:\/\/www.fraczinet.cl\/sitio\/#\/schema\/person\/bc30f98e9cb10ae7e119dbe14bc93784"},"headline":"Pantallazos Latinoamericanos En Plan B Todos Los Mi\u00e9rcoles","datePublished":"2011-04-06T14:41:00+00:00","dateModified":"2022-10-07T02:27:37+00:00","mainEntityOfPage":{"@id":"https:\/\/www.fraczinet.cl\/sitio\/2011\/04\/06\/pantallazos-latinoamericanos-en-plan-b-todos-los-miercoles\/"},"wordCount":338,"commentCount":0,"publisher":{"@id":"https:\/\/www.fraczinet.cl\/sitio\/#\/schema\/person\/aec8ee4da68df2b9b0eefdad24a0d582"},"image":{"@id":"https:\/\/www.fraczinet.cl\/sitio\/2011\/04\/06\/pantallazos-latinoamericanos-en-plan-b-todos-los-miercoles\/#primaryimage"},"thumbnailUrl":"https:\/\/www.fraczinet.cl\/sitio\/wp-content\/uploads\/2011\/04\/Pantallazos-latinoamericanos.jpg","articleSection":["Cine","Concepci\u00f3n","Eventos"],"inLanguage":"es","potentialAction":[{"@type":"CommentAction","name":"Comment","target":["https:\/\/www.fraczinet.cl\/sitio\/2011\/04\/06\/pantallazos-latinoamericanos-en-plan-b-todos-los-miercoles\/#respond"]}]},{"@type":"WebPage","@id":"https:\/\/www.fraczinet.cl\/sitio\/2011\/04\/06\/pantallazos-latinoamericanos-en-plan-b-todos-los-miercoles\/","url":"https:\/\/www.fraczinet.cl\/sitio\/2011\/04\/06\/pantallazos-latinoamericanos-en-plan-b-todos-los-miercoles\/","name":"Pantallazos Latinoamericanos En Plan B Todos Los Mi\u00e9rcoles - Nuestro Bio B\u00edo","isPartOf":{"@id":"https:\/\/www.fraczinet.cl\/sitio\/#website"},"primaryImageOfPage":{"@id":"https:\/\/www.fraczinet.cl\/sitio\/2011\/04\/06\/pantallazos-latinoamericanos-en-plan-b-todos-los-miercoles\/#primaryimage"},"image":{"@id":"https:\/\/www.fraczinet.cl\/sitio\/2011\/04\/06\/pantallazos-latinoamericanos-en-plan-b-todos-los-miercoles\/#primaryimage"},"thumbnailUrl":"https:\/\/www.fraczinet.cl\/sitio\/wp-content\/uploads\/2011\/04\/Pantallazos-latinoamericanos.jpg","datePublished":"2011-04-06T14:41:00+00:00","dateModified":"2022-10-07T02:27:37+00:00","breadcrumb":{"@id":"https:\/\/www.fraczinet.cl\/sitio\/2011\/04\/06\/pantallazos-latinoamericanos-en-plan-b-todos-los-miercoles\/#breadcrumb"},"inLanguage":"es","potentialAction":[{"@type":"ReadAction","target":["https:\/\/www.fraczinet.cl\/sitio\/2011\/04\/06\/pantallazos-latinoamericanos-en-plan-b-todos-los-miercoles\/"]}]},{"@type":"ImageObject","inLanguage":"es","@id":"https:\/\/www.fraczinet.cl\/sitio\/2011\/04\/06\/pantallazos-latinoamericanos-en-plan-b-todos-los-miercoles\/#primaryimage","url":"https:\/\/www.fraczinet.cl\/sitio\/wp-content\/uploads\/2011\/04\/Pantallazos-latinoamericanos.jpg","contentUrl":"https:\/\/www.fraczinet.cl\/sitio\/wp-content\/uploads\/2011\/04\/Pantallazos-latinoamericanos.jpg","width":200,"height":265},{"@type":"BreadcrumbList","@id":"https:\/\/www.fraczinet.cl\/sitio\/2011\/04\/06\/pantallazos-latinoamericanos-en-plan-b-todos-los-miercoles\/#breadcrumb","itemListElement":[{"@type":"ListItem","position":1,"name":"Portada","item":"https:\/\/www.fraczinet.cl\/sitio\/"},{"@type":"ListItem","position":2,"name":"Pantallazos Latinoamericanos En Plan B Todos Los Mi\u00e9rcoles"}]},{"@type":"WebSite","@id":"https:\/\/www.fraczinet.cl\/sitio\/#website","url":"https:\/\/www.fraczinet.cl\/sitio\/","name":"Nuestro Bio B\u00edo","description":"Tierra de Encuentros","publisher":{"@id":"https:\/\/www.fraczinet.cl\/sitio\/#\/schema\/person\/aec8ee4da68df2b9b0eefdad24a0d582"},"potentialAction":[{"@type":"SearchAction","target":{"@type":"EntryPoint","urlTemplate":"https:\/\/www.fraczinet.cl\/sitio\/?s={search_term_string}"},"query-input":{"@type":"PropertyValueSpecification","valueRequired":true,"valueName":"search_term_string"}}],"inLanguage":"es"},{"@type":["Person","Organization"],"@id":"https:\/\/www.fraczinet.cl\/sitio\/#\/schema\/person\/aec8ee4da68df2b9b0eefdad24a0d582","name":"Luis Fernando Fraczinet","image":{"@type":"ImageObject","inLanguage":"es","@id":"https:\/\/www.fraczinet.cl\/sitio\/#\/schema\/person\/image\/","url":"https:\/\/www.fraczinet.cl\/sitio\/wp-content\/uploads\/2021\/07\/bannerlogo-1.gif","contentUrl":"https:\/\/www.fraczinet.cl\/sitio\/wp-content\/uploads\/2021\/07\/bannerlogo-1.gif","width":159,"height":79,"caption":"Luis Fernando Fraczinet"},"logo":{"@id":"https:\/\/www.fraczinet.cl\/sitio\/#\/schema\/person\/image\/"},"sameAs":["https:\/\/www.fraczinet.cl\/sitio\/"]},{"@type":"Person","@id":"https:\/\/www.fraczinet.cl\/sitio\/#\/schema\/person\/bc30f98e9cb10ae7e119dbe14bc93784","name":"admin","image":{"@type":"ImageObject","inLanguage":"es","@id":"https:\/\/www.fraczinet.cl\/sitio\/#\/schema\/person\/image\/","url":"https:\/\/secure.gravatar.com\/avatar\/d5ad3cf7ef3b23a2bb5be73be780c86b2fc8545c3ad6b149f3913ff458c00099?s=96&d=mm&r=g","contentUrl":"https:\/\/secure.gravatar.com\/avatar\/d5ad3cf7ef3b23a2bb5be73be780c86b2fc8545c3ad6b149f3913ff458c00099?s=96&d=mm&r=g","caption":"admin"},"sameAs":["https:\/\/www.fraczinet.cl\/sitio"]}]}},"_links":{"self":[{"href":"https:\/\/www.fraczinet.cl\/sitio\/wp-json\/wp\/v2\/posts\/8818","targetHints":{"allow":["GET"]}}],"collection":[{"href":"https:\/\/www.fraczinet.cl\/sitio\/wp-json\/wp\/v2\/posts"}],"about":[{"href":"https:\/\/www.fraczinet.cl\/sitio\/wp-json\/wp\/v2\/types\/post"}],"author":[{"embeddable":true,"href":"https:\/\/www.fraczinet.cl\/sitio\/wp-json\/wp\/v2\/users\/1"}],"replies":[{"embeddable":true,"href":"https:\/\/www.fraczinet.cl\/sitio\/wp-json\/wp\/v2\/comments?post=8818"}],"version-history":[{"count":2,"href":"https:\/\/www.fraczinet.cl\/sitio\/wp-json\/wp\/v2\/posts\/8818\/revisions"}],"predecessor-version":[{"id":14507,"href":"https:\/\/www.fraczinet.cl\/sitio\/wp-json\/wp\/v2\/posts\/8818\/revisions\/14507"}],"wp:featuredmedia":[{"embeddable":true,"href":"https:\/\/www.fraczinet.cl\/sitio\/wp-json\/wp\/v2\/media\/14504"}],"wp:attachment":[{"href":"https:\/\/www.fraczinet.cl\/sitio\/wp-json\/wp\/v2\/media?parent=8818"}],"wp:term":[{"taxonomy":"category","embeddable":true,"href":"https:\/\/www.fraczinet.cl\/sitio\/wp-json\/wp\/v2\/categories?post=8818"},{"taxonomy":"post_tag","embeddable":true,"href":"https:\/\/www.fraczinet.cl\/sitio\/wp-json\/wp\/v2\/tags?post=8818"}],"curies":[{"name":"wp","href":"https:\/\/api.w.org\/{rel}","templated":true}]}}