{"id":8822,"date":"2011-04-06T02:14:00","date_gmt":"2011-04-06T02:14:00","guid":{"rendered":"https:\/\/www.fraczinet.cl\/sitio\/2011\/04\/06\/nuevo-galardon-para-realizador-penquista-rodrigo-saez-ramirez\/"},"modified":"2022-09-26T00:49:51","modified_gmt":"2022-09-26T00:49:51","slug":"nuevo-galardon-para-realizador-penquista-rodrigo-saez-ramirez","status":"publish","type":"post","link":"https:\/\/www.fraczinet.cl\/sitio\/2011\/04\/06\/nuevo-galardon-para-realizador-penquista-rodrigo-saez-ramirez\/","title":{"rendered":"Nuevo Galard\u00f3n Para Realizador Penquista Rodrigo S\u00e1ez Ram\u00edrez"},"content":{"rendered":"<p><span style=\"font-style: italic;\"><span style=\"font-weight: bold;\">Su documental \u201cPartir o morir\u201d, rodado en Senegal, obtuvo segundo lugar en el I Festival Internacional de Cine Pol\u00edtico realizado recientemente en Buenos Aires.<\/span><\/span><\/p>\n<p><a href=\"http:\/\/2.bp.blogspot.com\/-OpXVv5ofbjU\/TZvNIyXVV4I\/AAAAAAAASgg\/zrpBoNzbzBY\/s1600\/Rodrigo%2BS%25C3%25A1ez%2BRam%25C3%25ADrez200.jpg\"><img decoding=\"async\" id=\"BLOGGER_PHOTO_ID_5592288913152890754\" style=\"float: left; margin: 0 10px 10px 0; cursor: hand; width: 200px; height: 248px;\" src=\"http:\/\/2.bp.blogspot.com\/-OpXVv5ofbjU\/TZvNIyXVV4I\/AAAAAAAASgg\/zrpBoNzbzBY\/s400\/Rodrigo%2BS%25C3%25A1ez%2BRam%25C3%25ADrez200.jpg\" alt=\"\" border=\"0\" \/><\/a>M\u00e1s de 350 pel\u00edculas de todo el mundo se inscribieron en la primera versi\u00f3n del Festival Internacional de Cine Pol\u00edtico realizado la \u00faltima semana del reciente mes de marzo en la capital argentina. El certamen fue apadrinado por el cineasta y cantautor Leonardo Favio, de quien se exhibi\u00f3 tambi\u00e9n toda su filmograf\u00eda como complemento del programa.<\/p>\n<p>En la competencia oficial de cortometrajes, el realizador penquista Rodrigo S\u00e1ez Ram\u00edrez obtuvo el segundo premio con su documental \u201c<span style=\"font-style: italic;\">Partir o morir<\/span>\u201d (\u201c<span style=\"font-style: italic;\">Dem walla dee<\/span>\u201d). El primer lugar correspondi\u00f3 al filme \u201c<span style=\"font-style: italic;\">Kavi<\/span>\u201d de Gregg Helvey, de la India.<\/p>\n<p>\u201c<span style=\"font-style: italic;\">Partir o morir<\/span>\u201d, hablado en franc\u00e9s y wollof, con subt\u00edtulos en espa\u00f1ol, ha sido editado en DVD en Francia por el Comit\u00e9 de Anulaci\u00f3n de la Deuda del Tercer Mundo-CADTM- y exhibido en diferentes instancias de reflexi\u00f3n sobre la migraci\u00f3n.<\/p>\n<p>El documental ha sido seleccionado en los siguientes festivales y muestras: II Bienal de Cine y Educaci\u00f3n Cineduc, febrero de 2008 en Grenoble, Francia; Identit\u00e9s San Frontiers le Festival de Cinema D\u00b4Attac 2008, Paris, Francia; Festival de Cine Pobre, Cuba, 2008; Festival Internacional de Documentales Santiago Alvarez in Memoriam, Santiago de Cuba, 2010; 8\u00b0 Festival Internacional de Cine Digital, DIFF Chile 2010; Festival Cinemigrante de Buenos Aires, 2010; VII Muestra Internacional de Cine y Derechos Humanos, Espa\u00f1a y Primer Festival Internacional de Cine Pol\u00edtico de Argentina FICIP 2011.<\/p>\n<p>Rodrigo S\u00e1ez Ram\u00edrez ha obtenido con este documental el Segundo Premio en el 11\u00b0 Festival Internacional de Documentales Santiago \u00c1lvarez, Cuba; Premio a la Fotograf\u00eda en el mismo certamen y Segundo Premio Competencia Oficial de Cortometrajes del Primer Festival Internacional de Cine Pol\u00edtico de Argentina.<\/p>\n<p>El documental \u201c<span style=\"font-style: italic;\">Partir o morir<\/span>\u201d fue rodado en Dakar, Senegal, en agosto de 2007. Es un testimonio desgarrador, de las causas que empujan a los habitantes de Senegal a huir en peque\u00f1as embarcaciones de pesca a una Europa que les cierra las puertas. M\u00e1s all\u00e1 de los relatos de la traves\u00eda, que dan aquellos que han intentado emigrar y que luego han sido devueltos en avi\u00f3n a Senegal, este filme nos hace descubrir las condiciones de vida sin esperanzas de todos aquellos que quieren partir.<\/p>\n","protected":false},"excerpt":{"rendered":"<p>Su documental \u201cPartir o morir\u201d, rodado en Senegal, obtuvo segundo lugar en el I Festival Internacional de Cine Pol\u00edtico realizado recientemente en Buenos Aires. M\u00e1s de 350 pel\u00edculas de todo el mundo se inscribieron en la primera versi\u00f3n del Festival Internacional de Cine Pol\u00edtico realizado la \u00faltima semana del reciente mes de marzo en la [&hellip;]<\/p>\n","protected":false},"author":1,"featured_media":13466,"comment_status":"open","ping_status":"open","sticky":false,"template":"","format":"standard","meta":{"footnotes":""},"categories":[164],"tags":[],"class_list":["post-8822","post","type-post","status-publish","format-standard","has-post-thumbnail","hentry","category-documentales"],"yoast_head":"<!-- This site is optimized with the Yoast SEO plugin v25.0 - https:\/\/yoast.com\/wordpress\/plugins\/seo\/ -->\n<title>Nuevo Galard\u00f3n Para Realizador Penquista Rodrigo S\u00e1ez Ram\u00edrez - Nuestro Bio B\u00edo<\/title>\n<meta name=\"robots\" content=\"index, follow, max-snippet:-1, max-image-preview:large, max-video-preview:-1\" \/>\n<link rel=\"canonical\" href=\"https:\/\/www.fraczinet.cl\/sitio\/2011\/04\/06\/nuevo-galardon-para-realizador-penquista-rodrigo-saez-ramirez\/\" \/>\n<meta property=\"og:locale\" content=\"es_ES\" \/>\n<meta property=\"og:type\" content=\"article\" \/>\n<meta property=\"og:title\" content=\"Nuevo Galard\u00f3n Para Realizador Penquista Rodrigo S\u00e1ez Ram\u00edrez - Nuestro Bio B\u00edo\" \/>\n<meta property=\"og:description\" content=\"Su documental \u201cPartir o morir\u201d, rodado en Senegal, obtuvo segundo lugar en el I Festival Internacional de Cine Pol\u00edtico realizado recientemente en Buenos Aires. M\u00e1s de 350 pel\u00edculas de todo el mundo se inscribieron en la primera versi\u00f3n del Festival Internacional de Cine Pol\u00edtico realizado la \u00faltima semana del reciente mes de marzo en la [&hellip;]\" \/>\n<meta property=\"og:url\" content=\"https:\/\/www.fraczinet.cl\/sitio\/2011\/04\/06\/nuevo-galardon-para-realizador-penquista-rodrigo-saez-ramirez\/\" \/>\n<meta property=\"og:site_name\" content=\"Nuestro Bio B\u00edo\" \/>\n<meta property=\"article:published_time\" content=\"2011-04-06T02:14:00+00:00\" \/>\n<meta property=\"article:modified_time\" content=\"2022-09-26T00:49:51+00:00\" \/>\n<meta property=\"og:image\" content=\"https:\/\/www.fraczinet.cl\/sitio\/wp-content\/uploads\/2011\/04\/Rodrigo-Saez-Ramirez200.jpg\" \/>\n\t<meta property=\"og:image:width\" content=\"200\" \/>\n\t<meta property=\"og:image:height\" content=\"248\" \/>\n\t<meta property=\"og:image:type\" content=\"image\/jpeg\" \/>\n<meta name=\"author\" content=\"admin\" \/>\n<meta name=\"twitter:card\" content=\"summary_large_image\" \/>\n<meta name=\"twitter:creator\" content=\"@nuestrobiobio\" \/>\n<meta name=\"twitter:site\" content=\"@nuestrobiobio\" \/>\n<meta name=\"twitter:label1\" content=\"Escrito por\" \/>\n\t<meta name=\"twitter:data1\" content=\"admin\" \/>\n\t<meta name=\"twitter:label2\" content=\"Tiempo de lectura\" \/>\n\t<meta name=\"twitter:data2\" content=\"2 minutos\" \/>\n<script type=\"application\/ld+json\" class=\"yoast-schema-graph\">{\"@context\":\"https:\/\/schema.org\",\"@graph\":[{\"@type\":\"Article\",\"@id\":\"https:\/\/www.fraczinet.cl\/sitio\/2011\/04\/06\/nuevo-galardon-para-realizador-penquista-rodrigo-saez-ramirez\/#article\",\"isPartOf\":{\"@id\":\"https:\/\/www.fraczinet.cl\/sitio\/2011\/04\/06\/nuevo-galardon-para-realizador-penquista-rodrigo-saez-ramirez\/\"},\"author\":{\"name\":\"admin\",\"@id\":\"https:\/\/www.fraczinet.cl\/sitio\/#\/schema\/person\/bc30f98e9cb10ae7e119dbe14bc93784\"},\"headline\":\"Nuevo Galard\u00f3n Para Realizador Penquista Rodrigo S\u00e1ez Ram\u00edrez\",\"datePublished\":\"2011-04-06T02:14:00+00:00\",\"dateModified\":\"2022-09-26T00:49:51+00:00\",\"mainEntityOfPage\":{\"@id\":\"https:\/\/www.fraczinet.cl\/sitio\/2011\/04\/06\/nuevo-galardon-para-realizador-penquista-rodrigo-saez-ramirez\/\"},\"wordCount\":404,\"commentCount\":0,\"publisher\":{\"@id\":\"https:\/\/www.fraczinet.cl\/sitio\/#\/schema\/person\/aec8ee4da68df2b9b0eefdad24a0d582\"},\"image\":{\"@id\":\"https:\/\/www.fraczinet.cl\/sitio\/2011\/04\/06\/nuevo-galardon-para-realizador-penquista-rodrigo-saez-ramirez\/#primaryimage\"},\"thumbnailUrl\":\"https:\/\/www.fraczinet.cl\/sitio\/wp-content\/uploads\/2011\/04\/Rodrigo-Saez-Ramirez200.jpg\",\"articleSection\":[\"Documentales\"],\"inLanguage\":\"es\",\"potentialAction\":[{\"@type\":\"CommentAction\",\"name\":\"Comment\",\"target\":[\"https:\/\/www.fraczinet.cl\/sitio\/2011\/04\/06\/nuevo-galardon-para-realizador-penquista-rodrigo-saez-ramirez\/#respond\"]}]},{\"@type\":\"WebPage\",\"@id\":\"https:\/\/www.fraczinet.cl\/sitio\/2011\/04\/06\/nuevo-galardon-para-realizador-penquista-rodrigo-saez-ramirez\/\",\"url\":\"https:\/\/www.fraczinet.cl\/sitio\/2011\/04\/06\/nuevo-galardon-para-realizador-penquista-rodrigo-saez-ramirez\/\",\"name\":\"Nuevo Galard\u00f3n Para Realizador Penquista Rodrigo S\u00e1ez Ram\u00edrez - Nuestro Bio B\u00edo\",\"isPartOf\":{\"@id\":\"https:\/\/www.fraczinet.cl\/sitio\/#website\"},\"primaryImageOfPage\":{\"@id\":\"https:\/\/www.fraczinet.cl\/sitio\/2011\/04\/06\/nuevo-galardon-para-realizador-penquista-rodrigo-saez-ramirez\/#primaryimage\"},\"image\":{\"@id\":\"https:\/\/www.fraczinet.cl\/sitio\/2011\/04\/06\/nuevo-galardon-para-realizador-penquista-rodrigo-saez-ramirez\/#primaryimage\"},\"thumbnailUrl\":\"https:\/\/www.fraczinet.cl\/sitio\/wp-content\/uploads\/2011\/04\/Rodrigo-Saez-Ramirez200.jpg\",\"datePublished\":\"2011-04-06T02:14:00+00:00\",\"dateModified\":\"2022-09-26T00:49:51+00:00\",\"breadcrumb\":{\"@id\":\"https:\/\/www.fraczinet.cl\/sitio\/2011\/04\/06\/nuevo-galardon-para-realizador-penquista-rodrigo-saez-ramirez\/#breadcrumb\"},\"inLanguage\":\"es\",\"potentialAction\":[{\"@type\":\"ReadAction\",\"target\":[\"https:\/\/www.fraczinet.cl\/sitio\/2011\/04\/06\/nuevo-galardon-para-realizador-penquista-rodrigo-saez-ramirez\/\"]}]},{\"@type\":\"ImageObject\",\"inLanguage\":\"es\",\"@id\":\"https:\/\/www.fraczinet.cl\/sitio\/2011\/04\/06\/nuevo-galardon-para-realizador-penquista-rodrigo-saez-ramirez\/#primaryimage\",\"url\":\"https:\/\/www.fraczinet.cl\/sitio\/wp-content\/uploads\/2011\/04\/Rodrigo-Saez-Ramirez200.jpg\",\"contentUrl\":\"https:\/\/www.fraczinet.cl\/sitio\/wp-content\/uploads\/2011\/04\/Rodrigo-Saez-Ramirez200.jpg\",\"width\":200,\"height\":248},{\"@type\":\"BreadcrumbList\",\"@id\":\"https:\/\/www.fraczinet.cl\/sitio\/2011\/04\/06\/nuevo-galardon-para-realizador-penquista-rodrigo-saez-ramirez\/#breadcrumb\",\"itemListElement\":[{\"@type\":\"ListItem\",\"position\":1,\"name\":\"Portada\",\"item\":\"https:\/\/www.fraczinet.cl\/sitio\/\"},{\"@type\":\"ListItem\",\"position\":2,\"name\":\"Nuevo Galard\u00f3n Para Realizador Penquista Rodrigo S\u00e1ez Ram\u00edrez\"}]},{\"@type\":\"WebSite\",\"@id\":\"https:\/\/www.fraczinet.cl\/sitio\/#website\",\"url\":\"https:\/\/www.fraczinet.cl\/sitio\/\",\"name\":\"Nuestro Bio B\u00edo\",\"description\":\"Tierra de Encuentros\",\"publisher\":{\"@id\":\"https:\/\/www.fraczinet.cl\/sitio\/#\/schema\/person\/aec8ee4da68df2b9b0eefdad24a0d582\"},\"potentialAction\":[{\"@type\":\"SearchAction\",\"target\":{\"@type\":\"EntryPoint\",\"urlTemplate\":\"https:\/\/www.fraczinet.cl\/sitio\/?s={search_term_string}\"},\"query-input\":{\"@type\":\"PropertyValueSpecification\",\"valueRequired\":true,\"valueName\":\"search_term_string\"}}],\"inLanguage\":\"es\"},{\"@type\":[\"Person\",\"Organization\"],\"@id\":\"https:\/\/www.fraczinet.cl\/sitio\/#\/schema\/person\/aec8ee4da68df2b9b0eefdad24a0d582\",\"name\":\"Luis Fernando Fraczinet\",\"image\":{\"@type\":\"ImageObject\",\"inLanguage\":\"es\",\"@id\":\"https:\/\/www.fraczinet.cl\/sitio\/#\/schema\/person\/image\/\",\"url\":\"https:\/\/www.fraczinet.cl\/sitio\/wp-content\/uploads\/2021\/07\/bannerlogo-1.gif\",\"contentUrl\":\"https:\/\/www.fraczinet.cl\/sitio\/wp-content\/uploads\/2021\/07\/bannerlogo-1.gif\",\"width\":159,\"height\":79,\"caption\":\"Luis Fernando Fraczinet\"},\"logo\":{\"@id\":\"https:\/\/www.fraczinet.cl\/sitio\/#\/schema\/person\/image\/\"},\"sameAs\":[\"https:\/\/www.fraczinet.cl\/sitio\/\"]},{\"@type\":\"Person\",\"@id\":\"https:\/\/www.fraczinet.cl\/sitio\/#\/schema\/person\/bc30f98e9cb10ae7e119dbe14bc93784\",\"name\":\"admin\",\"image\":{\"@type\":\"ImageObject\",\"inLanguage\":\"es\",\"@id\":\"https:\/\/www.fraczinet.cl\/sitio\/#\/schema\/person\/image\/\",\"url\":\"https:\/\/secure.gravatar.com\/avatar\/d5ad3cf7ef3b23a2bb5be73be780c86b2fc8545c3ad6b149f3913ff458c00099?s=96&d=mm&r=g\",\"contentUrl\":\"https:\/\/secure.gravatar.com\/avatar\/d5ad3cf7ef3b23a2bb5be73be780c86b2fc8545c3ad6b149f3913ff458c00099?s=96&d=mm&r=g\",\"caption\":\"admin\"},\"sameAs\":[\"https:\/\/www.fraczinet.cl\/sitio\"]}]}<\/script>\n<!-- \/ Yoast SEO plugin. -->","yoast_head_json":{"title":"Nuevo Galard\u00f3n Para Realizador Penquista Rodrigo S\u00e1ez Ram\u00edrez - Nuestro Bio B\u00edo","robots":{"index":"index","follow":"follow","max-snippet":"max-snippet:-1","max-image-preview":"max-image-preview:large","max-video-preview":"max-video-preview:-1"},"canonical":"https:\/\/www.fraczinet.cl\/sitio\/2011\/04\/06\/nuevo-galardon-para-realizador-penquista-rodrigo-saez-ramirez\/","og_locale":"es_ES","og_type":"article","og_title":"Nuevo Galard\u00f3n Para Realizador Penquista Rodrigo S\u00e1ez Ram\u00edrez - Nuestro Bio B\u00edo","og_description":"Su documental \u201cPartir o morir\u201d, rodado en Senegal, obtuvo segundo lugar en el I Festival Internacional de Cine Pol\u00edtico realizado recientemente en Buenos Aires. M\u00e1s de 350 pel\u00edculas de todo el mundo se inscribieron en la primera versi\u00f3n del Festival Internacional de Cine Pol\u00edtico realizado la \u00faltima semana del reciente mes de marzo en la [&hellip;]","og_url":"https:\/\/www.fraczinet.cl\/sitio\/2011\/04\/06\/nuevo-galardon-para-realizador-penquista-rodrigo-saez-ramirez\/","og_site_name":"Nuestro Bio B\u00edo","article_published_time":"2011-04-06T02:14:00+00:00","article_modified_time":"2022-09-26T00:49:51+00:00","og_image":[{"width":200,"height":248,"url":"https:\/\/www.fraczinet.cl\/sitio\/wp-content\/uploads\/2011\/04\/Rodrigo-Saez-Ramirez200.jpg","type":"image\/jpeg"}],"author":"admin","twitter_card":"summary_large_image","twitter_creator":"@nuestrobiobio","twitter_site":"@nuestrobiobio","twitter_misc":{"Escrito por":"admin","Tiempo de lectura":"2 minutos"},"schema":{"@context":"https:\/\/schema.org","@graph":[{"@type":"Article","@id":"https:\/\/www.fraczinet.cl\/sitio\/2011\/04\/06\/nuevo-galardon-para-realizador-penquista-rodrigo-saez-ramirez\/#article","isPartOf":{"@id":"https:\/\/www.fraczinet.cl\/sitio\/2011\/04\/06\/nuevo-galardon-para-realizador-penquista-rodrigo-saez-ramirez\/"},"author":{"name":"admin","@id":"https:\/\/www.fraczinet.cl\/sitio\/#\/schema\/person\/bc30f98e9cb10ae7e119dbe14bc93784"},"headline":"Nuevo Galard\u00f3n Para Realizador Penquista Rodrigo S\u00e1ez Ram\u00edrez","datePublished":"2011-04-06T02:14:00+00:00","dateModified":"2022-09-26T00:49:51+00:00","mainEntityOfPage":{"@id":"https:\/\/www.fraczinet.cl\/sitio\/2011\/04\/06\/nuevo-galardon-para-realizador-penquista-rodrigo-saez-ramirez\/"},"wordCount":404,"commentCount":0,"publisher":{"@id":"https:\/\/www.fraczinet.cl\/sitio\/#\/schema\/person\/aec8ee4da68df2b9b0eefdad24a0d582"},"image":{"@id":"https:\/\/www.fraczinet.cl\/sitio\/2011\/04\/06\/nuevo-galardon-para-realizador-penquista-rodrigo-saez-ramirez\/#primaryimage"},"thumbnailUrl":"https:\/\/www.fraczinet.cl\/sitio\/wp-content\/uploads\/2011\/04\/Rodrigo-Saez-Ramirez200.jpg","articleSection":["Documentales"],"inLanguage":"es","potentialAction":[{"@type":"CommentAction","name":"Comment","target":["https:\/\/www.fraczinet.cl\/sitio\/2011\/04\/06\/nuevo-galardon-para-realizador-penquista-rodrigo-saez-ramirez\/#respond"]}]},{"@type":"WebPage","@id":"https:\/\/www.fraczinet.cl\/sitio\/2011\/04\/06\/nuevo-galardon-para-realizador-penquista-rodrigo-saez-ramirez\/","url":"https:\/\/www.fraczinet.cl\/sitio\/2011\/04\/06\/nuevo-galardon-para-realizador-penquista-rodrigo-saez-ramirez\/","name":"Nuevo Galard\u00f3n Para Realizador Penquista Rodrigo S\u00e1ez Ram\u00edrez - Nuestro Bio B\u00edo","isPartOf":{"@id":"https:\/\/www.fraczinet.cl\/sitio\/#website"},"primaryImageOfPage":{"@id":"https:\/\/www.fraczinet.cl\/sitio\/2011\/04\/06\/nuevo-galardon-para-realizador-penquista-rodrigo-saez-ramirez\/#primaryimage"},"image":{"@id":"https:\/\/www.fraczinet.cl\/sitio\/2011\/04\/06\/nuevo-galardon-para-realizador-penquista-rodrigo-saez-ramirez\/#primaryimage"},"thumbnailUrl":"https:\/\/www.fraczinet.cl\/sitio\/wp-content\/uploads\/2011\/04\/Rodrigo-Saez-Ramirez200.jpg","datePublished":"2011-04-06T02:14:00+00:00","dateModified":"2022-09-26T00:49:51+00:00","breadcrumb":{"@id":"https:\/\/www.fraczinet.cl\/sitio\/2011\/04\/06\/nuevo-galardon-para-realizador-penquista-rodrigo-saez-ramirez\/#breadcrumb"},"inLanguage":"es","potentialAction":[{"@type":"ReadAction","target":["https:\/\/www.fraczinet.cl\/sitio\/2011\/04\/06\/nuevo-galardon-para-realizador-penquista-rodrigo-saez-ramirez\/"]}]},{"@type":"ImageObject","inLanguage":"es","@id":"https:\/\/www.fraczinet.cl\/sitio\/2011\/04\/06\/nuevo-galardon-para-realizador-penquista-rodrigo-saez-ramirez\/#primaryimage","url":"https:\/\/www.fraczinet.cl\/sitio\/wp-content\/uploads\/2011\/04\/Rodrigo-Saez-Ramirez200.jpg","contentUrl":"https:\/\/www.fraczinet.cl\/sitio\/wp-content\/uploads\/2011\/04\/Rodrigo-Saez-Ramirez200.jpg","width":200,"height":248},{"@type":"BreadcrumbList","@id":"https:\/\/www.fraczinet.cl\/sitio\/2011\/04\/06\/nuevo-galardon-para-realizador-penquista-rodrigo-saez-ramirez\/#breadcrumb","itemListElement":[{"@type":"ListItem","position":1,"name":"Portada","item":"https:\/\/www.fraczinet.cl\/sitio\/"},{"@type":"ListItem","position":2,"name":"Nuevo Galard\u00f3n Para Realizador Penquista Rodrigo S\u00e1ez Ram\u00edrez"}]},{"@type":"WebSite","@id":"https:\/\/www.fraczinet.cl\/sitio\/#website","url":"https:\/\/www.fraczinet.cl\/sitio\/","name":"Nuestro Bio B\u00edo","description":"Tierra de Encuentros","publisher":{"@id":"https:\/\/www.fraczinet.cl\/sitio\/#\/schema\/person\/aec8ee4da68df2b9b0eefdad24a0d582"},"potentialAction":[{"@type":"SearchAction","target":{"@type":"EntryPoint","urlTemplate":"https:\/\/www.fraczinet.cl\/sitio\/?s={search_term_string}"},"query-input":{"@type":"PropertyValueSpecification","valueRequired":true,"valueName":"search_term_string"}}],"inLanguage":"es"},{"@type":["Person","Organization"],"@id":"https:\/\/www.fraczinet.cl\/sitio\/#\/schema\/person\/aec8ee4da68df2b9b0eefdad24a0d582","name":"Luis Fernando Fraczinet","image":{"@type":"ImageObject","inLanguage":"es","@id":"https:\/\/www.fraczinet.cl\/sitio\/#\/schema\/person\/image\/","url":"https:\/\/www.fraczinet.cl\/sitio\/wp-content\/uploads\/2021\/07\/bannerlogo-1.gif","contentUrl":"https:\/\/www.fraczinet.cl\/sitio\/wp-content\/uploads\/2021\/07\/bannerlogo-1.gif","width":159,"height":79,"caption":"Luis Fernando Fraczinet"},"logo":{"@id":"https:\/\/www.fraczinet.cl\/sitio\/#\/schema\/person\/image\/"},"sameAs":["https:\/\/www.fraczinet.cl\/sitio\/"]},{"@type":"Person","@id":"https:\/\/www.fraczinet.cl\/sitio\/#\/schema\/person\/bc30f98e9cb10ae7e119dbe14bc93784","name":"admin","image":{"@type":"ImageObject","inLanguage":"es","@id":"https:\/\/www.fraczinet.cl\/sitio\/#\/schema\/person\/image\/","url":"https:\/\/secure.gravatar.com\/avatar\/d5ad3cf7ef3b23a2bb5be73be780c86b2fc8545c3ad6b149f3913ff458c00099?s=96&d=mm&r=g","contentUrl":"https:\/\/secure.gravatar.com\/avatar\/d5ad3cf7ef3b23a2bb5be73be780c86b2fc8545c3ad6b149f3913ff458c00099?s=96&d=mm&r=g","caption":"admin"},"sameAs":["https:\/\/www.fraczinet.cl\/sitio"]}]}},"_links":{"self":[{"href":"https:\/\/www.fraczinet.cl\/sitio\/wp-json\/wp\/v2\/posts\/8822","targetHints":{"allow":["GET"]}}],"collection":[{"href":"https:\/\/www.fraczinet.cl\/sitio\/wp-json\/wp\/v2\/posts"}],"about":[{"href":"https:\/\/www.fraczinet.cl\/sitio\/wp-json\/wp\/v2\/types\/post"}],"author":[{"embeddable":true,"href":"https:\/\/www.fraczinet.cl\/sitio\/wp-json\/wp\/v2\/users\/1"}],"replies":[{"embeddable":true,"href":"https:\/\/www.fraczinet.cl\/sitio\/wp-json\/wp\/v2\/comments?post=8822"}],"version-history":[{"count":1,"href":"https:\/\/www.fraczinet.cl\/sitio\/wp-json\/wp\/v2\/posts\/8822\/revisions"}],"predecessor-version":[{"id":13468,"href":"https:\/\/www.fraczinet.cl\/sitio\/wp-json\/wp\/v2\/posts\/8822\/revisions\/13468"}],"wp:featuredmedia":[{"embeddable":true,"href":"https:\/\/www.fraczinet.cl\/sitio\/wp-json\/wp\/v2\/media\/13466"}],"wp:attachment":[{"href":"https:\/\/www.fraczinet.cl\/sitio\/wp-json\/wp\/v2\/media?parent=8822"}],"wp:term":[{"taxonomy":"category","embeddable":true,"href":"https:\/\/www.fraczinet.cl\/sitio\/wp-json\/wp\/v2\/categories?post=8822"},{"taxonomy":"post_tag","embeddable":true,"href":"https:\/\/www.fraczinet.cl\/sitio\/wp-json\/wp\/v2\/tags?post=8822"}],"curies":[{"name":"wp","href":"https:\/\/api.w.org\/{rel}","templated":true}]}}