{"id":8825,"date":"2011-04-05T15:22:00","date_gmt":"2011-04-05T15:22:00","guid":{"rendered":"https:\/\/www.fraczinet.cl\/sitio\/2011\/04\/05\/cine-chileno-drama-este-viernes-en-los-angeles\/"},"modified":"2022-10-04T14:37:27","modified_gmt":"2022-10-04T14:37:27","slug":"cine-chileno-drama-este-viernes-en-los-angeles","status":"publish","type":"post","link":"https:\/\/www.fraczinet.cl\/sitio\/2011\/04\/05\/cine-chileno-drama-este-viernes-en-los-angeles\/","title":{"rendered":"Cine Chileno: \u00abDrama\u00bb Este Viernes En Los \u00c1ngeles"},"content":{"rendered":"<p><iframe frameborder=\"0\" height=\"300\" src=\"http:\/\/player.vimeo.com\/video\/5696756\" width=\"400\"><\/iframe><\/p>\n<p><a href=\"http:\/\/vimeo.com\/5696756\">trailer<\/a> from <a href=\"http:\/\/vimeo.com\/user2062150\">drama<\/a> on <a href=\"http:\/\/vimeo.com\/\">Vimeo<\/a>.<\/p>\n<p> DRAMA Largometraje \/ 75 min. \/ Super 16 mm \/ Color \/ 2010  DIRECTOR: Mat\u00edas Lira GUI\u00d3N: Mat\u00edas Lira, Sebasti\u00e1n Arrau  REPARTO: Eusebio Arenas, Diego Ruiz, Isidora Urrejola, Benjam\u00edn Vicu\u00f1a, Fernanda Urrejola, Eduardo Paxeco, Jaime Mc Manus, Alejandro Goic, Alejandro Trejo, Diego Mu\u00f1oz, Diego Casanueva, Jocelyn Anfossy.  SINOPSIS:Tres estudiantes de teatro, influenciados por un carism\u00e1tico profesor y la t\u00e9cnica actoral creada por el franc\u00e9s Antonin Artaud, comienzan a experimentar con sus propias vidas en busca de emociones y situaciones reales para llevar al escenario. Su obsesi\u00f3n por ser mejores actores los gu\u00eda a contactarse con sus lados m\u00e1s oscuros, sobrepasando l\u00edmites que ni ellos mismos ni sus maestros imaginaron.  Hora: Viernes, 08 de abril \u00b7 21:00 &#8211; 23:00 Lugar: Freire 379 &#8211; Los \u00c1ngeles&nbsp;<\/p>\n","protected":false},"excerpt":{"rendered":"<p>trailer from drama on Vimeo. DRAMA Largometraje \/ 75 min. \/ Super 16 mm \/ Color \/ 2010 DIRECTOR: Mat\u00edas Lira GUI\u00d3N: Mat\u00edas Lira, Sebasti\u00e1n Arrau REPARTO: Eusebio Arenas, Diego Ruiz, Isidora Urrejola, Benjam\u00edn Vicu\u00f1a, Fernanda Urrejola, Eduardo Paxeco, Jaime Mc Manus, Alejandro Goic, Alejandro Trejo, Diego Mu\u00f1oz, Diego Casanueva, Jocelyn Anfossy. SINOPSIS:Tres estudiantes de [&hellip;]<\/p>\n","protected":false},"author":1,"featured_media":0,"comment_status":"open","ping_status":"open","sticky":false,"template":"","format":"standard","meta":{"footnotes":""},"categories":[32,44],"tags":[],"class_list":["post-8825","post","type-post","status-publish","format-standard","hentry","category-cine","category-eventos"],"yoast_head":"<!-- This site is optimized with the Yoast SEO plugin v25.0 - https:\/\/yoast.com\/wordpress\/plugins\/seo\/ -->\n<title>Cine Chileno: &quot;Drama&quot; Este Viernes En Los \u00c1ngeles - Nuestro Bio B\u00edo<\/title>\n<meta name=\"robots\" content=\"index, follow, max-snippet:-1, max-image-preview:large, max-video-preview:-1\" \/>\n<link rel=\"canonical\" href=\"https:\/\/www.fraczinet.cl\/sitio\/2011\/04\/05\/cine-chileno-drama-este-viernes-en-los-angeles\/\" \/>\n<meta property=\"og:locale\" content=\"es_ES\" \/>\n<meta property=\"og:type\" content=\"article\" \/>\n<meta property=\"og:title\" content=\"Cine Chileno: &quot;Drama&quot; Este Viernes En Los \u00c1ngeles - Nuestro Bio B\u00edo\" \/>\n<meta property=\"og:description\" content=\"trailer from drama on Vimeo. DRAMA Largometraje \/ 75 min. \/ Super 16 mm \/ Color \/ 2010 DIRECTOR: Mat\u00edas Lira GUI\u00d3N: Mat\u00edas Lira, Sebasti\u00e1n Arrau REPARTO: Eusebio Arenas, Diego Ruiz, Isidora Urrejola, Benjam\u00edn Vicu\u00f1a, Fernanda Urrejola, Eduardo Paxeco, Jaime Mc Manus, Alejandro Goic, Alejandro Trejo, Diego Mu\u00f1oz, Diego Casanueva, Jocelyn Anfossy. SINOPSIS:Tres estudiantes de [&hellip;]\" \/>\n<meta property=\"og:url\" content=\"https:\/\/www.fraczinet.cl\/sitio\/2011\/04\/05\/cine-chileno-drama-este-viernes-en-los-angeles\/\" \/>\n<meta property=\"og:site_name\" content=\"Nuestro Bio B\u00edo\" \/>\n<meta property=\"article:published_time\" content=\"2011-04-05T15:22:00+00:00\" \/>\n<meta property=\"article:modified_time\" content=\"2022-10-04T14:37:27+00:00\" \/>\n<meta property=\"og:image\" content=\"https:\/\/www.fraczinet.cl\/sitio\/wp-content\/uploads\/2021\/07\/bannerlogo-1.gif\" \/>\n\t<meta property=\"og:image:width\" content=\"159\" \/>\n\t<meta property=\"og:image:height\" content=\"79\" \/>\n\t<meta property=\"og:image:type\" content=\"image\/gif\" \/>\n<meta name=\"author\" content=\"admin\" \/>\n<meta name=\"twitter:card\" content=\"summary_large_image\" \/>\n<meta name=\"twitter:creator\" content=\"@nuestrobiobio\" \/>\n<meta name=\"twitter:site\" content=\"@nuestrobiobio\" \/>\n<meta name=\"twitter:label1\" content=\"Escrito por\" \/>\n\t<meta name=\"twitter:data1\" content=\"admin\" \/>\n\t<meta name=\"twitter:label2\" content=\"Tiempo de lectura\" \/>\n\t<meta name=\"twitter:data2\" content=\"1 minuto\" \/>\n<script type=\"application\/ld+json\" class=\"yoast-schema-graph\">{\"@context\":\"https:\/\/schema.org\",\"@graph\":[{\"@type\":\"Article\",\"@id\":\"https:\/\/www.fraczinet.cl\/sitio\/2011\/04\/05\/cine-chileno-drama-este-viernes-en-los-angeles\/#article\",\"isPartOf\":{\"@id\":\"https:\/\/www.fraczinet.cl\/sitio\/2011\/04\/05\/cine-chileno-drama-este-viernes-en-los-angeles\/\"},\"author\":{\"name\":\"admin\",\"@id\":\"https:\/\/www.fraczinet.cl\/sitio\/#\/schema\/person\/bc30f98e9cb10ae7e119dbe14bc93784\"},\"headline\":\"Cine Chileno: \u00abDrama\u00bb Este Viernes En Los \u00c1ngeles\",\"datePublished\":\"2011-04-05T15:22:00+00:00\",\"dateModified\":\"2022-10-04T14:37:27+00:00\",\"mainEntityOfPage\":{\"@id\":\"https:\/\/www.fraczinet.cl\/sitio\/2011\/04\/05\/cine-chileno-drama-este-viernes-en-los-angeles\/\"},\"wordCount\":141,\"commentCount\":0,\"publisher\":{\"@id\":\"https:\/\/www.fraczinet.cl\/sitio\/#\/schema\/person\/aec8ee4da68df2b9b0eefdad24a0d582\"},\"articleSection\":[\"Cine\",\"Eventos\"],\"inLanguage\":\"es\",\"potentialAction\":[{\"@type\":\"CommentAction\",\"name\":\"Comment\",\"target\":[\"https:\/\/www.fraczinet.cl\/sitio\/2011\/04\/05\/cine-chileno-drama-este-viernes-en-los-angeles\/#respond\"]}]},{\"@type\":\"WebPage\",\"@id\":\"https:\/\/www.fraczinet.cl\/sitio\/2011\/04\/05\/cine-chileno-drama-este-viernes-en-los-angeles\/\",\"url\":\"https:\/\/www.fraczinet.cl\/sitio\/2011\/04\/05\/cine-chileno-drama-este-viernes-en-los-angeles\/\",\"name\":\"Cine Chileno: \\\"Drama\\\" Este Viernes En Los \u00c1ngeles - Nuestro Bio B\u00edo\",\"isPartOf\":{\"@id\":\"https:\/\/www.fraczinet.cl\/sitio\/#website\"},\"datePublished\":\"2011-04-05T15:22:00+00:00\",\"dateModified\":\"2022-10-04T14:37:27+00:00\",\"breadcrumb\":{\"@id\":\"https:\/\/www.fraczinet.cl\/sitio\/2011\/04\/05\/cine-chileno-drama-este-viernes-en-los-angeles\/#breadcrumb\"},\"inLanguage\":\"es\",\"potentialAction\":[{\"@type\":\"ReadAction\",\"target\":[\"https:\/\/www.fraczinet.cl\/sitio\/2011\/04\/05\/cine-chileno-drama-este-viernes-en-los-angeles\/\"]}]},{\"@type\":\"BreadcrumbList\",\"@id\":\"https:\/\/www.fraczinet.cl\/sitio\/2011\/04\/05\/cine-chileno-drama-este-viernes-en-los-angeles\/#breadcrumb\",\"itemListElement\":[{\"@type\":\"ListItem\",\"position\":1,\"name\":\"Portada\",\"item\":\"https:\/\/www.fraczinet.cl\/sitio\/\"},{\"@type\":\"ListItem\",\"position\":2,\"name\":\"Cine Chileno: \u00abDrama\u00bb Este Viernes En Los \u00c1ngeles\"}]},{\"@type\":\"WebSite\",\"@id\":\"https:\/\/www.fraczinet.cl\/sitio\/#website\",\"url\":\"https:\/\/www.fraczinet.cl\/sitio\/\",\"name\":\"Nuestro Bio B\u00edo\",\"description\":\"Tierra de Encuentros\",\"publisher\":{\"@id\":\"https:\/\/www.fraczinet.cl\/sitio\/#\/schema\/person\/aec8ee4da68df2b9b0eefdad24a0d582\"},\"potentialAction\":[{\"@type\":\"SearchAction\",\"target\":{\"@type\":\"EntryPoint\",\"urlTemplate\":\"https:\/\/www.fraczinet.cl\/sitio\/?s={search_term_string}\"},\"query-input\":{\"@type\":\"PropertyValueSpecification\",\"valueRequired\":true,\"valueName\":\"search_term_string\"}}],\"inLanguage\":\"es\"},{\"@type\":[\"Person\",\"Organization\"],\"@id\":\"https:\/\/www.fraczinet.cl\/sitio\/#\/schema\/person\/aec8ee4da68df2b9b0eefdad24a0d582\",\"name\":\"Luis Fernando Fraczinet\",\"image\":{\"@type\":\"ImageObject\",\"inLanguage\":\"es\",\"@id\":\"https:\/\/www.fraczinet.cl\/sitio\/#\/schema\/person\/image\/\",\"url\":\"https:\/\/www.fraczinet.cl\/sitio\/wp-content\/uploads\/2021\/07\/bannerlogo-1.gif\",\"contentUrl\":\"https:\/\/www.fraczinet.cl\/sitio\/wp-content\/uploads\/2021\/07\/bannerlogo-1.gif\",\"width\":159,\"height\":79,\"caption\":\"Luis Fernando Fraczinet\"},\"logo\":{\"@id\":\"https:\/\/www.fraczinet.cl\/sitio\/#\/schema\/person\/image\/\"},\"sameAs\":[\"https:\/\/www.fraczinet.cl\/sitio\/\"]},{\"@type\":\"Person\",\"@id\":\"https:\/\/www.fraczinet.cl\/sitio\/#\/schema\/person\/bc30f98e9cb10ae7e119dbe14bc93784\",\"name\":\"admin\",\"image\":{\"@type\":\"ImageObject\",\"inLanguage\":\"es\",\"@id\":\"https:\/\/www.fraczinet.cl\/sitio\/#\/schema\/person\/image\/\",\"url\":\"https:\/\/secure.gravatar.com\/avatar\/d5ad3cf7ef3b23a2bb5be73be780c86b2fc8545c3ad6b149f3913ff458c00099?s=96&d=mm&r=g\",\"contentUrl\":\"https:\/\/secure.gravatar.com\/avatar\/d5ad3cf7ef3b23a2bb5be73be780c86b2fc8545c3ad6b149f3913ff458c00099?s=96&d=mm&r=g\",\"caption\":\"admin\"},\"sameAs\":[\"https:\/\/www.fraczinet.cl\/sitio\"]}]}<\/script>\n<!-- \/ Yoast SEO plugin. -->","yoast_head_json":{"title":"Cine Chileno: \"Drama\" Este Viernes En Los \u00c1ngeles - Nuestro Bio B\u00edo","robots":{"index":"index","follow":"follow","max-snippet":"max-snippet:-1","max-image-preview":"max-image-preview:large","max-video-preview":"max-video-preview:-1"},"canonical":"https:\/\/www.fraczinet.cl\/sitio\/2011\/04\/05\/cine-chileno-drama-este-viernes-en-los-angeles\/","og_locale":"es_ES","og_type":"article","og_title":"Cine Chileno: \"Drama\" Este Viernes En Los \u00c1ngeles - Nuestro Bio B\u00edo","og_description":"trailer from drama on Vimeo. DRAMA Largometraje \/ 75 min. \/ Super 16 mm \/ Color \/ 2010 DIRECTOR: Mat\u00edas Lira GUI\u00d3N: Mat\u00edas Lira, Sebasti\u00e1n Arrau REPARTO: Eusebio Arenas, Diego Ruiz, Isidora Urrejola, Benjam\u00edn Vicu\u00f1a, Fernanda Urrejola, Eduardo Paxeco, Jaime Mc Manus, Alejandro Goic, Alejandro Trejo, Diego Mu\u00f1oz, Diego Casanueva, Jocelyn Anfossy. SINOPSIS:Tres estudiantes de [&hellip;]","og_url":"https:\/\/www.fraczinet.cl\/sitio\/2011\/04\/05\/cine-chileno-drama-este-viernes-en-los-angeles\/","og_site_name":"Nuestro Bio B\u00edo","article_published_time":"2011-04-05T15:22:00+00:00","article_modified_time":"2022-10-04T14:37:27+00:00","og_image":[{"width":159,"height":79,"url":"https:\/\/www.fraczinet.cl\/sitio\/wp-content\/uploads\/2021\/07\/bannerlogo-1.gif","type":"image\/gif"}],"author":"admin","twitter_card":"summary_large_image","twitter_creator":"@nuestrobiobio","twitter_site":"@nuestrobiobio","twitter_misc":{"Escrito por":"admin","Tiempo de lectura":"1 minuto"},"schema":{"@context":"https:\/\/schema.org","@graph":[{"@type":"Article","@id":"https:\/\/www.fraczinet.cl\/sitio\/2011\/04\/05\/cine-chileno-drama-este-viernes-en-los-angeles\/#article","isPartOf":{"@id":"https:\/\/www.fraczinet.cl\/sitio\/2011\/04\/05\/cine-chileno-drama-este-viernes-en-los-angeles\/"},"author":{"name":"admin","@id":"https:\/\/www.fraczinet.cl\/sitio\/#\/schema\/person\/bc30f98e9cb10ae7e119dbe14bc93784"},"headline":"Cine Chileno: \u00abDrama\u00bb Este Viernes En Los \u00c1ngeles","datePublished":"2011-04-05T15:22:00+00:00","dateModified":"2022-10-04T14:37:27+00:00","mainEntityOfPage":{"@id":"https:\/\/www.fraczinet.cl\/sitio\/2011\/04\/05\/cine-chileno-drama-este-viernes-en-los-angeles\/"},"wordCount":141,"commentCount":0,"publisher":{"@id":"https:\/\/www.fraczinet.cl\/sitio\/#\/schema\/person\/aec8ee4da68df2b9b0eefdad24a0d582"},"articleSection":["Cine","Eventos"],"inLanguage":"es","potentialAction":[{"@type":"CommentAction","name":"Comment","target":["https:\/\/www.fraczinet.cl\/sitio\/2011\/04\/05\/cine-chileno-drama-este-viernes-en-los-angeles\/#respond"]}]},{"@type":"WebPage","@id":"https:\/\/www.fraczinet.cl\/sitio\/2011\/04\/05\/cine-chileno-drama-este-viernes-en-los-angeles\/","url":"https:\/\/www.fraczinet.cl\/sitio\/2011\/04\/05\/cine-chileno-drama-este-viernes-en-los-angeles\/","name":"Cine Chileno: \"Drama\" Este Viernes En Los \u00c1ngeles - Nuestro Bio B\u00edo","isPartOf":{"@id":"https:\/\/www.fraczinet.cl\/sitio\/#website"},"datePublished":"2011-04-05T15:22:00+00:00","dateModified":"2022-10-04T14:37:27+00:00","breadcrumb":{"@id":"https:\/\/www.fraczinet.cl\/sitio\/2011\/04\/05\/cine-chileno-drama-este-viernes-en-los-angeles\/#breadcrumb"},"inLanguage":"es","potentialAction":[{"@type":"ReadAction","target":["https:\/\/www.fraczinet.cl\/sitio\/2011\/04\/05\/cine-chileno-drama-este-viernes-en-los-angeles\/"]}]},{"@type":"BreadcrumbList","@id":"https:\/\/www.fraczinet.cl\/sitio\/2011\/04\/05\/cine-chileno-drama-este-viernes-en-los-angeles\/#breadcrumb","itemListElement":[{"@type":"ListItem","position":1,"name":"Portada","item":"https:\/\/www.fraczinet.cl\/sitio\/"},{"@type":"ListItem","position":2,"name":"Cine Chileno: \u00abDrama\u00bb Este Viernes En Los \u00c1ngeles"}]},{"@type":"WebSite","@id":"https:\/\/www.fraczinet.cl\/sitio\/#website","url":"https:\/\/www.fraczinet.cl\/sitio\/","name":"Nuestro Bio B\u00edo","description":"Tierra de Encuentros","publisher":{"@id":"https:\/\/www.fraczinet.cl\/sitio\/#\/schema\/person\/aec8ee4da68df2b9b0eefdad24a0d582"},"potentialAction":[{"@type":"SearchAction","target":{"@type":"EntryPoint","urlTemplate":"https:\/\/www.fraczinet.cl\/sitio\/?s={search_term_string}"},"query-input":{"@type":"PropertyValueSpecification","valueRequired":true,"valueName":"search_term_string"}}],"inLanguage":"es"},{"@type":["Person","Organization"],"@id":"https:\/\/www.fraczinet.cl\/sitio\/#\/schema\/person\/aec8ee4da68df2b9b0eefdad24a0d582","name":"Luis Fernando Fraczinet","image":{"@type":"ImageObject","inLanguage":"es","@id":"https:\/\/www.fraczinet.cl\/sitio\/#\/schema\/person\/image\/","url":"https:\/\/www.fraczinet.cl\/sitio\/wp-content\/uploads\/2021\/07\/bannerlogo-1.gif","contentUrl":"https:\/\/www.fraczinet.cl\/sitio\/wp-content\/uploads\/2021\/07\/bannerlogo-1.gif","width":159,"height":79,"caption":"Luis Fernando Fraczinet"},"logo":{"@id":"https:\/\/www.fraczinet.cl\/sitio\/#\/schema\/person\/image\/"},"sameAs":["https:\/\/www.fraczinet.cl\/sitio\/"]},{"@type":"Person","@id":"https:\/\/www.fraczinet.cl\/sitio\/#\/schema\/person\/bc30f98e9cb10ae7e119dbe14bc93784","name":"admin","image":{"@type":"ImageObject","inLanguage":"es","@id":"https:\/\/www.fraczinet.cl\/sitio\/#\/schema\/person\/image\/","url":"https:\/\/secure.gravatar.com\/avatar\/d5ad3cf7ef3b23a2bb5be73be780c86b2fc8545c3ad6b149f3913ff458c00099?s=96&d=mm&r=g","contentUrl":"https:\/\/secure.gravatar.com\/avatar\/d5ad3cf7ef3b23a2bb5be73be780c86b2fc8545c3ad6b149f3913ff458c00099?s=96&d=mm&r=g","caption":"admin"},"sameAs":["https:\/\/www.fraczinet.cl\/sitio"]}]}},"_links":{"self":[{"href":"https:\/\/www.fraczinet.cl\/sitio\/wp-json\/wp\/v2\/posts\/8825","targetHints":{"allow":["GET"]}}],"collection":[{"href":"https:\/\/www.fraczinet.cl\/sitio\/wp-json\/wp\/v2\/posts"}],"about":[{"href":"https:\/\/www.fraczinet.cl\/sitio\/wp-json\/wp\/v2\/types\/post"}],"author":[{"embeddable":true,"href":"https:\/\/www.fraczinet.cl\/sitio\/wp-json\/wp\/v2\/users\/1"}],"replies":[{"embeddable":true,"href":"https:\/\/www.fraczinet.cl\/sitio\/wp-json\/wp\/v2\/comments?post=8825"}],"version-history":[{"count":1,"href":"https:\/\/www.fraczinet.cl\/sitio\/wp-json\/wp\/v2\/posts\/8825\/revisions"}],"predecessor-version":[{"id":13848,"href":"https:\/\/www.fraczinet.cl\/sitio\/wp-json\/wp\/v2\/posts\/8825\/revisions\/13848"}],"wp:attachment":[{"href":"https:\/\/www.fraczinet.cl\/sitio\/wp-json\/wp\/v2\/media?parent=8825"}],"wp:term":[{"taxonomy":"category","embeddable":true,"href":"https:\/\/www.fraczinet.cl\/sitio\/wp-json\/wp\/v2\/categories?post=8825"},{"taxonomy":"post_tag","embeddable":true,"href":"https:\/\/www.fraczinet.cl\/sitio\/wp-json\/wp\/v2\/tags?post=8825"}],"curies":[{"name":"wp","href":"https:\/\/api.w.org\/{rel}","templated":true}]}}