{"id":8835,"date":"2011-04-02T01:37:00","date_gmt":"2011-04-02T01:37:00","guid":{"rendered":"https:\/\/www.fraczinet.cl\/sitio\/2011\/04\/02\/economia-creativa-analisis-critico-mas-que-critico-por-luis-fraczinet-primera-parte\/"},"modified":"2022-10-30T15:10:36","modified_gmt":"2022-10-30T15:10:36","slug":"economia-creativa-analisis-critico-mas-que-critico-por-luis-fraczinet-primera-parte","status":"publish","type":"post","link":"https:\/\/www.fraczinet.cl\/sitio\/2011\/04\/02\/economia-creativa-analisis-critico-mas-que-critico-por-luis-fraczinet-primera-parte\/","title":{"rendered":"Econom\u00eda Creativa \u2013 An\u00e1lisis Cr\u00edtico (M\u00e1s Que Cr\u00edtico) Por Luis Fraczinet &#8211; Primera Parte"},"content":{"rendered":"<p><span style=\"font-weight: bold;\">\u00bfQu\u00e9 Es La Econom\u00eda Creativa?<\/span><\/p>\n<p>El concepto de Econom\u00eda Creativa (EC) nace de la necesidad de dar forma y diferenciar un proceso de la producci\u00f3n de Bienes y Servicios (ByS) que ya se estaba desarrollando de forma natural en los mercados y que al momento de diferenciarse, marcan una nueva etapa en el desarrollo econ\u00f3mico, de esta forma se crea una nueva modalidad de producci\u00f3n, alternativa al proceso de producci\u00f3n tradicional. Este \u00faltimo caracterizado por un mecanismo de generaci\u00f3n de ByS que responden a una maqueta, en el proceso, la forma y en el contenido, y que se adec\u00faa a las necesidades b\u00e1sicas de la demanda del mercado.<\/p>\n<p>El ejemplo tipo de la econom\u00eda tradicional radica en la producci\u00f3n industrial de un bien (puertas con determinadas dimensiones) o servicio (consultorio m\u00e9dico) donde la replicaci\u00f3n constante de dicho ByS radica en la necesidad del mercado en que las caracter\u00edsticas de dicho producto no var\u00ede en el tiempo. Es decir, donde un tipo de puerta, con dimensiones o calidad determinada, es lo que el mercado inmobiliario de viviendas sociales rurales (por ejemplo) requiere para poder cumplir con su propio proceso productivo. En el caso del consultorio m\u00e9dico, la comunidad requiere (demanda) de un espacio donde se espera atiendan las necesidades de salud b\u00e1sicas, las cuales, estad\u00edsticamente, est\u00e1n dependiendo de una variedad com\u00fan de enfermedades tratables por el personal destacado en un consultorio.<\/p>\n<p>Es decir, ByS cuya caracter\u00edstica principal, como producto del mercado, es la invariabilidad en la producci\u00f3n, en la forma y en el contenido, aunque lo que cambie sea la presentaci\u00f3n, la cual suele modificarse a trav\u00e9s de un proceso de marketing.<\/p>\n<p>En el caso de la EC se espera que el ByS incluya, tanto en su producci\u00f3n, forma, como en el contenido del producto, elementos nuevos que no hab\u00edan sido utilizados previamente tanto en el proceso productivo o que no hayan sido incluidos en su producto final y que, adem\u00e1s, nazcan de la capacidad creativa del individuo. Esto no significa que podamos crear un nuevo computador con conexiones el\u00e9ctricas coloreadas, pero si puede ser un notebook cuya fuente de energ\u00eda sea la Energ\u00eda Cin\u00e9tica aportada por las teclas cuando escribes. \u00bfLes gust\u00f3 la idea? La acabo de crear.<\/p>\n<p>La EC nace desde el propio individuo y sus capacidades de \u00abCrear Algo\u00bb, haciendo uso de sus cualidades cognitivas conscientes o inconscientes, de generar una o cien ideas y de sus posibilidades de darle forma a esa idea, produciendo un nuevo Bien o Servicio (BS) que se integra al mercado.<\/p>\n<p>La EC asigna valor al producto final (resultado del proceso de creatividad) ya sea en lo intangible, cuya forma de comercializar en el mercado es reconociendo el valor intelectual de la creaci\u00f3n o, en lo tangible, asignando valor monetario al producto generado a trav\u00e9s de este proceso creativo.<\/p>\n<p>La EC es observada en primera instancia en el mundo del Arte y La Cultura (con todas las definiciones que existan para \u00e9sta). Es desde esta \u00e1rea de la econom\u00eda que se reconoce y rescata el concepto, el cual es sustentado en la capacidad del individuo de ser creativo. Dicha propiedad es puesta en marcha por el artista o el cultor y cuyo producto final (BS) se integra al mercado, lugar te\u00f3rico o real, donde se transan estos ByS. Es en el Mercado donde el valor que toma el producto es ponderado por parte del consumidor, entre las preferencias y las necesidades del individuo.<\/p>\n<p>Ambos conceptos que interfieren en la decisi\u00f3n del consumo, Preferencias y Necesidades, deber\u00edan estar en un orden inverso, pero hay que dudar que la conducta consumista del individuo permita a \u00e9ste diferenciar u ordenar las prioridades de una manera moralmente correcta.<\/p>\n<p>La EC es elegida por los Estados para incluirla en sus pol\u00edticas de Desarrollo Econ\u00f3mico. Es as\u00ed como en Chile, la EC es el marco te\u00f3rico para la pol\u00edtica de fomento de la INNOVACI\u00d3N de la CORFO, o de fomento al EMPRENDIMIENTO de SERCOTEC, de participaci\u00f3n ciudadana de instituciones como la CONAMA v\u00eda los FPA. Es pol\u00edtica de Estado y se aplica en todas las \u00e1reas donde el Estado tiene injerencia a trav\u00e9s de la herramienta llamada \u00abFondo Concursable\u00bb y donde el Estado act\u00faa como promotor del Desarrollo Econ\u00f3mico.<\/p>\n<p>Es as\u00ed como llevamos un poco menos de 20 a\u00f1os aplicando conceptos de EC como motor de generaci\u00f3n de nuevos espacios en la econom\u00eda para su desarrollo.<\/p>\n<p>En el caso de la EC aplicada al mercado de ByS No Sociales, Ambientales o Art\u00edsticos (para nuestro tema, Bienes y Servicios No Culturales), se espera que al financiar y ejecutar una muy buena idea, \u00e9sta act\u00fae como modelo empresarial replicable en otras circunstancias con las mismas o equivalentes necesidades, esperando por ello resultados similares.<\/p>\n<p>En lo grupal, el Estado espera que al financiar 1.000 ideas o una idea muy buena se genere un aporte al desarrollo econ\u00f3mico del pa\u00eds desde el proceso productivo hasta la inclusi\u00f3n del producto en el mercado, fomentando el desarrollo de la iniciativa hacia una vinculaci\u00f3n mayor, en este caso la creaci\u00f3n o fortalecimiento de una industria (vuelvo a recalcar: se espera). Es decir: Se espera que 1000 individuos, que act\u00faan como individuos generen un aporte o cambio en lo social. \u00bfes coherente aquello?<\/p>\n<p>En aquellos casos donde la rentabilidad econ\u00f3mica de un proyecto o idea genera resultados positivos para el emprendedor es cuando se determina el modelo empresarial a recomendar.<\/p>\n<p>En el caso donde la rentabilidad social es primordial por sobre aspectos economicistas, es cuando se espera que el acto de la creatividad sea de un impacto amplio y positivo en lo social&#8230; por dos razones:<\/p>\n<p><span style=\"font-weight: bold;\">1)<\/span> Porque el acto de la creatividad nace de un sentimiento y necesidades moralmente m\u00e1s bellas que el s\u00f3lo acto de reflexi\u00f3n para obtener beneficios econ\u00f3micos. En tal sentido el ideario pol\u00edtico del creador es llevado a cabo mediante el arte de cultivar la t\u00e9cnica y donde se espera que el arte canalice los anhelos del artista a la comunidad.<\/p>\n<p><span style=\"font-weight: bold;\">2)<\/span> El Estado ha efectuado una apuesta y ha institucionalizado el proceso de los Fondos Concursables como \u00abherramienta de producci\u00f3n de herramientas\u00bb que generen impacto en lo econ\u00f3mico, social y cultural, dando pie a la participaci\u00f3n de la ciudadan\u00eda en la soluci\u00f3n de los problemas, y ofreciendo visibilidad de las pol\u00edticas de gobierno (de turno) situaci\u00f3n que otros programas ejecutados por el Estado NO OFRECE. <\/p>\n<p>Tomo como ejemplo un programa de salud comunitaria o un programa de protecci\u00f3n de la vida silvestre que nacen con un perfil bajo en lo comunicacional o con una baja din\u00e1mica de impacto social, no as\u00ed en la rentabilidad social esperada. Si bien son programas que nacen de la necesidad del Estado de establecer pol\u00edticas m\u00e1s all\u00e1 de lo contingente, carecen de la movilidad y estimulaci\u00f3n que aporta un individuo a su propia idea, particularmente porque en el individuo existe un anhelo propio de \u00e9xito a lograr y una ambici\u00f3n particular que no se permite el Estado como m\u00e1quina de trabajo. Es decir: Los gobiernos integran la variable individuo al aparato del Estado generando una din\u00e1mica que no la posee.<\/p>\n<p><span style=\"font-weight: bold;\">El Error De La EC<\/span><\/p>\n<p>Un error en la concepci\u00f3n de la EC radica en su justificaci\u00f3n, no en su existencia. Como la definici\u00f3n establece una naturaleza enfocada en el individuo se espera un impacto social al promover el \u00e9xito de una creaci\u00f3n. Debido a que el Estado desea masificar la riqueza generada por el \u00e9xito de uno, es que establecen programas para poder financiar m\u00e1s \u201cprocesos creativos\u201d (Fondos Concursables).  Se espera que un 95% de proyectos financiados cumplan con la norma de lo tradicional y que un 5% restante (el nunca bien ponderado margen de error) se salga de la norma y genere muy buenas ideas en lo creativo y como tal, muy buenos modelos a replicar y, que estos modelos aplicados a otras \u00e1reas, generen un impacto tanto en el desarrollo econ\u00f3mico como en lo social. Es decir, se espera que un \u00f3 mil individuos (o proyectos), que act\u00faan como individuos, desarrollen un cambio o un beneficio permanente en lo social.<\/p>\n<p>En este caso la excepci\u00f3n no cumple la regla. Si dos personas crearon GOOGLE con \u00e9xito, ser\u00eda l\u00f3gico pensar que el modelo fue replicado con \u00e9xito por otras 1.000 parejas de amigos y hoy tenemos en internet 1.000 GOOGLES exitosos, ciertamente no es as\u00ed.<\/p>\n<p>El innovador est\u00e1 creando un modelo para un mercado restringido al campo de acci\u00f3n de su idea, es decir, en el proceso de creaci\u00f3n se visualiza un modelo que ocupar\u00e1 un espacio que ya existe, pero fue o est\u00e1 siendo abandonado por otro producto. Por ello su impacto no puede ser mayor que el impacto positivo que ya fue entregado por el producto anterior. Cuando el innovador crea un nuevo espacio en el mercado sin vinculaci\u00f3n alguna de productos anteriores habr\u00eda que discutir la necesidad de dicho producto en el mercado. \u00bfLos espacios televisivos de far\u00e1ndula? \u00bfUn celular cuyas caracter\u00edsticas principales sean sus altoparlantes? \u00bfUn servicio de transporte de pasajeros cuyos asientos son con forma de huevo? Productos y servicios que no nacen de una necesidad, pero crean un nuevo espacio en el mercado y con ello crean una nueva necesidad del consumidor.<\/p>\n<p>Dejando de lado las necesidades de la comunidad, el mercado funciona para los fines que \u00e9ste se propone. Igualmente, todas las modalidades de producci\u00f3n, con esa premisa, son validadas con indicadores de desarrollo macroecon\u00f3mico. Dejando de lado las necesidades de la naci\u00f3n, el Mercado de satisfactores funciona, con la premisa de fomentar el \u00e9xito individual, con la esperanza de que este \u00e9xito aporte al desarrollo en lo social.<\/p>\n<p>Pero cuando se incorporan variables de medici\u00f3n para el desarrollo cultural, en lo social, art\u00edstico y medioambiental, el Mercado no genera aportes significativos y el Estado se obliga a aplicar, seg\u00fan el gobierno de turno, nuevas pol\u00edticas y programas que disminuyan las problem\u00e1ticas \u201chogare\u00f1as\u201d de la comunidad. La explicaci\u00f3n del Estado para su ineficiencia como promotor del desarrollo social radica en \u201chay que seguir trabajando\u201d y la explicaci\u00f3n para nosotros como individuos, aunque sea penoso y discutible, cae en la frase: \u201cEs un problema cultural del chileno\u201d. Nos hemos acostumbrado a vivir en una sociedad donde nos satisfacemos con trabajos ineficientes aunque sea, inclusive, responsabilidad nuestra.<\/p>\n<p><span style=\"font-weight: bold;\">En La Cultura la EC no act\u00faa de igual forma. (Es Peor)<\/span><\/p>\n<p>En el caso de La Cultura, siendo que se espera una Rentabilidad Social de aplicar la EC, \u00e9sta no puede medirse con indicadores directos de satisfacci\u00f3n individual (evaluaci\u00f3n individual de la ejecuci\u00f3n de un proyecto), y menos relacionarse y usarlos como indicadores indirectos de desarrollo social (inversi\u00f3n anual destinada al desarrollo de proyectos de una l\u00ednea de financiamiento determinada). <\/p>\n<p>Las evaluaciones de efectividad de aplicar EC son creadas metodol\u00f3gicamente para darle viabilidad al sistema. Esto incluye los procesos de evaluaci\u00f3n de los Fondos de Cultura (si es que los hay), las evaluaciones de efectividad y eficiencia de aplicar EC caen en procedimiento administrativos que rayan en lo protocolar, en lo que respecta a cumplir con lo programado. Prueba de ello es que no existe autocr\u00edtica y por ende correcci\u00f3n de las imperfecciones de las pol\u00edticas en los Fondos Concursables y no existe una correlaci\u00f3n ni estimativa, ni estad\u00edstica de los impactos deseados originalmente por el o los individuos que aplican EC.<\/p>\n<p>Los Fondos Concursables financian muy buenas ideas o muy buenos formularios, sea como sea, s\u00f3lo financian ideas y no impactos reales de producci\u00f3n cultural. Cuando las l\u00edneas de financiamientos son m\u00e1s espec\u00edficas en lo tem\u00e1tico, buscan aportar a un desarrollo que entre sus objetivos llega a ser imposible de cuantificar, aunque el sentido com\u00fan considere muy necesario de poder mantener en el tiempo, por ejemplo el Fondo de Fomento del Libro y la Lectura, donde su evaluaci\u00f3n es de car\u00e1cter administrativa y no de impactos sociales reales. Para desmentir esta aseveraci\u00f3n s\u00f3lo ser\u00eda necesario si los responsables demuestran un trabajo de medici\u00f3n y evaluaci\u00f3n de los impactos con el MinEduc. Podemos explayarnos en todas las l\u00edneas o fondos concursables y la conclusi\u00f3n ser\u00eda la misma. Muy buenos proyectos, pero no muy buenos impactos. A todas luces, no existe una correlaci\u00f3n de la EC con los impactos esperados en la sociedad. Justificarse mostrando ejemplos de lo v\u00e1lido que puede ser mantener esta pol\u00edtica es pensar que 5 proyectos Culturales (Sociales, Ambientales o Art\u00edsticos) compensan 95 otros intentos que no lograron su objetivo. Cuando la eficiencia de un programa de financiamiento deber\u00eda mostrar las cifras en orden inverso. 95 % de buenos impactos y 5 % de iniciativas no logradas.<\/p>\n<p>Ni siquiera en la Econom\u00eda Dura, ni en todos sus modelos alternativos, han podido demostrar que existe vinculaci\u00f3n entre la Microeconom\u00eda (cuyo sujeto de estudio es la empresa, para el caso de la EC es el individuo) y la Macroeconom\u00eda (cuya base de estudio son las industrias y los grandes conglomerados de entidades, que son parte de la Oferta y la Demanda, para el caso de la EC son las industrias creativas y su impacto social). Es decir, no existen elementos econom\u00e9tricos que vinculen el comportamiento individual y sus resultados con el comportamiento social y su nivel de satisfacci\u00f3n. Sin embargo, se insiste en aplicar pol\u00edticas de fomento del individuo, esperando resultados con impacto social.<\/p>\n<p>El producto de aplicar el actual modelo de EC es una sociedad sin valor cultural m\u00e1s all\u00e1 del curr\u00edculum art\u00edstico de algunos pr\u00f3ceres, el n\u00famero de muertos hist\u00f3ricos de alguna comunidad, el eventismo de las municipalidades, el chovinismo de las redes de cultura asociadas a la elite centralista de la misma, la eventualidad de algunos que de vez en cuando realizan actividades culturales, o el eterno esfuerzo por mantenerse vivo de aquellos peque\u00f1os que realizan algo de cultura para la sociedad. Curiosamente, el aspecto com\u00fan compartido por estos entes, tanto privados como estatales, grandes y peque\u00f1os, es su sobrevivencia cultural basada en la participaci\u00f3n de programas financiables en base a concurso. Es decir, la estimulaci\u00f3n monetaria de la EC del individuo. <\/p>\n<p>Lo peor de todo esto se encuentra en los resultados que ofrece la EC al mejoramiento de nuestra sociedad y que el Estado valida en su rol como promotor del Desarrollo Social aplica con la modalidad de Fondo Concursable como participaci\u00f3n ciudadana. Esto no es un desaf\u00edo, pero la pr\u00f3xima vez que salga a la calle le recomiendo que salga con una hoja y un l\u00e1piz y haga un listado de las cosas que no quisiera volver a ver al d\u00eda siguiente. Vivimos en una sociedad imperfecta, pero no espero a que el Estado o el Mercado haga su pega y con ello evolucionemos como sociedad, porque no ser\u00e9 testigo en mi vida de ese cambio, menos a\u00fan me quedo con la frase terminante y sacadora de apuros para terminar conversaciones: \u201cEs un problema Cultural del Chileno\u201d. <\/p>\n<p>El aporte de los creadores, de los que laboran en ambientes sociales dif\u00edciles, los que est\u00e1n en la pelea constante por generar conciencia ambiental no se encuentra en el grano de arena que aporta su actividad, radica en el compromiso personal que raya en lo emotivo y que se explica en el discurso.<\/p>\n<p>Luis Fraczinet<br \/>Poeta Cesante<br \/>Fil\u00f3sofo de Cocina<br \/>Especialista en Sacrificios Mayas<br \/>Acad\u00e9mico del Depto. de Creatividad de la Universidad de Pelotillehue \u2013 UnPelo<br \/>Director del Centro de Estudios Culturales Avanzados C.E.C.A.<\/p>\n<p>Nuestro Bio B\u00edo Tierra de Encuentros<\/p>\n<p>Esta es una Investigaci\u00f3n C.E.C.A.<\/p>\n","protected":false},"excerpt":{"rendered":"<p>\u00bfQu\u00e9 Es La Econom\u00eda Creativa? El concepto de Econom\u00eda Creativa (EC) nace de la necesidad de dar forma y diferenciar un proceso de la producci\u00f3n de Bienes y Servicios (ByS) que ya se estaba desarrollando de forma natural en los mercados y que al momento de diferenciarse, marcan una nueva etapa en el desarrollo econ\u00f3mico, [&hellip;]<\/p>\n","protected":false},"author":1,"featured_media":0,"comment_status":"open","ping_status":"open","sticky":false,"template":"","format":"standard","meta":{"footnotes":""},"categories":[116,386,112],"tags":[],"class_list":["post-8835","post","type-post","status-publish","format-standard","hentry","category-luis-fraczinet","category-luis-fraczinet-opinion","category-opinion"],"yoast_head":"<!-- This site is optimized with the Yoast SEO plugin v25.0 - https:\/\/yoast.com\/wordpress\/plugins\/seo\/ -->\n<title>Econom\u00eda Creativa \u2013 An\u00e1lisis Cr\u00edtico (M\u00e1s Que Cr\u00edtico) Por Luis Fraczinet - Primera Parte - Nuestro Bio B\u00edo<\/title>\n<meta name=\"robots\" content=\"index, follow, max-snippet:-1, max-image-preview:large, max-video-preview:-1\" \/>\n<link rel=\"canonical\" href=\"https:\/\/www.fraczinet.cl\/sitio\/2011\/04\/02\/economia-creativa-analisis-critico-mas-que-critico-por-luis-fraczinet-primera-parte\/\" \/>\n<meta property=\"og:locale\" content=\"es_ES\" \/>\n<meta property=\"og:type\" content=\"article\" \/>\n<meta property=\"og:title\" content=\"Econom\u00eda Creativa \u2013 An\u00e1lisis Cr\u00edtico (M\u00e1s Que Cr\u00edtico) Por Luis Fraczinet - Primera Parte - Nuestro Bio B\u00edo\" \/>\n<meta property=\"og:description\" content=\"\u00bfQu\u00e9 Es La Econom\u00eda Creativa? El concepto de Econom\u00eda Creativa (EC) nace de la necesidad de dar forma y diferenciar un proceso de la producci\u00f3n de Bienes y Servicios (ByS) que ya se estaba desarrollando de forma natural en los mercados y que al momento de diferenciarse, marcan una nueva etapa en el desarrollo econ\u00f3mico, [&hellip;]\" \/>\n<meta property=\"og:url\" content=\"https:\/\/www.fraczinet.cl\/sitio\/2011\/04\/02\/economia-creativa-analisis-critico-mas-que-critico-por-luis-fraczinet-primera-parte\/\" \/>\n<meta property=\"og:site_name\" content=\"Nuestro Bio B\u00edo\" \/>\n<meta property=\"article:published_time\" content=\"2011-04-02T01:37:00+00:00\" \/>\n<meta property=\"article:modified_time\" content=\"2022-10-30T15:10:36+00:00\" \/>\n<meta property=\"og:image\" content=\"https:\/\/www.fraczinet.cl\/sitio\/wp-content\/uploads\/2021\/07\/bannerlogo-1.gif\" \/>\n\t<meta property=\"og:image:width\" content=\"159\" \/>\n\t<meta property=\"og:image:height\" content=\"79\" \/>\n\t<meta property=\"og:image:type\" content=\"image\/gif\" \/>\n<meta name=\"author\" content=\"admin\" \/>\n<meta name=\"twitter:card\" content=\"summary_large_image\" \/>\n<meta name=\"twitter:creator\" content=\"@nuestrobiobio\" \/>\n<meta name=\"twitter:site\" content=\"@nuestrobiobio\" \/>\n<meta name=\"twitter:label1\" content=\"Escrito por\" \/>\n\t<meta name=\"twitter:data1\" content=\"admin\" \/>\n\t<meta name=\"twitter:label2\" content=\"Tiempo de lectura\" \/>\n\t<meta name=\"twitter:data2\" content=\"14 minutos\" \/>\n<script type=\"application\/ld+json\" class=\"yoast-schema-graph\">{\"@context\":\"https:\/\/schema.org\",\"@graph\":[{\"@type\":\"Article\",\"@id\":\"https:\/\/www.fraczinet.cl\/sitio\/2011\/04\/02\/economia-creativa-analisis-critico-mas-que-critico-por-luis-fraczinet-primera-parte\/#article\",\"isPartOf\":{\"@id\":\"https:\/\/www.fraczinet.cl\/sitio\/2011\/04\/02\/economia-creativa-analisis-critico-mas-que-critico-por-luis-fraczinet-primera-parte\/\"},\"author\":{\"name\":\"admin\",\"@id\":\"https:\/\/www.fraczinet.cl\/sitio\/#\/schema\/person\/bc30f98e9cb10ae7e119dbe14bc93784\"},\"headline\":\"Econom\u00eda Creativa \u2013 An\u00e1lisis Cr\u00edtico (M\u00e1s Que Cr\u00edtico) Por Luis Fraczinet &#8211; Primera Parte\",\"datePublished\":\"2011-04-02T01:37:00+00:00\",\"dateModified\":\"2022-10-30T15:10:36+00:00\",\"mainEntityOfPage\":{\"@id\":\"https:\/\/www.fraczinet.cl\/sitio\/2011\/04\/02\/economia-creativa-analisis-critico-mas-que-critico-por-luis-fraczinet-primera-parte\/\"},\"wordCount\":2722,\"commentCount\":0,\"publisher\":{\"@id\":\"https:\/\/www.fraczinet.cl\/sitio\/#\/schema\/person\/aec8ee4da68df2b9b0eefdad24a0d582\"},\"articleSection\":[\"Luis Fraczinet\",\"Luis Fraczinet Opini\u00f3n\",\"Opini\u00f3n\"],\"inLanguage\":\"es\",\"potentialAction\":[{\"@type\":\"CommentAction\",\"name\":\"Comment\",\"target\":[\"https:\/\/www.fraczinet.cl\/sitio\/2011\/04\/02\/economia-creativa-analisis-critico-mas-que-critico-por-luis-fraczinet-primera-parte\/#respond\"]}]},{\"@type\":\"WebPage\",\"@id\":\"https:\/\/www.fraczinet.cl\/sitio\/2011\/04\/02\/economia-creativa-analisis-critico-mas-que-critico-por-luis-fraczinet-primera-parte\/\",\"url\":\"https:\/\/www.fraczinet.cl\/sitio\/2011\/04\/02\/economia-creativa-analisis-critico-mas-que-critico-por-luis-fraczinet-primera-parte\/\",\"name\":\"Econom\u00eda Creativa \u2013 An\u00e1lisis Cr\u00edtico (M\u00e1s Que Cr\u00edtico) Por Luis Fraczinet - Primera Parte - Nuestro Bio B\u00edo\",\"isPartOf\":{\"@id\":\"https:\/\/www.fraczinet.cl\/sitio\/#website\"},\"datePublished\":\"2011-04-02T01:37:00+00:00\",\"dateModified\":\"2022-10-30T15:10:36+00:00\",\"breadcrumb\":{\"@id\":\"https:\/\/www.fraczinet.cl\/sitio\/2011\/04\/02\/economia-creativa-analisis-critico-mas-que-critico-por-luis-fraczinet-primera-parte\/#breadcrumb\"},\"inLanguage\":\"es\",\"potentialAction\":[{\"@type\":\"ReadAction\",\"target\":[\"https:\/\/www.fraczinet.cl\/sitio\/2011\/04\/02\/economia-creativa-analisis-critico-mas-que-critico-por-luis-fraczinet-primera-parte\/\"]}]},{\"@type\":\"BreadcrumbList\",\"@id\":\"https:\/\/www.fraczinet.cl\/sitio\/2011\/04\/02\/economia-creativa-analisis-critico-mas-que-critico-por-luis-fraczinet-primera-parte\/#breadcrumb\",\"itemListElement\":[{\"@type\":\"ListItem\",\"position\":1,\"name\":\"Portada\",\"item\":\"https:\/\/www.fraczinet.cl\/sitio\/\"},{\"@type\":\"ListItem\",\"position\":2,\"name\":\"Econom\u00eda Creativa \u2013 An\u00e1lisis Cr\u00edtico (M\u00e1s Que Cr\u00edtico) Por Luis Fraczinet &#8211; Primera Parte\"}]},{\"@type\":\"WebSite\",\"@id\":\"https:\/\/www.fraczinet.cl\/sitio\/#website\",\"url\":\"https:\/\/www.fraczinet.cl\/sitio\/\",\"name\":\"Nuestro Bio B\u00edo\",\"description\":\"Tierra de Encuentros\",\"publisher\":{\"@id\":\"https:\/\/www.fraczinet.cl\/sitio\/#\/schema\/person\/aec8ee4da68df2b9b0eefdad24a0d582\"},\"potentialAction\":[{\"@type\":\"SearchAction\",\"target\":{\"@type\":\"EntryPoint\",\"urlTemplate\":\"https:\/\/www.fraczinet.cl\/sitio\/?s={search_term_string}\"},\"query-input\":{\"@type\":\"PropertyValueSpecification\",\"valueRequired\":true,\"valueName\":\"search_term_string\"}}],\"inLanguage\":\"es\"},{\"@type\":[\"Person\",\"Organization\"],\"@id\":\"https:\/\/www.fraczinet.cl\/sitio\/#\/schema\/person\/aec8ee4da68df2b9b0eefdad24a0d582\",\"name\":\"Luis Fernando Fraczinet\",\"image\":{\"@type\":\"ImageObject\",\"inLanguage\":\"es\",\"@id\":\"https:\/\/www.fraczinet.cl\/sitio\/#\/schema\/person\/image\/\",\"url\":\"https:\/\/www.fraczinet.cl\/sitio\/wp-content\/uploads\/2021\/07\/bannerlogo-1.gif\",\"contentUrl\":\"https:\/\/www.fraczinet.cl\/sitio\/wp-content\/uploads\/2021\/07\/bannerlogo-1.gif\",\"width\":159,\"height\":79,\"caption\":\"Luis Fernando Fraczinet\"},\"logo\":{\"@id\":\"https:\/\/www.fraczinet.cl\/sitio\/#\/schema\/person\/image\/\"},\"sameAs\":[\"https:\/\/www.fraczinet.cl\/sitio\/\"]},{\"@type\":\"Person\",\"@id\":\"https:\/\/www.fraczinet.cl\/sitio\/#\/schema\/person\/bc30f98e9cb10ae7e119dbe14bc93784\",\"name\":\"admin\",\"image\":{\"@type\":\"ImageObject\",\"inLanguage\":\"es\",\"@id\":\"https:\/\/www.fraczinet.cl\/sitio\/#\/schema\/person\/image\/\",\"url\":\"https:\/\/secure.gravatar.com\/avatar\/d5ad3cf7ef3b23a2bb5be73be780c86b2fc8545c3ad6b149f3913ff458c00099?s=96&d=mm&r=g\",\"contentUrl\":\"https:\/\/secure.gravatar.com\/avatar\/d5ad3cf7ef3b23a2bb5be73be780c86b2fc8545c3ad6b149f3913ff458c00099?s=96&d=mm&r=g\",\"caption\":\"admin\"},\"sameAs\":[\"https:\/\/www.fraczinet.cl\/sitio\"]}]}<\/script>\n<!-- \/ Yoast SEO plugin. -->","yoast_head_json":{"title":"Econom\u00eda Creativa \u2013 An\u00e1lisis Cr\u00edtico (M\u00e1s Que Cr\u00edtico) Por Luis Fraczinet - Primera Parte - Nuestro Bio B\u00edo","robots":{"index":"index","follow":"follow","max-snippet":"max-snippet:-1","max-image-preview":"max-image-preview:large","max-video-preview":"max-video-preview:-1"},"canonical":"https:\/\/www.fraczinet.cl\/sitio\/2011\/04\/02\/economia-creativa-analisis-critico-mas-que-critico-por-luis-fraczinet-primera-parte\/","og_locale":"es_ES","og_type":"article","og_title":"Econom\u00eda Creativa \u2013 An\u00e1lisis Cr\u00edtico (M\u00e1s Que Cr\u00edtico) Por Luis Fraczinet - Primera Parte - Nuestro Bio B\u00edo","og_description":"\u00bfQu\u00e9 Es La Econom\u00eda Creativa? El concepto de Econom\u00eda Creativa (EC) nace de la necesidad de dar forma y diferenciar un proceso de la producci\u00f3n de Bienes y Servicios (ByS) que ya se estaba desarrollando de forma natural en los mercados y que al momento de diferenciarse, marcan una nueva etapa en el desarrollo econ\u00f3mico, [&hellip;]","og_url":"https:\/\/www.fraczinet.cl\/sitio\/2011\/04\/02\/economia-creativa-analisis-critico-mas-que-critico-por-luis-fraczinet-primera-parte\/","og_site_name":"Nuestro Bio B\u00edo","article_published_time":"2011-04-02T01:37:00+00:00","article_modified_time":"2022-10-30T15:10:36+00:00","og_image":[{"width":159,"height":79,"url":"https:\/\/www.fraczinet.cl\/sitio\/wp-content\/uploads\/2021\/07\/bannerlogo-1.gif","type":"image\/gif"}],"author":"admin","twitter_card":"summary_large_image","twitter_creator":"@nuestrobiobio","twitter_site":"@nuestrobiobio","twitter_misc":{"Escrito por":"admin","Tiempo de lectura":"14 minutos"},"schema":{"@context":"https:\/\/schema.org","@graph":[{"@type":"Article","@id":"https:\/\/www.fraczinet.cl\/sitio\/2011\/04\/02\/economia-creativa-analisis-critico-mas-que-critico-por-luis-fraczinet-primera-parte\/#article","isPartOf":{"@id":"https:\/\/www.fraczinet.cl\/sitio\/2011\/04\/02\/economia-creativa-analisis-critico-mas-que-critico-por-luis-fraczinet-primera-parte\/"},"author":{"name":"admin","@id":"https:\/\/www.fraczinet.cl\/sitio\/#\/schema\/person\/bc30f98e9cb10ae7e119dbe14bc93784"},"headline":"Econom\u00eda Creativa \u2013 An\u00e1lisis Cr\u00edtico (M\u00e1s Que Cr\u00edtico) Por Luis Fraczinet &#8211; Primera Parte","datePublished":"2011-04-02T01:37:00+00:00","dateModified":"2022-10-30T15:10:36+00:00","mainEntityOfPage":{"@id":"https:\/\/www.fraczinet.cl\/sitio\/2011\/04\/02\/economia-creativa-analisis-critico-mas-que-critico-por-luis-fraczinet-primera-parte\/"},"wordCount":2722,"commentCount":0,"publisher":{"@id":"https:\/\/www.fraczinet.cl\/sitio\/#\/schema\/person\/aec8ee4da68df2b9b0eefdad24a0d582"},"articleSection":["Luis Fraczinet","Luis Fraczinet Opini\u00f3n","Opini\u00f3n"],"inLanguage":"es","potentialAction":[{"@type":"CommentAction","name":"Comment","target":["https:\/\/www.fraczinet.cl\/sitio\/2011\/04\/02\/economia-creativa-analisis-critico-mas-que-critico-por-luis-fraczinet-primera-parte\/#respond"]}]},{"@type":"WebPage","@id":"https:\/\/www.fraczinet.cl\/sitio\/2011\/04\/02\/economia-creativa-analisis-critico-mas-que-critico-por-luis-fraczinet-primera-parte\/","url":"https:\/\/www.fraczinet.cl\/sitio\/2011\/04\/02\/economia-creativa-analisis-critico-mas-que-critico-por-luis-fraczinet-primera-parte\/","name":"Econom\u00eda Creativa \u2013 An\u00e1lisis Cr\u00edtico (M\u00e1s Que Cr\u00edtico) Por Luis Fraczinet - Primera Parte - Nuestro Bio B\u00edo","isPartOf":{"@id":"https:\/\/www.fraczinet.cl\/sitio\/#website"},"datePublished":"2011-04-02T01:37:00+00:00","dateModified":"2022-10-30T15:10:36+00:00","breadcrumb":{"@id":"https:\/\/www.fraczinet.cl\/sitio\/2011\/04\/02\/economia-creativa-analisis-critico-mas-que-critico-por-luis-fraczinet-primera-parte\/#breadcrumb"},"inLanguage":"es","potentialAction":[{"@type":"ReadAction","target":["https:\/\/www.fraczinet.cl\/sitio\/2011\/04\/02\/economia-creativa-analisis-critico-mas-que-critico-por-luis-fraczinet-primera-parte\/"]}]},{"@type":"BreadcrumbList","@id":"https:\/\/www.fraczinet.cl\/sitio\/2011\/04\/02\/economia-creativa-analisis-critico-mas-que-critico-por-luis-fraczinet-primera-parte\/#breadcrumb","itemListElement":[{"@type":"ListItem","position":1,"name":"Portada","item":"https:\/\/www.fraczinet.cl\/sitio\/"},{"@type":"ListItem","position":2,"name":"Econom\u00eda Creativa \u2013 An\u00e1lisis Cr\u00edtico (M\u00e1s Que Cr\u00edtico) Por Luis Fraczinet &#8211; Primera Parte"}]},{"@type":"WebSite","@id":"https:\/\/www.fraczinet.cl\/sitio\/#website","url":"https:\/\/www.fraczinet.cl\/sitio\/","name":"Nuestro Bio B\u00edo","description":"Tierra de Encuentros","publisher":{"@id":"https:\/\/www.fraczinet.cl\/sitio\/#\/schema\/person\/aec8ee4da68df2b9b0eefdad24a0d582"},"potentialAction":[{"@type":"SearchAction","target":{"@type":"EntryPoint","urlTemplate":"https:\/\/www.fraczinet.cl\/sitio\/?s={search_term_string}"},"query-input":{"@type":"PropertyValueSpecification","valueRequired":true,"valueName":"search_term_string"}}],"inLanguage":"es"},{"@type":["Person","Organization"],"@id":"https:\/\/www.fraczinet.cl\/sitio\/#\/schema\/person\/aec8ee4da68df2b9b0eefdad24a0d582","name":"Luis Fernando Fraczinet","image":{"@type":"ImageObject","inLanguage":"es","@id":"https:\/\/www.fraczinet.cl\/sitio\/#\/schema\/person\/image\/","url":"https:\/\/www.fraczinet.cl\/sitio\/wp-content\/uploads\/2021\/07\/bannerlogo-1.gif","contentUrl":"https:\/\/www.fraczinet.cl\/sitio\/wp-content\/uploads\/2021\/07\/bannerlogo-1.gif","width":159,"height":79,"caption":"Luis Fernando Fraczinet"},"logo":{"@id":"https:\/\/www.fraczinet.cl\/sitio\/#\/schema\/person\/image\/"},"sameAs":["https:\/\/www.fraczinet.cl\/sitio\/"]},{"@type":"Person","@id":"https:\/\/www.fraczinet.cl\/sitio\/#\/schema\/person\/bc30f98e9cb10ae7e119dbe14bc93784","name":"admin","image":{"@type":"ImageObject","inLanguage":"es","@id":"https:\/\/www.fraczinet.cl\/sitio\/#\/schema\/person\/image\/","url":"https:\/\/secure.gravatar.com\/avatar\/d5ad3cf7ef3b23a2bb5be73be780c86b2fc8545c3ad6b149f3913ff458c00099?s=96&d=mm&r=g","contentUrl":"https:\/\/secure.gravatar.com\/avatar\/d5ad3cf7ef3b23a2bb5be73be780c86b2fc8545c3ad6b149f3913ff458c00099?s=96&d=mm&r=g","caption":"admin"},"sameAs":["https:\/\/www.fraczinet.cl\/sitio"]}]}},"_links":{"self":[{"href":"https:\/\/www.fraczinet.cl\/sitio\/wp-json\/wp\/v2\/posts\/8835","targetHints":{"allow":["GET"]}}],"collection":[{"href":"https:\/\/www.fraczinet.cl\/sitio\/wp-json\/wp\/v2\/posts"}],"about":[{"href":"https:\/\/www.fraczinet.cl\/sitio\/wp-json\/wp\/v2\/types\/post"}],"author":[{"embeddable":true,"href":"https:\/\/www.fraczinet.cl\/sitio\/wp-json\/wp\/v2\/users\/1"}],"replies":[{"embeddable":true,"href":"https:\/\/www.fraczinet.cl\/sitio\/wp-json\/wp\/v2\/comments?post=8835"}],"version-history":[{"count":1,"href":"https:\/\/www.fraczinet.cl\/sitio\/wp-json\/wp\/v2\/posts\/8835\/revisions"}],"predecessor-version":[{"id":15031,"href":"https:\/\/www.fraczinet.cl\/sitio\/wp-json\/wp\/v2\/posts\/8835\/revisions\/15031"}],"wp:attachment":[{"href":"https:\/\/www.fraczinet.cl\/sitio\/wp-json\/wp\/v2\/media?parent=8835"}],"wp:term":[{"taxonomy":"category","embeddable":true,"href":"https:\/\/www.fraczinet.cl\/sitio\/wp-json\/wp\/v2\/categories?post=8835"},{"taxonomy":"post_tag","embeddable":true,"href":"https:\/\/www.fraczinet.cl\/sitio\/wp-json\/wp\/v2\/tags?post=8835"}],"curies":[{"name":"wp","href":"https:\/\/api.w.org\/{rel}","templated":true}]}}