{"id":8845,"date":"2011-03-29T10:33:00","date_gmt":"2011-03-29T10:33:00","guid":{"rendered":"https:\/\/www.fraczinet.cl\/sitio\/2011\/03\/29\/cine-documental-bukowski-born-into-this\/"},"modified":"2022-10-04T14:37:53","modified_gmt":"2022-10-04T14:37:53","slug":"cine-documental-bukowski-born-into-this","status":"publish","type":"post","link":"https:\/\/www.fraczinet.cl\/sitio\/2011\/03\/29\/cine-documental-bukowski-born-into-this\/","title":{"rendered":"Cine Documental &#8211; Bukowski: Born into This"},"content":{"rendered":"<p><a href=\"http:\/\/1.bp.blogspot.com\/-VXn80IoW3_U\/TZG2Yd0cpTI\/AAAAAAAASdM\/epucebLVUGk\/s1600\/Bukowski.jpg\"><img decoding=\"async\" alt=\"\" border=\"0\" id=\"BLOGGER_PHOTO_ID_5589449143981221170\" src=\"http:\/\/1.bp.blogspot.com\/-VXn80IoW3_U\/TZG2Yd0cpTI\/AAAAAAAASdM\/epucebLVUGk\/s400\/Bukowski.jpg\" style=\"cursor: pointer; float: left; height: 267px; margin: 0px 10px 10px 0px; width: 189px;\" \/><\/a>John Dullaghan investig\u00f3 y recopil\u00f3 cintas por un per\u00edodo de siete a\u00f1os para desarrollar el documental \u201cBukowski Born Into This\u201d. el cual empieza con un Bukowski entonado frente a un micr\u00f3fono abierto durante una de sus tantas lecturas. De fondo suena una m\u00fasica cl\u00e1sica compuesta por Jim Stemple de acuerdo a los gustos musicales del propio Bukowski.  Hay mucho de bueno y positivo en este documental. Dullaghan se propuso retratar a Bukowski sin usar una voz en off y en su lugar lo hizo a trav\u00e9s de relatos de conocidos, amigos, personalidades y a trav\u00e9s de sus propios poemas y cuentos.  Es interesante cotejar ficci\u00f3n y realidad con ayuda de las palabras de Muto \u2013 un ex compa\u00f1ero de la oficina de correos \u2013 y decidir si Jane Cooney Baker, la musa inspiradora en esos desgarradores poemas de muerte, era una rubia con estilo, un poco loca o bien una mujer excedida de peso y sin sofisticaci\u00f3n, tal como la recuerda Muto.  Otro momento destacable del documental son las im\u00e1genes obtenidas por la c\u00e1mara de Barbet Schroeder, el director de la pel\u00edcula Barfly (Mariposas de la noche). Resulta que a Schroeder le costaba conseguir financiamiento para Barfly y decidi\u00f3 mientras tanto hacer un documental, por eso iba todos los fines de semana a visitar a Bukowski y filmaba largas sesiones. En una de esas filmaciones se ve a un Bukowski bastante borracho y beligerante, discutiendo con, quien ser\u00eda luego su esposa, Linda Lee. La discusi\u00f3n va subiendo de tono, hasta que Buk, completamente ofuscado y cegado de celos patea e insulta a Linda. Y si bien, es cierto, hay algo de eso tambi\u00e9n en su literatura, el hecho de verlo filmado, en esa violencia injusta y desigual, durante una etapa madura de su vida, ya bastante realizado como escritor, le agrega una capa de complejidad a la comprensi\u00f3n de Bukowski como persona.&nbsp;<\/p>\n<div><\/div>\n<div>El documental recorre tambi\u00e9n su infancia desdichada, las terribles golpizas de su padre y su forma de capitalizar todo eso. Bukowski recuerda su infancia y concluye: \u201cmi padre me ense\u00f1\u00f3 mucho acerca de la literatura, cuando te pegan lo suficiente, desarroll\u00e1s una tendencia a decir lo que realmente quer\u00e9s decir\u201d  Hay mucho material de archivo, de esa \u00e9poca en que Europa empezaba a descubrir a Charles Bukowski y enviaba cronistas a filmarlo. Durante una de estas sesiones de filmaci\u00f3n, Bukowski lee el poema \u201cThe Shower\u201d y se larga a llorar en c\u00e1mara a causa de su separaci\u00f3n con una de sus mujeres. Ver al viejo Hank, tratando de leer, quebrado, pendiente y arruinado por una mujer es quiz\u00e1s el momento culminante del documental. Es la respuesta a esa acusaci\u00f3n idiota del cronista Belga, quien sin haberlo le\u00eddo o sin haberlo comprendido, le dice \u201cPara usted, amor es sin\u00f3nimo de sexo\u201d Bukowski lo mira de reojo y suelta \u201cNo se de d\u00f3nde sac\u00e1s tus conceptos\u201d y remata irritado \u201cYou really fucked up, there, Babe\u201d  Despu\u00e9s, tambi\u00e9n cabe destacar la participaci\u00f3n de Bono, de Tom Waits y de Sean Penn. Tom Waits, desde la identificaci\u00f3n con su propio padre, Sean Penn, con la familiaridad de un amigo y Bono, desde una admiraci\u00f3n ilimitada. No es que Bukowski necesite semejante aval pero es una nota de color y un nexo entre nuevas generaciones y el escritor fallecido en 1994.  Como conclusi\u00f3n, tras haber le\u00eddo todos sus cuentos y poemas, tras haber visto mil fotos y escuchado grabaciones de sus lecturas, tras haber visitado su tumba y caminado por sus calles, quiz\u00e1s uno piensa que ya puede capturar al hombre y la medida justa del mito pero el documental, pone en evidencia esa complejidad que reside en las cosas simples y presuntamente conocidas. Aparecen los t\u00edtulos finales y traen de la mano unas ganas terribles de buscar esos libros gastados de Anagrama. Para estar un rato m\u00e1s con Hank, para jurar sobre ellos, que de ahora en m\u00e1s, lo \u00fanico que vale, es decir lo que realmente se quiere decir.  Direcci\u00f3n: John Dullaghan. Reparto: Charles Bukowski, Bono, Linda Lee Bukowski, Tom Waits, Sean Penn, Joyce Fante.&nbsp;<\/p>\n<div><\/div>\n<div>Pa\u00eds: EEUU. A\u00f1o: 2003. M\u00fasica: Charlie Paakari. G\u00e9nero: Documental, Biograf\u00eda.&nbsp;<\/div>\n<div>&nbsp;<span style=\"font-weight: bold;\">Viernes, 01 de abril \u00b7 21:00 &#8211; 23:00 FREIRE 379 &#8211; LOS \u00c1NGELES Organiza: <a href=\"http:\/\/www.facebook.com\/imaginario.fronterizo\">Imaginario Fronterizo<\/a><\/span>&nbsp;<\/div>\n<\/div>\n","protected":false},"excerpt":{"rendered":"<p>John Dullaghan investig\u00f3 y recopil\u00f3 cintas por un per\u00edodo de siete a\u00f1os para desarrollar el documental \u201cBukowski Born Into This\u201d. el cual empieza con un Bukowski entonado frente a un micr\u00f3fono abierto durante una de sus tantas lecturas. De fondo suena una m\u00fasica cl\u00e1sica compuesta por Jim Stemple de acuerdo a los gustos musicales del [&hellip;]<\/p>\n","protected":false},"author":1,"featured_media":0,"comment_status":"open","ping_status":"open","sticky":false,"template":"","format":"standard","meta":{"footnotes":""},"categories":[164],"tags":[],"class_list":["post-8845","post","type-post","status-publish","format-standard","hentry","category-documentales"],"yoast_head":"<!-- This site is optimized with the Yoast SEO plugin v25.0 - https:\/\/yoast.com\/wordpress\/plugins\/seo\/ -->\n<title>Cine Documental - Bukowski: Born into This - Nuestro Bio B\u00edo<\/title>\n<meta name=\"robots\" content=\"index, follow, max-snippet:-1, max-image-preview:large, max-video-preview:-1\" \/>\n<link rel=\"canonical\" href=\"https:\/\/www.fraczinet.cl\/sitio\/2011\/03\/29\/cine-documental-bukowski-born-into-this\/\" \/>\n<meta property=\"og:locale\" content=\"es_ES\" \/>\n<meta property=\"og:type\" content=\"article\" \/>\n<meta property=\"og:title\" content=\"Cine Documental - Bukowski: Born into This - Nuestro Bio B\u00edo\" \/>\n<meta property=\"og:description\" content=\"John Dullaghan investig\u00f3 y recopil\u00f3 cintas por un per\u00edodo de siete a\u00f1os para desarrollar el documental \u201cBukowski Born Into This\u201d. el cual empieza con un Bukowski entonado frente a un micr\u00f3fono abierto durante una de sus tantas lecturas. De fondo suena una m\u00fasica cl\u00e1sica compuesta por Jim Stemple de acuerdo a los gustos musicales del [&hellip;]\" \/>\n<meta property=\"og:url\" content=\"https:\/\/www.fraczinet.cl\/sitio\/2011\/03\/29\/cine-documental-bukowski-born-into-this\/\" \/>\n<meta property=\"og:site_name\" content=\"Nuestro Bio B\u00edo\" \/>\n<meta property=\"article:published_time\" content=\"2011-03-29T10:33:00+00:00\" \/>\n<meta property=\"article:modified_time\" content=\"2022-10-04T14:37:53+00:00\" \/>\n<meta property=\"og:image\" content=\"http:\/\/1.bp.blogspot.com\/-VXn80IoW3_U\/TZG2Yd0cpTI\/AAAAAAAASdM\/epucebLVUGk\/s400\/Bukowski.jpg\" \/>\n<meta name=\"author\" content=\"admin\" \/>\n<meta name=\"twitter:card\" content=\"summary_large_image\" \/>\n<meta name=\"twitter:creator\" content=\"@nuestrobiobio\" \/>\n<meta name=\"twitter:site\" content=\"@nuestrobiobio\" \/>\n<meta name=\"twitter:label1\" content=\"Escrito por\" \/>\n\t<meta name=\"twitter:data1\" content=\"admin\" \/>\n\t<meta name=\"twitter:label2\" content=\"Tiempo de lectura\" \/>\n\t<meta name=\"twitter:data2\" content=\"4 minutos\" \/>\n<script type=\"application\/ld+json\" class=\"yoast-schema-graph\">{\"@context\":\"https:\/\/schema.org\",\"@graph\":[{\"@type\":\"Article\",\"@id\":\"https:\/\/www.fraczinet.cl\/sitio\/2011\/03\/29\/cine-documental-bukowski-born-into-this\/#article\",\"isPartOf\":{\"@id\":\"https:\/\/www.fraczinet.cl\/sitio\/2011\/03\/29\/cine-documental-bukowski-born-into-this\/\"},\"author\":{\"name\":\"admin\",\"@id\":\"https:\/\/www.fraczinet.cl\/sitio\/#\/schema\/person\/bc30f98e9cb10ae7e119dbe14bc93784\"},\"headline\":\"Cine Documental &#8211; Bukowski: Born into This\",\"datePublished\":\"2011-03-29T10:33:00+00:00\",\"dateModified\":\"2022-10-04T14:37:53+00:00\",\"mainEntityOfPage\":{\"@id\":\"https:\/\/www.fraczinet.cl\/sitio\/2011\/03\/29\/cine-documental-bukowski-born-into-this\/\"},\"wordCount\":749,\"commentCount\":0,\"publisher\":{\"@id\":\"https:\/\/www.fraczinet.cl\/sitio\/#\/schema\/person\/aec8ee4da68df2b9b0eefdad24a0d582\"},\"image\":{\"@id\":\"https:\/\/www.fraczinet.cl\/sitio\/2011\/03\/29\/cine-documental-bukowski-born-into-this\/#primaryimage\"},\"thumbnailUrl\":\"http:\/\/1.bp.blogspot.com\/-VXn80IoW3_U\/TZG2Yd0cpTI\/AAAAAAAASdM\/epucebLVUGk\/s400\/Bukowski.jpg\",\"articleSection\":[\"Documentales\"],\"inLanguage\":\"es\",\"potentialAction\":[{\"@type\":\"CommentAction\",\"name\":\"Comment\",\"target\":[\"https:\/\/www.fraczinet.cl\/sitio\/2011\/03\/29\/cine-documental-bukowski-born-into-this\/#respond\"]}]},{\"@type\":\"WebPage\",\"@id\":\"https:\/\/www.fraczinet.cl\/sitio\/2011\/03\/29\/cine-documental-bukowski-born-into-this\/\",\"url\":\"https:\/\/www.fraczinet.cl\/sitio\/2011\/03\/29\/cine-documental-bukowski-born-into-this\/\",\"name\":\"Cine Documental - Bukowski: Born into This - Nuestro Bio B\u00edo\",\"isPartOf\":{\"@id\":\"https:\/\/www.fraczinet.cl\/sitio\/#website\"},\"primaryImageOfPage\":{\"@id\":\"https:\/\/www.fraczinet.cl\/sitio\/2011\/03\/29\/cine-documental-bukowski-born-into-this\/#primaryimage\"},\"image\":{\"@id\":\"https:\/\/www.fraczinet.cl\/sitio\/2011\/03\/29\/cine-documental-bukowski-born-into-this\/#primaryimage\"},\"thumbnailUrl\":\"http:\/\/1.bp.blogspot.com\/-VXn80IoW3_U\/TZG2Yd0cpTI\/AAAAAAAASdM\/epucebLVUGk\/s400\/Bukowski.jpg\",\"datePublished\":\"2011-03-29T10:33:00+00:00\",\"dateModified\":\"2022-10-04T14:37:53+00:00\",\"breadcrumb\":{\"@id\":\"https:\/\/www.fraczinet.cl\/sitio\/2011\/03\/29\/cine-documental-bukowski-born-into-this\/#breadcrumb\"},\"inLanguage\":\"es\",\"potentialAction\":[{\"@type\":\"ReadAction\",\"target\":[\"https:\/\/www.fraczinet.cl\/sitio\/2011\/03\/29\/cine-documental-bukowski-born-into-this\/\"]}]},{\"@type\":\"ImageObject\",\"inLanguage\":\"es\",\"@id\":\"https:\/\/www.fraczinet.cl\/sitio\/2011\/03\/29\/cine-documental-bukowski-born-into-this\/#primaryimage\",\"url\":\"http:\/\/1.bp.blogspot.com\/-VXn80IoW3_U\/TZG2Yd0cpTI\/AAAAAAAASdM\/epucebLVUGk\/s400\/Bukowski.jpg\",\"contentUrl\":\"http:\/\/1.bp.blogspot.com\/-VXn80IoW3_U\/TZG2Yd0cpTI\/AAAAAAAASdM\/epucebLVUGk\/s400\/Bukowski.jpg\"},{\"@type\":\"BreadcrumbList\",\"@id\":\"https:\/\/www.fraczinet.cl\/sitio\/2011\/03\/29\/cine-documental-bukowski-born-into-this\/#breadcrumb\",\"itemListElement\":[{\"@type\":\"ListItem\",\"position\":1,\"name\":\"Portada\",\"item\":\"https:\/\/www.fraczinet.cl\/sitio\/\"},{\"@type\":\"ListItem\",\"position\":2,\"name\":\"Cine Documental &#8211; Bukowski: Born into This\"}]},{\"@type\":\"WebSite\",\"@id\":\"https:\/\/www.fraczinet.cl\/sitio\/#website\",\"url\":\"https:\/\/www.fraczinet.cl\/sitio\/\",\"name\":\"Nuestro Bio B\u00edo\",\"description\":\"Tierra de Encuentros\",\"publisher\":{\"@id\":\"https:\/\/www.fraczinet.cl\/sitio\/#\/schema\/person\/aec8ee4da68df2b9b0eefdad24a0d582\"},\"potentialAction\":[{\"@type\":\"SearchAction\",\"target\":{\"@type\":\"EntryPoint\",\"urlTemplate\":\"https:\/\/www.fraczinet.cl\/sitio\/?s={search_term_string}\"},\"query-input\":{\"@type\":\"PropertyValueSpecification\",\"valueRequired\":true,\"valueName\":\"search_term_string\"}}],\"inLanguage\":\"es\"},{\"@type\":[\"Person\",\"Organization\"],\"@id\":\"https:\/\/www.fraczinet.cl\/sitio\/#\/schema\/person\/aec8ee4da68df2b9b0eefdad24a0d582\",\"name\":\"Luis Fernando Fraczinet\",\"image\":{\"@type\":\"ImageObject\",\"inLanguage\":\"es\",\"@id\":\"https:\/\/www.fraczinet.cl\/sitio\/#\/schema\/person\/image\/\",\"url\":\"https:\/\/www.fraczinet.cl\/sitio\/wp-content\/uploads\/2021\/07\/bannerlogo-1.gif\",\"contentUrl\":\"https:\/\/www.fraczinet.cl\/sitio\/wp-content\/uploads\/2021\/07\/bannerlogo-1.gif\",\"width\":159,\"height\":79,\"caption\":\"Luis Fernando Fraczinet\"},\"logo\":{\"@id\":\"https:\/\/www.fraczinet.cl\/sitio\/#\/schema\/person\/image\/\"},\"sameAs\":[\"https:\/\/www.fraczinet.cl\/sitio\/\"]},{\"@type\":\"Person\",\"@id\":\"https:\/\/www.fraczinet.cl\/sitio\/#\/schema\/person\/bc30f98e9cb10ae7e119dbe14bc93784\",\"name\":\"admin\",\"image\":{\"@type\":\"ImageObject\",\"inLanguage\":\"es\",\"@id\":\"https:\/\/www.fraczinet.cl\/sitio\/#\/schema\/person\/image\/\",\"url\":\"https:\/\/secure.gravatar.com\/avatar\/d5ad3cf7ef3b23a2bb5be73be780c86b2fc8545c3ad6b149f3913ff458c00099?s=96&d=mm&r=g\",\"contentUrl\":\"https:\/\/secure.gravatar.com\/avatar\/d5ad3cf7ef3b23a2bb5be73be780c86b2fc8545c3ad6b149f3913ff458c00099?s=96&d=mm&r=g\",\"caption\":\"admin\"},\"sameAs\":[\"https:\/\/www.fraczinet.cl\/sitio\"]}]}<\/script>\n<!-- \/ Yoast SEO plugin. -->","yoast_head_json":{"title":"Cine Documental - Bukowski: Born into This - Nuestro Bio B\u00edo","robots":{"index":"index","follow":"follow","max-snippet":"max-snippet:-1","max-image-preview":"max-image-preview:large","max-video-preview":"max-video-preview:-1"},"canonical":"https:\/\/www.fraczinet.cl\/sitio\/2011\/03\/29\/cine-documental-bukowski-born-into-this\/","og_locale":"es_ES","og_type":"article","og_title":"Cine Documental - Bukowski: Born into This - Nuestro Bio B\u00edo","og_description":"John Dullaghan investig\u00f3 y recopil\u00f3 cintas por un per\u00edodo de siete a\u00f1os para desarrollar el documental \u201cBukowski Born Into This\u201d. el cual empieza con un Bukowski entonado frente a un micr\u00f3fono abierto durante una de sus tantas lecturas. De fondo suena una m\u00fasica cl\u00e1sica compuesta por Jim Stemple de acuerdo a los gustos musicales del [&hellip;]","og_url":"https:\/\/www.fraczinet.cl\/sitio\/2011\/03\/29\/cine-documental-bukowski-born-into-this\/","og_site_name":"Nuestro Bio B\u00edo","article_published_time":"2011-03-29T10:33:00+00:00","article_modified_time":"2022-10-04T14:37:53+00:00","og_image":[{"url":"http:\/\/1.bp.blogspot.com\/-VXn80IoW3_U\/TZG2Yd0cpTI\/AAAAAAAASdM\/epucebLVUGk\/s400\/Bukowski.jpg","type":"","width":"","height":""}],"author":"admin","twitter_card":"summary_large_image","twitter_creator":"@nuestrobiobio","twitter_site":"@nuestrobiobio","twitter_misc":{"Escrito por":"admin","Tiempo de lectura":"4 minutos"},"schema":{"@context":"https:\/\/schema.org","@graph":[{"@type":"Article","@id":"https:\/\/www.fraczinet.cl\/sitio\/2011\/03\/29\/cine-documental-bukowski-born-into-this\/#article","isPartOf":{"@id":"https:\/\/www.fraczinet.cl\/sitio\/2011\/03\/29\/cine-documental-bukowski-born-into-this\/"},"author":{"name":"admin","@id":"https:\/\/www.fraczinet.cl\/sitio\/#\/schema\/person\/bc30f98e9cb10ae7e119dbe14bc93784"},"headline":"Cine Documental &#8211; Bukowski: Born into This","datePublished":"2011-03-29T10:33:00+00:00","dateModified":"2022-10-04T14:37:53+00:00","mainEntityOfPage":{"@id":"https:\/\/www.fraczinet.cl\/sitio\/2011\/03\/29\/cine-documental-bukowski-born-into-this\/"},"wordCount":749,"commentCount":0,"publisher":{"@id":"https:\/\/www.fraczinet.cl\/sitio\/#\/schema\/person\/aec8ee4da68df2b9b0eefdad24a0d582"},"image":{"@id":"https:\/\/www.fraczinet.cl\/sitio\/2011\/03\/29\/cine-documental-bukowski-born-into-this\/#primaryimage"},"thumbnailUrl":"http:\/\/1.bp.blogspot.com\/-VXn80IoW3_U\/TZG2Yd0cpTI\/AAAAAAAASdM\/epucebLVUGk\/s400\/Bukowski.jpg","articleSection":["Documentales"],"inLanguage":"es","potentialAction":[{"@type":"CommentAction","name":"Comment","target":["https:\/\/www.fraczinet.cl\/sitio\/2011\/03\/29\/cine-documental-bukowski-born-into-this\/#respond"]}]},{"@type":"WebPage","@id":"https:\/\/www.fraczinet.cl\/sitio\/2011\/03\/29\/cine-documental-bukowski-born-into-this\/","url":"https:\/\/www.fraczinet.cl\/sitio\/2011\/03\/29\/cine-documental-bukowski-born-into-this\/","name":"Cine Documental - Bukowski: Born into This - Nuestro Bio B\u00edo","isPartOf":{"@id":"https:\/\/www.fraczinet.cl\/sitio\/#website"},"primaryImageOfPage":{"@id":"https:\/\/www.fraczinet.cl\/sitio\/2011\/03\/29\/cine-documental-bukowski-born-into-this\/#primaryimage"},"image":{"@id":"https:\/\/www.fraczinet.cl\/sitio\/2011\/03\/29\/cine-documental-bukowski-born-into-this\/#primaryimage"},"thumbnailUrl":"http:\/\/1.bp.blogspot.com\/-VXn80IoW3_U\/TZG2Yd0cpTI\/AAAAAAAASdM\/epucebLVUGk\/s400\/Bukowski.jpg","datePublished":"2011-03-29T10:33:00+00:00","dateModified":"2022-10-04T14:37:53+00:00","breadcrumb":{"@id":"https:\/\/www.fraczinet.cl\/sitio\/2011\/03\/29\/cine-documental-bukowski-born-into-this\/#breadcrumb"},"inLanguage":"es","potentialAction":[{"@type":"ReadAction","target":["https:\/\/www.fraczinet.cl\/sitio\/2011\/03\/29\/cine-documental-bukowski-born-into-this\/"]}]},{"@type":"ImageObject","inLanguage":"es","@id":"https:\/\/www.fraczinet.cl\/sitio\/2011\/03\/29\/cine-documental-bukowski-born-into-this\/#primaryimage","url":"http:\/\/1.bp.blogspot.com\/-VXn80IoW3_U\/TZG2Yd0cpTI\/AAAAAAAASdM\/epucebLVUGk\/s400\/Bukowski.jpg","contentUrl":"http:\/\/1.bp.blogspot.com\/-VXn80IoW3_U\/TZG2Yd0cpTI\/AAAAAAAASdM\/epucebLVUGk\/s400\/Bukowski.jpg"},{"@type":"BreadcrumbList","@id":"https:\/\/www.fraczinet.cl\/sitio\/2011\/03\/29\/cine-documental-bukowski-born-into-this\/#breadcrumb","itemListElement":[{"@type":"ListItem","position":1,"name":"Portada","item":"https:\/\/www.fraczinet.cl\/sitio\/"},{"@type":"ListItem","position":2,"name":"Cine Documental &#8211; Bukowski: Born into This"}]},{"@type":"WebSite","@id":"https:\/\/www.fraczinet.cl\/sitio\/#website","url":"https:\/\/www.fraczinet.cl\/sitio\/","name":"Nuestro Bio B\u00edo","description":"Tierra de Encuentros","publisher":{"@id":"https:\/\/www.fraczinet.cl\/sitio\/#\/schema\/person\/aec8ee4da68df2b9b0eefdad24a0d582"},"potentialAction":[{"@type":"SearchAction","target":{"@type":"EntryPoint","urlTemplate":"https:\/\/www.fraczinet.cl\/sitio\/?s={search_term_string}"},"query-input":{"@type":"PropertyValueSpecification","valueRequired":true,"valueName":"search_term_string"}}],"inLanguage":"es"},{"@type":["Person","Organization"],"@id":"https:\/\/www.fraczinet.cl\/sitio\/#\/schema\/person\/aec8ee4da68df2b9b0eefdad24a0d582","name":"Luis Fernando Fraczinet","image":{"@type":"ImageObject","inLanguage":"es","@id":"https:\/\/www.fraczinet.cl\/sitio\/#\/schema\/person\/image\/","url":"https:\/\/www.fraczinet.cl\/sitio\/wp-content\/uploads\/2021\/07\/bannerlogo-1.gif","contentUrl":"https:\/\/www.fraczinet.cl\/sitio\/wp-content\/uploads\/2021\/07\/bannerlogo-1.gif","width":159,"height":79,"caption":"Luis Fernando Fraczinet"},"logo":{"@id":"https:\/\/www.fraczinet.cl\/sitio\/#\/schema\/person\/image\/"},"sameAs":["https:\/\/www.fraczinet.cl\/sitio\/"]},{"@type":"Person","@id":"https:\/\/www.fraczinet.cl\/sitio\/#\/schema\/person\/bc30f98e9cb10ae7e119dbe14bc93784","name":"admin","image":{"@type":"ImageObject","inLanguage":"es","@id":"https:\/\/www.fraczinet.cl\/sitio\/#\/schema\/person\/image\/","url":"https:\/\/secure.gravatar.com\/avatar\/d5ad3cf7ef3b23a2bb5be73be780c86b2fc8545c3ad6b149f3913ff458c00099?s=96&d=mm&r=g","contentUrl":"https:\/\/secure.gravatar.com\/avatar\/d5ad3cf7ef3b23a2bb5be73be780c86b2fc8545c3ad6b149f3913ff458c00099?s=96&d=mm&r=g","caption":"admin"},"sameAs":["https:\/\/www.fraczinet.cl\/sitio"]}]}},"_links":{"self":[{"href":"https:\/\/www.fraczinet.cl\/sitio\/wp-json\/wp\/v2\/posts\/8845","targetHints":{"allow":["GET"]}}],"collection":[{"href":"https:\/\/www.fraczinet.cl\/sitio\/wp-json\/wp\/v2\/posts"}],"about":[{"href":"https:\/\/www.fraczinet.cl\/sitio\/wp-json\/wp\/v2\/types\/post"}],"author":[{"embeddable":true,"href":"https:\/\/www.fraczinet.cl\/sitio\/wp-json\/wp\/v2\/users\/1"}],"replies":[{"embeddable":true,"href":"https:\/\/www.fraczinet.cl\/sitio\/wp-json\/wp\/v2\/comments?post=8845"}],"version-history":[{"count":1,"href":"https:\/\/www.fraczinet.cl\/sitio\/wp-json\/wp\/v2\/posts\/8845\/revisions"}],"predecessor-version":[{"id":13850,"href":"https:\/\/www.fraczinet.cl\/sitio\/wp-json\/wp\/v2\/posts\/8845\/revisions\/13850"}],"wp:attachment":[{"href":"https:\/\/www.fraczinet.cl\/sitio\/wp-json\/wp\/v2\/media?parent=8845"}],"wp:term":[{"taxonomy":"category","embeddable":true,"href":"https:\/\/www.fraczinet.cl\/sitio\/wp-json\/wp\/v2\/categories?post=8845"},{"taxonomy":"post_tag","embeddable":true,"href":"https:\/\/www.fraczinet.cl\/sitio\/wp-json\/wp\/v2\/tags?post=8845"}],"curies":[{"name":"wp","href":"https:\/\/api.w.org\/{rel}","templated":true}]}}