{"id":8850,"date":"2011-03-17T11:49:00","date_gmt":"2011-03-17T11:49:00","guid":{"rendered":"https:\/\/www.fraczinet.cl\/sitio\/2011\/03\/17\/cine-al-aire-libre-contra-la-pared\/"},"modified":"2022-10-04T14:38:29","modified_gmt":"2022-10-04T14:38:29","slug":"cine-al-aire-libre-contra-la-pared","status":"publish","type":"post","link":"https:\/\/www.fraczinet.cl\/sitio\/2011\/03\/17\/cine-al-aire-libre-contra-la-pared\/","title":{"rendered":"Cine Al Aire Libre: Contra La Pared"},"content":{"rendered":"<p><a href=\"http:\/\/2.bp.blogspot.com\/-YzDkDhz1oso\/TYH1eBku-tI\/AAAAAAAAScE\/9iGFnaRqer8\/s1600\/Contra%2Bla%2Bpared.jpg\"><img decoding=\"async\" alt=\"\" border=\"0\" id=\"BLOGGER_PHOTO_ID_5585014909083515602\" src=\"http:\/\/2.bp.blogspot.com\/-YzDkDhz1oso\/TYH1eBku-tI\/AAAAAAAAScE\/9iGFnaRqer8\/s400\/Contra%2Bla%2Bpared.jpg\" style=\"cursor: pointer; float: left; height: 281px; margin: 0px 10px 10px 0px; width: 200px;\" \/><\/a>Este viernes a las 21:00 horas se presenta la pel\u00edcula \u00abContra La Pared\u00bb del director alem\u00e1n Gegen die Wand. Se realizar\u00e1 en Freire 379, de la comuna de Los \u00c1ngeles.   \u201cPuedes acabar con tu vida sin matarte\u201d, le susurra el m\u00e9dico. Cahit, 40 a\u00f1os, temporalmente recluido en una cl\u00ednica psiqui\u00e1trica despu\u00e9s de un intento de suicidio, entiende la cr\u00edptica frase: debe volver a empezar. Pero su alma atormentada le obliga a ahogar su dolor en el alcohol y las drogas. Sibel, bonita, joven y turco-alemana (como Cahit), disfruta demasiado de la vida para ser una musulmana decente. Desesperada por escapar de la c\u00e1rcel de su devota y conservadora familia, finge suicidarse. Pero no consigue la libertad, sino la deshonra. S\u00f3lo el matrimonio puede salvarla. Ruega a Cahit que se case con ella. \u00c9l acepta muy a pesar suyo. Quiz\u00e1 porque quiere salvarla o quiz\u00e1 porque quiere hacer algo por una vez en su vida. Comparten el piso y poco m\u00e1s. Ella disfruta de la libertad. \u00c9l ve espor\u00e1dicamente a una medio novia. Pero el amor entra en su vida de puntillas. A medida que se enamora de Sibel, descubre la alegr\u00eda, re\u00fane fuerzas para seguir adelante. Ella sigue saliendo con otros hasta que, de pronto, tambi\u00e9n se da cuenta de que est\u00e1 enamorada de Cahit. Pero es demasiado tarde, un ataque de celos acaba en un homicidio. Encierran a Cahit en la c\u00e1rcel y Sibel huye a Turqu\u00eda. Su coraz\u00f3n y su mente siguen con Cahit, pero, \u00bfcu\u00e1nto durar\u00e1?  CONTRA LA PARED Gegen die Wand  Pa\u00eds: Aleman\u00eda A\u00f1o: 2004 Duraci\u00f3n: 120 minutos  Director\/Guionista: Fatih Akin Productores: Ralph Schwinge, Stefan Schubert, W\u00fcste Filmproduktion Director de fotograf\u00eda: Rainer Klausmann, bvk Director art\u00edstico: Andreas Thiel Sonido: Kai L\u00fcde Reparto:Birol \u00dcnel, Sibel Kekilli, Catrin Striebeck, Meltem Cumbul,Zarah McKenzie, Stefan Gebelhoff  <a href=\"http:\/\/www.golem.es\/contralapared\/\">http:\/\/www.golem.es\/contralapared\/<\/a>&nbsp;<\/p>\n","protected":false},"excerpt":{"rendered":"<p>Este viernes a las 21:00 horas se presenta la pel\u00edcula \u00abContra La Pared\u00bb del director alem\u00e1n Gegen die Wand. Se realizar\u00e1 en Freire 379, de la comuna de Los \u00c1ngeles. \u201cPuedes acabar con tu vida sin matarte\u201d, le susurra el m\u00e9dico. Cahit, 40 a\u00f1os, temporalmente recluido en una cl\u00ednica psiqui\u00e1trica despu\u00e9s de un intento de [&hellip;]<\/p>\n","protected":false},"author":1,"featured_media":0,"comment_status":"open","ping_status":"open","sticky":false,"template":"","format":"standard","meta":{"footnotes":""},"categories":[32],"tags":[],"class_list":["post-8850","post","type-post","status-publish","format-standard","hentry","category-cine"],"yoast_head":"<!-- This site is optimized with the Yoast SEO plugin v25.0 - https:\/\/yoast.com\/wordpress\/plugins\/seo\/ -->\n<title>Cine Al Aire Libre: Contra La Pared - Nuestro Bio B\u00edo<\/title>\n<meta name=\"robots\" content=\"index, follow, max-snippet:-1, max-image-preview:large, max-video-preview:-1\" \/>\n<link rel=\"canonical\" href=\"https:\/\/www.fraczinet.cl\/sitio\/2011\/03\/17\/cine-al-aire-libre-contra-la-pared\/\" \/>\n<meta property=\"og:locale\" content=\"es_ES\" \/>\n<meta property=\"og:type\" content=\"article\" \/>\n<meta property=\"og:title\" content=\"Cine Al Aire Libre: Contra La Pared - Nuestro Bio B\u00edo\" \/>\n<meta property=\"og:description\" content=\"Este viernes a las 21:00 horas se presenta la pel\u00edcula \u00abContra La Pared\u00bb del director alem\u00e1n Gegen die Wand. Se realizar\u00e1 en Freire 379, de la comuna de Los \u00c1ngeles. \u201cPuedes acabar con tu vida sin matarte\u201d, le susurra el m\u00e9dico. Cahit, 40 a\u00f1os, temporalmente recluido en una cl\u00ednica psiqui\u00e1trica despu\u00e9s de un intento de [&hellip;]\" \/>\n<meta property=\"og:url\" content=\"https:\/\/www.fraczinet.cl\/sitio\/2011\/03\/17\/cine-al-aire-libre-contra-la-pared\/\" \/>\n<meta property=\"og:site_name\" content=\"Nuestro Bio B\u00edo\" \/>\n<meta property=\"article:published_time\" content=\"2011-03-17T11:49:00+00:00\" \/>\n<meta property=\"article:modified_time\" content=\"2022-10-04T14:38:29+00:00\" \/>\n<meta property=\"og:image\" content=\"http:\/\/2.bp.blogspot.com\/-YzDkDhz1oso\/TYH1eBku-tI\/AAAAAAAAScE\/9iGFnaRqer8\/s400\/Contra%2Bla%2Bpared.jpg\" \/>\n<meta name=\"author\" content=\"admin\" \/>\n<meta name=\"twitter:card\" content=\"summary_large_image\" \/>\n<meta name=\"twitter:creator\" content=\"@nuestrobiobio\" \/>\n<meta name=\"twitter:site\" content=\"@nuestrobiobio\" \/>\n<meta name=\"twitter:label1\" content=\"Escrito por\" \/>\n\t<meta name=\"twitter:data1\" content=\"admin\" \/>\n\t<meta name=\"twitter:label2\" content=\"Tiempo de lectura\" \/>\n\t<meta name=\"twitter:data2\" content=\"2 minutos\" \/>\n<script type=\"application\/ld+json\" class=\"yoast-schema-graph\">{\"@context\":\"https:\/\/schema.org\",\"@graph\":[{\"@type\":\"Article\",\"@id\":\"https:\/\/www.fraczinet.cl\/sitio\/2011\/03\/17\/cine-al-aire-libre-contra-la-pared\/#article\",\"isPartOf\":{\"@id\":\"https:\/\/www.fraczinet.cl\/sitio\/2011\/03\/17\/cine-al-aire-libre-contra-la-pared\/\"},\"author\":{\"name\":\"admin\",\"@id\":\"https:\/\/www.fraczinet.cl\/sitio\/#\/schema\/person\/bc30f98e9cb10ae7e119dbe14bc93784\"},\"headline\":\"Cine Al Aire Libre: Contra La Pared\",\"datePublished\":\"2011-03-17T11:49:00+00:00\",\"dateModified\":\"2022-10-04T14:38:29+00:00\",\"mainEntityOfPage\":{\"@id\":\"https:\/\/www.fraczinet.cl\/sitio\/2011\/03\/17\/cine-al-aire-libre-contra-la-pared\/\"},\"wordCount\":334,\"commentCount\":0,\"publisher\":{\"@id\":\"https:\/\/www.fraczinet.cl\/sitio\/#\/schema\/person\/aec8ee4da68df2b9b0eefdad24a0d582\"},\"image\":{\"@id\":\"https:\/\/www.fraczinet.cl\/sitio\/2011\/03\/17\/cine-al-aire-libre-contra-la-pared\/#primaryimage\"},\"thumbnailUrl\":\"http:\/\/2.bp.blogspot.com\/-YzDkDhz1oso\/TYH1eBku-tI\/AAAAAAAAScE\/9iGFnaRqer8\/s400\/Contra%2Bla%2Bpared.jpg\",\"articleSection\":[\"Cine\"],\"inLanguage\":\"es\",\"potentialAction\":[{\"@type\":\"CommentAction\",\"name\":\"Comment\",\"target\":[\"https:\/\/www.fraczinet.cl\/sitio\/2011\/03\/17\/cine-al-aire-libre-contra-la-pared\/#respond\"]}]},{\"@type\":\"WebPage\",\"@id\":\"https:\/\/www.fraczinet.cl\/sitio\/2011\/03\/17\/cine-al-aire-libre-contra-la-pared\/\",\"url\":\"https:\/\/www.fraczinet.cl\/sitio\/2011\/03\/17\/cine-al-aire-libre-contra-la-pared\/\",\"name\":\"Cine Al Aire Libre: Contra La Pared - Nuestro Bio B\u00edo\",\"isPartOf\":{\"@id\":\"https:\/\/www.fraczinet.cl\/sitio\/#website\"},\"primaryImageOfPage\":{\"@id\":\"https:\/\/www.fraczinet.cl\/sitio\/2011\/03\/17\/cine-al-aire-libre-contra-la-pared\/#primaryimage\"},\"image\":{\"@id\":\"https:\/\/www.fraczinet.cl\/sitio\/2011\/03\/17\/cine-al-aire-libre-contra-la-pared\/#primaryimage\"},\"thumbnailUrl\":\"http:\/\/2.bp.blogspot.com\/-YzDkDhz1oso\/TYH1eBku-tI\/AAAAAAAAScE\/9iGFnaRqer8\/s400\/Contra%2Bla%2Bpared.jpg\",\"datePublished\":\"2011-03-17T11:49:00+00:00\",\"dateModified\":\"2022-10-04T14:38:29+00:00\",\"breadcrumb\":{\"@id\":\"https:\/\/www.fraczinet.cl\/sitio\/2011\/03\/17\/cine-al-aire-libre-contra-la-pared\/#breadcrumb\"},\"inLanguage\":\"es\",\"potentialAction\":[{\"@type\":\"ReadAction\",\"target\":[\"https:\/\/www.fraczinet.cl\/sitio\/2011\/03\/17\/cine-al-aire-libre-contra-la-pared\/\"]}]},{\"@type\":\"ImageObject\",\"inLanguage\":\"es\",\"@id\":\"https:\/\/www.fraczinet.cl\/sitio\/2011\/03\/17\/cine-al-aire-libre-contra-la-pared\/#primaryimage\",\"url\":\"http:\/\/2.bp.blogspot.com\/-YzDkDhz1oso\/TYH1eBku-tI\/AAAAAAAAScE\/9iGFnaRqer8\/s400\/Contra%2Bla%2Bpared.jpg\",\"contentUrl\":\"http:\/\/2.bp.blogspot.com\/-YzDkDhz1oso\/TYH1eBku-tI\/AAAAAAAAScE\/9iGFnaRqer8\/s400\/Contra%2Bla%2Bpared.jpg\"},{\"@type\":\"BreadcrumbList\",\"@id\":\"https:\/\/www.fraczinet.cl\/sitio\/2011\/03\/17\/cine-al-aire-libre-contra-la-pared\/#breadcrumb\",\"itemListElement\":[{\"@type\":\"ListItem\",\"position\":1,\"name\":\"Portada\",\"item\":\"https:\/\/www.fraczinet.cl\/sitio\/\"},{\"@type\":\"ListItem\",\"position\":2,\"name\":\"Cine Al Aire Libre: Contra La Pared\"}]},{\"@type\":\"WebSite\",\"@id\":\"https:\/\/www.fraczinet.cl\/sitio\/#website\",\"url\":\"https:\/\/www.fraczinet.cl\/sitio\/\",\"name\":\"Nuestro Bio B\u00edo\",\"description\":\"Tierra de Encuentros\",\"publisher\":{\"@id\":\"https:\/\/www.fraczinet.cl\/sitio\/#\/schema\/person\/aec8ee4da68df2b9b0eefdad24a0d582\"},\"potentialAction\":[{\"@type\":\"SearchAction\",\"target\":{\"@type\":\"EntryPoint\",\"urlTemplate\":\"https:\/\/www.fraczinet.cl\/sitio\/?s={search_term_string}\"},\"query-input\":{\"@type\":\"PropertyValueSpecification\",\"valueRequired\":true,\"valueName\":\"search_term_string\"}}],\"inLanguage\":\"es\"},{\"@type\":[\"Person\",\"Organization\"],\"@id\":\"https:\/\/www.fraczinet.cl\/sitio\/#\/schema\/person\/aec8ee4da68df2b9b0eefdad24a0d582\",\"name\":\"Luis Fernando Fraczinet\",\"image\":{\"@type\":\"ImageObject\",\"inLanguage\":\"es\",\"@id\":\"https:\/\/www.fraczinet.cl\/sitio\/#\/schema\/person\/image\/\",\"url\":\"https:\/\/www.fraczinet.cl\/sitio\/wp-content\/uploads\/2021\/07\/bannerlogo-1.gif\",\"contentUrl\":\"https:\/\/www.fraczinet.cl\/sitio\/wp-content\/uploads\/2021\/07\/bannerlogo-1.gif\",\"width\":159,\"height\":79,\"caption\":\"Luis Fernando Fraczinet\"},\"logo\":{\"@id\":\"https:\/\/www.fraczinet.cl\/sitio\/#\/schema\/person\/image\/\"},\"sameAs\":[\"https:\/\/www.fraczinet.cl\/sitio\/\"]},{\"@type\":\"Person\",\"@id\":\"https:\/\/www.fraczinet.cl\/sitio\/#\/schema\/person\/bc30f98e9cb10ae7e119dbe14bc93784\",\"name\":\"admin\",\"image\":{\"@type\":\"ImageObject\",\"inLanguage\":\"es\",\"@id\":\"https:\/\/www.fraczinet.cl\/sitio\/#\/schema\/person\/image\/\",\"url\":\"https:\/\/secure.gravatar.com\/avatar\/d5ad3cf7ef3b23a2bb5be73be780c86b2fc8545c3ad6b149f3913ff458c00099?s=96&d=mm&r=g\",\"contentUrl\":\"https:\/\/secure.gravatar.com\/avatar\/d5ad3cf7ef3b23a2bb5be73be780c86b2fc8545c3ad6b149f3913ff458c00099?s=96&d=mm&r=g\",\"caption\":\"admin\"},\"sameAs\":[\"https:\/\/www.fraczinet.cl\/sitio\"]}]}<\/script>\n<!-- \/ Yoast SEO plugin. -->","yoast_head_json":{"title":"Cine Al Aire Libre: Contra La Pared - Nuestro Bio B\u00edo","robots":{"index":"index","follow":"follow","max-snippet":"max-snippet:-1","max-image-preview":"max-image-preview:large","max-video-preview":"max-video-preview:-1"},"canonical":"https:\/\/www.fraczinet.cl\/sitio\/2011\/03\/17\/cine-al-aire-libre-contra-la-pared\/","og_locale":"es_ES","og_type":"article","og_title":"Cine Al Aire Libre: Contra La Pared - Nuestro Bio B\u00edo","og_description":"Este viernes a las 21:00 horas se presenta la pel\u00edcula \u00abContra La Pared\u00bb del director alem\u00e1n Gegen die Wand. Se realizar\u00e1 en Freire 379, de la comuna de Los \u00c1ngeles. \u201cPuedes acabar con tu vida sin matarte\u201d, le susurra el m\u00e9dico. Cahit, 40 a\u00f1os, temporalmente recluido en una cl\u00ednica psiqui\u00e1trica despu\u00e9s de un intento de [&hellip;]","og_url":"https:\/\/www.fraczinet.cl\/sitio\/2011\/03\/17\/cine-al-aire-libre-contra-la-pared\/","og_site_name":"Nuestro Bio B\u00edo","article_published_time":"2011-03-17T11:49:00+00:00","article_modified_time":"2022-10-04T14:38:29+00:00","og_image":[{"url":"http:\/\/2.bp.blogspot.com\/-YzDkDhz1oso\/TYH1eBku-tI\/AAAAAAAAScE\/9iGFnaRqer8\/s400\/Contra%2Bla%2Bpared.jpg","type":"","width":"","height":""}],"author":"admin","twitter_card":"summary_large_image","twitter_creator":"@nuestrobiobio","twitter_site":"@nuestrobiobio","twitter_misc":{"Escrito por":"admin","Tiempo de lectura":"2 minutos"},"schema":{"@context":"https:\/\/schema.org","@graph":[{"@type":"Article","@id":"https:\/\/www.fraczinet.cl\/sitio\/2011\/03\/17\/cine-al-aire-libre-contra-la-pared\/#article","isPartOf":{"@id":"https:\/\/www.fraczinet.cl\/sitio\/2011\/03\/17\/cine-al-aire-libre-contra-la-pared\/"},"author":{"name":"admin","@id":"https:\/\/www.fraczinet.cl\/sitio\/#\/schema\/person\/bc30f98e9cb10ae7e119dbe14bc93784"},"headline":"Cine Al Aire Libre: Contra La Pared","datePublished":"2011-03-17T11:49:00+00:00","dateModified":"2022-10-04T14:38:29+00:00","mainEntityOfPage":{"@id":"https:\/\/www.fraczinet.cl\/sitio\/2011\/03\/17\/cine-al-aire-libre-contra-la-pared\/"},"wordCount":334,"commentCount":0,"publisher":{"@id":"https:\/\/www.fraczinet.cl\/sitio\/#\/schema\/person\/aec8ee4da68df2b9b0eefdad24a0d582"},"image":{"@id":"https:\/\/www.fraczinet.cl\/sitio\/2011\/03\/17\/cine-al-aire-libre-contra-la-pared\/#primaryimage"},"thumbnailUrl":"http:\/\/2.bp.blogspot.com\/-YzDkDhz1oso\/TYH1eBku-tI\/AAAAAAAAScE\/9iGFnaRqer8\/s400\/Contra%2Bla%2Bpared.jpg","articleSection":["Cine"],"inLanguage":"es","potentialAction":[{"@type":"CommentAction","name":"Comment","target":["https:\/\/www.fraczinet.cl\/sitio\/2011\/03\/17\/cine-al-aire-libre-contra-la-pared\/#respond"]}]},{"@type":"WebPage","@id":"https:\/\/www.fraczinet.cl\/sitio\/2011\/03\/17\/cine-al-aire-libre-contra-la-pared\/","url":"https:\/\/www.fraczinet.cl\/sitio\/2011\/03\/17\/cine-al-aire-libre-contra-la-pared\/","name":"Cine Al Aire Libre: Contra La Pared - Nuestro Bio B\u00edo","isPartOf":{"@id":"https:\/\/www.fraczinet.cl\/sitio\/#website"},"primaryImageOfPage":{"@id":"https:\/\/www.fraczinet.cl\/sitio\/2011\/03\/17\/cine-al-aire-libre-contra-la-pared\/#primaryimage"},"image":{"@id":"https:\/\/www.fraczinet.cl\/sitio\/2011\/03\/17\/cine-al-aire-libre-contra-la-pared\/#primaryimage"},"thumbnailUrl":"http:\/\/2.bp.blogspot.com\/-YzDkDhz1oso\/TYH1eBku-tI\/AAAAAAAAScE\/9iGFnaRqer8\/s400\/Contra%2Bla%2Bpared.jpg","datePublished":"2011-03-17T11:49:00+00:00","dateModified":"2022-10-04T14:38:29+00:00","breadcrumb":{"@id":"https:\/\/www.fraczinet.cl\/sitio\/2011\/03\/17\/cine-al-aire-libre-contra-la-pared\/#breadcrumb"},"inLanguage":"es","potentialAction":[{"@type":"ReadAction","target":["https:\/\/www.fraczinet.cl\/sitio\/2011\/03\/17\/cine-al-aire-libre-contra-la-pared\/"]}]},{"@type":"ImageObject","inLanguage":"es","@id":"https:\/\/www.fraczinet.cl\/sitio\/2011\/03\/17\/cine-al-aire-libre-contra-la-pared\/#primaryimage","url":"http:\/\/2.bp.blogspot.com\/-YzDkDhz1oso\/TYH1eBku-tI\/AAAAAAAAScE\/9iGFnaRqer8\/s400\/Contra%2Bla%2Bpared.jpg","contentUrl":"http:\/\/2.bp.blogspot.com\/-YzDkDhz1oso\/TYH1eBku-tI\/AAAAAAAAScE\/9iGFnaRqer8\/s400\/Contra%2Bla%2Bpared.jpg"},{"@type":"BreadcrumbList","@id":"https:\/\/www.fraczinet.cl\/sitio\/2011\/03\/17\/cine-al-aire-libre-contra-la-pared\/#breadcrumb","itemListElement":[{"@type":"ListItem","position":1,"name":"Portada","item":"https:\/\/www.fraczinet.cl\/sitio\/"},{"@type":"ListItem","position":2,"name":"Cine Al Aire Libre: Contra La Pared"}]},{"@type":"WebSite","@id":"https:\/\/www.fraczinet.cl\/sitio\/#website","url":"https:\/\/www.fraczinet.cl\/sitio\/","name":"Nuestro Bio B\u00edo","description":"Tierra de Encuentros","publisher":{"@id":"https:\/\/www.fraczinet.cl\/sitio\/#\/schema\/person\/aec8ee4da68df2b9b0eefdad24a0d582"},"potentialAction":[{"@type":"SearchAction","target":{"@type":"EntryPoint","urlTemplate":"https:\/\/www.fraczinet.cl\/sitio\/?s={search_term_string}"},"query-input":{"@type":"PropertyValueSpecification","valueRequired":true,"valueName":"search_term_string"}}],"inLanguage":"es"},{"@type":["Person","Organization"],"@id":"https:\/\/www.fraczinet.cl\/sitio\/#\/schema\/person\/aec8ee4da68df2b9b0eefdad24a0d582","name":"Luis Fernando Fraczinet","image":{"@type":"ImageObject","inLanguage":"es","@id":"https:\/\/www.fraczinet.cl\/sitio\/#\/schema\/person\/image\/","url":"https:\/\/www.fraczinet.cl\/sitio\/wp-content\/uploads\/2021\/07\/bannerlogo-1.gif","contentUrl":"https:\/\/www.fraczinet.cl\/sitio\/wp-content\/uploads\/2021\/07\/bannerlogo-1.gif","width":159,"height":79,"caption":"Luis Fernando Fraczinet"},"logo":{"@id":"https:\/\/www.fraczinet.cl\/sitio\/#\/schema\/person\/image\/"},"sameAs":["https:\/\/www.fraczinet.cl\/sitio\/"]},{"@type":"Person","@id":"https:\/\/www.fraczinet.cl\/sitio\/#\/schema\/person\/bc30f98e9cb10ae7e119dbe14bc93784","name":"admin","image":{"@type":"ImageObject","inLanguage":"es","@id":"https:\/\/www.fraczinet.cl\/sitio\/#\/schema\/person\/image\/","url":"https:\/\/secure.gravatar.com\/avatar\/d5ad3cf7ef3b23a2bb5be73be780c86b2fc8545c3ad6b149f3913ff458c00099?s=96&d=mm&r=g","contentUrl":"https:\/\/secure.gravatar.com\/avatar\/d5ad3cf7ef3b23a2bb5be73be780c86b2fc8545c3ad6b149f3913ff458c00099?s=96&d=mm&r=g","caption":"admin"},"sameAs":["https:\/\/www.fraczinet.cl\/sitio"]}]}},"_links":{"self":[{"href":"https:\/\/www.fraczinet.cl\/sitio\/wp-json\/wp\/v2\/posts\/8850","targetHints":{"allow":["GET"]}}],"collection":[{"href":"https:\/\/www.fraczinet.cl\/sitio\/wp-json\/wp\/v2\/posts"}],"about":[{"href":"https:\/\/www.fraczinet.cl\/sitio\/wp-json\/wp\/v2\/types\/post"}],"author":[{"embeddable":true,"href":"https:\/\/www.fraczinet.cl\/sitio\/wp-json\/wp\/v2\/users\/1"}],"replies":[{"embeddable":true,"href":"https:\/\/www.fraczinet.cl\/sitio\/wp-json\/wp\/v2\/comments?post=8850"}],"version-history":[{"count":1,"href":"https:\/\/www.fraczinet.cl\/sitio\/wp-json\/wp\/v2\/posts\/8850\/revisions"}],"predecessor-version":[{"id":13851,"href":"https:\/\/www.fraczinet.cl\/sitio\/wp-json\/wp\/v2\/posts\/8850\/revisions\/13851"}],"wp:attachment":[{"href":"https:\/\/www.fraczinet.cl\/sitio\/wp-json\/wp\/v2\/media?parent=8850"}],"wp:term":[{"taxonomy":"category","embeddable":true,"href":"https:\/\/www.fraczinet.cl\/sitio\/wp-json\/wp\/v2\/categories?post=8850"},{"taxonomy":"post_tag","embeddable":true,"href":"https:\/\/www.fraczinet.cl\/sitio\/wp-json\/wp\/v2\/tags?post=8850"}],"curies":[{"name":"wp","href":"https:\/\/api.w.org\/{rel}","templated":true}]}}