{"id":8855,"date":"2011-03-11T17:54:00","date_gmt":"2011-03-11T17:54:00","guid":{"rendered":"https:\/\/www.fraczinet.cl\/sitio\/2011\/03\/11\/entramados-de-chile-entre-tu-y-yo-nosotros\/"},"modified":"2011-03-11T17:54:00","modified_gmt":"2011-03-11T17:54:00","slug":"entramados-de-chile-entre-tu-y-yo-nosotros","status":"publish","type":"post","link":"https:\/\/www.fraczinet.cl\/sitio\/2011\/03\/11\/entramados-de-chile-entre-tu-y-yo-nosotros\/","title":{"rendered":"Entramados De Chile, Entre T\u00fa Y Yo, Nosotros"},"content":{"rendered":"<p>Proponemos tejer entre todas y todos una manta que represente la base social que constituye nuestro pa\u00eds.<\/p>\n<p>Para ello iniciamos una campa\u00f1a sencilla que consiste en pedir que en cada regi\u00f3n, en forma voluntaria, hombres, mujeres, j\u00f3venes y ni\u00f1os tejan un trocito de la manta, que aspiramos mida 15 metros de largo por 2 metros de ancho.<br \/>Apelamos a las redes que cada uno tenga en su comunidad, familiares, amigos, vecinos, redes virtuales para que aporten, ya sea tejido a palillo, a crochet, siguiendo su propio gusto y estilo su manera de participar en este \u201cENTRAMADOS DE CHILE, entre t\u00fa y yo, nosotros\u201d.<\/p>\n<p>Colores, texturas, hebras, representando la particular y diversa mirada de cada una, de cada uno de los que formamos parte del pa\u00eds.<\/p>\n<p>Pedimos asimismo tomar registro gr\u00e1fico, (fotograf\u00edas, v\u00eddeos), del proceso para montar una exposici\u00f3n que viajar\u00e1 junto con la manta a todas las regiones de Chile durante el a\u00f1o 2012.<\/p>\n<p>Se agradece compartir la informaci\u00f3n<\/p>\n<p>Plazo de recepci\u00f3n: Desde ahora y a medida que tengan listas las contribuciones se recibir\u00e1n en el domicilio de contacto. \u00daltimo plazo 20 de Septiembre de 2011.<\/p>\n<p>Informaci\u00f3n de Contacto:<br \/>Corporaci\u00f3n Cultural Sur del Sur<br \/>Ignacio Carrera Pinto 1141 \u2013 Punta Arenas \u2013Magallanes y Ant\u00e1rtica Chilena<br \/>Fono: 61-241441 \/ Celular: 96405068<br \/>e-mail: mbaratelli@gmail.com<\/p>\n","protected":false},"excerpt":{"rendered":"<p>Proponemos tejer entre todas y todos una manta que represente la base social que constituye nuestro pa\u00eds. Para ello iniciamos una campa\u00f1a sencilla que consiste en pedir que en cada regi\u00f3n, en forma voluntaria, hombres, mujeres, j\u00f3venes y ni\u00f1os tejan un trocito de la manta, que aspiramos mida 15 metros de largo por 2 metros [&hellip;]<\/p>\n","protected":false},"author":1,"featured_media":0,"comment_status":"open","ping_status":"open","sticky":false,"template":"","format":"standard","meta":{"footnotes":""},"categories":[113],"tags":[],"class_list":["post-8855","post","type-post","status-publish","format-standard","hentry","category-ciudadania"],"yoast_head":"<!-- This site is optimized with the Yoast SEO plugin v25.0 - https:\/\/yoast.com\/wordpress\/plugins\/seo\/ -->\n<title>Entramados De Chile, Entre T\u00fa Y Yo, Nosotros - Nuestro Bio B\u00edo<\/title>\n<meta name=\"robots\" content=\"index, follow, max-snippet:-1, max-image-preview:large, max-video-preview:-1\" \/>\n<link rel=\"canonical\" href=\"https:\/\/www.fraczinet.cl\/sitio\/2011\/03\/11\/entramados-de-chile-entre-tu-y-yo-nosotros\/\" \/>\n<meta property=\"og:locale\" content=\"es_ES\" \/>\n<meta property=\"og:type\" content=\"article\" \/>\n<meta property=\"og:title\" content=\"Entramados De Chile, Entre T\u00fa Y Yo, Nosotros - Nuestro Bio B\u00edo\" \/>\n<meta property=\"og:description\" content=\"Proponemos tejer entre todas y todos una manta que represente la base social que constituye nuestro pa\u00eds. Para ello iniciamos una campa\u00f1a sencilla que consiste en pedir que en cada regi\u00f3n, en forma voluntaria, hombres, mujeres, j\u00f3venes y ni\u00f1os tejan un trocito de la manta, que aspiramos mida 15 metros de largo por 2 metros [&hellip;]\" \/>\n<meta property=\"og:url\" content=\"https:\/\/www.fraczinet.cl\/sitio\/2011\/03\/11\/entramados-de-chile-entre-tu-y-yo-nosotros\/\" \/>\n<meta property=\"og:site_name\" content=\"Nuestro Bio B\u00edo\" \/>\n<meta property=\"article:published_time\" content=\"2011-03-11T17:54:00+00:00\" \/>\n<meta property=\"og:image\" content=\"https:\/\/www.fraczinet.cl\/sitio\/wp-content\/uploads\/2021\/07\/bannerlogo-1.gif\" \/>\n\t<meta property=\"og:image:width\" content=\"159\" \/>\n\t<meta property=\"og:image:height\" content=\"79\" \/>\n\t<meta property=\"og:image:type\" content=\"image\/gif\" \/>\n<meta name=\"author\" content=\"admin\" \/>\n<meta name=\"twitter:card\" content=\"summary_large_image\" \/>\n<meta name=\"twitter:creator\" content=\"@nuestrobiobio\" \/>\n<meta name=\"twitter:site\" content=\"@nuestrobiobio\" \/>\n<meta name=\"twitter:label1\" content=\"Escrito por\" \/>\n\t<meta name=\"twitter:data1\" content=\"admin\" \/>\n\t<meta name=\"twitter:label2\" content=\"Tiempo de lectura\" \/>\n\t<meta name=\"twitter:data2\" content=\"1 minuto\" \/>\n<script type=\"application\/ld+json\" class=\"yoast-schema-graph\">{\"@context\":\"https:\/\/schema.org\",\"@graph\":[{\"@type\":\"Article\",\"@id\":\"https:\/\/www.fraczinet.cl\/sitio\/2011\/03\/11\/entramados-de-chile-entre-tu-y-yo-nosotros\/#article\",\"isPartOf\":{\"@id\":\"https:\/\/www.fraczinet.cl\/sitio\/2011\/03\/11\/entramados-de-chile-entre-tu-y-yo-nosotros\/\"},\"author\":{\"name\":\"admin\",\"@id\":\"https:\/\/www.fraczinet.cl\/sitio\/#\/schema\/person\/bc30f98e9cb10ae7e119dbe14bc93784\"},\"headline\":\"Entramados De Chile, Entre T\u00fa Y Yo, Nosotros\",\"datePublished\":\"2011-03-11T17:54:00+00:00\",\"mainEntityOfPage\":{\"@id\":\"https:\/\/www.fraczinet.cl\/sitio\/2011\/03\/11\/entramados-de-chile-entre-tu-y-yo-nosotros\/\"},\"wordCount\":228,\"commentCount\":0,\"publisher\":{\"@id\":\"https:\/\/www.fraczinet.cl\/sitio\/#\/schema\/person\/aec8ee4da68df2b9b0eefdad24a0d582\"},\"articleSection\":[\"Ciudadan\u00eda\"],\"inLanguage\":\"es\",\"potentialAction\":[{\"@type\":\"CommentAction\",\"name\":\"Comment\",\"target\":[\"https:\/\/www.fraczinet.cl\/sitio\/2011\/03\/11\/entramados-de-chile-entre-tu-y-yo-nosotros\/#respond\"]}]},{\"@type\":\"WebPage\",\"@id\":\"https:\/\/www.fraczinet.cl\/sitio\/2011\/03\/11\/entramados-de-chile-entre-tu-y-yo-nosotros\/\",\"url\":\"https:\/\/www.fraczinet.cl\/sitio\/2011\/03\/11\/entramados-de-chile-entre-tu-y-yo-nosotros\/\",\"name\":\"Entramados De Chile, Entre T\u00fa Y Yo, Nosotros - Nuestro Bio B\u00edo\",\"isPartOf\":{\"@id\":\"https:\/\/www.fraczinet.cl\/sitio\/#website\"},\"datePublished\":\"2011-03-11T17:54:00+00:00\",\"breadcrumb\":{\"@id\":\"https:\/\/www.fraczinet.cl\/sitio\/2011\/03\/11\/entramados-de-chile-entre-tu-y-yo-nosotros\/#breadcrumb\"},\"inLanguage\":\"es\",\"potentialAction\":[{\"@type\":\"ReadAction\",\"target\":[\"https:\/\/www.fraczinet.cl\/sitio\/2011\/03\/11\/entramados-de-chile-entre-tu-y-yo-nosotros\/\"]}]},{\"@type\":\"BreadcrumbList\",\"@id\":\"https:\/\/www.fraczinet.cl\/sitio\/2011\/03\/11\/entramados-de-chile-entre-tu-y-yo-nosotros\/#breadcrumb\",\"itemListElement\":[{\"@type\":\"ListItem\",\"position\":1,\"name\":\"Portada\",\"item\":\"https:\/\/www.fraczinet.cl\/sitio\/\"},{\"@type\":\"ListItem\",\"position\":2,\"name\":\"Entramados De Chile, Entre T\u00fa Y Yo, Nosotros\"}]},{\"@type\":\"WebSite\",\"@id\":\"https:\/\/www.fraczinet.cl\/sitio\/#website\",\"url\":\"https:\/\/www.fraczinet.cl\/sitio\/\",\"name\":\"Nuestro Bio B\u00edo\",\"description\":\"Tierra de Encuentros\",\"publisher\":{\"@id\":\"https:\/\/www.fraczinet.cl\/sitio\/#\/schema\/person\/aec8ee4da68df2b9b0eefdad24a0d582\"},\"potentialAction\":[{\"@type\":\"SearchAction\",\"target\":{\"@type\":\"EntryPoint\",\"urlTemplate\":\"https:\/\/www.fraczinet.cl\/sitio\/?s={search_term_string}\"},\"query-input\":{\"@type\":\"PropertyValueSpecification\",\"valueRequired\":true,\"valueName\":\"search_term_string\"}}],\"inLanguage\":\"es\"},{\"@type\":[\"Person\",\"Organization\"],\"@id\":\"https:\/\/www.fraczinet.cl\/sitio\/#\/schema\/person\/aec8ee4da68df2b9b0eefdad24a0d582\",\"name\":\"Luis Fernando Fraczinet\",\"image\":{\"@type\":\"ImageObject\",\"inLanguage\":\"es\",\"@id\":\"https:\/\/www.fraczinet.cl\/sitio\/#\/schema\/person\/image\/\",\"url\":\"https:\/\/www.fraczinet.cl\/sitio\/wp-content\/uploads\/2021\/07\/bannerlogo-1.gif\",\"contentUrl\":\"https:\/\/www.fraczinet.cl\/sitio\/wp-content\/uploads\/2021\/07\/bannerlogo-1.gif\",\"width\":159,\"height\":79,\"caption\":\"Luis Fernando Fraczinet\"},\"logo\":{\"@id\":\"https:\/\/www.fraczinet.cl\/sitio\/#\/schema\/person\/image\/\"},\"sameAs\":[\"https:\/\/www.fraczinet.cl\/sitio\/\"]},{\"@type\":\"Person\",\"@id\":\"https:\/\/www.fraczinet.cl\/sitio\/#\/schema\/person\/bc30f98e9cb10ae7e119dbe14bc93784\",\"name\":\"admin\",\"image\":{\"@type\":\"ImageObject\",\"inLanguage\":\"es\",\"@id\":\"https:\/\/www.fraczinet.cl\/sitio\/#\/schema\/person\/image\/\",\"url\":\"https:\/\/secure.gravatar.com\/avatar\/d5ad3cf7ef3b23a2bb5be73be780c86b2fc8545c3ad6b149f3913ff458c00099?s=96&d=mm&r=g\",\"contentUrl\":\"https:\/\/secure.gravatar.com\/avatar\/d5ad3cf7ef3b23a2bb5be73be780c86b2fc8545c3ad6b149f3913ff458c00099?s=96&d=mm&r=g\",\"caption\":\"admin\"},\"sameAs\":[\"https:\/\/www.fraczinet.cl\/sitio\"]}]}<\/script>\n<!-- \/ Yoast SEO plugin. -->","yoast_head_json":{"title":"Entramados De Chile, Entre T\u00fa Y Yo, Nosotros - Nuestro Bio B\u00edo","robots":{"index":"index","follow":"follow","max-snippet":"max-snippet:-1","max-image-preview":"max-image-preview:large","max-video-preview":"max-video-preview:-1"},"canonical":"https:\/\/www.fraczinet.cl\/sitio\/2011\/03\/11\/entramados-de-chile-entre-tu-y-yo-nosotros\/","og_locale":"es_ES","og_type":"article","og_title":"Entramados De Chile, Entre T\u00fa Y Yo, Nosotros - Nuestro Bio B\u00edo","og_description":"Proponemos tejer entre todas y todos una manta que represente la base social que constituye nuestro pa\u00eds. Para ello iniciamos una campa\u00f1a sencilla que consiste en pedir que en cada regi\u00f3n, en forma voluntaria, hombres, mujeres, j\u00f3venes y ni\u00f1os tejan un trocito de la manta, que aspiramos mida 15 metros de largo por 2 metros [&hellip;]","og_url":"https:\/\/www.fraczinet.cl\/sitio\/2011\/03\/11\/entramados-de-chile-entre-tu-y-yo-nosotros\/","og_site_name":"Nuestro Bio B\u00edo","article_published_time":"2011-03-11T17:54:00+00:00","og_image":[{"width":159,"height":79,"url":"https:\/\/www.fraczinet.cl\/sitio\/wp-content\/uploads\/2021\/07\/bannerlogo-1.gif","type":"image\/gif"}],"author":"admin","twitter_card":"summary_large_image","twitter_creator":"@nuestrobiobio","twitter_site":"@nuestrobiobio","twitter_misc":{"Escrito por":"admin","Tiempo de lectura":"1 minuto"},"schema":{"@context":"https:\/\/schema.org","@graph":[{"@type":"Article","@id":"https:\/\/www.fraczinet.cl\/sitio\/2011\/03\/11\/entramados-de-chile-entre-tu-y-yo-nosotros\/#article","isPartOf":{"@id":"https:\/\/www.fraczinet.cl\/sitio\/2011\/03\/11\/entramados-de-chile-entre-tu-y-yo-nosotros\/"},"author":{"name":"admin","@id":"https:\/\/www.fraczinet.cl\/sitio\/#\/schema\/person\/bc30f98e9cb10ae7e119dbe14bc93784"},"headline":"Entramados De Chile, Entre T\u00fa Y Yo, Nosotros","datePublished":"2011-03-11T17:54:00+00:00","mainEntityOfPage":{"@id":"https:\/\/www.fraczinet.cl\/sitio\/2011\/03\/11\/entramados-de-chile-entre-tu-y-yo-nosotros\/"},"wordCount":228,"commentCount":0,"publisher":{"@id":"https:\/\/www.fraczinet.cl\/sitio\/#\/schema\/person\/aec8ee4da68df2b9b0eefdad24a0d582"},"articleSection":["Ciudadan\u00eda"],"inLanguage":"es","potentialAction":[{"@type":"CommentAction","name":"Comment","target":["https:\/\/www.fraczinet.cl\/sitio\/2011\/03\/11\/entramados-de-chile-entre-tu-y-yo-nosotros\/#respond"]}]},{"@type":"WebPage","@id":"https:\/\/www.fraczinet.cl\/sitio\/2011\/03\/11\/entramados-de-chile-entre-tu-y-yo-nosotros\/","url":"https:\/\/www.fraczinet.cl\/sitio\/2011\/03\/11\/entramados-de-chile-entre-tu-y-yo-nosotros\/","name":"Entramados De Chile, Entre T\u00fa Y Yo, Nosotros - Nuestro Bio B\u00edo","isPartOf":{"@id":"https:\/\/www.fraczinet.cl\/sitio\/#website"},"datePublished":"2011-03-11T17:54:00+00:00","breadcrumb":{"@id":"https:\/\/www.fraczinet.cl\/sitio\/2011\/03\/11\/entramados-de-chile-entre-tu-y-yo-nosotros\/#breadcrumb"},"inLanguage":"es","potentialAction":[{"@type":"ReadAction","target":["https:\/\/www.fraczinet.cl\/sitio\/2011\/03\/11\/entramados-de-chile-entre-tu-y-yo-nosotros\/"]}]},{"@type":"BreadcrumbList","@id":"https:\/\/www.fraczinet.cl\/sitio\/2011\/03\/11\/entramados-de-chile-entre-tu-y-yo-nosotros\/#breadcrumb","itemListElement":[{"@type":"ListItem","position":1,"name":"Portada","item":"https:\/\/www.fraczinet.cl\/sitio\/"},{"@type":"ListItem","position":2,"name":"Entramados De Chile, Entre T\u00fa Y Yo, Nosotros"}]},{"@type":"WebSite","@id":"https:\/\/www.fraczinet.cl\/sitio\/#website","url":"https:\/\/www.fraczinet.cl\/sitio\/","name":"Nuestro Bio B\u00edo","description":"Tierra de Encuentros","publisher":{"@id":"https:\/\/www.fraczinet.cl\/sitio\/#\/schema\/person\/aec8ee4da68df2b9b0eefdad24a0d582"},"potentialAction":[{"@type":"SearchAction","target":{"@type":"EntryPoint","urlTemplate":"https:\/\/www.fraczinet.cl\/sitio\/?s={search_term_string}"},"query-input":{"@type":"PropertyValueSpecification","valueRequired":true,"valueName":"search_term_string"}}],"inLanguage":"es"},{"@type":["Person","Organization"],"@id":"https:\/\/www.fraczinet.cl\/sitio\/#\/schema\/person\/aec8ee4da68df2b9b0eefdad24a0d582","name":"Luis Fernando Fraczinet","image":{"@type":"ImageObject","inLanguage":"es","@id":"https:\/\/www.fraczinet.cl\/sitio\/#\/schema\/person\/image\/","url":"https:\/\/www.fraczinet.cl\/sitio\/wp-content\/uploads\/2021\/07\/bannerlogo-1.gif","contentUrl":"https:\/\/www.fraczinet.cl\/sitio\/wp-content\/uploads\/2021\/07\/bannerlogo-1.gif","width":159,"height":79,"caption":"Luis Fernando Fraczinet"},"logo":{"@id":"https:\/\/www.fraczinet.cl\/sitio\/#\/schema\/person\/image\/"},"sameAs":["https:\/\/www.fraczinet.cl\/sitio\/"]},{"@type":"Person","@id":"https:\/\/www.fraczinet.cl\/sitio\/#\/schema\/person\/bc30f98e9cb10ae7e119dbe14bc93784","name":"admin","image":{"@type":"ImageObject","inLanguage":"es","@id":"https:\/\/www.fraczinet.cl\/sitio\/#\/schema\/person\/image\/","url":"https:\/\/secure.gravatar.com\/avatar\/d5ad3cf7ef3b23a2bb5be73be780c86b2fc8545c3ad6b149f3913ff458c00099?s=96&d=mm&r=g","contentUrl":"https:\/\/secure.gravatar.com\/avatar\/d5ad3cf7ef3b23a2bb5be73be780c86b2fc8545c3ad6b149f3913ff458c00099?s=96&d=mm&r=g","caption":"admin"},"sameAs":["https:\/\/www.fraczinet.cl\/sitio"]}]}},"_links":{"self":[{"href":"https:\/\/www.fraczinet.cl\/sitio\/wp-json\/wp\/v2\/posts\/8855","targetHints":{"allow":["GET"]}}],"collection":[{"href":"https:\/\/www.fraczinet.cl\/sitio\/wp-json\/wp\/v2\/posts"}],"about":[{"href":"https:\/\/www.fraczinet.cl\/sitio\/wp-json\/wp\/v2\/types\/post"}],"author":[{"embeddable":true,"href":"https:\/\/www.fraczinet.cl\/sitio\/wp-json\/wp\/v2\/users\/1"}],"replies":[{"embeddable":true,"href":"https:\/\/www.fraczinet.cl\/sitio\/wp-json\/wp\/v2\/comments?post=8855"}],"version-history":[{"count":0,"href":"https:\/\/www.fraczinet.cl\/sitio\/wp-json\/wp\/v2\/posts\/8855\/revisions"}],"wp:attachment":[{"href":"https:\/\/www.fraczinet.cl\/sitio\/wp-json\/wp\/v2\/media?parent=8855"}],"wp:term":[{"taxonomy":"category","embeddable":true,"href":"https:\/\/www.fraczinet.cl\/sitio\/wp-json\/wp\/v2\/categories?post=8855"},{"taxonomy":"post_tag","embeddable":true,"href":"https:\/\/www.fraczinet.cl\/sitio\/wp-json\/wp\/v2\/tags?post=8855"}],"curies":[{"name":"wp","href":"https:\/\/api.w.org\/{rel}","templated":true}]}}