{"id":8857,"date":"2011-03-10T10:17:00","date_gmt":"2011-03-10T10:17:00","guid":{"rendered":"https:\/\/www.fraczinet.cl\/sitio\/2011\/03\/10\/se-crea-la-red-de-gestion-de-economia-creativa-bio-bio\/"},"modified":"2011-03-10T10:17:00","modified_gmt":"2011-03-10T10:17:00","slug":"se-crea-la-red-de-gestion-de-economia-creativa-bio-bio","status":"publish","type":"post","link":"https:\/\/www.fraczinet.cl\/sitio\/2011\/03\/10\/se-crea-la-red-de-gestion-de-economia-creativa-bio-bio\/","title":{"rendered":"Se Crea La Red de Gesti\u00f3n de Econom\u00eda Creativa &#8211;  Bio B\u00edo"},"content":{"rendered":"<p><iframe title=\"YouTube video player\" width=\"400\" height=\"300\" src=\"http:\/\/www.youtube.com\/embed\/9DcfTMLaZpk\" frameborder=\"0\" allowfullscreen><\/iframe><\/p>\n<p>La iniciativa parte del cuestionamiento al sistema actual de apoyo a la cultura, evidenciada en algunos puntos principales como la falta de participaci\u00f3n ciudadana en pol\u00edticas culturales, la carencia de una entidad ciudadana que canalice las necesidades de la comunidad, la necesidad de integraci\u00f3n del mundo de la cultura al encaminamiento productivo de la regi\u00f3n, y otras, que conllevan a la poca integraci\u00f3n de valores culturales patrimoniales existentes en nuestros actores (identidad y territorio) que son el pilar fundamental de la heterogeneidad de cada ser, organizaci\u00f3n, localidad, etc,<\/p>\n<p>La idea es no quedarnos atr\u00e1s, no ser solo espectadores y beneficiarios de lo que hay y de lo que nos ofrecen; la idea es conversar estas inquietudes y en lo ideal llegar a sentar directrices que nos ayuden a reorganizar, en cierto modo, los temas que aborda la cultura. Lograr integrar a la Regi\u00f3n del Bio B\u00edo, en un plan de construcci\u00f3n cultural basado en la participaci\u00f3n ciudadana.<\/p>\n<p>Como objetivo principal pretendemos conformar una Red Interdisciplinaria con distintos actores que vayan en pro de un renacimiento cultural.<\/p>\n<p>Todos invertimos tiempo en un esfuerzo hermoso por crear lo que nos satisface como personas. Hoy nos organizamos por crear el espacio para entendernos como regi\u00f3n.<\/p>\n<p><span style=\"font-weight:bold;\">Red de Gesti\u00f3n Bio B\u00edo de Econom\u00eda Creativa.<\/span><br \/>\u201c<span style=\"font-style:italic;\">La Regi\u00f3n del Bio B\u00edo se organiza. Tiende tu mano\u2026 La nuestra est\u00e1 esperando<\/span>\u201d<br \/><span style=\"font-weight:bold;\"><br \/>Reuniones locales:<\/span><br \/>&#8211; <span style=\"font-weight:bold;\">Concepci\u00f3n<\/span> Mi\u00e9rcoles 16, 18:30 horas, Plan B (Orompello 555, Concepci\u00f3n)<br \/>&#8211; <span style=\"font-weight:bold;\">Los \u00c1ngeles<\/span> S\u00e1bado 19, 13:00 horas, Col\u00f3n 341 oficina 8 piso 2.<\/p>\n<p><span style=\"font-weight:bold;\">Encuentro Regional<\/span><br \/><span style=\"font-weight:bold;\">Chill\u00e1n<\/span> S\u00e1bado 26 de Marzo, de 10:00 a 12:30 horas. Lugar: Libertad 723 &#8211; Chill\u00e1n (The Oz) The Oz, A una cuadra de la Plaza de Armas.<\/p>\n<p><span style=\"font-weight:bold;\">M\u00e1s informaci\u00f3n a los Email:<\/span><\/p>\n<p>&#8211; Paola Utz \u2013 Concepci\u00f3n &#8211; paola.utz@gmail.com<br \/>&#8211; Richard Pincheira &#8211; \u00d1uble &#8211; contacto@chillanactivo.cl<br \/>&#8211; Luis Fraczinet &#8211; Bio B\u00edo &#8211; info@nuestrobiobio.cl<\/p>\n<p>&#8211; Canci\u00f3n \u201cUnos Versus Muchos\u201d de Carolina Frambuesa<br \/>Sitio web: http:\/\/www.myspace.com\/carolinaframbuesa<br \/>&#8211; Producci\u00f3n de Agust\u00edn Escobar<br \/>Sitio web: http:\/\/www.facebook.com\/agusescobar<\/p>\n","protected":false},"excerpt":{"rendered":"<p>La iniciativa parte del cuestionamiento al sistema actual de apoyo a la cultura, evidenciada en algunos puntos principales como la falta de participaci\u00f3n ciudadana en pol\u00edticas culturales, la carencia de una entidad ciudadana que canalice las necesidades de la comunidad, la necesidad de integraci\u00f3n del mundo de la cultura al encaminamiento productivo de la regi\u00f3n, [&hellip;]<\/p>\n","protected":false},"author":1,"featured_media":0,"comment_status":"open","ping_status":"open","sticky":false,"template":"","format":"standard","meta":{"footnotes":""},"categories":[207],"tags":[],"class_list":["post-8857","post","type-post","status-publish","format-standard","hentry","category-gestion-cultural"],"yoast_head":"<!-- This site is optimized with the Yoast SEO plugin v25.0 - https:\/\/yoast.com\/wordpress\/plugins\/seo\/ -->\n<title>Se Crea La Red de Gesti\u00f3n de Econom\u00eda Creativa - Bio B\u00edo - Nuestro Bio B\u00edo<\/title>\n<meta name=\"robots\" content=\"index, follow, max-snippet:-1, max-image-preview:large, max-video-preview:-1\" \/>\n<link rel=\"canonical\" href=\"https:\/\/www.fraczinet.cl\/sitio\/2011\/03\/10\/se-crea-la-red-de-gestion-de-economia-creativa-bio-bio\/\" \/>\n<meta property=\"og:locale\" content=\"es_ES\" \/>\n<meta property=\"og:type\" content=\"article\" \/>\n<meta property=\"og:title\" content=\"Se Crea La Red de Gesti\u00f3n de Econom\u00eda Creativa - Bio B\u00edo - Nuestro Bio B\u00edo\" \/>\n<meta property=\"og:description\" content=\"La iniciativa parte del cuestionamiento al sistema actual de apoyo a la cultura, evidenciada en algunos puntos principales como la falta de participaci\u00f3n ciudadana en pol\u00edticas culturales, la carencia de una entidad ciudadana que canalice las necesidades de la comunidad, la necesidad de integraci\u00f3n del mundo de la cultura al encaminamiento productivo de la regi\u00f3n, [&hellip;]\" \/>\n<meta property=\"og:url\" content=\"https:\/\/www.fraczinet.cl\/sitio\/2011\/03\/10\/se-crea-la-red-de-gestion-de-economia-creativa-bio-bio\/\" \/>\n<meta property=\"og:site_name\" content=\"Nuestro Bio B\u00edo\" \/>\n<meta property=\"article:published_time\" content=\"2011-03-10T10:17:00+00:00\" \/>\n<meta property=\"og:image\" content=\"https:\/\/www.fraczinet.cl\/sitio\/wp-content\/uploads\/2021\/07\/bannerlogo-1.gif\" \/>\n\t<meta property=\"og:image:width\" content=\"159\" \/>\n\t<meta property=\"og:image:height\" content=\"79\" \/>\n\t<meta property=\"og:image:type\" content=\"image\/gif\" \/>\n<meta name=\"author\" content=\"admin\" \/>\n<meta name=\"twitter:card\" content=\"summary_large_image\" \/>\n<meta name=\"twitter:creator\" content=\"@nuestrobiobio\" \/>\n<meta name=\"twitter:site\" content=\"@nuestrobiobio\" \/>\n<meta name=\"twitter:label1\" content=\"Escrito por\" \/>\n\t<meta name=\"twitter:data1\" content=\"admin\" \/>\n\t<meta name=\"twitter:label2\" content=\"Tiempo de lectura\" \/>\n\t<meta name=\"twitter:data2\" content=\"2 minutos\" \/>\n<script type=\"application\/ld+json\" class=\"yoast-schema-graph\">{\"@context\":\"https:\/\/schema.org\",\"@graph\":[{\"@type\":\"Article\",\"@id\":\"https:\/\/www.fraczinet.cl\/sitio\/2011\/03\/10\/se-crea-la-red-de-gestion-de-economia-creativa-bio-bio\/#article\",\"isPartOf\":{\"@id\":\"https:\/\/www.fraczinet.cl\/sitio\/2011\/03\/10\/se-crea-la-red-de-gestion-de-economia-creativa-bio-bio\/\"},\"author\":{\"name\":\"admin\",\"@id\":\"https:\/\/www.fraczinet.cl\/sitio\/#\/schema\/person\/bc30f98e9cb10ae7e119dbe14bc93784\"},\"headline\":\"Se Crea La Red de Gesti\u00f3n de Econom\u00eda Creativa &#8211; Bio B\u00edo\",\"datePublished\":\"2011-03-10T10:17:00+00:00\",\"mainEntityOfPage\":{\"@id\":\"https:\/\/www.fraczinet.cl\/sitio\/2011\/03\/10\/se-crea-la-red-de-gestion-de-economia-creativa-bio-bio\/\"},\"wordCount\":369,\"commentCount\":0,\"publisher\":{\"@id\":\"https:\/\/www.fraczinet.cl\/sitio\/#\/schema\/person\/aec8ee4da68df2b9b0eefdad24a0d582\"},\"articleSection\":[\"Gesti\u00f3n Cultural\"],\"inLanguage\":\"es\",\"potentialAction\":[{\"@type\":\"CommentAction\",\"name\":\"Comment\",\"target\":[\"https:\/\/www.fraczinet.cl\/sitio\/2011\/03\/10\/se-crea-la-red-de-gestion-de-economia-creativa-bio-bio\/#respond\"]}]},{\"@type\":\"WebPage\",\"@id\":\"https:\/\/www.fraczinet.cl\/sitio\/2011\/03\/10\/se-crea-la-red-de-gestion-de-economia-creativa-bio-bio\/\",\"url\":\"https:\/\/www.fraczinet.cl\/sitio\/2011\/03\/10\/se-crea-la-red-de-gestion-de-economia-creativa-bio-bio\/\",\"name\":\"Se Crea La Red de Gesti\u00f3n de Econom\u00eda Creativa - Bio B\u00edo - Nuestro Bio B\u00edo\",\"isPartOf\":{\"@id\":\"https:\/\/www.fraczinet.cl\/sitio\/#website\"},\"datePublished\":\"2011-03-10T10:17:00+00:00\",\"breadcrumb\":{\"@id\":\"https:\/\/www.fraczinet.cl\/sitio\/2011\/03\/10\/se-crea-la-red-de-gestion-de-economia-creativa-bio-bio\/#breadcrumb\"},\"inLanguage\":\"es\",\"potentialAction\":[{\"@type\":\"ReadAction\",\"target\":[\"https:\/\/www.fraczinet.cl\/sitio\/2011\/03\/10\/se-crea-la-red-de-gestion-de-economia-creativa-bio-bio\/\"]}]},{\"@type\":\"BreadcrumbList\",\"@id\":\"https:\/\/www.fraczinet.cl\/sitio\/2011\/03\/10\/se-crea-la-red-de-gestion-de-economia-creativa-bio-bio\/#breadcrumb\",\"itemListElement\":[{\"@type\":\"ListItem\",\"position\":1,\"name\":\"Portada\",\"item\":\"https:\/\/www.fraczinet.cl\/sitio\/\"},{\"@type\":\"ListItem\",\"position\":2,\"name\":\"Se Crea La Red de Gesti\u00f3n de Econom\u00eda Creativa &#8211; Bio B\u00edo\"}]},{\"@type\":\"WebSite\",\"@id\":\"https:\/\/www.fraczinet.cl\/sitio\/#website\",\"url\":\"https:\/\/www.fraczinet.cl\/sitio\/\",\"name\":\"Nuestro Bio B\u00edo\",\"description\":\"Tierra de Encuentros\",\"publisher\":{\"@id\":\"https:\/\/www.fraczinet.cl\/sitio\/#\/schema\/person\/aec8ee4da68df2b9b0eefdad24a0d582\"},\"potentialAction\":[{\"@type\":\"SearchAction\",\"target\":{\"@type\":\"EntryPoint\",\"urlTemplate\":\"https:\/\/www.fraczinet.cl\/sitio\/?s={search_term_string}\"},\"query-input\":{\"@type\":\"PropertyValueSpecification\",\"valueRequired\":true,\"valueName\":\"search_term_string\"}}],\"inLanguage\":\"es\"},{\"@type\":[\"Person\",\"Organization\"],\"@id\":\"https:\/\/www.fraczinet.cl\/sitio\/#\/schema\/person\/aec8ee4da68df2b9b0eefdad24a0d582\",\"name\":\"Luis Fernando Fraczinet\",\"image\":{\"@type\":\"ImageObject\",\"inLanguage\":\"es\",\"@id\":\"https:\/\/www.fraczinet.cl\/sitio\/#\/schema\/person\/image\/\",\"url\":\"https:\/\/www.fraczinet.cl\/sitio\/wp-content\/uploads\/2021\/07\/bannerlogo-1.gif\",\"contentUrl\":\"https:\/\/www.fraczinet.cl\/sitio\/wp-content\/uploads\/2021\/07\/bannerlogo-1.gif\",\"width\":159,\"height\":79,\"caption\":\"Luis Fernando Fraczinet\"},\"logo\":{\"@id\":\"https:\/\/www.fraczinet.cl\/sitio\/#\/schema\/person\/image\/\"},\"sameAs\":[\"https:\/\/www.fraczinet.cl\/sitio\/\"]},{\"@type\":\"Person\",\"@id\":\"https:\/\/www.fraczinet.cl\/sitio\/#\/schema\/person\/bc30f98e9cb10ae7e119dbe14bc93784\",\"name\":\"admin\",\"image\":{\"@type\":\"ImageObject\",\"inLanguage\":\"es\",\"@id\":\"https:\/\/www.fraczinet.cl\/sitio\/#\/schema\/person\/image\/\",\"url\":\"https:\/\/secure.gravatar.com\/avatar\/d5ad3cf7ef3b23a2bb5be73be780c86b2fc8545c3ad6b149f3913ff458c00099?s=96&d=mm&r=g\",\"contentUrl\":\"https:\/\/secure.gravatar.com\/avatar\/d5ad3cf7ef3b23a2bb5be73be780c86b2fc8545c3ad6b149f3913ff458c00099?s=96&d=mm&r=g\",\"caption\":\"admin\"},\"sameAs\":[\"https:\/\/www.fraczinet.cl\/sitio\"]}]}<\/script>\n<!-- \/ Yoast SEO plugin. -->","yoast_head_json":{"title":"Se Crea La Red de Gesti\u00f3n de Econom\u00eda Creativa - Bio B\u00edo - Nuestro Bio B\u00edo","robots":{"index":"index","follow":"follow","max-snippet":"max-snippet:-1","max-image-preview":"max-image-preview:large","max-video-preview":"max-video-preview:-1"},"canonical":"https:\/\/www.fraczinet.cl\/sitio\/2011\/03\/10\/se-crea-la-red-de-gestion-de-economia-creativa-bio-bio\/","og_locale":"es_ES","og_type":"article","og_title":"Se Crea La Red de Gesti\u00f3n de Econom\u00eda Creativa - Bio B\u00edo - Nuestro Bio B\u00edo","og_description":"La iniciativa parte del cuestionamiento al sistema actual de apoyo a la cultura, evidenciada en algunos puntos principales como la falta de participaci\u00f3n ciudadana en pol\u00edticas culturales, la carencia de una entidad ciudadana que canalice las necesidades de la comunidad, la necesidad de integraci\u00f3n del mundo de la cultura al encaminamiento productivo de la regi\u00f3n, [&hellip;]","og_url":"https:\/\/www.fraczinet.cl\/sitio\/2011\/03\/10\/se-crea-la-red-de-gestion-de-economia-creativa-bio-bio\/","og_site_name":"Nuestro Bio B\u00edo","article_published_time":"2011-03-10T10:17:00+00:00","og_image":[{"width":159,"height":79,"url":"https:\/\/www.fraczinet.cl\/sitio\/wp-content\/uploads\/2021\/07\/bannerlogo-1.gif","type":"image\/gif"}],"author":"admin","twitter_card":"summary_large_image","twitter_creator":"@nuestrobiobio","twitter_site":"@nuestrobiobio","twitter_misc":{"Escrito por":"admin","Tiempo de lectura":"2 minutos"},"schema":{"@context":"https:\/\/schema.org","@graph":[{"@type":"Article","@id":"https:\/\/www.fraczinet.cl\/sitio\/2011\/03\/10\/se-crea-la-red-de-gestion-de-economia-creativa-bio-bio\/#article","isPartOf":{"@id":"https:\/\/www.fraczinet.cl\/sitio\/2011\/03\/10\/se-crea-la-red-de-gestion-de-economia-creativa-bio-bio\/"},"author":{"name":"admin","@id":"https:\/\/www.fraczinet.cl\/sitio\/#\/schema\/person\/bc30f98e9cb10ae7e119dbe14bc93784"},"headline":"Se Crea La Red de Gesti\u00f3n de Econom\u00eda Creativa &#8211; Bio B\u00edo","datePublished":"2011-03-10T10:17:00+00:00","mainEntityOfPage":{"@id":"https:\/\/www.fraczinet.cl\/sitio\/2011\/03\/10\/se-crea-la-red-de-gestion-de-economia-creativa-bio-bio\/"},"wordCount":369,"commentCount":0,"publisher":{"@id":"https:\/\/www.fraczinet.cl\/sitio\/#\/schema\/person\/aec8ee4da68df2b9b0eefdad24a0d582"},"articleSection":["Gesti\u00f3n Cultural"],"inLanguage":"es","potentialAction":[{"@type":"CommentAction","name":"Comment","target":["https:\/\/www.fraczinet.cl\/sitio\/2011\/03\/10\/se-crea-la-red-de-gestion-de-economia-creativa-bio-bio\/#respond"]}]},{"@type":"WebPage","@id":"https:\/\/www.fraczinet.cl\/sitio\/2011\/03\/10\/se-crea-la-red-de-gestion-de-economia-creativa-bio-bio\/","url":"https:\/\/www.fraczinet.cl\/sitio\/2011\/03\/10\/se-crea-la-red-de-gestion-de-economia-creativa-bio-bio\/","name":"Se Crea La Red de Gesti\u00f3n de Econom\u00eda Creativa - Bio B\u00edo - Nuestro Bio B\u00edo","isPartOf":{"@id":"https:\/\/www.fraczinet.cl\/sitio\/#website"},"datePublished":"2011-03-10T10:17:00+00:00","breadcrumb":{"@id":"https:\/\/www.fraczinet.cl\/sitio\/2011\/03\/10\/se-crea-la-red-de-gestion-de-economia-creativa-bio-bio\/#breadcrumb"},"inLanguage":"es","potentialAction":[{"@type":"ReadAction","target":["https:\/\/www.fraczinet.cl\/sitio\/2011\/03\/10\/se-crea-la-red-de-gestion-de-economia-creativa-bio-bio\/"]}]},{"@type":"BreadcrumbList","@id":"https:\/\/www.fraczinet.cl\/sitio\/2011\/03\/10\/se-crea-la-red-de-gestion-de-economia-creativa-bio-bio\/#breadcrumb","itemListElement":[{"@type":"ListItem","position":1,"name":"Portada","item":"https:\/\/www.fraczinet.cl\/sitio\/"},{"@type":"ListItem","position":2,"name":"Se Crea La Red de Gesti\u00f3n de Econom\u00eda Creativa &#8211; Bio B\u00edo"}]},{"@type":"WebSite","@id":"https:\/\/www.fraczinet.cl\/sitio\/#website","url":"https:\/\/www.fraczinet.cl\/sitio\/","name":"Nuestro Bio B\u00edo","description":"Tierra de Encuentros","publisher":{"@id":"https:\/\/www.fraczinet.cl\/sitio\/#\/schema\/person\/aec8ee4da68df2b9b0eefdad24a0d582"},"potentialAction":[{"@type":"SearchAction","target":{"@type":"EntryPoint","urlTemplate":"https:\/\/www.fraczinet.cl\/sitio\/?s={search_term_string}"},"query-input":{"@type":"PropertyValueSpecification","valueRequired":true,"valueName":"search_term_string"}}],"inLanguage":"es"},{"@type":["Person","Organization"],"@id":"https:\/\/www.fraczinet.cl\/sitio\/#\/schema\/person\/aec8ee4da68df2b9b0eefdad24a0d582","name":"Luis Fernando Fraczinet","image":{"@type":"ImageObject","inLanguage":"es","@id":"https:\/\/www.fraczinet.cl\/sitio\/#\/schema\/person\/image\/","url":"https:\/\/www.fraczinet.cl\/sitio\/wp-content\/uploads\/2021\/07\/bannerlogo-1.gif","contentUrl":"https:\/\/www.fraczinet.cl\/sitio\/wp-content\/uploads\/2021\/07\/bannerlogo-1.gif","width":159,"height":79,"caption":"Luis Fernando Fraczinet"},"logo":{"@id":"https:\/\/www.fraczinet.cl\/sitio\/#\/schema\/person\/image\/"},"sameAs":["https:\/\/www.fraczinet.cl\/sitio\/"]},{"@type":"Person","@id":"https:\/\/www.fraczinet.cl\/sitio\/#\/schema\/person\/bc30f98e9cb10ae7e119dbe14bc93784","name":"admin","image":{"@type":"ImageObject","inLanguage":"es","@id":"https:\/\/www.fraczinet.cl\/sitio\/#\/schema\/person\/image\/","url":"https:\/\/secure.gravatar.com\/avatar\/d5ad3cf7ef3b23a2bb5be73be780c86b2fc8545c3ad6b149f3913ff458c00099?s=96&d=mm&r=g","contentUrl":"https:\/\/secure.gravatar.com\/avatar\/d5ad3cf7ef3b23a2bb5be73be780c86b2fc8545c3ad6b149f3913ff458c00099?s=96&d=mm&r=g","caption":"admin"},"sameAs":["https:\/\/www.fraczinet.cl\/sitio"]}]}},"_links":{"self":[{"href":"https:\/\/www.fraczinet.cl\/sitio\/wp-json\/wp\/v2\/posts\/8857","targetHints":{"allow":["GET"]}}],"collection":[{"href":"https:\/\/www.fraczinet.cl\/sitio\/wp-json\/wp\/v2\/posts"}],"about":[{"href":"https:\/\/www.fraczinet.cl\/sitio\/wp-json\/wp\/v2\/types\/post"}],"author":[{"embeddable":true,"href":"https:\/\/www.fraczinet.cl\/sitio\/wp-json\/wp\/v2\/users\/1"}],"replies":[{"embeddable":true,"href":"https:\/\/www.fraczinet.cl\/sitio\/wp-json\/wp\/v2\/comments?post=8857"}],"version-history":[{"count":0,"href":"https:\/\/www.fraczinet.cl\/sitio\/wp-json\/wp\/v2\/posts\/8857\/revisions"}],"wp:attachment":[{"href":"https:\/\/www.fraczinet.cl\/sitio\/wp-json\/wp\/v2\/media?parent=8857"}],"wp:term":[{"taxonomy":"category","embeddable":true,"href":"https:\/\/www.fraczinet.cl\/sitio\/wp-json\/wp\/v2\/categories?post=8857"},{"taxonomy":"post_tag","embeddable":true,"href":"https:\/\/www.fraczinet.cl\/sitio\/wp-json\/wp\/v2\/tags?post=8857"}],"curies":[{"name":"wp","href":"https:\/\/api.w.org\/{rel}","templated":true}]}}