{"id":8864,"date":"2011-03-06T01:34:00","date_gmt":"2011-03-06T01:34:00","guid":{"rendered":"https:\/\/www.fraczinet.cl\/sitio\/2011\/03\/06\/eduardo-galeano-plasma-con-certeza-y-osadia-la-sociedad-contemporanea\/"},"modified":"2011-03-06T01:34:00","modified_gmt":"2011-03-06T01:34:00","slug":"eduardo-galeano-plasma-con-certeza-y-osadia-la-sociedad-contemporanea","status":"publish","type":"post","link":"https:\/\/www.fraczinet.cl\/sitio\/2011\/03\/06\/eduardo-galeano-plasma-con-certeza-y-osadia-la-sociedad-contemporanea\/","title":{"rendered":"Eduardo Galeano Plasma Con Certeza Y Osad\u00eda La Sociedad Contempor\u00e1nea"},"content":{"rendered":"<p>Un tres de septiembre de 1940 en la capital uruguaya de Montevideo nace Eduardo Galeano, escritor que ha transitado por los caminos del periodismo, del ensayo, de la narrativa; pero ante todo un cronista que ha plasmado con certeza y osad\u00eda la sociedad contempor\u00e1nea.<\/p>\n<p>Galeano, que es considerado como uno de los m\u00e1s destacados escritores de la literatura latinoamericana, desempe\u00f1\u00f3 todo tipo de oficios, fue mensajero, pe\u00f3n en una f\u00e1brica de insecticidas, cobrador, taqu\u00edgrafo, cajero de banco, diagramador, dibujante, redactor y director de diarios.<\/p>\n<p>Los primeros escritos son reportajes de corte pol\u00edtico en los que la realidad aparece continuamente golpeada por las circunstancias y en el que refleja una escritura de urgencia, de denuncia, que retrata la cotidianidad de unos tiempos dif\u00edciles con una escritura situada siempre en primera l\u00ednea de los hechos que vertebran el presente.<\/p>\n<p>Eduardo Galeano se consagra en 1971 con su obra Las venas abiertas de Am\u00e9rica Latina, que ha sido traducida a m\u00e1s de 20 iidomas y que condena la opresi\u00f3n de un continente a trav\u00e9s de p\u00e1ginas brutalmente esclarecedoras que se sumergen en la amargura creciente y end\u00e9mica de la Am\u00e9rica toda.<\/p>\n<p>Junto al Galeano periodista empez\u00f3 a aparecer el Galeano narrador invadido en un contexto pol\u00edtico y social que no puede eludirse y es el marco central en el que respiran sus historias.<\/p>\n<p>En 1986 con su obra, la Memoria del fuego, hay una recuperaci\u00f3n del pasado indigenista, en el que la odisea de las dos Am\u00e9ricas se centra en los hechos m\u00e1s cotidianos, componiendo una trilog\u00eda febril e incisiva, apoyada en la rigurosidad de las fuentes y en la que se entrecruzan cr\u00f3nicas hist\u00f3ricas con pinceladas del presente, siempre en busca de un futuro m\u00e1s justo.<\/p>\n<p>La memoria del fuego est\u00e1 estructurada en torno a peque\u00f1as vivencias cotidianas que es en donde encuentra Galeano la verdadera grandeza del ser humano, la intrahistoria es el Universo en el que caminan las obras del escritor uruguayo, al margen de grandes gestas y de sucesos grandilocuentes, que se apartan del hombre de a pie y del verdadero devenir de los acontecimientos hist\u00f3ricos. Son, en palabras de Galeano: \u00abhistorias peque\u00f1as, pero no minimalistas\u00bb.<\/p>\n<p>Joan Manuel Serrat toma prestado un fragmento de una de estas historias de la Memoria del fuego para ilustrar, a modo de presentaci\u00f3n en sus recitales, el tema Che Pykasumi, que el cantautor interpreta en lengua guaran\u00ed.<\/p>\n<p>Un a\u00f1o antes de la publicaci\u00f3n de El siglo del viento, y una vez terminada la dictadura uruguaya, regresa a Montevideo y tres a\u00f1os despu\u00e9s firma El libro de los abrazos, de contenido m\u00e1s sutil y po\u00e9tico.<\/p>\n<p>El mismo a\u00f1o de El libro de los abrazos aparece Nosotros decimos no, ya para 1992 publica, Ser como ellos y otros art\u00edculos y, un a\u00f1o despu\u00e9s, Las palabras andantes, recopilaci\u00f3n de cuentos y reflexiones ilustrados por el artista brasile\u00f1o Jos\u00e9 Francisco Borges.<\/p>\n<p>El prop\u00f3sito de Galeano en los 90 sigue siendo el mismo que le hab\u00eda impulsado en las otras d\u00e9cadas: palpar la realidad y luego plasmarla en un libro.<\/p>\n<p>Como respiro, muestra su pasi\u00f3n por el f\u00fatbol y lo reivindica desde la literatura, al modo que tambi\u00e9n har\u00e1 Javier Mar\u00edas, en un libro titulado El f\u00fatbol a sol y sombra.<\/p>\n<p>En 1998 Galeano ofrece en Patas arriba. La escuela del mundo al rev\u00e9s, otro de esos libros de denuncia que no edulcoran el presente, ni rehuyen de sus sombras.<\/p>\n<p>Galeano es un ejemplo de coherencia en una obra que sirve siempre de gu\u00eda a la hora de definir un continente como el de Am\u00e9rica Latina.<\/p>\n<p>La obra del escritor uruguayo nos convoca a mirar qu\u00e9 pasado se ha levantado y qu\u00e9 futuro se deja para los descendientes, establece un frente com\u00fan contra la pobreza, la miseria moral y material, la hipocres\u00eda de un mundo que sigue abriendo cada vez m\u00e1s distancias entre los que tienen y los que no tienen, lejos del presente en el que el hombre es visto como una mercanc\u00eda y en el que parece que no hay lugar para las utop\u00edas.<\/p>\n<p><a href=\"http:\/\/www.telesurtv.net\/secciones\/noticias\/89874-NN\/eduardo-galeano-plasma-con-certeza-y-osadia-la-sociedad-contemporanea\/\">teleSUR-Letral\u00eda-Biograf\u00edas y Vidas\/ nh-MM<\/a><\/p>\n","protected":false},"excerpt":{"rendered":"<p>Un tres de septiembre de 1940 en la capital uruguaya de Montevideo nace Eduardo Galeano, escritor que ha transitado por los caminos del periodismo, del ensayo, de la narrativa; pero ante todo un cronista que ha plasmado con certeza y osad\u00eda la sociedad contempor\u00e1nea. Galeano, que es considerado como uno de los m\u00e1s destacados escritores [&hellip;]<\/p>\n","protected":false},"author":1,"featured_media":0,"comment_status":"open","ping_status":"open","sticky":false,"template":"","format":"standard","meta":{"footnotes":""},"categories":[162],"tags":[],"class_list":["post-8864","post","type-post","status-publish","format-standard","hentry","category-eduardo-galeano"],"yoast_head":"<!-- This site is optimized with the Yoast SEO plugin v25.0 - https:\/\/yoast.com\/wordpress\/plugins\/seo\/ -->\n<title>Eduardo Galeano Plasma Con Certeza Y Osad\u00eda La Sociedad Contempor\u00e1nea - Nuestro Bio B\u00edo<\/title>\n<meta name=\"robots\" content=\"index, follow, max-snippet:-1, max-image-preview:large, max-video-preview:-1\" \/>\n<link rel=\"canonical\" href=\"https:\/\/www.fraczinet.cl\/sitio\/2011\/03\/06\/eduardo-galeano-plasma-con-certeza-y-osadia-la-sociedad-contemporanea\/\" \/>\n<meta property=\"og:locale\" content=\"es_ES\" \/>\n<meta property=\"og:type\" content=\"article\" \/>\n<meta property=\"og:title\" content=\"Eduardo Galeano Plasma Con Certeza Y Osad\u00eda La Sociedad Contempor\u00e1nea - Nuestro Bio B\u00edo\" \/>\n<meta property=\"og:description\" content=\"Un tres de septiembre de 1940 en la capital uruguaya de Montevideo nace Eduardo Galeano, escritor que ha transitado por los caminos del periodismo, del ensayo, de la narrativa; pero ante todo un cronista que ha plasmado con certeza y osad\u00eda la sociedad contempor\u00e1nea. Galeano, que es considerado como uno de los m\u00e1s destacados escritores [&hellip;]\" \/>\n<meta property=\"og:url\" content=\"https:\/\/www.fraczinet.cl\/sitio\/2011\/03\/06\/eduardo-galeano-plasma-con-certeza-y-osadia-la-sociedad-contemporanea\/\" \/>\n<meta property=\"og:site_name\" content=\"Nuestro Bio B\u00edo\" \/>\n<meta property=\"article:published_time\" content=\"2011-03-06T01:34:00+00:00\" \/>\n<meta property=\"og:image\" content=\"https:\/\/www.fraczinet.cl\/sitio\/wp-content\/uploads\/2021\/07\/bannerlogo-1.gif\" \/>\n\t<meta property=\"og:image:width\" content=\"159\" \/>\n\t<meta property=\"og:image:height\" content=\"79\" \/>\n\t<meta property=\"og:image:type\" content=\"image\/gif\" \/>\n<meta name=\"author\" content=\"admin\" \/>\n<meta name=\"twitter:card\" content=\"summary_large_image\" \/>\n<meta name=\"twitter:creator\" content=\"@nuestrobiobio\" \/>\n<meta name=\"twitter:site\" content=\"@nuestrobiobio\" \/>\n<meta name=\"twitter:label1\" content=\"Escrito por\" \/>\n\t<meta name=\"twitter:data1\" content=\"admin\" \/>\n\t<meta name=\"twitter:label2\" content=\"Tiempo de lectura\" \/>\n\t<meta name=\"twitter:data2\" content=\"4 minutos\" \/>\n<script type=\"application\/ld+json\" class=\"yoast-schema-graph\">{\"@context\":\"https:\/\/schema.org\",\"@graph\":[{\"@type\":\"Article\",\"@id\":\"https:\/\/www.fraczinet.cl\/sitio\/2011\/03\/06\/eduardo-galeano-plasma-con-certeza-y-osadia-la-sociedad-contemporanea\/#article\",\"isPartOf\":{\"@id\":\"https:\/\/www.fraczinet.cl\/sitio\/2011\/03\/06\/eduardo-galeano-plasma-con-certeza-y-osadia-la-sociedad-contemporanea\/\"},\"author\":{\"name\":\"admin\",\"@id\":\"https:\/\/www.fraczinet.cl\/sitio\/#\/schema\/person\/bc30f98e9cb10ae7e119dbe14bc93784\"},\"headline\":\"Eduardo Galeano Plasma Con Certeza Y Osad\u00eda La Sociedad Contempor\u00e1nea\",\"datePublished\":\"2011-03-06T01:34:00+00:00\",\"mainEntityOfPage\":{\"@id\":\"https:\/\/www.fraczinet.cl\/sitio\/2011\/03\/06\/eduardo-galeano-plasma-con-certeza-y-osadia-la-sociedad-contemporanea\/\"},\"wordCount\":735,\"commentCount\":0,\"publisher\":{\"@id\":\"https:\/\/www.fraczinet.cl\/sitio\/#\/schema\/person\/aec8ee4da68df2b9b0eefdad24a0d582\"},\"articleSection\":[\"Eduardo Galeano\"],\"inLanguage\":\"es\",\"potentialAction\":[{\"@type\":\"CommentAction\",\"name\":\"Comment\",\"target\":[\"https:\/\/www.fraczinet.cl\/sitio\/2011\/03\/06\/eduardo-galeano-plasma-con-certeza-y-osadia-la-sociedad-contemporanea\/#respond\"]}]},{\"@type\":\"WebPage\",\"@id\":\"https:\/\/www.fraczinet.cl\/sitio\/2011\/03\/06\/eduardo-galeano-plasma-con-certeza-y-osadia-la-sociedad-contemporanea\/\",\"url\":\"https:\/\/www.fraczinet.cl\/sitio\/2011\/03\/06\/eduardo-galeano-plasma-con-certeza-y-osadia-la-sociedad-contemporanea\/\",\"name\":\"Eduardo Galeano Plasma Con Certeza Y Osad\u00eda La Sociedad Contempor\u00e1nea - Nuestro Bio B\u00edo\",\"isPartOf\":{\"@id\":\"https:\/\/www.fraczinet.cl\/sitio\/#website\"},\"datePublished\":\"2011-03-06T01:34:00+00:00\",\"breadcrumb\":{\"@id\":\"https:\/\/www.fraczinet.cl\/sitio\/2011\/03\/06\/eduardo-galeano-plasma-con-certeza-y-osadia-la-sociedad-contemporanea\/#breadcrumb\"},\"inLanguage\":\"es\",\"potentialAction\":[{\"@type\":\"ReadAction\",\"target\":[\"https:\/\/www.fraczinet.cl\/sitio\/2011\/03\/06\/eduardo-galeano-plasma-con-certeza-y-osadia-la-sociedad-contemporanea\/\"]}]},{\"@type\":\"BreadcrumbList\",\"@id\":\"https:\/\/www.fraczinet.cl\/sitio\/2011\/03\/06\/eduardo-galeano-plasma-con-certeza-y-osadia-la-sociedad-contemporanea\/#breadcrumb\",\"itemListElement\":[{\"@type\":\"ListItem\",\"position\":1,\"name\":\"Portada\",\"item\":\"https:\/\/www.fraczinet.cl\/sitio\/\"},{\"@type\":\"ListItem\",\"position\":2,\"name\":\"Eduardo Galeano Plasma Con Certeza Y Osad\u00eda La Sociedad Contempor\u00e1nea\"}]},{\"@type\":\"WebSite\",\"@id\":\"https:\/\/www.fraczinet.cl\/sitio\/#website\",\"url\":\"https:\/\/www.fraczinet.cl\/sitio\/\",\"name\":\"Nuestro Bio B\u00edo\",\"description\":\"Tierra de Encuentros\",\"publisher\":{\"@id\":\"https:\/\/www.fraczinet.cl\/sitio\/#\/schema\/person\/aec8ee4da68df2b9b0eefdad24a0d582\"},\"potentialAction\":[{\"@type\":\"SearchAction\",\"target\":{\"@type\":\"EntryPoint\",\"urlTemplate\":\"https:\/\/www.fraczinet.cl\/sitio\/?s={search_term_string}\"},\"query-input\":{\"@type\":\"PropertyValueSpecification\",\"valueRequired\":true,\"valueName\":\"search_term_string\"}}],\"inLanguage\":\"es\"},{\"@type\":[\"Person\",\"Organization\"],\"@id\":\"https:\/\/www.fraczinet.cl\/sitio\/#\/schema\/person\/aec8ee4da68df2b9b0eefdad24a0d582\",\"name\":\"Luis Fernando Fraczinet\",\"image\":{\"@type\":\"ImageObject\",\"inLanguage\":\"es\",\"@id\":\"https:\/\/www.fraczinet.cl\/sitio\/#\/schema\/person\/image\/\",\"url\":\"https:\/\/www.fraczinet.cl\/sitio\/wp-content\/uploads\/2021\/07\/bannerlogo-1.gif\",\"contentUrl\":\"https:\/\/www.fraczinet.cl\/sitio\/wp-content\/uploads\/2021\/07\/bannerlogo-1.gif\",\"width\":159,\"height\":79,\"caption\":\"Luis Fernando Fraczinet\"},\"logo\":{\"@id\":\"https:\/\/www.fraczinet.cl\/sitio\/#\/schema\/person\/image\/\"},\"sameAs\":[\"https:\/\/www.fraczinet.cl\/sitio\/\"]},{\"@type\":\"Person\",\"@id\":\"https:\/\/www.fraczinet.cl\/sitio\/#\/schema\/person\/bc30f98e9cb10ae7e119dbe14bc93784\",\"name\":\"admin\",\"image\":{\"@type\":\"ImageObject\",\"inLanguage\":\"es\",\"@id\":\"https:\/\/www.fraczinet.cl\/sitio\/#\/schema\/person\/image\/\",\"url\":\"https:\/\/secure.gravatar.com\/avatar\/d5ad3cf7ef3b23a2bb5be73be780c86b2fc8545c3ad6b149f3913ff458c00099?s=96&d=mm&r=g\",\"contentUrl\":\"https:\/\/secure.gravatar.com\/avatar\/d5ad3cf7ef3b23a2bb5be73be780c86b2fc8545c3ad6b149f3913ff458c00099?s=96&d=mm&r=g\",\"caption\":\"admin\"},\"sameAs\":[\"https:\/\/www.fraczinet.cl\/sitio\"]}]}<\/script>\n<!-- \/ Yoast SEO plugin. -->","yoast_head_json":{"title":"Eduardo Galeano Plasma Con Certeza Y Osad\u00eda La Sociedad Contempor\u00e1nea - Nuestro Bio B\u00edo","robots":{"index":"index","follow":"follow","max-snippet":"max-snippet:-1","max-image-preview":"max-image-preview:large","max-video-preview":"max-video-preview:-1"},"canonical":"https:\/\/www.fraczinet.cl\/sitio\/2011\/03\/06\/eduardo-galeano-plasma-con-certeza-y-osadia-la-sociedad-contemporanea\/","og_locale":"es_ES","og_type":"article","og_title":"Eduardo Galeano Plasma Con Certeza Y Osad\u00eda La Sociedad Contempor\u00e1nea - Nuestro Bio B\u00edo","og_description":"Un tres de septiembre de 1940 en la capital uruguaya de Montevideo nace Eduardo Galeano, escritor que ha transitado por los caminos del periodismo, del ensayo, de la narrativa; pero ante todo un cronista que ha plasmado con certeza y osad\u00eda la sociedad contempor\u00e1nea. Galeano, que es considerado como uno de los m\u00e1s destacados escritores [&hellip;]","og_url":"https:\/\/www.fraczinet.cl\/sitio\/2011\/03\/06\/eduardo-galeano-plasma-con-certeza-y-osadia-la-sociedad-contemporanea\/","og_site_name":"Nuestro Bio B\u00edo","article_published_time":"2011-03-06T01:34:00+00:00","og_image":[{"width":159,"height":79,"url":"https:\/\/www.fraczinet.cl\/sitio\/wp-content\/uploads\/2021\/07\/bannerlogo-1.gif","type":"image\/gif"}],"author":"admin","twitter_card":"summary_large_image","twitter_creator":"@nuestrobiobio","twitter_site":"@nuestrobiobio","twitter_misc":{"Escrito por":"admin","Tiempo de lectura":"4 minutos"},"schema":{"@context":"https:\/\/schema.org","@graph":[{"@type":"Article","@id":"https:\/\/www.fraczinet.cl\/sitio\/2011\/03\/06\/eduardo-galeano-plasma-con-certeza-y-osadia-la-sociedad-contemporanea\/#article","isPartOf":{"@id":"https:\/\/www.fraczinet.cl\/sitio\/2011\/03\/06\/eduardo-galeano-plasma-con-certeza-y-osadia-la-sociedad-contemporanea\/"},"author":{"name":"admin","@id":"https:\/\/www.fraczinet.cl\/sitio\/#\/schema\/person\/bc30f98e9cb10ae7e119dbe14bc93784"},"headline":"Eduardo Galeano Plasma Con Certeza Y Osad\u00eda La Sociedad Contempor\u00e1nea","datePublished":"2011-03-06T01:34:00+00:00","mainEntityOfPage":{"@id":"https:\/\/www.fraczinet.cl\/sitio\/2011\/03\/06\/eduardo-galeano-plasma-con-certeza-y-osadia-la-sociedad-contemporanea\/"},"wordCount":735,"commentCount":0,"publisher":{"@id":"https:\/\/www.fraczinet.cl\/sitio\/#\/schema\/person\/aec8ee4da68df2b9b0eefdad24a0d582"},"articleSection":["Eduardo Galeano"],"inLanguage":"es","potentialAction":[{"@type":"CommentAction","name":"Comment","target":["https:\/\/www.fraczinet.cl\/sitio\/2011\/03\/06\/eduardo-galeano-plasma-con-certeza-y-osadia-la-sociedad-contemporanea\/#respond"]}]},{"@type":"WebPage","@id":"https:\/\/www.fraczinet.cl\/sitio\/2011\/03\/06\/eduardo-galeano-plasma-con-certeza-y-osadia-la-sociedad-contemporanea\/","url":"https:\/\/www.fraczinet.cl\/sitio\/2011\/03\/06\/eduardo-galeano-plasma-con-certeza-y-osadia-la-sociedad-contemporanea\/","name":"Eduardo Galeano Plasma Con Certeza Y Osad\u00eda La Sociedad Contempor\u00e1nea - Nuestro Bio B\u00edo","isPartOf":{"@id":"https:\/\/www.fraczinet.cl\/sitio\/#website"},"datePublished":"2011-03-06T01:34:00+00:00","breadcrumb":{"@id":"https:\/\/www.fraczinet.cl\/sitio\/2011\/03\/06\/eduardo-galeano-plasma-con-certeza-y-osadia-la-sociedad-contemporanea\/#breadcrumb"},"inLanguage":"es","potentialAction":[{"@type":"ReadAction","target":["https:\/\/www.fraczinet.cl\/sitio\/2011\/03\/06\/eduardo-galeano-plasma-con-certeza-y-osadia-la-sociedad-contemporanea\/"]}]},{"@type":"BreadcrumbList","@id":"https:\/\/www.fraczinet.cl\/sitio\/2011\/03\/06\/eduardo-galeano-plasma-con-certeza-y-osadia-la-sociedad-contemporanea\/#breadcrumb","itemListElement":[{"@type":"ListItem","position":1,"name":"Portada","item":"https:\/\/www.fraczinet.cl\/sitio\/"},{"@type":"ListItem","position":2,"name":"Eduardo Galeano Plasma Con Certeza Y Osad\u00eda La Sociedad Contempor\u00e1nea"}]},{"@type":"WebSite","@id":"https:\/\/www.fraczinet.cl\/sitio\/#website","url":"https:\/\/www.fraczinet.cl\/sitio\/","name":"Nuestro Bio B\u00edo","description":"Tierra de Encuentros","publisher":{"@id":"https:\/\/www.fraczinet.cl\/sitio\/#\/schema\/person\/aec8ee4da68df2b9b0eefdad24a0d582"},"potentialAction":[{"@type":"SearchAction","target":{"@type":"EntryPoint","urlTemplate":"https:\/\/www.fraczinet.cl\/sitio\/?s={search_term_string}"},"query-input":{"@type":"PropertyValueSpecification","valueRequired":true,"valueName":"search_term_string"}}],"inLanguage":"es"},{"@type":["Person","Organization"],"@id":"https:\/\/www.fraczinet.cl\/sitio\/#\/schema\/person\/aec8ee4da68df2b9b0eefdad24a0d582","name":"Luis Fernando Fraczinet","image":{"@type":"ImageObject","inLanguage":"es","@id":"https:\/\/www.fraczinet.cl\/sitio\/#\/schema\/person\/image\/","url":"https:\/\/www.fraczinet.cl\/sitio\/wp-content\/uploads\/2021\/07\/bannerlogo-1.gif","contentUrl":"https:\/\/www.fraczinet.cl\/sitio\/wp-content\/uploads\/2021\/07\/bannerlogo-1.gif","width":159,"height":79,"caption":"Luis Fernando Fraczinet"},"logo":{"@id":"https:\/\/www.fraczinet.cl\/sitio\/#\/schema\/person\/image\/"},"sameAs":["https:\/\/www.fraczinet.cl\/sitio\/"]},{"@type":"Person","@id":"https:\/\/www.fraczinet.cl\/sitio\/#\/schema\/person\/bc30f98e9cb10ae7e119dbe14bc93784","name":"admin","image":{"@type":"ImageObject","inLanguage":"es","@id":"https:\/\/www.fraczinet.cl\/sitio\/#\/schema\/person\/image\/","url":"https:\/\/secure.gravatar.com\/avatar\/d5ad3cf7ef3b23a2bb5be73be780c86b2fc8545c3ad6b149f3913ff458c00099?s=96&d=mm&r=g","contentUrl":"https:\/\/secure.gravatar.com\/avatar\/d5ad3cf7ef3b23a2bb5be73be780c86b2fc8545c3ad6b149f3913ff458c00099?s=96&d=mm&r=g","caption":"admin"},"sameAs":["https:\/\/www.fraczinet.cl\/sitio"]}]}},"_links":{"self":[{"href":"https:\/\/www.fraczinet.cl\/sitio\/wp-json\/wp\/v2\/posts\/8864","targetHints":{"allow":["GET"]}}],"collection":[{"href":"https:\/\/www.fraczinet.cl\/sitio\/wp-json\/wp\/v2\/posts"}],"about":[{"href":"https:\/\/www.fraczinet.cl\/sitio\/wp-json\/wp\/v2\/types\/post"}],"author":[{"embeddable":true,"href":"https:\/\/www.fraczinet.cl\/sitio\/wp-json\/wp\/v2\/users\/1"}],"replies":[{"embeddable":true,"href":"https:\/\/www.fraczinet.cl\/sitio\/wp-json\/wp\/v2\/comments?post=8864"}],"version-history":[{"count":0,"href":"https:\/\/www.fraczinet.cl\/sitio\/wp-json\/wp\/v2\/posts\/8864\/revisions"}],"wp:attachment":[{"href":"https:\/\/www.fraczinet.cl\/sitio\/wp-json\/wp\/v2\/media?parent=8864"}],"wp:term":[{"taxonomy":"category","embeddable":true,"href":"https:\/\/www.fraczinet.cl\/sitio\/wp-json\/wp\/v2\/categories?post=8864"},{"taxonomy":"post_tag","embeddable":true,"href":"https:\/\/www.fraczinet.cl\/sitio\/wp-json\/wp\/v2\/tags?post=8864"}],"curies":[{"name":"wp","href":"https:\/\/api.w.org\/{rel}","templated":true}]}}