{"id":8879,"date":"2011-02-23T23:04:00","date_gmt":"2011-02-23T23:04:00","guid":{"rendered":"https:\/\/www.fraczinet.cl\/sitio\/2011\/02\/23\/que-dios-pille-confesado-a-karadima\/"},"modified":"2011-02-23T23:04:00","modified_gmt":"2011-02-23T23:04:00","slug":"que-dios-pille-confesado-a-karadima","status":"publish","type":"post","link":"https:\/\/www.fraczinet.cl\/sitio\/2011\/02\/23\/que-dios-pille-confesado-a-karadima\/","title":{"rendered":"Que Dios Pille Confesado A Karadima"},"content":{"rendered":"<p><a href=\"http:\/\/radio.uchile.cl\/columnas\/103435\/\">Columna de Opini\u00f3n de Vivian Lav\u00edn<\/a>, Publicado en <a href=\"http:\/\/radio.uchile.cl\/\">Radio Universidad de Chile<\/a><\/p>\n<p>\u201c<span style=\"font-weight:bold;\">Una vida de oraci\u00f3n, retiro y penitencia<\/span>\u201d es lo que el Vaticano a trav\u00e9s de la Congregaci\u00f3n para la Doctrina de la Fe, dictamin\u00f3 como castigo para el sacerdote Fernando Karadima.<\/p>\n<p>Esta breve frase contempla una parte de la resoluci\u00f3n que eman\u00f3 del importante \u00f3rgano eclesial, ya que adem\u00e1s considera la \u201cprohibici\u00f3n perpetua del ejercicio p\u00fablico de cualquier acto del Ministerio\u201d, para quien fuera durante d\u00e9cadas el f\u00e9rreo sacerdote de la influyente Iglesia de El Bosque en Providencia y cabeza pensante y resolutiva de la P\u00eda Uni\u00f3n Sacerdotal, una suerte de c\u00edrculo de hierro integrada por j\u00f3venes sacerdotes de buenas familias, todos nacidos a la vida sacerdotal bajo la sotana de Karadima. Despu\u00e9s de la inapelable resoluci\u00f3n del \u00f3rgano custodio de la moral cat\u00f3lica, los sacerdotes que hasta hace unos d\u00edas a\u00fan cre\u00edan a pies juntillas en la inocencia de su gu\u00eda espiritual, han quedado en una dif\u00edcil situaci\u00f3n, cuando sus propias carreras sacerdotales que fueron trazadas palmo a palmo con la pluma de Karadima y cuando la influencia que sobre ellos ten\u00eda el malogrado sacerdote era como una cuerda corta y tensa, pone en duda sus criterios y claridad para analizar la realidad, cuando frente a sus ojos, durante a\u00f1os, el sacerdote abus\u00f3 de sus propios amigos. Pero no s\u00f3lo eso, adem\u00e1s el Vaticano los deja en una d\u00e9bil situaci\u00f3n como para seguir influyendo, como lo han hecho durante d\u00e9cadas, cuando la P\u00eda Uni\u00f3n Sacerdotal que integran, tiene el escaso car\u00e1cter espiritual de una inmobiliaria, due\u00f1a de los terrenos donde se emplaza la Parroquia, en pleno coraz\u00f3n de la comuna de Providencia, propiedad avalada en m\u00e1s de 10 millones de d\u00f3lares, pero adem\u00e1s de muchos otros inmbuebles de importante cuant\u00eda.<\/p>\n<p>La sentencia que pesa hoy sobre el sacerdote Fernando Karadima es un dur\u00edsimo golpe para la Iglesia Cat\u00f3lica chilena, que no supo acoger las graves denuncias que se hicieron sobre el p\u00e1rroco, en una actitud que ya m\u00e1s parec\u00eda fruto de una pol\u00edtica interna, debido a los continuos y repetitivos silencios frente a \u00e9stas y tantas otras acusaciones y que tiene dolida e irritada a su grey. Sin embargo, la resoluci\u00f3n con que el nuevo Arzobispo de Santiago y Presidente de la Conferencia Episcopal Ricardo Ezzati tom\u00f3 el asunto desde el comienzo, es una tan poderosa como clara se\u00f1al de que las cosas en estas lides van a cambiar. Ya no m\u00e1s \u201cnunca cre\u00ed que..\u201d o \u201cnunca pens\u00e9 que\u2026\u201d frente a quejas tan delicadas.<\/p>\n<p>Pero el duro castigo espiritual en contra del sacerdote Karadima viene a ser adem\u00e1s, una vergonzosa lecci\u00f3n para quienes en el mundo temporal tuvieron el caso en sus manos. Una vez m\u00e1s y de la misma manera como cuando el juez Garz\u00f3n fue capaz de capturar y someter a un escurridizo e intocable Pinochet bajo los preceptos de la justicia universal, la sensatez europea, esta vez, casi justicia divina, se impone a la chilena y le viene a decir al juez Leonardo Valdivieso, que el sobreseimiento de la causa que decretara en diciembre \u00faltimo mancha su carrera y enloda a todo el Poder Judicial. Poder que tiene a\u00fan una \u00faltima oportunidad para redimirse si es que acepta la justicia civil reabrir el caso, como lo ha solicitado la fiscal Mar\u00eda Loreto Guti\u00e9rrez, quien rechaza lo obrado por Valdivieso y acusa una falta de rigor cuando la investigaci\u00f3n a\u00fan no se terminado.  De no ser as\u00ed, veremos c\u00f3mo la justicia chilena prefiere parecerse al oriental mono que con sus manos tapa sus ojos, sus o\u00eddos y su boca que a la impasible y esbelta Iustitia, quien con sus ojos vendados y balanza en mano, no teme poner su pie sobre el feroz le\u00f3n, que simboliza al poder.<\/p>\n<p>Si bien, el todav\u00eda sacerdote Fernando Karadima no pasar\u00e1 nunca un d\u00eda en la c\u00e1rcel, deber\u00e1 someterse a la prisi\u00f3n de su conciencia que lo acosar\u00e1 con la misma lengua filosa y penetrante con la que durante tantos a\u00f1os se introdujo en el alma y la mente de tanto parroquiano incauto, mientras desde el p\u00falpito los hac\u00eda adorar al falso dios de la dictadura.<\/p>\n<p>Nunca m\u00e1s su verba viscosa y condescendiente con los violadores de los Derechos Humanos podr\u00e1 rozar ni infectar a j\u00f3venes chilenos.<\/p>\n<p>Que Dios lo pille confesado, que tendr\u00e1 tiempo suficiente para eso.<\/p>\n","protected":false},"excerpt":{"rendered":"<p>Columna de Opini\u00f3n de Vivian Lav\u00edn, Publicado en Radio Universidad de Chile \u201cUna vida de oraci\u00f3n, retiro y penitencia\u201d es lo que el Vaticano a trav\u00e9s de la Congregaci\u00f3n para la Doctrina de la Fe, dictamin\u00f3 como castigo para el sacerdote Fernando Karadima. Esta breve frase contempla una parte de la resoluci\u00f3n que eman\u00f3 del [&hellip;]<\/p>\n","protected":false},"author":1,"featured_media":0,"comment_status":"open","ping_status":"open","sticky":false,"template":"","format":"standard","meta":{"footnotes":""},"categories":[112],"tags":[],"class_list":["post-8879","post","type-post","status-publish","format-standard","hentry","category-opinion"],"yoast_head":"<!-- This site is optimized with the Yoast SEO plugin v25.0 - https:\/\/yoast.com\/wordpress\/plugins\/seo\/ -->\n<title>Que Dios Pille Confesado A Karadima - Nuestro Bio B\u00edo<\/title>\n<meta name=\"robots\" content=\"index, follow, max-snippet:-1, max-image-preview:large, max-video-preview:-1\" \/>\n<link rel=\"canonical\" href=\"https:\/\/www.fraczinet.cl\/sitio\/2011\/02\/23\/que-dios-pille-confesado-a-karadima\/\" \/>\n<meta property=\"og:locale\" content=\"es_ES\" \/>\n<meta property=\"og:type\" content=\"article\" \/>\n<meta property=\"og:title\" content=\"Que Dios Pille Confesado A Karadima - Nuestro Bio B\u00edo\" \/>\n<meta property=\"og:description\" content=\"Columna de Opini\u00f3n de Vivian Lav\u00edn, Publicado en Radio Universidad de Chile \u201cUna vida de oraci\u00f3n, retiro y penitencia\u201d es lo que el Vaticano a trav\u00e9s de la Congregaci\u00f3n para la Doctrina de la Fe, dictamin\u00f3 como castigo para el sacerdote Fernando Karadima. Esta breve frase contempla una parte de la resoluci\u00f3n que eman\u00f3 del [&hellip;]\" \/>\n<meta property=\"og:url\" content=\"https:\/\/www.fraczinet.cl\/sitio\/2011\/02\/23\/que-dios-pille-confesado-a-karadima\/\" \/>\n<meta property=\"og:site_name\" content=\"Nuestro Bio B\u00edo\" \/>\n<meta property=\"article:published_time\" content=\"2011-02-23T23:04:00+00:00\" \/>\n<meta property=\"og:image\" content=\"https:\/\/www.fraczinet.cl\/sitio\/wp-content\/uploads\/2021\/07\/bannerlogo-1.gif\" \/>\n\t<meta property=\"og:image:width\" content=\"159\" \/>\n\t<meta property=\"og:image:height\" content=\"79\" \/>\n\t<meta property=\"og:image:type\" content=\"image\/gif\" \/>\n<meta name=\"author\" content=\"admin\" \/>\n<meta name=\"twitter:card\" content=\"summary_large_image\" \/>\n<meta name=\"twitter:creator\" content=\"@nuestrobiobio\" \/>\n<meta name=\"twitter:site\" content=\"@nuestrobiobio\" \/>\n<meta name=\"twitter:label1\" content=\"Escrito por\" \/>\n\t<meta name=\"twitter:data1\" content=\"admin\" \/>\n\t<meta name=\"twitter:label2\" content=\"Tiempo de lectura\" \/>\n\t<meta name=\"twitter:data2\" content=\"4 minutos\" \/>\n<script type=\"application\/ld+json\" class=\"yoast-schema-graph\">{\"@context\":\"https:\/\/schema.org\",\"@graph\":[{\"@type\":\"Article\",\"@id\":\"https:\/\/www.fraczinet.cl\/sitio\/2011\/02\/23\/que-dios-pille-confesado-a-karadima\/#article\",\"isPartOf\":{\"@id\":\"https:\/\/www.fraczinet.cl\/sitio\/2011\/02\/23\/que-dios-pille-confesado-a-karadima\/\"},\"author\":{\"name\":\"admin\",\"@id\":\"https:\/\/www.fraczinet.cl\/sitio\/#\/schema\/person\/bc30f98e9cb10ae7e119dbe14bc93784\"},\"headline\":\"Que Dios Pille Confesado A Karadima\",\"datePublished\":\"2011-02-23T23:04:00+00:00\",\"mainEntityOfPage\":{\"@id\":\"https:\/\/www.fraczinet.cl\/sitio\/2011\/02\/23\/que-dios-pille-confesado-a-karadima\/\"},\"wordCount\":794,\"commentCount\":0,\"publisher\":{\"@id\":\"https:\/\/www.fraczinet.cl\/sitio\/#\/schema\/person\/aec8ee4da68df2b9b0eefdad24a0d582\"},\"articleSection\":[\"Opini\u00f3n\"],\"inLanguage\":\"es\",\"potentialAction\":[{\"@type\":\"CommentAction\",\"name\":\"Comment\",\"target\":[\"https:\/\/www.fraczinet.cl\/sitio\/2011\/02\/23\/que-dios-pille-confesado-a-karadima\/#respond\"]}]},{\"@type\":\"WebPage\",\"@id\":\"https:\/\/www.fraczinet.cl\/sitio\/2011\/02\/23\/que-dios-pille-confesado-a-karadima\/\",\"url\":\"https:\/\/www.fraczinet.cl\/sitio\/2011\/02\/23\/que-dios-pille-confesado-a-karadima\/\",\"name\":\"Que Dios Pille Confesado A Karadima - Nuestro Bio B\u00edo\",\"isPartOf\":{\"@id\":\"https:\/\/www.fraczinet.cl\/sitio\/#website\"},\"datePublished\":\"2011-02-23T23:04:00+00:00\",\"breadcrumb\":{\"@id\":\"https:\/\/www.fraczinet.cl\/sitio\/2011\/02\/23\/que-dios-pille-confesado-a-karadima\/#breadcrumb\"},\"inLanguage\":\"es\",\"potentialAction\":[{\"@type\":\"ReadAction\",\"target\":[\"https:\/\/www.fraczinet.cl\/sitio\/2011\/02\/23\/que-dios-pille-confesado-a-karadima\/\"]}]},{\"@type\":\"BreadcrumbList\",\"@id\":\"https:\/\/www.fraczinet.cl\/sitio\/2011\/02\/23\/que-dios-pille-confesado-a-karadima\/#breadcrumb\",\"itemListElement\":[{\"@type\":\"ListItem\",\"position\":1,\"name\":\"Portada\",\"item\":\"https:\/\/www.fraczinet.cl\/sitio\/\"},{\"@type\":\"ListItem\",\"position\":2,\"name\":\"Que Dios Pille Confesado A Karadima\"}]},{\"@type\":\"WebSite\",\"@id\":\"https:\/\/www.fraczinet.cl\/sitio\/#website\",\"url\":\"https:\/\/www.fraczinet.cl\/sitio\/\",\"name\":\"Nuestro Bio B\u00edo\",\"description\":\"Tierra de Encuentros\",\"publisher\":{\"@id\":\"https:\/\/www.fraczinet.cl\/sitio\/#\/schema\/person\/aec8ee4da68df2b9b0eefdad24a0d582\"},\"potentialAction\":[{\"@type\":\"SearchAction\",\"target\":{\"@type\":\"EntryPoint\",\"urlTemplate\":\"https:\/\/www.fraczinet.cl\/sitio\/?s={search_term_string}\"},\"query-input\":{\"@type\":\"PropertyValueSpecification\",\"valueRequired\":true,\"valueName\":\"search_term_string\"}}],\"inLanguage\":\"es\"},{\"@type\":[\"Person\",\"Organization\"],\"@id\":\"https:\/\/www.fraczinet.cl\/sitio\/#\/schema\/person\/aec8ee4da68df2b9b0eefdad24a0d582\",\"name\":\"Luis Fernando Fraczinet\",\"image\":{\"@type\":\"ImageObject\",\"inLanguage\":\"es\",\"@id\":\"https:\/\/www.fraczinet.cl\/sitio\/#\/schema\/person\/image\/\",\"url\":\"https:\/\/www.fraczinet.cl\/sitio\/wp-content\/uploads\/2021\/07\/bannerlogo-1.gif\",\"contentUrl\":\"https:\/\/www.fraczinet.cl\/sitio\/wp-content\/uploads\/2021\/07\/bannerlogo-1.gif\",\"width\":159,\"height\":79,\"caption\":\"Luis Fernando Fraczinet\"},\"logo\":{\"@id\":\"https:\/\/www.fraczinet.cl\/sitio\/#\/schema\/person\/image\/\"},\"sameAs\":[\"https:\/\/www.fraczinet.cl\/sitio\/\"]},{\"@type\":\"Person\",\"@id\":\"https:\/\/www.fraczinet.cl\/sitio\/#\/schema\/person\/bc30f98e9cb10ae7e119dbe14bc93784\",\"name\":\"admin\",\"image\":{\"@type\":\"ImageObject\",\"inLanguage\":\"es\",\"@id\":\"https:\/\/www.fraczinet.cl\/sitio\/#\/schema\/person\/image\/\",\"url\":\"https:\/\/secure.gravatar.com\/avatar\/d5ad3cf7ef3b23a2bb5be73be780c86b2fc8545c3ad6b149f3913ff458c00099?s=96&d=mm&r=g\",\"contentUrl\":\"https:\/\/secure.gravatar.com\/avatar\/d5ad3cf7ef3b23a2bb5be73be780c86b2fc8545c3ad6b149f3913ff458c00099?s=96&d=mm&r=g\",\"caption\":\"admin\"},\"sameAs\":[\"https:\/\/www.fraczinet.cl\/sitio\"]}]}<\/script>\n<!-- \/ Yoast SEO plugin. -->","yoast_head_json":{"title":"Que Dios Pille Confesado A Karadima - Nuestro Bio B\u00edo","robots":{"index":"index","follow":"follow","max-snippet":"max-snippet:-1","max-image-preview":"max-image-preview:large","max-video-preview":"max-video-preview:-1"},"canonical":"https:\/\/www.fraczinet.cl\/sitio\/2011\/02\/23\/que-dios-pille-confesado-a-karadima\/","og_locale":"es_ES","og_type":"article","og_title":"Que Dios Pille Confesado A Karadima - Nuestro Bio B\u00edo","og_description":"Columna de Opini\u00f3n de Vivian Lav\u00edn, Publicado en Radio Universidad de Chile \u201cUna vida de oraci\u00f3n, retiro y penitencia\u201d es lo que el Vaticano a trav\u00e9s de la Congregaci\u00f3n para la Doctrina de la Fe, dictamin\u00f3 como castigo para el sacerdote Fernando Karadima. Esta breve frase contempla una parte de la resoluci\u00f3n que eman\u00f3 del [&hellip;]","og_url":"https:\/\/www.fraczinet.cl\/sitio\/2011\/02\/23\/que-dios-pille-confesado-a-karadima\/","og_site_name":"Nuestro Bio B\u00edo","article_published_time":"2011-02-23T23:04:00+00:00","og_image":[{"width":159,"height":79,"url":"https:\/\/www.fraczinet.cl\/sitio\/wp-content\/uploads\/2021\/07\/bannerlogo-1.gif","type":"image\/gif"}],"author":"admin","twitter_card":"summary_large_image","twitter_creator":"@nuestrobiobio","twitter_site":"@nuestrobiobio","twitter_misc":{"Escrito por":"admin","Tiempo de lectura":"4 minutos"},"schema":{"@context":"https:\/\/schema.org","@graph":[{"@type":"Article","@id":"https:\/\/www.fraczinet.cl\/sitio\/2011\/02\/23\/que-dios-pille-confesado-a-karadima\/#article","isPartOf":{"@id":"https:\/\/www.fraczinet.cl\/sitio\/2011\/02\/23\/que-dios-pille-confesado-a-karadima\/"},"author":{"name":"admin","@id":"https:\/\/www.fraczinet.cl\/sitio\/#\/schema\/person\/bc30f98e9cb10ae7e119dbe14bc93784"},"headline":"Que Dios Pille Confesado A Karadima","datePublished":"2011-02-23T23:04:00+00:00","mainEntityOfPage":{"@id":"https:\/\/www.fraczinet.cl\/sitio\/2011\/02\/23\/que-dios-pille-confesado-a-karadima\/"},"wordCount":794,"commentCount":0,"publisher":{"@id":"https:\/\/www.fraczinet.cl\/sitio\/#\/schema\/person\/aec8ee4da68df2b9b0eefdad24a0d582"},"articleSection":["Opini\u00f3n"],"inLanguage":"es","potentialAction":[{"@type":"CommentAction","name":"Comment","target":["https:\/\/www.fraczinet.cl\/sitio\/2011\/02\/23\/que-dios-pille-confesado-a-karadima\/#respond"]}]},{"@type":"WebPage","@id":"https:\/\/www.fraczinet.cl\/sitio\/2011\/02\/23\/que-dios-pille-confesado-a-karadima\/","url":"https:\/\/www.fraczinet.cl\/sitio\/2011\/02\/23\/que-dios-pille-confesado-a-karadima\/","name":"Que Dios Pille Confesado A Karadima - Nuestro Bio B\u00edo","isPartOf":{"@id":"https:\/\/www.fraczinet.cl\/sitio\/#website"},"datePublished":"2011-02-23T23:04:00+00:00","breadcrumb":{"@id":"https:\/\/www.fraczinet.cl\/sitio\/2011\/02\/23\/que-dios-pille-confesado-a-karadima\/#breadcrumb"},"inLanguage":"es","potentialAction":[{"@type":"ReadAction","target":["https:\/\/www.fraczinet.cl\/sitio\/2011\/02\/23\/que-dios-pille-confesado-a-karadima\/"]}]},{"@type":"BreadcrumbList","@id":"https:\/\/www.fraczinet.cl\/sitio\/2011\/02\/23\/que-dios-pille-confesado-a-karadima\/#breadcrumb","itemListElement":[{"@type":"ListItem","position":1,"name":"Portada","item":"https:\/\/www.fraczinet.cl\/sitio\/"},{"@type":"ListItem","position":2,"name":"Que Dios Pille Confesado A Karadima"}]},{"@type":"WebSite","@id":"https:\/\/www.fraczinet.cl\/sitio\/#website","url":"https:\/\/www.fraczinet.cl\/sitio\/","name":"Nuestro Bio B\u00edo","description":"Tierra de Encuentros","publisher":{"@id":"https:\/\/www.fraczinet.cl\/sitio\/#\/schema\/person\/aec8ee4da68df2b9b0eefdad24a0d582"},"potentialAction":[{"@type":"SearchAction","target":{"@type":"EntryPoint","urlTemplate":"https:\/\/www.fraczinet.cl\/sitio\/?s={search_term_string}"},"query-input":{"@type":"PropertyValueSpecification","valueRequired":true,"valueName":"search_term_string"}}],"inLanguage":"es"},{"@type":["Person","Organization"],"@id":"https:\/\/www.fraczinet.cl\/sitio\/#\/schema\/person\/aec8ee4da68df2b9b0eefdad24a0d582","name":"Luis Fernando Fraczinet","image":{"@type":"ImageObject","inLanguage":"es","@id":"https:\/\/www.fraczinet.cl\/sitio\/#\/schema\/person\/image\/","url":"https:\/\/www.fraczinet.cl\/sitio\/wp-content\/uploads\/2021\/07\/bannerlogo-1.gif","contentUrl":"https:\/\/www.fraczinet.cl\/sitio\/wp-content\/uploads\/2021\/07\/bannerlogo-1.gif","width":159,"height":79,"caption":"Luis Fernando Fraczinet"},"logo":{"@id":"https:\/\/www.fraczinet.cl\/sitio\/#\/schema\/person\/image\/"},"sameAs":["https:\/\/www.fraczinet.cl\/sitio\/"]},{"@type":"Person","@id":"https:\/\/www.fraczinet.cl\/sitio\/#\/schema\/person\/bc30f98e9cb10ae7e119dbe14bc93784","name":"admin","image":{"@type":"ImageObject","inLanguage":"es","@id":"https:\/\/www.fraczinet.cl\/sitio\/#\/schema\/person\/image\/","url":"https:\/\/secure.gravatar.com\/avatar\/d5ad3cf7ef3b23a2bb5be73be780c86b2fc8545c3ad6b149f3913ff458c00099?s=96&d=mm&r=g","contentUrl":"https:\/\/secure.gravatar.com\/avatar\/d5ad3cf7ef3b23a2bb5be73be780c86b2fc8545c3ad6b149f3913ff458c00099?s=96&d=mm&r=g","caption":"admin"},"sameAs":["https:\/\/www.fraczinet.cl\/sitio"]}]}},"_links":{"self":[{"href":"https:\/\/www.fraczinet.cl\/sitio\/wp-json\/wp\/v2\/posts\/8879","targetHints":{"allow":["GET"]}}],"collection":[{"href":"https:\/\/www.fraczinet.cl\/sitio\/wp-json\/wp\/v2\/posts"}],"about":[{"href":"https:\/\/www.fraczinet.cl\/sitio\/wp-json\/wp\/v2\/types\/post"}],"author":[{"embeddable":true,"href":"https:\/\/www.fraczinet.cl\/sitio\/wp-json\/wp\/v2\/users\/1"}],"replies":[{"embeddable":true,"href":"https:\/\/www.fraczinet.cl\/sitio\/wp-json\/wp\/v2\/comments?post=8879"}],"version-history":[{"count":0,"href":"https:\/\/www.fraczinet.cl\/sitio\/wp-json\/wp\/v2\/posts\/8879\/revisions"}],"wp:attachment":[{"href":"https:\/\/www.fraczinet.cl\/sitio\/wp-json\/wp\/v2\/media?parent=8879"}],"wp:term":[{"taxonomy":"category","embeddable":true,"href":"https:\/\/www.fraczinet.cl\/sitio\/wp-json\/wp\/v2\/categories?post=8879"},{"taxonomy":"post_tag","embeddable":true,"href":"https:\/\/www.fraczinet.cl\/sitio\/wp-json\/wp\/v2\/tags?post=8879"}],"curies":[{"name":"wp","href":"https:\/\/api.w.org\/{rel}","templated":true}]}}