{"id":8882,"date":"2011-02-22T21:59:00","date_gmt":"2011-02-22T21:59:00","guid":{"rendered":"https:\/\/www.fraczinet.cl\/sitio\/2011\/02\/22\/francisco-varela-neurobiologo-en-la-belleza-del-pensar-2001\/"},"modified":"2011-02-22T21:59:00","modified_gmt":"2011-02-22T21:59:00","slug":"francisco-varela-neurobiologo-en-la-belleza-del-pensar-2001","status":"publish","type":"post","link":"https:\/\/www.fraczinet.cl\/sitio\/2011\/02\/22\/francisco-varela-neurobiologo-en-la-belleza-del-pensar-2001\/","title":{"rendered":"Francisco Varela (Neurobiologo) En La Belleza Del Pensar 2001"},"content":{"rendered":"<p><iframe title=\"YouTube video player\" width=\"400\" height=\"300\" src=\"http:\/\/www.youtube.com\/embed\/3-VydyPdhhg\" frameborder=\"0\" allowfullscreen><\/iframe><\/p>\n<p>Francisco Varela (Santiago de Chile, 7 de septiembre, 1946 &#8211; Par\u00eds, 28 de mayo, 2001). Bi\u00f3logo y fil\u00f3sofo chileno, investigador en el \u00e1mbito de las neurociencias y ciencias cognitivas.<\/p>\n<p>Su inter\u00e9s fundamental fue estudiar las bases biol\u00f3gicas del conocimiento, lo que lo llev\u00f3 a investigar los fen\u00f3menos cognitivos y a interesarse principalmente por el fen\u00f3meno de la conciencia, un \u00e1mbito vetado por los neurocient\u00edficos hasta el d\u00eda de hoy.<\/p>\n<p>Dentro de su inter\u00e9s por el fen\u00f3meno de la conciencia, Varela comienza el estudio de los mecanismos neuronales asociados a los fen\u00f3menos conscientes, en que investiga la sincron\u00eda de la actividad neuronal y su relaci\u00f3n con la percepci\u00f3n y los estados de conciencia.<\/p>\n<p>Por \u00faltimo, Varela se interesa en desarrollar una metodolog\u00eda para la investigaci\u00f3n de estos fen\u00f3menos, que denomina neurofenomenolog\u00eda, en que intenta conciliar la mirada cient\u00edfica con la experiencia vital. Sobre esta forma de enfocar el estudio de la conciencia, se pueden encontrar influencias en la fenomenolog\u00eda de Maurice Merleau-Ponty, disc\u00edpulo de Edmund Husserl.<\/p>\n<p>Sin embargo, m\u00e1s importante es al respecto el acercamiento que realiza Varela a disciplinas de conocimiento oriental, como el budismo, la practic\u00f3 en el transcurso de su vida, y con la que intent\u00f3 generar un di\u00e1logo cient\u00edfico.<\/p>\n<p>A su muerte, era Director de Investigaci\u00f3n del CNRS (Centro Nacional de Investigaciones Cient\u00edficas) en el Laboratorio de Neurociencias Cognitivas e Im\u00e1genes Cerebrales (abreviado LENA en franc\u00e9s).<\/p>\n<p>Interesante video por la proximidad de Varela al Humanismo&#8230;<\/p>\n<p>Video de usuario: <a href=\"http:\/\/www.youtube.com\/user\/humanista\">humanista<\/a><\/p>\n","protected":false},"excerpt":{"rendered":"<p>Francisco Varela (Santiago de Chile, 7 de septiembre, 1946 &#8211; Par\u00eds, 28 de mayo, 2001). Bi\u00f3logo y fil\u00f3sofo chileno, investigador en el \u00e1mbito de las neurociencias y ciencias cognitivas. Su inter\u00e9s fundamental fue estudiar las bases biol\u00f3gicas del conocimiento, lo que lo llev\u00f3 a investigar los fen\u00f3menos cognitivos y a interesarse principalmente por el fen\u00f3meno [&hellip;]<\/p>\n","protected":false},"author":1,"featured_media":0,"comment_status":"open","ping_status":"open","sticky":false,"template":"","format":"standard","meta":{"footnotes":""},"categories":[112,41],"tags":[],"class_list":["post-8882","post","type-post","status-publish","format-standard","hentry","category-opinion","category-videos"],"yoast_head":"<!-- This site is optimized with the Yoast SEO plugin v25.0 - https:\/\/yoast.com\/wordpress\/plugins\/seo\/ -->\n<title>Francisco Varela (Neurobiologo) En La Belleza Del Pensar 2001 - Nuestro Bio B\u00edo<\/title>\n<meta name=\"robots\" content=\"index, follow, max-snippet:-1, max-image-preview:large, max-video-preview:-1\" \/>\n<link rel=\"canonical\" href=\"https:\/\/www.fraczinet.cl\/sitio\/2011\/02\/22\/francisco-varela-neurobiologo-en-la-belleza-del-pensar-2001\/\" \/>\n<meta property=\"og:locale\" content=\"es_ES\" \/>\n<meta property=\"og:type\" content=\"article\" \/>\n<meta property=\"og:title\" content=\"Francisco Varela (Neurobiologo) En La Belleza Del Pensar 2001 - Nuestro Bio B\u00edo\" \/>\n<meta property=\"og:description\" content=\"Francisco Varela (Santiago de Chile, 7 de septiembre, 1946 &#8211; Par\u00eds, 28 de mayo, 2001). Bi\u00f3logo y fil\u00f3sofo chileno, investigador en el \u00e1mbito de las neurociencias y ciencias cognitivas. Su inter\u00e9s fundamental fue estudiar las bases biol\u00f3gicas del conocimiento, lo que lo llev\u00f3 a investigar los fen\u00f3menos cognitivos y a interesarse principalmente por el fen\u00f3meno [&hellip;]\" \/>\n<meta property=\"og:url\" content=\"https:\/\/www.fraczinet.cl\/sitio\/2011\/02\/22\/francisco-varela-neurobiologo-en-la-belleza-del-pensar-2001\/\" \/>\n<meta property=\"og:site_name\" content=\"Nuestro Bio B\u00edo\" \/>\n<meta property=\"article:published_time\" content=\"2011-02-22T21:59:00+00:00\" \/>\n<meta property=\"og:image\" content=\"https:\/\/www.fraczinet.cl\/sitio\/wp-content\/uploads\/2021\/07\/bannerlogo-1.gif\" \/>\n\t<meta property=\"og:image:width\" content=\"159\" \/>\n\t<meta property=\"og:image:height\" content=\"79\" \/>\n\t<meta property=\"og:image:type\" content=\"image\/gif\" \/>\n<meta name=\"author\" content=\"admin\" \/>\n<meta name=\"twitter:card\" content=\"summary_large_image\" \/>\n<meta name=\"twitter:creator\" content=\"@nuestrobiobio\" \/>\n<meta name=\"twitter:site\" content=\"@nuestrobiobio\" \/>\n<meta name=\"twitter:label1\" content=\"Escrito por\" \/>\n\t<meta name=\"twitter:data1\" content=\"admin\" \/>\n\t<meta name=\"twitter:label2\" content=\"Tiempo de lectura\" \/>\n\t<meta name=\"twitter:data2\" content=\"1 minuto\" \/>\n<script type=\"application\/ld+json\" class=\"yoast-schema-graph\">{\"@context\":\"https:\/\/schema.org\",\"@graph\":[{\"@type\":\"Article\",\"@id\":\"https:\/\/www.fraczinet.cl\/sitio\/2011\/02\/22\/francisco-varela-neurobiologo-en-la-belleza-del-pensar-2001\/#article\",\"isPartOf\":{\"@id\":\"https:\/\/www.fraczinet.cl\/sitio\/2011\/02\/22\/francisco-varela-neurobiologo-en-la-belleza-del-pensar-2001\/\"},\"author\":{\"name\":\"admin\",\"@id\":\"https:\/\/www.fraczinet.cl\/sitio\/#\/schema\/person\/bc30f98e9cb10ae7e119dbe14bc93784\"},\"headline\":\"Francisco Varela (Neurobiologo) En La Belleza Del Pensar 2001\",\"datePublished\":\"2011-02-22T21:59:00+00:00\",\"mainEntityOfPage\":{\"@id\":\"https:\/\/www.fraczinet.cl\/sitio\/2011\/02\/22\/francisco-varela-neurobiologo-en-la-belleza-del-pensar-2001\/\"},\"wordCount\":275,\"commentCount\":0,\"publisher\":{\"@id\":\"https:\/\/www.fraczinet.cl\/sitio\/#\/schema\/person\/aec8ee4da68df2b9b0eefdad24a0d582\"},\"articleSection\":[\"Opini\u00f3n\",\"Videos\"],\"inLanguage\":\"es\",\"potentialAction\":[{\"@type\":\"CommentAction\",\"name\":\"Comment\",\"target\":[\"https:\/\/www.fraczinet.cl\/sitio\/2011\/02\/22\/francisco-varela-neurobiologo-en-la-belleza-del-pensar-2001\/#respond\"]}]},{\"@type\":\"WebPage\",\"@id\":\"https:\/\/www.fraczinet.cl\/sitio\/2011\/02\/22\/francisco-varela-neurobiologo-en-la-belleza-del-pensar-2001\/\",\"url\":\"https:\/\/www.fraczinet.cl\/sitio\/2011\/02\/22\/francisco-varela-neurobiologo-en-la-belleza-del-pensar-2001\/\",\"name\":\"Francisco Varela (Neurobiologo) En La Belleza Del Pensar 2001 - Nuestro Bio B\u00edo\",\"isPartOf\":{\"@id\":\"https:\/\/www.fraczinet.cl\/sitio\/#website\"},\"datePublished\":\"2011-02-22T21:59:00+00:00\",\"breadcrumb\":{\"@id\":\"https:\/\/www.fraczinet.cl\/sitio\/2011\/02\/22\/francisco-varela-neurobiologo-en-la-belleza-del-pensar-2001\/#breadcrumb\"},\"inLanguage\":\"es\",\"potentialAction\":[{\"@type\":\"ReadAction\",\"target\":[\"https:\/\/www.fraczinet.cl\/sitio\/2011\/02\/22\/francisco-varela-neurobiologo-en-la-belleza-del-pensar-2001\/\"]}]},{\"@type\":\"BreadcrumbList\",\"@id\":\"https:\/\/www.fraczinet.cl\/sitio\/2011\/02\/22\/francisco-varela-neurobiologo-en-la-belleza-del-pensar-2001\/#breadcrumb\",\"itemListElement\":[{\"@type\":\"ListItem\",\"position\":1,\"name\":\"Portada\",\"item\":\"https:\/\/www.fraczinet.cl\/sitio\/\"},{\"@type\":\"ListItem\",\"position\":2,\"name\":\"Francisco Varela (Neurobiologo) En La Belleza Del Pensar 2001\"}]},{\"@type\":\"WebSite\",\"@id\":\"https:\/\/www.fraczinet.cl\/sitio\/#website\",\"url\":\"https:\/\/www.fraczinet.cl\/sitio\/\",\"name\":\"Nuestro Bio B\u00edo\",\"description\":\"Tierra de Encuentros\",\"publisher\":{\"@id\":\"https:\/\/www.fraczinet.cl\/sitio\/#\/schema\/person\/aec8ee4da68df2b9b0eefdad24a0d582\"},\"potentialAction\":[{\"@type\":\"SearchAction\",\"target\":{\"@type\":\"EntryPoint\",\"urlTemplate\":\"https:\/\/www.fraczinet.cl\/sitio\/?s={search_term_string}\"},\"query-input\":{\"@type\":\"PropertyValueSpecification\",\"valueRequired\":true,\"valueName\":\"search_term_string\"}}],\"inLanguage\":\"es\"},{\"@type\":[\"Person\",\"Organization\"],\"@id\":\"https:\/\/www.fraczinet.cl\/sitio\/#\/schema\/person\/aec8ee4da68df2b9b0eefdad24a0d582\",\"name\":\"Luis Fernando Fraczinet\",\"image\":{\"@type\":\"ImageObject\",\"inLanguage\":\"es\",\"@id\":\"https:\/\/www.fraczinet.cl\/sitio\/#\/schema\/person\/image\/\",\"url\":\"https:\/\/www.fraczinet.cl\/sitio\/wp-content\/uploads\/2021\/07\/bannerlogo-1.gif\",\"contentUrl\":\"https:\/\/www.fraczinet.cl\/sitio\/wp-content\/uploads\/2021\/07\/bannerlogo-1.gif\",\"width\":159,\"height\":79,\"caption\":\"Luis Fernando Fraczinet\"},\"logo\":{\"@id\":\"https:\/\/www.fraczinet.cl\/sitio\/#\/schema\/person\/image\/\"},\"sameAs\":[\"https:\/\/www.fraczinet.cl\/sitio\/\"]},{\"@type\":\"Person\",\"@id\":\"https:\/\/www.fraczinet.cl\/sitio\/#\/schema\/person\/bc30f98e9cb10ae7e119dbe14bc93784\",\"name\":\"admin\",\"image\":{\"@type\":\"ImageObject\",\"inLanguage\":\"es\",\"@id\":\"https:\/\/www.fraczinet.cl\/sitio\/#\/schema\/person\/image\/\",\"url\":\"https:\/\/secure.gravatar.com\/avatar\/d5ad3cf7ef3b23a2bb5be73be780c86b2fc8545c3ad6b149f3913ff458c00099?s=96&d=mm&r=g\",\"contentUrl\":\"https:\/\/secure.gravatar.com\/avatar\/d5ad3cf7ef3b23a2bb5be73be780c86b2fc8545c3ad6b149f3913ff458c00099?s=96&d=mm&r=g\",\"caption\":\"admin\"},\"sameAs\":[\"https:\/\/www.fraczinet.cl\/sitio\"]}]}<\/script>\n<!-- \/ Yoast SEO plugin. -->","yoast_head_json":{"title":"Francisco Varela (Neurobiologo) En La Belleza Del Pensar 2001 - Nuestro Bio B\u00edo","robots":{"index":"index","follow":"follow","max-snippet":"max-snippet:-1","max-image-preview":"max-image-preview:large","max-video-preview":"max-video-preview:-1"},"canonical":"https:\/\/www.fraczinet.cl\/sitio\/2011\/02\/22\/francisco-varela-neurobiologo-en-la-belleza-del-pensar-2001\/","og_locale":"es_ES","og_type":"article","og_title":"Francisco Varela (Neurobiologo) En La Belleza Del Pensar 2001 - Nuestro Bio B\u00edo","og_description":"Francisco Varela (Santiago de Chile, 7 de septiembre, 1946 &#8211; Par\u00eds, 28 de mayo, 2001). Bi\u00f3logo y fil\u00f3sofo chileno, investigador en el \u00e1mbito de las neurociencias y ciencias cognitivas. Su inter\u00e9s fundamental fue estudiar las bases biol\u00f3gicas del conocimiento, lo que lo llev\u00f3 a investigar los fen\u00f3menos cognitivos y a interesarse principalmente por el fen\u00f3meno [&hellip;]","og_url":"https:\/\/www.fraczinet.cl\/sitio\/2011\/02\/22\/francisco-varela-neurobiologo-en-la-belleza-del-pensar-2001\/","og_site_name":"Nuestro Bio B\u00edo","article_published_time":"2011-02-22T21:59:00+00:00","og_image":[{"width":159,"height":79,"url":"https:\/\/www.fraczinet.cl\/sitio\/wp-content\/uploads\/2021\/07\/bannerlogo-1.gif","type":"image\/gif"}],"author":"admin","twitter_card":"summary_large_image","twitter_creator":"@nuestrobiobio","twitter_site":"@nuestrobiobio","twitter_misc":{"Escrito por":"admin","Tiempo de lectura":"1 minuto"},"schema":{"@context":"https:\/\/schema.org","@graph":[{"@type":"Article","@id":"https:\/\/www.fraczinet.cl\/sitio\/2011\/02\/22\/francisco-varela-neurobiologo-en-la-belleza-del-pensar-2001\/#article","isPartOf":{"@id":"https:\/\/www.fraczinet.cl\/sitio\/2011\/02\/22\/francisco-varela-neurobiologo-en-la-belleza-del-pensar-2001\/"},"author":{"name":"admin","@id":"https:\/\/www.fraczinet.cl\/sitio\/#\/schema\/person\/bc30f98e9cb10ae7e119dbe14bc93784"},"headline":"Francisco Varela (Neurobiologo) En La Belleza Del Pensar 2001","datePublished":"2011-02-22T21:59:00+00:00","mainEntityOfPage":{"@id":"https:\/\/www.fraczinet.cl\/sitio\/2011\/02\/22\/francisco-varela-neurobiologo-en-la-belleza-del-pensar-2001\/"},"wordCount":275,"commentCount":0,"publisher":{"@id":"https:\/\/www.fraczinet.cl\/sitio\/#\/schema\/person\/aec8ee4da68df2b9b0eefdad24a0d582"},"articleSection":["Opini\u00f3n","Videos"],"inLanguage":"es","potentialAction":[{"@type":"CommentAction","name":"Comment","target":["https:\/\/www.fraczinet.cl\/sitio\/2011\/02\/22\/francisco-varela-neurobiologo-en-la-belleza-del-pensar-2001\/#respond"]}]},{"@type":"WebPage","@id":"https:\/\/www.fraczinet.cl\/sitio\/2011\/02\/22\/francisco-varela-neurobiologo-en-la-belleza-del-pensar-2001\/","url":"https:\/\/www.fraczinet.cl\/sitio\/2011\/02\/22\/francisco-varela-neurobiologo-en-la-belleza-del-pensar-2001\/","name":"Francisco Varela (Neurobiologo) En La Belleza Del Pensar 2001 - Nuestro Bio B\u00edo","isPartOf":{"@id":"https:\/\/www.fraczinet.cl\/sitio\/#website"},"datePublished":"2011-02-22T21:59:00+00:00","breadcrumb":{"@id":"https:\/\/www.fraczinet.cl\/sitio\/2011\/02\/22\/francisco-varela-neurobiologo-en-la-belleza-del-pensar-2001\/#breadcrumb"},"inLanguage":"es","potentialAction":[{"@type":"ReadAction","target":["https:\/\/www.fraczinet.cl\/sitio\/2011\/02\/22\/francisco-varela-neurobiologo-en-la-belleza-del-pensar-2001\/"]}]},{"@type":"BreadcrumbList","@id":"https:\/\/www.fraczinet.cl\/sitio\/2011\/02\/22\/francisco-varela-neurobiologo-en-la-belleza-del-pensar-2001\/#breadcrumb","itemListElement":[{"@type":"ListItem","position":1,"name":"Portada","item":"https:\/\/www.fraczinet.cl\/sitio\/"},{"@type":"ListItem","position":2,"name":"Francisco Varela (Neurobiologo) En La Belleza Del Pensar 2001"}]},{"@type":"WebSite","@id":"https:\/\/www.fraczinet.cl\/sitio\/#website","url":"https:\/\/www.fraczinet.cl\/sitio\/","name":"Nuestro Bio B\u00edo","description":"Tierra de Encuentros","publisher":{"@id":"https:\/\/www.fraczinet.cl\/sitio\/#\/schema\/person\/aec8ee4da68df2b9b0eefdad24a0d582"},"potentialAction":[{"@type":"SearchAction","target":{"@type":"EntryPoint","urlTemplate":"https:\/\/www.fraczinet.cl\/sitio\/?s={search_term_string}"},"query-input":{"@type":"PropertyValueSpecification","valueRequired":true,"valueName":"search_term_string"}}],"inLanguage":"es"},{"@type":["Person","Organization"],"@id":"https:\/\/www.fraczinet.cl\/sitio\/#\/schema\/person\/aec8ee4da68df2b9b0eefdad24a0d582","name":"Luis Fernando Fraczinet","image":{"@type":"ImageObject","inLanguage":"es","@id":"https:\/\/www.fraczinet.cl\/sitio\/#\/schema\/person\/image\/","url":"https:\/\/www.fraczinet.cl\/sitio\/wp-content\/uploads\/2021\/07\/bannerlogo-1.gif","contentUrl":"https:\/\/www.fraczinet.cl\/sitio\/wp-content\/uploads\/2021\/07\/bannerlogo-1.gif","width":159,"height":79,"caption":"Luis Fernando Fraczinet"},"logo":{"@id":"https:\/\/www.fraczinet.cl\/sitio\/#\/schema\/person\/image\/"},"sameAs":["https:\/\/www.fraczinet.cl\/sitio\/"]},{"@type":"Person","@id":"https:\/\/www.fraczinet.cl\/sitio\/#\/schema\/person\/bc30f98e9cb10ae7e119dbe14bc93784","name":"admin","image":{"@type":"ImageObject","inLanguage":"es","@id":"https:\/\/www.fraczinet.cl\/sitio\/#\/schema\/person\/image\/","url":"https:\/\/secure.gravatar.com\/avatar\/d5ad3cf7ef3b23a2bb5be73be780c86b2fc8545c3ad6b149f3913ff458c00099?s=96&d=mm&r=g","contentUrl":"https:\/\/secure.gravatar.com\/avatar\/d5ad3cf7ef3b23a2bb5be73be780c86b2fc8545c3ad6b149f3913ff458c00099?s=96&d=mm&r=g","caption":"admin"},"sameAs":["https:\/\/www.fraczinet.cl\/sitio"]}]}},"_links":{"self":[{"href":"https:\/\/www.fraczinet.cl\/sitio\/wp-json\/wp\/v2\/posts\/8882","targetHints":{"allow":["GET"]}}],"collection":[{"href":"https:\/\/www.fraczinet.cl\/sitio\/wp-json\/wp\/v2\/posts"}],"about":[{"href":"https:\/\/www.fraczinet.cl\/sitio\/wp-json\/wp\/v2\/types\/post"}],"author":[{"embeddable":true,"href":"https:\/\/www.fraczinet.cl\/sitio\/wp-json\/wp\/v2\/users\/1"}],"replies":[{"embeddable":true,"href":"https:\/\/www.fraczinet.cl\/sitio\/wp-json\/wp\/v2\/comments?post=8882"}],"version-history":[{"count":0,"href":"https:\/\/www.fraczinet.cl\/sitio\/wp-json\/wp\/v2\/posts\/8882\/revisions"}],"wp:attachment":[{"href":"https:\/\/www.fraczinet.cl\/sitio\/wp-json\/wp\/v2\/media?parent=8882"}],"wp:term":[{"taxonomy":"category","embeddable":true,"href":"https:\/\/www.fraczinet.cl\/sitio\/wp-json\/wp\/v2\/categories?post=8882"},{"taxonomy":"post_tag","embeddable":true,"href":"https:\/\/www.fraczinet.cl\/sitio\/wp-json\/wp\/v2\/tags?post=8882"}],"curies":[{"name":"wp","href":"https:\/\/api.w.org\/{rel}","templated":true}]}}