{"id":8883,"date":"2011-02-22T18:23:00","date_gmt":"2011-02-22T18:23:00","guid":{"rendered":"https:\/\/www.fraczinet.cl\/sitio\/2011\/02\/22\/los-gestores-culturales-a-la-opinion-publica-y-al-sector-cultural\/"},"modified":"2011-02-22T18:23:00","modified_gmt":"2011-02-22T18:23:00","slug":"los-gestores-culturales-a-la-opinion-publica-y-al-sector-cultural","status":"publish","type":"post","link":"https:\/\/www.fraczinet.cl\/sitio\/2011\/02\/22\/los-gestores-culturales-a-la-opinion-publica-y-al-sector-cultural\/","title":{"rendered":"Los Gestores Culturales A La Opini\u00f3n P\u00fablica Y Al Sector Cultural"},"content":{"rendered":"<p>El pasado 14 de febrero, el  Consejo Nacional de la Cultura y las Artes anunci\u00f3 la convocatoria a de una consulta ciudadana para la elaboraci\u00f3n de la nueva pol\u00edtica cultural, frente a lo cual los gestores, artistas y organizaciones culturales, agrupados en la <span style=\"font-weight:bold;\">Asociaci\u00f3n Nacional de Gestores y Organizaciones Culturales de Chile, ANGECU \u2013 AG<\/span>, manifestamos lo siguiente:<\/p>\n<p>1.- Lamentamos que pese a los reiterados llamados a generar un debate nacional, abierto e inclusivo para la elaboraci\u00f3n de la nueva pol\u00edtica cultural realizado por diversos actores del campo de la cultura, las autoridades del Consejo de la Cultura hayan desatendido esta demanda, privando a la ciudadan\u00eda de participar en este importante proceso<\/p>\n<p>2.- Valoramos la incorporaci\u00f3n de la tecnolog\u00eda en el desarrollo de la gesti\u00f3n p\u00fablica, y en esta iniciativa. Sin embargo, lo limitado del proceso, la ausencia de alternativas para la participaci\u00f3n de aquellas personas que no utilizan o no tienen acceso a las redes virtuales, <span style=\"font-weight:bold;\">junto al dise\u00f1o metodol\u00f3gico de la encuesta que no contempla la posibilidad de proponer, ni evaluar la pol\u00edtica<\/span>, lejos de favorecer la participaci\u00f3n, la desvirt\u00faan limit\u00e1ndola a una consulta sobre el inter\u00e9s en ciertas materias, y no respecto de los contenidos de la misma.<\/p>\n<p>3.- Entendemos que esta situaci\u00f3n es reflejo de la ausencia de un marco regulatorio para el ejercicio de una efectiva participaci\u00f3n ciudadana en la gesti\u00f3n publica en nuestro pa\u00eds, que permita que la sociedad civil no solo sea informada, sino que participe en la toma decisiones respecto de los asuntos de inter\u00e9s publico, siendo imprescindible que la nueva pol\u00edtica cultural cuente con mecanismos que hagan efectivo este prop\u00f3sito.<\/p>\n<p>4.- El desarrollo de la institucionalidad cultural de Chile es un esfuerzo que compromete al conjunto de actores que conforman el sector cultural, siendo responsabilidad de las autoridades respectivas garantizar el pleno ejercicio de la participaci\u00f3n en sus distintos niveles e instancias a lo largo del pa\u00eds.<\/p>\n<p>5.- Hacemos un llamado a los artistas, gestores culturales, organizaciones, y todas y todos quienes participan en los diversos procesos relacionados con el sector de la cultura y las artes, a fortalecer los espacios de encuentro y la asociatividad, a la vez que seguir trabajando por un desarrollo cultural para todos y con todos.<\/p>\n<p><span style=\"font-weight:bold;\">Asociaci\u00f3n Nacional de Gestores y Organizaciones Culturales de Chile, AG<\/span><br \/>Santiago, Febrero de 2011.<br \/><a href=\"http:\/\/angecu.wordpress.com\/\">http:\/\/angecu.wordpress.com\/<\/a><\/p>\n","protected":false},"excerpt":{"rendered":"<p>El pasado 14 de febrero, el Consejo Nacional de la Cultura y las Artes anunci\u00f3 la convocatoria a de una consulta ciudadana para la elaboraci\u00f3n de la nueva pol\u00edtica cultural, frente a lo cual los gestores, artistas y organizaciones culturales, agrupados en la Asociaci\u00f3n Nacional de Gestores y Organizaciones Culturales de Chile, ANGECU \u2013 AG, [&hellip;]<\/p>\n","protected":false},"author":1,"featured_media":0,"comment_status":"open","ping_status":"open","sticky":false,"template":"","format":"standard","meta":{"footnotes":""},"categories":[207],"tags":[],"class_list":["post-8883","post","type-post","status-publish","format-standard","hentry","category-gestion-cultural"],"yoast_head":"<!-- This site is optimized with the Yoast SEO plugin v25.0 - https:\/\/yoast.com\/wordpress\/plugins\/seo\/ -->\n<title>Los Gestores Culturales A La Opini\u00f3n P\u00fablica Y Al Sector Cultural - Nuestro Bio B\u00edo<\/title>\n<meta name=\"robots\" content=\"index, follow, max-snippet:-1, max-image-preview:large, max-video-preview:-1\" \/>\n<link rel=\"canonical\" href=\"https:\/\/www.fraczinet.cl\/sitio\/2011\/02\/22\/los-gestores-culturales-a-la-opinion-publica-y-al-sector-cultural\/\" \/>\n<meta property=\"og:locale\" content=\"es_ES\" \/>\n<meta property=\"og:type\" content=\"article\" \/>\n<meta property=\"og:title\" content=\"Los Gestores Culturales A La Opini\u00f3n P\u00fablica Y Al Sector Cultural - Nuestro Bio B\u00edo\" \/>\n<meta property=\"og:description\" content=\"El pasado 14 de febrero, el Consejo Nacional de la Cultura y las Artes anunci\u00f3 la convocatoria a de una consulta ciudadana para la elaboraci\u00f3n de la nueva pol\u00edtica cultural, frente a lo cual los gestores, artistas y organizaciones culturales, agrupados en la Asociaci\u00f3n Nacional de Gestores y Organizaciones Culturales de Chile, ANGECU \u2013 AG, [&hellip;]\" \/>\n<meta property=\"og:url\" content=\"https:\/\/www.fraczinet.cl\/sitio\/2011\/02\/22\/los-gestores-culturales-a-la-opinion-publica-y-al-sector-cultural\/\" \/>\n<meta property=\"og:site_name\" content=\"Nuestro Bio B\u00edo\" \/>\n<meta property=\"article:published_time\" content=\"2011-02-22T18:23:00+00:00\" \/>\n<meta property=\"og:image\" content=\"https:\/\/www.fraczinet.cl\/sitio\/wp-content\/uploads\/2021\/07\/bannerlogo-1.gif\" \/>\n\t<meta property=\"og:image:width\" content=\"159\" \/>\n\t<meta property=\"og:image:height\" content=\"79\" \/>\n\t<meta property=\"og:image:type\" content=\"image\/gif\" \/>\n<meta name=\"author\" content=\"admin\" \/>\n<meta name=\"twitter:card\" content=\"summary_large_image\" \/>\n<meta name=\"twitter:creator\" content=\"@nuestrobiobio\" \/>\n<meta name=\"twitter:site\" content=\"@nuestrobiobio\" \/>\n<meta name=\"twitter:label1\" content=\"Escrito por\" \/>\n\t<meta name=\"twitter:data1\" content=\"admin\" \/>\n\t<meta name=\"twitter:label2\" content=\"Tiempo de lectura\" \/>\n\t<meta name=\"twitter:data2\" content=\"2 minutos\" \/>\n<script type=\"application\/ld+json\" class=\"yoast-schema-graph\">{\"@context\":\"https:\/\/schema.org\",\"@graph\":[{\"@type\":\"Article\",\"@id\":\"https:\/\/www.fraczinet.cl\/sitio\/2011\/02\/22\/los-gestores-culturales-a-la-opinion-publica-y-al-sector-cultural\/#article\",\"isPartOf\":{\"@id\":\"https:\/\/www.fraczinet.cl\/sitio\/2011\/02\/22\/los-gestores-culturales-a-la-opinion-publica-y-al-sector-cultural\/\"},\"author\":{\"name\":\"admin\",\"@id\":\"https:\/\/www.fraczinet.cl\/sitio\/#\/schema\/person\/bc30f98e9cb10ae7e119dbe14bc93784\"},\"headline\":\"Los Gestores Culturales A La Opini\u00f3n P\u00fablica Y Al Sector Cultural\",\"datePublished\":\"2011-02-22T18:23:00+00:00\",\"mainEntityOfPage\":{\"@id\":\"https:\/\/www.fraczinet.cl\/sitio\/2011\/02\/22\/los-gestores-culturales-a-la-opinion-publica-y-al-sector-cultural\/\"},\"wordCount\":426,\"commentCount\":0,\"publisher\":{\"@id\":\"https:\/\/www.fraczinet.cl\/sitio\/#\/schema\/person\/aec8ee4da68df2b9b0eefdad24a0d582\"},\"articleSection\":[\"Gesti\u00f3n Cultural\"],\"inLanguage\":\"es\",\"potentialAction\":[{\"@type\":\"CommentAction\",\"name\":\"Comment\",\"target\":[\"https:\/\/www.fraczinet.cl\/sitio\/2011\/02\/22\/los-gestores-culturales-a-la-opinion-publica-y-al-sector-cultural\/#respond\"]}]},{\"@type\":\"WebPage\",\"@id\":\"https:\/\/www.fraczinet.cl\/sitio\/2011\/02\/22\/los-gestores-culturales-a-la-opinion-publica-y-al-sector-cultural\/\",\"url\":\"https:\/\/www.fraczinet.cl\/sitio\/2011\/02\/22\/los-gestores-culturales-a-la-opinion-publica-y-al-sector-cultural\/\",\"name\":\"Los Gestores Culturales A La Opini\u00f3n P\u00fablica Y Al Sector Cultural - Nuestro Bio B\u00edo\",\"isPartOf\":{\"@id\":\"https:\/\/www.fraczinet.cl\/sitio\/#website\"},\"datePublished\":\"2011-02-22T18:23:00+00:00\",\"breadcrumb\":{\"@id\":\"https:\/\/www.fraczinet.cl\/sitio\/2011\/02\/22\/los-gestores-culturales-a-la-opinion-publica-y-al-sector-cultural\/#breadcrumb\"},\"inLanguage\":\"es\",\"potentialAction\":[{\"@type\":\"ReadAction\",\"target\":[\"https:\/\/www.fraczinet.cl\/sitio\/2011\/02\/22\/los-gestores-culturales-a-la-opinion-publica-y-al-sector-cultural\/\"]}]},{\"@type\":\"BreadcrumbList\",\"@id\":\"https:\/\/www.fraczinet.cl\/sitio\/2011\/02\/22\/los-gestores-culturales-a-la-opinion-publica-y-al-sector-cultural\/#breadcrumb\",\"itemListElement\":[{\"@type\":\"ListItem\",\"position\":1,\"name\":\"Portada\",\"item\":\"https:\/\/www.fraczinet.cl\/sitio\/\"},{\"@type\":\"ListItem\",\"position\":2,\"name\":\"Los Gestores Culturales A La Opini\u00f3n P\u00fablica Y Al Sector Cultural\"}]},{\"@type\":\"WebSite\",\"@id\":\"https:\/\/www.fraczinet.cl\/sitio\/#website\",\"url\":\"https:\/\/www.fraczinet.cl\/sitio\/\",\"name\":\"Nuestro Bio B\u00edo\",\"description\":\"Tierra de Encuentros\",\"publisher\":{\"@id\":\"https:\/\/www.fraczinet.cl\/sitio\/#\/schema\/person\/aec8ee4da68df2b9b0eefdad24a0d582\"},\"potentialAction\":[{\"@type\":\"SearchAction\",\"target\":{\"@type\":\"EntryPoint\",\"urlTemplate\":\"https:\/\/www.fraczinet.cl\/sitio\/?s={search_term_string}\"},\"query-input\":{\"@type\":\"PropertyValueSpecification\",\"valueRequired\":true,\"valueName\":\"search_term_string\"}}],\"inLanguage\":\"es\"},{\"@type\":[\"Person\",\"Organization\"],\"@id\":\"https:\/\/www.fraczinet.cl\/sitio\/#\/schema\/person\/aec8ee4da68df2b9b0eefdad24a0d582\",\"name\":\"Luis Fernando Fraczinet\",\"image\":{\"@type\":\"ImageObject\",\"inLanguage\":\"es\",\"@id\":\"https:\/\/www.fraczinet.cl\/sitio\/#\/schema\/person\/image\/\",\"url\":\"https:\/\/www.fraczinet.cl\/sitio\/wp-content\/uploads\/2021\/07\/bannerlogo-1.gif\",\"contentUrl\":\"https:\/\/www.fraczinet.cl\/sitio\/wp-content\/uploads\/2021\/07\/bannerlogo-1.gif\",\"width\":159,\"height\":79,\"caption\":\"Luis Fernando Fraczinet\"},\"logo\":{\"@id\":\"https:\/\/www.fraczinet.cl\/sitio\/#\/schema\/person\/image\/\"},\"sameAs\":[\"https:\/\/www.fraczinet.cl\/sitio\/\"]},{\"@type\":\"Person\",\"@id\":\"https:\/\/www.fraczinet.cl\/sitio\/#\/schema\/person\/bc30f98e9cb10ae7e119dbe14bc93784\",\"name\":\"admin\",\"image\":{\"@type\":\"ImageObject\",\"inLanguage\":\"es\",\"@id\":\"https:\/\/www.fraczinet.cl\/sitio\/#\/schema\/person\/image\/\",\"url\":\"https:\/\/secure.gravatar.com\/avatar\/d5ad3cf7ef3b23a2bb5be73be780c86b2fc8545c3ad6b149f3913ff458c00099?s=96&d=mm&r=g\",\"contentUrl\":\"https:\/\/secure.gravatar.com\/avatar\/d5ad3cf7ef3b23a2bb5be73be780c86b2fc8545c3ad6b149f3913ff458c00099?s=96&d=mm&r=g\",\"caption\":\"admin\"},\"sameAs\":[\"https:\/\/www.fraczinet.cl\/sitio\"]}]}<\/script>\n<!-- \/ Yoast SEO plugin. -->","yoast_head_json":{"title":"Los Gestores Culturales A La Opini\u00f3n P\u00fablica Y Al Sector Cultural - Nuestro Bio B\u00edo","robots":{"index":"index","follow":"follow","max-snippet":"max-snippet:-1","max-image-preview":"max-image-preview:large","max-video-preview":"max-video-preview:-1"},"canonical":"https:\/\/www.fraczinet.cl\/sitio\/2011\/02\/22\/los-gestores-culturales-a-la-opinion-publica-y-al-sector-cultural\/","og_locale":"es_ES","og_type":"article","og_title":"Los Gestores Culturales A La Opini\u00f3n P\u00fablica Y Al Sector Cultural - Nuestro Bio B\u00edo","og_description":"El pasado 14 de febrero, el Consejo Nacional de la Cultura y las Artes anunci\u00f3 la convocatoria a de una consulta ciudadana para la elaboraci\u00f3n de la nueva pol\u00edtica cultural, frente a lo cual los gestores, artistas y organizaciones culturales, agrupados en la Asociaci\u00f3n Nacional de Gestores y Organizaciones Culturales de Chile, ANGECU \u2013 AG, [&hellip;]","og_url":"https:\/\/www.fraczinet.cl\/sitio\/2011\/02\/22\/los-gestores-culturales-a-la-opinion-publica-y-al-sector-cultural\/","og_site_name":"Nuestro Bio B\u00edo","article_published_time":"2011-02-22T18:23:00+00:00","og_image":[{"width":159,"height":79,"url":"https:\/\/www.fraczinet.cl\/sitio\/wp-content\/uploads\/2021\/07\/bannerlogo-1.gif","type":"image\/gif"}],"author":"admin","twitter_card":"summary_large_image","twitter_creator":"@nuestrobiobio","twitter_site":"@nuestrobiobio","twitter_misc":{"Escrito por":"admin","Tiempo de lectura":"2 minutos"},"schema":{"@context":"https:\/\/schema.org","@graph":[{"@type":"Article","@id":"https:\/\/www.fraczinet.cl\/sitio\/2011\/02\/22\/los-gestores-culturales-a-la-opinion-publica-y-al-sector-cultural\/#article","isPartOf":{"@id":"https:\/\/www.fraczinet.cl\/sitio\/2011\/02\/22\/los-gestores-culturales-a-la-opinion-publica-y-al-sector-cultural\/"},"author":{"name":"admin","@id":"https:\/\/www.fraczinet.cl\/sitio\/#\/schema\/person\/bc30f98e9cb10ae7e119dbe14bc93784"},"headline":"Los Gestores Culturales A La Opini\u00f3n P\u00fablica Y Al Sector Cultural","datePublished":"2011-02-22T18:23:00+00:00","mainEntityOfPage":{"@id":"https:\/\/www.fraczinet.cl\/sitio\/2011\/02\/22\/los-gestores-culturales-a-la-opinion-publica-y-al-sector-cultural\/"},"wordCount":426,"commentCount":0,"publisher":{"@id":"https:\/\/www.fraczinet.cl\/sitio\/#\/schema\/person\/aec8ee4da68df2b9b0eefdad24a0d582"},"articleSection":["Gesti\u00f3n Cultural"],"inLanguage":"es","potentialAction":[{"@type":"CommentAction","name":"Comment","target":["https:\/\/www.fraczinet.cl\/sitio\/2011\/02\/22\/los-gestores-culturales-a-la-opinion-publica-y-al-sector-cultural\/#respond"]}]},{"@type":"WebPage","@id":"https:\/\/www.fraczinet.cl\/sitio\/2011\/02\/22\/los-gestores-culturales-a-la-opinion-publica-y-al-sector-cultural\/","url":"https:\/\/www.fraczinet.cl\/sitio\/2011\/02\/22\/los-gestores-culturales-a-la-opinion-publica-y-al-sector-cultural\/","name":"Los Gestores Culturales A La Opini\u00f3n P\u00fablica Y Al Sector Cultural - Nuestro Bio B\u00edo","isPartOf":{"@id":"https:\/\/www.fraczinet.cl\/sitio\/#website"},"datePublished":"2011-02-22T18:23:00+00:00","breadcrumb":{"@id":"https:\/\/www.fraczinet.cl\/sitio\/2011\/02\/22\/los-gestores-culturales-a-la-opinion-publica-y-al-sector-cultural\/#breadcrumb"},"inLanguage":"es","potentialAction":[{"@type":"ReadAction","target":["https:\/\/www.fraczinet.cl\/sitio\/2011\/02\/22\/los-gestores-culturales-a-la-opinion-publica-y-al-sector-cultural\/"]}]},{"@type":"BreadcrumbList","@id":"https:\/\/www.fraczinet.cl\/sitio\/2011\/02\/22\/los-gestores-culturales-a-la-opinion-publica-y-al-sector-cultural\/#breadcrumb","itemListElement":[{"@type":"ListItem","position":1,"name":"Portada","item":"https:\/\/www.fraczinet.cl\/sitio\/"},{"@type":"ListItem","position":2,"name":"Los Gestores Culturales A La Opini\u00f3n P\u00fablica Y Al Sector Cultural"}]},{"@type":"WebSite","@id":"https:\/\/www.fraczinet.cl\/sitio\/#website","url":"https:\/\/www.fraczinet.cl\/sitio\/","name":"Nuestro Bio B\u00edo","description":"Tierra de Encuentros","publisher":{"@id":"https:\/\/www.fraczinet.cl\/sitio\/#\/schema\/person\/aec8ee4da68df2b9b0eefdad24a0d582"},"potentialAction":[{"@type":"SearchAction","target":{"@type":"EntryPoint","urlTemplate":"https:\/\/www.fraczinet.cl\/sitio\/?s={search_term_string}"},"query-input":{"@type":"PropertyValueSpecification","valueRequired":true,"valueName":"search_term_string"}}],"inLanguage":"es"},{"@type":["Person","Organization"],"@id":"https:\/\/www.fraczinet.cl\/sitio\/#\/schema\/person\/aec8ee4da68df2b9b0eefdad24a0d582","name":"Luis Fernando Fraczinet","image":{"@type":"ImageObject","inLanguage":"es","@id":"https:\/\/www.fraczinet.cl\/sitio\/#\/schema\/person\/image\/","url":"https:\/\/www.fraczinet.cl\/sitio\/wp-content\/uploads\/2021\/07\/bannerlogo-1.gif","contentUrl":"https:\/\/www.fraczinet.cl\/sitio\/wp-content\/uploads\/2021\/07\/bannerlogo-1.gif","width":159,"height":79,"caption":"Luis Fernando Fraczinet"},"logo":{"@id":"https:\/\/www.fraczinet.cl\/sitio\/#\/schema\/person\/image\/"},"sameAs":["https:\/\/www.fraczinet.cl\/sitio\/"]},{"@type":"Person","@id":"https:\/\/www.fraczinet.cl\/sitio\/#\/schema\/person\/bc30f98e9cb10ae7e119dbe14bc93784","name":"admin","image":{"@type":"ImageObject","inLanguage":"es","@id":"https:\/\/www.fraczinet.cl\/sitio\/#\/schema\/person\/image\/","url":"https:\/\/secure.gravatar.com\/avatar\/d5ad3cf7ef3b23a2bb5be73be780c86b2fc8545c3ad6b149f3913ff458c00099?s=96&d=mm&r=g","contentUrl":"https:\/\/secure.gravatar.com\/avatar\/d5ad3cf7ef3b23a2bb5be73be780c86b2fc8545c3ad6b149f3913ff458c00099?s=96&d=mm&r=g","caption":"admin"},"sameAs":["https:\/\/www.fraczinet.cl\/sitio"]}]}},"_links":{"self":[{"href":"https:\/\/www.fraczinet.cl\/sitio\/wp-json\/wp\/v2\/posts\/8883","targetHints":{"allow":["GET"]}}],"collection":[{"href":"https:\/\/www.fraczinet.cl\/sitio\/wp-json\/wp\/v2\/posts"}],"about":[{"href":"https:\/\/www.fraczinet.cl\/sitio\/wp-json\/wp\/v2\/types\/post"}],"author":[{"embeddable":true,"href":"https:\/\/www.fraczinet.cl\/sitio\/wp-json\/wp\/v2\/users\/1"}],"replies":[{"embeddable":true,"href":"https:\/\/www.fraczinet.cl\/sitio\/wp-json\/wp\/v2\/comments?post=8883"}],"version-history":[{"count":0,"href":"https:\/\/www.fraczinet.cl\/sitio\/wp-json\/wp\/v2\/posts\/8883\/revisions"}],"wp:attachment":[{"href":"https:\/\/www.fraczinet.cl\/sitio\/wp-json\/wp\/v2\/media?parent=8883"}],"wp:term":[{"taxonomy":"category","embeddable":true,"href":"https:\/\/www.fraczinet.cl\/sitio\/wp-json\/wp\/v2\/categories?post=8883"},{"taxonomy":"post_tag","embeddable":true,"href":"https:\/\/www.fraczinet.cl\/sitio\/wp-json\/wp\/v2\/tags?post=8883"}],"curies":[{"name":"wp","href":"https:\/\/api.w.org\/{rel}","templated":true}]}}