{"id":8891,"date":"2011-02-18T00:36:00","date_gmt":"2011-02-18T00:36:00","guid":{"rendered":"https:\/\/www.fraczinet.cl\/sitio\/2011\/02\/18\/consulta-nacional-de-politicas-culturales-y-participacion-ciudadana-breves-reflexiones-mas-alla-del-clic\/"},"modified":"2022-09-26T12:42:14","modified_gmt":"2022-09-26T12:42:14","slug":"consulta-nacional-de-politicas-culturales-y-participacion-ciudadana-breves-reflexiones-mas-alla-del-clic","status":"publish","type":"post","link":"https:\/\/www.fraczinet.cl\/sitio\/2011\/02\/18\/consulta-nacional-de-politicas-culturales-y-participacion-ciudadana-breves-reflexiones-mas-alla-del-clic\/","title":{"rendered":"Consulta Nacional De Pol\u00edticas Culturales Y Participaci\u00f3n Ciudadana: Breves Reflexiones M\u00e1s All\u00e1 Del Clic"},"content":{"rendered":"<p><a href=\"http:\/\/4.bp.blogspot.com\/-choPYuKxOYA\/TV2_v8FF_mI\/AAAAAAAASMk\/jouvU-7BzJ0\/s1600\/logo6.jpg\"><img decoding=\"async\" id=\"BLOGGER_PHOTO_ID_5574822744056790626\" style=\"float: left; margin: 0 10px 10px 0; cursor: hand; width: 200px; height: 150px;\" src=\"http:\/\/4.bp.blogspot.com\/-choPYuKxOYA\/TV2_v8FF_mI\/AAAAAAAASMk\/jouvU-7BzJ0\/s400\/logo6.jpg\" alt=\"\" border=\"0\" \/><\/a><span style=\"font-style: italic;\"><span style=\"font-weight: bold;\">\u201cTanto que te gusta opinar, lleg\u00f3 el momento de hacerlo\u201d<\/span><\/span>. Con esta consigna, el Consejo Nacional de la Cultura y las Artes anunci\u00f3 el 14 de febrero la realizaci\u00f3n de una \u201c<span style=\"font-weight: bold;\">consulta ciudadana<\/span>\u201d para la elaboraci\u00f3n de la nueva pol\u00edtica cultural.<\/p>\n<p>Junto con la peculiar frase, lo primero que llama la atenci\u00f3n del anuncio, es la oportunidad y duraci\u00f3n del proceso: en pleno periodo de vacaciones y dos semanas de duraci\u00f3n. De seguro si usted lee estas l\u00edneas a fines de mes y no se enter\u00f3 de la consulta, habr\u00e1 perdido la oportunidad al menos de \u00abopinar\u00bb. Si no es usuario de Internet, ni se enterar\u00e1 de todo esto, ni podr\u00e1 participar, lo que es peor. Sin embargo, y m\u00e1s all\u00e1 de la an\u00e9cdota, el asunto tiene ribetes m\u00e1s profundos.<\/p>\n<p>La convocatoria invita a la ciudadan\u00eda a \u201cmanifestar su grado de inter\u00e9s en diversas materias\u201d, en los \u00e1mbitos de promoci\u00f3n de las artes, patrimonio cultural y participaci\u00f3n ciudadana, <span style=\"font-weight: bold;\">como \u00faltima etapa de un proceso \u201cabierto e inclusivo\u201d<\/span>, que culminar\u00e1 con la elaboraci\u00f3n de la nueva pol\u00edtica para el per\u00edodo 2011-2016.<\/p>\n<p>El enunciado \u201cconsulta ciudadana\u201d har\u00eda pensar al lector desprevenido que se trata de un proceso abierto en donde la ciudadan\u00eda, organizada o no, es convocada a manifestar su opini\u00f3n en los diversos aspectos relacionados con la pol\u00edtica cultural del Estado de Chile: su valoraci\u00f3n de la actual y las observaciones y propuestas para la nueva. Ni lo uno, ni lo otro.<\/p>\n<p>Mediante un cuestionario online de 26 preguntas cerradas, la consulta busca medir el grado de inter\u00e9s, es decir, la valoraci\u00f3n que se posee respecto del fortalecimiento de la imagen en el extranjero, la promoci\u00f3n de la alianza p\u00fablico-privado en el desarrollo y financiamiento de la cultura, el desarrollo de actividades culturales con enfoque de g\u00e9nero, entre otros asuntos. No hay espacio para proponer, ni sugerir. <span style=\"font-weight: bold;\">La consulta invita a poner los acentos de la oraci\u00f3n, no a formularla.<\/span><\/p>\n<p>De este modo, la concepci\u00f3n instrumental de participaci\u00f3n ciudadana existente en el plano de la gesti\u00f3n p\u00fablica en nuestro pa\u00eds, m\u00e1s relacionada con la entrega de informaci\u00f3n, que con el empoderamiento y la participaci\u00f3n efectiva en la toma de decisiones por parte de la ciudadan\u00eda, se vuelve a imponer.<\/p>\n<p>Cabe se\u00f1alar que en el \u00e1mbito de la pol\u00edtica cultural, la participaci\u00f3n de la ciudadan\u00eda no pasa de ser una expresi\u00f3n de voluntad, circunscrita a la capacidad e inter\u00e9s de los agentes culturales por \u201casumir acciones en los campos de la creaci\u00f3n art\u00edstica, de la producci\u00f3n y difusi\u00f3n de objetos culturales y de la preservaci\u00f3n y buen uso del patrimonio\u201d, como establece el documento \u201cChile quiere m\u00e1s Cultura. Definiciones de Pol\u00edtica Cultural 2005-2010\u201d, no existiendo en ella mecanismos que garanticen efectivamente este derecho. As\u00ed, como ha venido siendo la constante, los procesos de participaci\u00f3n ciudadana quedan al vaiv\u00e9n de la voluntad pol\u00edtica de las autoridades de turno.<\/p>\n<p>En el caso de la formulaci\u00f3n de la pol\u00edtica, es revelador el ejemplo de las convenciones regionales, donde la metropolitana convoca de forma dirigida a agentes culturales, y la del Bio B\u00edo, realiza una convocatoria de car\u00e1cter abierta al sector cultural. Sin duda, formas distintas de entender la participaci\u00f3n ciudadana y de c\u00f3mo construir una pol\u00edtica p\u00fablica. As\u00ed, cobra sentido lo se\u00f1alado por el estudio sobre participaci\u00f3n ciudadana en el Estado, realizado por Acci\u00f3n (2009) que indica que \u201csin informaci\u00f3n es imposible participar\u201d, y que si \u00e9sta no cumple criterios m\u00ednimos de calidad, tampoco se puede esperar una participaci\u00f3n de verdad.<\/p>\n<p>Lejos de constituir un avance, <span style=\"font-weight: bold;\">la consulta organizada por el Consejo de la Cultura viene a cerrar la puerta del debate abierto<\/span>, p\u00fablico e informado que desde hace meses vienen demandado diversos agentes culturales del pa\u00eds. Con ella, se inaugura la era de la ciber participaci\u00f3n ciudadana express, desaprovechando quiz\u00e1s la mayor oportunidad de este proceso: conocer la valoraci\u00f3n que el sector cultural posee de la pol\u00edtica misma y recoger los sue\u00f1os y propuestas en el marco de un ejercicio democr\u00e1tico y efectivamente participativo, como demanda la altura de la tarea. Puede hacer clic si lo desea.<\/p>\n<p>Roberto Guerra<br \/>\nGestor Cultural<br \/>\nPresidente Escuela de Gestores Culturales EGAC.<\/p>\n<p>Lea m\u00e1s de Roberto en su blog: <a href=\"http:\/\/robertoguerra.wordpress.com\/\">http:\/\/robertoguerra.wordpress.com\/<\/a><\/p>\n","protected":false},"excerpt":{"rendered":"<p>\u201cTanto que te gusta opinar, lleg\u00f3 el momento de hacerlo\u201d. Con esta consigna, el Consejo Nacional de la Cultura y las Artes anunci\u00f3 el 14 de febrero la realizaci\u00f3n de una \u201cconsulta ciudadana\u201d para la elaboraci\u00f3n de la nueva pol\u00edtica cultural. Junto con la peculiar frase, lo primero que llama la atenci\u00f3n del anuncio, es [&hellip;]<\/p>\n","protected":false},"author":1,"featured_media":13505,"comment_status":"open","ping_status":"open","sticky":false,"template":"","format":"standard","meta":{"footnotes":""},"categories":[160],"tags":[],"class_list":["post-8891","post","type-post","status-publish","format-standard","has-post-thumbnail","hentry","category-cultura"],"yoast_head":"<!-- This site is optimized with the Yoast SEO plugin v25.0 - https:\/\/yoast.com\/wordpress\/plugins\/seo\/ -->\n<title>Consulta Nacional De Pol\u00edticas Culturales Y Participaci\u00f3n Ciudadana: Breves Reflexiones M\u00e1s All\u00e1 Del Clic - Nuestro Bio B\u00edo<\/title>\n<meta name=\"robots\" content=\"index, follow, max-snippet:-1, max-image-preview:large, max-video-preview:-1\" \/>\n<link rel=\"canonical\" href=\"https:\/\/www.fraczinet.cl\/sitio\/2011\/02\/18\/consulta-nacional-de-politicas-culturales-y-participacion-ciudadana-breves-reflexiones-mas-alla-del-clic\/\" \/>\n<meta property=\"og:locale\" content=\"es_ES\" \/>\n<meta property=\"og:type\" content=\"article\" \/>\n<meta property=\"og:title\" content=\"Consulta Nacional De Pol\u00edticas Culturales Y Participaci\u00f3n Ciudadana: Breves Reflexiones M\u00e1s All\u00e1 Del Clic - Nuestro Bio B\u00edo\" \/>\n<meta property=\"og:description\" content=\"\u201cTanto que te gusta opinar, lleg\u00f3 el momento de hacerlo\u201d. Con esta consigna, el Consejo Nacional de la Cultura y las Artes anunci\u00f3 el 14 de febrero la realizaci\u00f3n de una \u201cconsulta ciudadana\u201d para la elaboraci\u00f3n de la nueva pol\u00edtica cultural. Junto con la peculiar frase, lo primero que llama la atenci\u00f3n del anuncio, es [&hellip;]\" \/>\n<meta property=\"og:url\" content=\"https:\/\/www.fraczinet.cl\/sitio\/2011\/02\/18\/consulta-nacional-de-politicas-culturales-y-participacion-ciudadana-breves-reflexiones-mas-alla-del-clic\/\" \/>\n<meta property=\"og:site_name\" content=\"Nuestro Bio B\u00edo\" \/>\n<meta property=\"article:published_time\" content=\"2011-02-18T00:36:00+00:00\" \/>\n<meta property=\"article:modified_time\" content=\"2022-09-26T12:42:14+00:00\" \/>\n<meta property=\"og:image\" content=\"https:\/\/www.fraczinet.cl\/sitio\/wp-content\/uploads\/2011\/02\/Consulta-Opino-Cultura.jpg\" \/>\n\t<meta property=\"og:image:width\" content=\"200\" \/>\n\t<meta property=\"og:image:height\" content=\"150\" \/>\n\t<meta property=\"og:image:type\" content=\"image\/jpeg\" \/>\n<meta name=\"author\" content=\"admin\" \/>\n<meta name=\"twitter:card\" content=\"summary_large_image\" \/>\n<meta name=\"twitter:creator\" content=\"@nuestrobiobio\" \/>\n<meta name=\"twitter:site\" content=\"@nuestrobiobio\" \/>\n<meta name=\"twitter:label1\" content=\"Escrito por\" \/>\n\t<meta name=\"twitter:data1\" content=\"admin\" \/>\n\t<meta name=\"twitter:label2\" content=\"Tiempo de lectura\" \/>\n\t<meta name=\"twitter:data2\" content=\"4 minutos\" \/>\n<script type=\"application\/ld+json\" class=\"yoast-schema-graph\">{\"@context\":\"https:\/\/schema.org\",\"@graph\":[{\"@type\":\"Article\",\"@id\":\"https:\/\/www.fraczinet.cl\/sitio\/2011\/02\/18\/consulta-nacional-de-politicas-culturales-y-participacion-ciudadana-breves-reflexiones-mas-alla-del-clic\/#article\",\"isPartOf\":{\"@id\":\"https:\/\/www.fraczinet.cl\/sitio\/2011\/02\/18\/consulta-nacional-de-politicas-culturales-y-participacion-ciudadana-breves-reflexiones-mas-alla-del-clic\/\"},\"author\":{\"name\":\"admin\",\"@id\":\"https:\/\/www.fraczinet.cl\/sitio\/#\/schema\/person\/bc30f98e9cb10ae7e119dbe14bc93784\"},\"headline\":\"Consulta Nacional De Pol\u00edticas Culturales Y Participaci\u00f3n Ciudadana: Breves Reflexiones M\u00e1s All\u00e1 Del Clic\",\"datePublished\":\"2011-02-18T00:36:00+00:00\",\"dateModified\":\"2022-09-26T12:42:14+00:00\",\"mainEntityOfPage\":{\"@id\":\"https:\/\/www.fraczinet.cl\/sitio\/2011\/02\/18\/consulta-nacional-de-politicas-culturales-y-participacion-ciudadana-breves-reflexiones-mas-alla-del-clic\/\"},\"wordCount\":784,\"commentCount\":0,\"publisher\":{\"@id\":\"https:\/\/www.fraczinet.cl\/sitio\/#\/schema\/person\/aec8ee4da68df2b9b0eefdad24a0d582\"},\"image\":{\"@id\":\"https:\/\/www.fraczinet.cl\/sitio\/2011\/02\/18\/consulta-nacional-de-politicas-culturales-y-participacion-ciudadana-breves-reflexiones-mas-alla-del-clic\/#primaryimage\"},\"thumbnailUrl\":\"https:\/\/www.fraczinet.cl\/sitio\/wp-content\/uploads\/2011\/02\/Consulta-Opino-Cultura.jpg\",\"articleSection\":[\"Cultura\"],\"inLanguage\":\"es\",\"potentialAction\":[{\"@type\":\"CommentAction\",\"name\":\"Comment\",\"target\":[\"https:\/\/www.fraczinet.cl\/sitio\/2011\/02\/18\/consulta-nacional-de-politicas-culturales-y-participacion-ciudadana-breves-reflexiones-mas-alla-del-clic\/#respond\"]}]},{\"@type\":\"WebPage\",\"@id\":\"https:\/\/www.fraczinet.cl\/sitio\/2011\/02\/18\/consulta-nacional-de-politicas-culturales-y-participacion-ciudadana-breves-reflexiones-mas-alla-del-clic\/\",\"url\":\"https:\/\/www.fraczinet.cl\/sitio\/2011\/02\/18\/consulta-nacional-de-politicas-culturales-y-participacion-ciudadana-breves-reflexiones-mas-alla-del-clic\/\",\"name\":\"Consulta Nacional De Pol\u00edticas Culturales Y Participaci\u00f3n Ciudadana: Breves Reflexiones M\u00e1s All\u00e1 Del Clic - Nuestro Bio B\u00edo\",\"isPartOf\":{\"@id\":\"https:\/\/www.fraczinet.cl\/sitio\/#website\"},\"primaryImageOfPage\":{\"@id\":\"https:\/\/www.fraczinet.cl\/sitio\/2011\/02\/18\/consulta-nacional-de-politicas-culturales-y-participacion-ciudadana-breves-reflexiones-mas-alla-del-clic\/#primaryimage\"},\"image\":{\"@id\":\"https:\/\/www.fraczinet.cl\/sitio\/2011\/02\/18\/consulta-nacional-de-politicas-culturales-y-participacion-ciudadana-breves-reflexiones-mas-alla-del-clic\/#primaryimage\"},\"thumbnailUrl\":\"https:\/\/www.fraczinet.cl\/sitio\/wp-content\/uploads\/2011\/02\/Consulta-Opino-Cultura.jpg\",\"datePublished\":\"2011-02-18T00:36:00+00:00\",\"dateModified\":\"2022-09-26T12:42:14+00:00\",\"breadcrumb\":{\"@id\":\"https:\/\/www.fraczinet.cl\/sitio\/2011\/02\/18\/consulta-nacional-de-politicas-culturales-y-participacion-ciudadana-breves-reflexiones-mas-alla-del-clic\/#breadcrumb\"},\"inLanguage\":\"es\",\"potentialAction\":[{\"@type\":\"ReadAction\",\"target\":[\"https:\/\/www.fraczinet.cl\/sitio\/2011\/02\/18\/consulta-nacional-de-politicas-culturales-y-participacion-ciudadana-breves-reflexiones-mas-alla-del-clic\/\"]}]},{\"@type\":\"ImageObject\",\"inLanguage\":\"es\",\"@id\":\"https:\/\/www.fraczinet.cl\/sitio\/2011\/02\/18\/consulta-nacional-de-politicas-culturales-y-participacion-ciudadana-breves-reflexiones-mas-alla-del-clic\/#primaryimage\",\"url\":\"https:\/\/www.fraczinet.cl\/sitio\/wp-content\/uploads\/2011\/02\/Consulta-Opino-Cultura.jpg\",\"contentUrl\":\"https:\/\/www.fraczinet.cl\/sitio\/wp-content\/uploads\/2011\/02\/Consulta-Opino-Cultura.jpg\",\"width\":200,\"height\":150},{\"@type\":\"BreadcrumbList\",\"@id\":\"https:\/\/www.fraczinet.cl\/sitio\/2011\/02\/18\/consulta-nacional-de-politicas-culturales-y-participacion-ciudadana-breves-reflexiones-mas-alla-del-clic\/#breadcrumb\",\"itemListElement\":[{\"@type\":\"ListItem\",\"position\":1,\"name\":\"Portada\",\"item\":\"https:\/\/www.fraczinet.cl\/sitio\/\"},{\"@type\":\"ListItem\",\"position\":2,\"name\":\"Consulta Nacional De Pol\u00edticas Culturales Y Participaci\u00f3n Ciudadana: Breves Reflexiones M\u00e1s All\u00e1 Del Clic\"}]},{\"@type\":\"WebSite\",\"@id\":\"https:\/\/www.fraczinet.cl\/sitio\/#website\",\"url\":\"https:\/\/www.fraczinet.cl\/sitio\/\",\"name\":\"Nuestro Bio B\u00edo\",\"description\":\"Tierra de Encuentros\",\"publisher\":{\"@id\":\"https:\/\/www.fraczinet.cl\/sitio\/#\/schema\/person\/aec8ee4da68df2b9b0eefdad24a0d582\"},\"potentialAction\":[{\"@type\":\"SearchAction\",\"target\":{\"@type\":\"EntryPoint\",\"urlTemplate\":\"https:\/\/www.fraczinet.cl\/sitio\/?s={search_term_string}\"},\"query-input\":{\"@type\":\"PropertyValueSpecification\",\"valueRequired\":true,\"valueName\":\"search_term_string\"}}],\"inLanguage\":\"es\"},{\"@type\":[\"Person\",\"Organization\"],\"@id\":\"https:\/\/www.fraczinet.cl\/sitio\/#\/schema\/person\/aec8ee4da68df2b9b0eefdad24a0d582\",\"name\":\"Luis Fernando Fraczinet\",\"image\":{\"@type\":\"ImageObject\",\"inLanguage\":\"es\",\"@id\":\"https:\/\/www.fraczinet.cl\/sitio\/#\/schema\/person\/image\/\",\"url\":\"https:\/\/www.fraczinet.cl\/sitio\/wp-content\/uploads\/2021\/07\/bannerlogo-1.gif\",\"contentUrl\":\"https:\/\/www.fraczinet.cl\/sitio\/wp-content\/uploads\/2021\/07\/bannerlogo-1.gif\",\"width\":159,\"height\":79,\"caption\":\"Luis Fernando Fraczinet\"},\"logo\":{\"@id\":\"https:\/\/www.fraczinet.cl\/sitio\/#\/schema\/person\/image\/\"},\"sameAs\":[\"https:\/\/www.fraczinet.cl\/sitio\/\"]},{\"@type\":\"Person\",\"@id\":\"https:\/\/www.fraczinet.cl\/sitio\/#\/schema\/person\/bc30f98e9cb10ae7e119dbe14bc93784\",\"name\":\"admin\",\"image\":{\"@type\":\"ImageObject\",\"inLanguage\":\"es\",\"@id\":\"https:\/\/www.fraczinet.cl\/sitio\/#\/schema\/person\/image\/\",\"url\":\"https:\/\/secure.gravatar.com\/avatar\/d5ad3cf7ef3b23a2bb5be73be780c86b2fc8545c3ad6b149f3913ff458c00099?s=96&d=mm&r=g\",\"contentUrl\":\"https:\/\/secure.gravatar.com\/avatar\/d5ad3cf7ef3b23a2bb5be73be780c86b2fc8545c3ad6b149f3913ff458c00099?s=96&d=mm&r=g\",\"caption\":\"admin\"},\"sameAs\":[\"https:\/\/www.fraczinet.cl\/sitio\"]}]}<\/script>\n<!-- \/ Yoast SEO plugin. -->","yoast_head_json":{"title":"Consulta Nacional De Pol\u00edticas Culturales Y Participaci\u00f3n Ciudadana: Breves Reflexiones M\u00e1s All\u00e1 Del Clic - Nuestro Bio B\u00edo","robots":{"index":"index","follow":"follow","max-snippet":"max-snippet:-1","max-image-preview":"max-image-preview:large","max-video-preview":"max-video-preview:-1"},"canonical":"https:\/\/www.fraczinet.cl\/sitio\/2011\/02\/18\/consulta-nacional-de-politicas-culturales-y-participacion-ciudadana-breves-reflexiones-mas-alla-del-clic\/","og_locale":"es_ES","og_type":"article","og_title":"Consulta Nacional De Pol\u00edticas Culturales Y Participaci\u00f3n Ciudadana: Breves Reflexiones M\u00e1s All\u00e1 Del Clic - Nuestro Bio B\u00edo","og_description":"\u201cTanto que te gusta opinar, lleg\u00f3 el momento de hacerlo\u201d. Con esta consigna, el Consejo Nacional de la Cultura y las Artes anunci\u00f3 el 14 de febrero la realizaci\u00f3n de una \u201cconsulta ciudadana\u201d para la elaboraci\u00f3n de la nueva pol\u00edtica cultural. Junto con la peculiar frase, lo primero que llama la atenci\u00f3n del anuncio, es [&hellip;]","og_url":"https:\/\/www.fraczinet.cl\/sitio\/2011\/02\/18\/consulta-nacional-de-politicas-culturales-y-participacion-ciudadana-breves-reflexiones-mas-alla-del-clic\/","og_site_name":"Nuestro Bio B\u00edo","article_published_time":"2011-02-18T00:36:00+00:00","article_modified_time":"2022-09-26T12:42:14+00:00","og_image":[{"width":200,"height":150,"url":"https:\/\/www.fraczinet.cl\/sitio\/wp-content\/uploads\/2011\/02\/Consulta-Opino-Cultura.jpg","type":"image\/jpeg"}],"author":"admin","twitter_card":"summary_large_image","twitter_creator":"@nuestrobiobio","twitter_site":"@nuestrobiobio","twitter_misc":{"Escrito por":"admin","Tiempo de lectura":"4 minutos"},"schema":{"@context":"https:\/\/schema.org","@graph":[{"@type":"Article","@id":"https:\/\/www.fraczinet.cl\/sitio\/2011\/02\/18\/consulta-nacional-de-politicas-culturales-y-participacion-ciudadana-breves-reflexiones-mas-alla-del-clic\/#article","isPartOf":{"@id":"https:\/\/www.fraczinet.cl\/sitio\/2011\/02\/18\/consulta-nacional-de-politicas-culturales-y-participacion-ciudadana-breves-reflexiones-mas-alla-del-clic\/"},"author":{"name":"admin","@id":"https:\/\/www.fraczinet.cl\/sitio\/#\/schema\/person\/bc30f98e9cb10ae7e119dbe14bc93784"},"headline":"Consulta Nacional De Pol\u00edticas Culturales Y Participaci\u00f3n Ciudadana: Breves Reflexiones M\u00e1s All\u00e1 Del Clic","datePublished":"2011-02-18T00:36:00+00:00","dateModified":"2022-09-26T12:42:14+00:00","mainEntityOfPage":{"@id":"https:\/\/www.fraczinet.cl\/sitio\/2011\/02\/18\/consulta-nacional-de-politicas-culturales-y-participacion-ciudadana-breves-reflexiones-mas-alla-del-clic\/"},"wordCount":784,"commentCount":0,"publisher":{"@id":"https:\/\/www.fraczinet.cl\/sitio\/#\/schema\/person\/aec8ee4da68df2b9b0eefdad24a0d582"},"image":{"@id":"https:\/\/www.fraczinet.cl\/sitio\/2011\/02\/18\/consulta-nacional-de-politicas-culturales-y-participacion-ciudadana-breves-reflexiones-mas-alla-del-clic\/#primaryimage"},"thumbnailUrl":"https:\/\/www.fraczinet.cl\/sitio\/wp-content\/uploads\/2011\/02\/Consulta-Opino-Cultura.jpg","articleSection":["Cultura"],"inLanguage":"es","potentialAction":[{"@type":"CommentAction","name":"Comment","target":["https:\/\/www.fraczinet.cl\/sitio\/2011\/02\/18\/consulta-nacional-de-politicas-culturales-y-participacion-ciudadana-breves-reflexiones-mas-alla-del-clic\/#respond"]}]},{"@type":"WebPage","@id":"https:\/\/www.fraczinet.cl\/sitio\/2011\/02\/18\/consulta-nacional-de-politicas-culturales-y-participacion-ciudadana-breves-reflexiones-mas-alla-del-clic\/","url":"https:\/\/www.fraczinet.cl\/sitio\/2011\/02\/18\/consulta-nacional-de-politicas-culturales-y-participacion-ciudadana-breves-reflexiones-mas-alla-del-clic\/","name":"Consulta Nacional De Pol\u00edticas Culturales Y Participaci\u00f3n Ciudadana: Breves Reflexiones M\u00e1s All\u00e1 Del Clic - Nuestro Bio B\u00edo","isPartOf":{"@id":"https:\/\/www.fraczinet.cl\/sitio\/#website"},"primaryImageOfPage":{"@id":"https:\/\/www.fraczinet.cl\/sitio\/2011\/02\/18\/consulta-nacional-de-politicas-culturales-y-participacion-ciudadana-breves-reflexiones-mas-alla-del-clic\/#primaryimage"},"image":{"@id":"https:\/\/www.fraczinet.cl\/sitio\/2011\/02\/18\/consulta-nacional-de-politicas-culturales-y-participacion-ciudadana-breves-reflexiones-mas-alla-del-clic\/#primaryimage"},"thumbnailUrl":"https:\/\/www.fraczinet.cl\/sitio\/wp-content\/uploads\/2011\/02\/Consulta-Opino-Cultura.jpg","datePublished":"2011-02-18T00:36:00+00:00","dateModified":"2022-09-26T12:42:14+00:00","breadcrumb":{"@id":"https:\/\/www.fraczinet.cl\/sitio\/2011\/02\/18\/consulta-nacional-de-politicas-culturales-y-participacion-ciudadana-breves-reflexiones-mas-alla-del-clic\/#breadcrumb"},"inLanguage":"es","potentialAction":[{"@type":"ReadAction","target":["https:\/\/www.fraczinet.cl\/sitio\/2011\/02\/18\/consulta-nacional-de-politicas-culturales-y-participacion-ciudadana-breves-reflexiones-mas-alla-del-clic\/"]}]},{"@type":"ImageObject","inLanguage":"es","@id":"https:\/\/www.fraczinet.cl\/sitio\/2011\/02\/18\/consulta-nacional-de-politicas-culturales-y-participacion-ciudadana-breves-reflexiones-mas-alla-del-clic\/#primaryimage","url":"https:\/\/www.fraczinet.cl\/sitio\/wp-content\/uploads\/2011\/02\/Consulta-Opino-Cultura.jpg","contentUrl":"https:\/\/www.fraczinet.cl\/sitio\/wp-content\/uploads\/2011\/02\/Consulta-Opino-Cultura.jpg","width":200,"height":150},{"@type":"BreadcrumbList","@id":"https:\/\/www.fraczinet.cl\/sitio\/2011\/02\/18\/consulta-nacional-de-politicas-culturales-y-participacion-ciudadana-breves-reflexiones-mas-alla-del-clic\/#breadcrumb","itemListElement":[{"@type":"ListItem","position":1,"name":"Portada","item":"https:\/\/www.fraczinet.cl\/sitio\/"},{"@type":"ListItem","position":2,"name":"Consulta Nacional De Pol\u00edticas Culturales Y Participaci\u00f3n Ciudadana: Breves Reflexiones M\u00e1s All\u00e1 Del Clic"}]},{"@type":"WebSite","@id":"https:\/\/www.fraczinet.cl\/sitio\/#website","url":"https:\/\/www.fraczinet.cl\/sitio\/","name":"Nuestro Bio B\u00edo","description":"Tierra de Encuentros","publisher":{"@id":"https:\/\/www.fraczinet.cl\/sitio\/#\/schema\/person\/aec8ee4da68df2b9b0eefdad24a0d582"},"potentialAction":[{"@type":"SearchAction","target":{"@type":"EntryPoint","urlTemplate":"https:\/\/www.fraczinet.cl\/sitio\/?s={search_term_string}"},"query-input":{"@type":"PropertyValueSpecification","valueRequired":true,"valueName":"search_term_string"}}],"inLanguage":"es"},{"@type":["Person","Organization"],"@id":"https:\/\/www.fraczinet.cl\/sitio\/#\/schema\/person\/aec8ee4da68df2b9b0eefdad24a0d582","name":"Luis Fernando Fraczinet","image":{"@type":"ImageObject","inLanguage":"es","@id":"https:\/\/www.fraczinet.cl\/sitio\/#\/schema\/person\/image\/","url":"https:\/\/www.fraczinet.cl\/sitio\/wp-content\/uploads\/2021\/07\/bannerlogo-1.gif","contentUrl":"https:\/\/www.fraczinet.cl\/sitio\/wp-content\/uploads\/2021\/07\/bannerlogo-1.gif","width":159,"height":79,"caption":"Luis Fernando Fraczinet"},"logo":{"@id":"https:\/\/www.fraczinet.cl\/sitio\/#\/schema\/person\/image\/"},"sameAs":["https:\/\/www.fraczinet.cl\/sitio\/"]},{"@type":"Person","@id":"https:\/\/www.fraczinet.cl\/sitio\/#\/schema\/person\/bc30f98e9cb10ae7e119dbe14bc93784","name":"admin","image":{"@type":"ImageObject","inLanguage":"es","@id":"https:\/\/www.fraczinet.cl\/sitio\/#\/schema\/person\/image\/","url":"https:\/\/secure.gravatar.com\/avatar\/d5ad3cf7ef3b23a2bb5be73be780c86b2fc8545c3ad6b149f3913ff458c00099?s=96&d=mm&r=g","contentUrl":"https:\/\/secure.gravatar.com\/avatar\/d5ad3cf7ef3b23a2bb5be73be780c86b2fc8545c3ad6b149f3913ff458c00099?s=96&d=mm&r=g","caption":"admin"},"sameAs":["https:\/\/www.fraczinet.cl\/sitio"]}]}},"_links":{"self":[{"href":"https:\/\/www.fraczinet.cl\/sitio\/wp-json\/wp\/v2\/posts\/8891","targetHints":{"allow":["GET"]}}],"collection":[{"href":"https:\/\/www.fraczinet.cl\/sitio\/wp-json\/wp\/v2\/posts"}],"about":[{"href":"https:\/\/www.fraczinet.cl\/sitio\/wp-json\/wp\/v2\/types\/post"}],"author":[{"embeddable":true,"href":"https:\/\/www.fraczinet.cl\/sitio\/wp-json\/wp\/v2\/users\/1"}],"replies":[{"embeddable":true,"href":"https:\/\/www.fraczinet.cl\/sitio\/wp-json\/wp\/v2\/comments?post=8891"}],"version-history":[{"count":1,"href":"https:\/\/www.fraczinet.cl\/sitio\/wp-json\/wp\/v2\/posts\/8891\/revisions"}],"predecessor-version":[{"id":13507,"href":"https:\/\/www.fraczinet.cl\/sitio\/wp-json\/wp\/v2\/posts\/8891\/revisions\/13507"}],"wp:featuredmedia":[{"embeddable":true,"href":"https:\/\/www.fraczinet.cl\/sitio\/wp-json\/wp\/v2\/media\/13505"}],"wp:attachment":[{"href":"https:\/\/www.fraczinet.cl\/sitio\/wp-json\/wp\/v2\/media?parent=8891"}],"wp:term":[{"taxonomy":"category","embeddable":true,"href":"https:\/\/www.fraczinet.cl\/sitio\/wp-json\/wp\/v2\/categories?post=8891"},{"taxonomy":"post_tag","embeddable":true,"href":"https:\/\/www.fraczinet.cl\/sitio\/wp-json\/wp\/v2\/tags?post=8891"}],"curies":[{"name":"wp","href":"https:\/\/api.w.org\/{rel}","templated":true}]}}