{"id":8913,"date":"2011-02-04T15:51:00","date_gmt":"2011-02-04T15:51:00","guid":{"rendered":"https:\/\/www.fraczinet.cl\/sitio\/2011\/02\/04\/fuerza-y-pasion-del-flamenco-en-el-parque-alessandri\/"},"modified":"2022-09-27T00:47:48","modified_gmt":"2022-09-27T00:47:48","slug":"fuerza-y-pasion-del-flamenco-en-el-parque-alessandri","status":"publish","type":"post","link":"https:\/\/www.fraczinet.cl\/sitio\/2011\/02\/04\/fuerza-y-pasion-del-flamenco-en-el-parque-alessandri\/","title":{"rendered":"Fuerza Y Pasi\u00f3n Del Flamenco En El Parque Alessandri"},"content":{"rendered":"<p>Este s\u00e1bado 05 de febrero la invitaci\u00f3n a partir de las 15:00 hrs. en nuestra zona infantil, los m\u00e1s peque\u00f1itos podr\u00e1n realizar entretenidas creaciones en el taller de Disfraces de Papel, luego en nuestra Plaza a las 15:00 hrs. la exposici\u00f3n \u201cAntejard\u00edn\u201d de Armando Cruces nos invita a disfrutar de los detalles de la naturaleza plasmada en su obra. Para continuar nuestra actividad, a las 17:00 hrs. en nuestros jardines, la compa\u00f1\u00eda Pasi\u00f3n Gitana, dirigido por la profesora Claudia Borlando, nos presentar\u00e1 un recorrido por el flamenco y bailes tradicionales del folclore espa\u00f1ol.<\/p>\n<p>Para finalizar la jornada en nuestro Anfiteatro desde las 18:00 hrs., la compa\u00f1\u00eda de flamenco ZAMBRA, nos deleitaran con un variado repertorio de cante y baile cal\u00e9, destacando palos como los tangos, alegr\u00edas, solea por buler\u00edas, entre otros.<\/p>\n<p>La invitaci\u00f3n es entonces, este s\u00e1bado 05 de febrero, a disfrutar de una nueva propuesta cultural del Parque Alessandri en donde nuestro recinto se vestir\u00e1 de fiesta, alegr\u00eda y gracia, con toda la fuerza de la m\u00fasica y el baile flamenco.<\/p>\n<p>Adem\u00e1s los fines de semanas quienes deseen combinar el arte con la naturaleza a las 16:00 hrs, previa inscripci\u00f3n, realizamos \u201cEl Paseo Impresionista\u201d un recorrido \u00fanico en nuestra regi\u00f3n que invita a cada viajero a crear e inspirarse en la naturaleza de nuestra zona para dar vida a las m\u00e1s bellas obras de arte al estilo de grandes impresionistas del siglo XIX, como Monet, Renoir, Seurat, quienes atril en mano dejaron sus talleres para inspirarse en la naturaleza.<\/p>\n<p>Los esperamos y recuerda que la entrada a todas nuestras actividades es completamente gratuita!!!<\/p>\n<p>Saludos cordiales,<\/p>\n<p>Parque Educativo Jorge Alessandri<br \/>\nTel\u00e9fono 2857404<\/p>\n","protected":false},"excerpt":{"rendered":"<p>Este s\u00e1bado 05 de febrero la invitaci\u00f3n a partir de las 15:00 hrs. en nuestra zona infantil, los m\u00e1s peque\u00f1itos podr\u00e1n realizar entretenidas creaciones en el taller de Disfraces de Papel, luego en nuestra Plaza a las 15:00 hrs. la exposici\u00f3n \u201cAntejard\u00edn\u201d de Armando Cruces nos invita a disfrutar de los detalles de la naturaleza [&hellip;]<\/p>\n","protected":false},"author":1,"featured_media":13510,"comment_status":"open","ping_status":"open","sticky":false,"template":"","format":"standard","meta":{"footnotes":""},"categories":[212],"tags":[],"class_list":["post-8913","post","type-post","status-publish","format-standard","has-post-thumbnail","hentry","category-danza"],"yoast_head":"<!-- This site is optimized with the Yoast SEO plugin v25.0 - https:\/\/yoast.com\/wordpress\/plugins\/seo\/ -->\n<title>Fuerza Y Pasi\u00f3n Del Flamenco En El Parque Alessandri - Nuestro Bio B\u00edo<\/title>\n<meta name=\"robots\" content=\"index, follow, max-snippet:-1, max-image-preview:large, max-video-preview:-1\" \/>\n<link rel=\"canonical\" href=\"https:\/\/www.fraczinet.cl\/sitio\/2011\/02\/04\/fuerza-y-pasion-del-flamenco-en-el-parque-alessandri\/\" \/>\n<meta property=\"og:locale\" content=\"es_ES\" \/>\n<meta property=\"og:type\" content=\"article\" \/>\n<meta property=\"og:title\" content=\"Fuerza Y Pasi\u00f3n Del Flamenco En El Parque Alessandri - Nuestro Bio B\u00edo\" \/>\n<meta property=\"og:description\" content=\"Este s\u00e1bado 05 de febrero la invitaci\u00f3n a partir de las 15:00 hrs. en nuestra zona infantil, los m\u00e1s peque\u00f1itos podr\u00e1n realizar entretenidas creaciones en el taller de Disfraces de Papel, luego en nuestra Plaza a las 15:00 hrs. la exposici\u00f3n \u201cAntejard\u00edn\u201d de Armando Cruces nos invita a disfrutar de los detalles de la naturaleza [&hellip;]\" \/>\n<meta property=\"og:url\" content=\"https:\/\/www.fraczinet.cl\/sitio\/2011\/02\/04\/fuerza-y-pasion-del-flamenco-en-el-parque-alessandri\/\" \/>\n<meta property=\"og:site_name\" content=\"Nuestro Bio B\u00edo\" \/>\n<meta property=\"article:published_time\" content=\"2011-02-04T15:51:00+00:00\" \/>\n<meta property=\"article:modified_time\" content=\"2022-09-27T00:47:48+00:00\" \/>\n<meta property=\"og:image\" content=\"https:\/\/www.fraczinet.cl\/sitio\/wp-content\/uploads\/2011\/02\/foto11.jpeg\" \/>\n\t<meta property=\"og:image:width\" content=\"236\" \/>\n\t<meta property=\"og:image:height\" content=\"177\" \/>\n\t<meta property=\"og:image:type\" content=\"image\/jpeg\" \/>\n<meta name=\"author\" content=\"admin\" \/>\n<meta name=\"twitter:card\" content=\"summary_large_image\" \/>\n<meta name=\"twitter:creator\" content=\"@nuestrobiobio\" \/>\n<meta name=\"twitter:site\" content=\"@nuestrobiobio\" \/>\n<meta name=\"twitter:label1\" content=\"Escrito por\" \/>\n\t<meta name=\"twitter:data1\" content=\"admin\" \/>\n\t<meta name=\"twitter:label2\" content=\"Tiempo de lectura\" \/>\n\t<meta name=\"twitter:data2\" content=\"1 minuto\" \/>\n<script type=\"application\/ld+json\" class=\"yoast-schema-graph\">{\"@context\":\"https:\/\/schema.org\",\"@graph\":[{\"@type\":\"Article\",\"@id\":\"https:\/\/www.fraczinet.cl\/sitio\/2011\/02\/04\/fuerza-y-pasion-del-flamenco-en-el-parque-alessandri\/#article\",\"isPartOf\":{\"@id\":\"https:\/\/www.fraczinet.cl\/sitio\/2011\/02\/04\/fuerza-y-pasion-del-flamenco-en-el-parque-alessandri\/\"},\"author\":{\"name\":\"admin\",\"@id\":\"https:\/\/www.fraczinet.cl\/sitio\/#\/schema\/person\/bc30f98e9cb10ae7e119dbe14bc93784\"},\"headline\":\"Fuerza Y Pasi\u00f3n Del Flamenco En El Parque Alessandri\",\"datePublished\":\"2011-02-04T15:51:00+00:00\",\"dateModified\":\"2022-09-27T00:47:48+00:00\",\"mainEntityOfPage\":{\"@id\":\"https:\/\/www.fraczinet.cl\/sitio\/2011\/02\/04\/fuerza-y-pasion-del-flamenco-en-el-parque-alessandri\/\"},\"wordCount\":296,\"commentCount\":0,\"publisher\":{\"@id\":\"https:\/\/www.fraczinet.cl\/sitio\/#\/schema\/person\/aec8ee4da68df2b9b0eefdad24a0d582\"},\"image\":{\"@id\":\"https:\/\/www.fraczinet.cl\/sitio\/2011\/02\/04\/fuerza-y-pasion-del-flamenco-en-el-parque-alessandri\/#primaryimage\"},\"thumbnailUrl\":\"https:\/\/www.fraczinet.cl\/sitio\/wp-content\/uploads\/2011\/02\/foto11.jpeg\",\"articleSection\":[\"Danza\"],\"inLanguage\":\"es\",\"potentialAction\":[{\"@type\":\"CommentAction\",\"name\":\"Comment\",\"target\":[\"https:\/\/www.fraczinet.cl\/sitio\/2011\/02\/04\/fuerza-y-pasion-del-flamenco-en-el-parque-alessandri\/#respond\"]}]},{\"@type\":\"WebPage\",\"@id\":\"https:\/\/www.fraczinet.cl\/sitio\/2011\/02\/04\/fuerza-y-pasion-del-flamenco-en-el-parque-alessandri\/\",\"url\":\"https:\/\/www.fraczinet.cl\/sitio\/2011\/02\/04\/fuerza-y-pasion-del-flamenco-en-el-parque-alessandri\/\",\"name\":\"Fuerza Y Pasi\u00f3n Del Flamenco En El Parque Alessandri - Nuestro Bio B\u00edo\",\"isPartOf\":{\"@id\":\"https:\/\/www.fraczinet.cl\/sitio\/#website\"},\"primaryImageOfPage\":{\"@id\":\"https:\/\/www.fraczinet.cl\/sitio\/2011\/02\/04\/fuerza-y-pasion-del-flamenco-en-el-parque-alessandri\/#primaryimage\"},\"image\":{\"@id\":\"https:\/\/www.fraczinet.cl\/sitio\/2011\/02\/04\/fuerza-y-pasion-del-flamenco-en-el-parque-alessandri\/#primaryimage\"},\"thumbnailUrl\":\"https:\/\/www.fraczinet.cl\/sitio\/wp-content\/uploads\/2011\/02\/foto11.jpeg\",\"datePublished\":\"2011-02-04T15:51:00+00:00\",\"dateModified\":\"2022-09-27T00:47:48+00:00\",\"breadcrumb\":{\"@id\":\"https:\/\/www.fraczinet.cl\/sitio\/2011\/02\/04\/fuerza-y-pasion-del-flamenco-en-el-parque-alessandri\/#breadcrumb\"},\"inLanguage\":\"es\",\"potentialAction\":[{\"@type\":\"ReadAction\",\"target\":[\"https:\/\/www.fraczinet.cl\/sitio\/2011\/02\/04\/fuerza-y-pasion-del-flamenco-en-el-parque-alessandri\/\"]}]},{\"@type\":\"ImageObject\",\"inLanguage\":\"es\",\"@id\":\"https:\/\/www.fraczinet.cl\/sitio\/2011\/02\/04\/fuerza-y-pasion-del-flamenco-en-el-parque-alessandri\/#primaryimage\",\"url\":\"https:\/\/www.fraczinet.cl\/sitio\/wp-content\/uploads\/2011\/02\/foto11.jpeg\",\"contentUrl\":\"https:\/\/www.fraczinet.cl\/sitio\/wp-content\/uploads\/2011\/02\/foto11.jpeg\",\"width\":236,\"height\":177},{\"@type\":\"BreadcrumbList\",\"@id\":\"https:\/\/www.fraczinet.cl\/sitio\/2011\/02\/04\/fuerza-y-pasion-del-flamenco-en-el-parque-alessandri\/#breadcrumb\",\"itemListElement\":[{\"@type\":\"ListItem\",\"position\":1,\"name\":\"Portada\",\"item\":\"https:\/\/www.fraczinet.cl\/sitio\/\"},{\"@type\":\"ListItem\",\"position\":2,\"name\":\"Fuerza Y Pasi\u00f3n Del Flamenco En El Parque Alessandri\"}]},{\"@type\":\"WebSite\",\"@id\":\"https:\/\/www.fraczinet.cl\/sitio\/#website\",\"url\":\"https:\/\/www.fraczinet.cl\/sitio\/\",\"name\":\"Nuestro Bio B\u00edo\",\"description\":\"Tierra de Encuentros\",\"publisher\":{\"@id\":\"https:\/\/www.fraczinet.cl\/sitio\/#\/schema\/person\/aec8ee4da68df2b9b0eefdad24a0d582\"},\"potentialAction\":[{\"@type\":\"SearchAction\",\"target\":{\"@type\":\"EntryPoint\",\"urlTemplate\":\"https:\/\/www.fraczinet.cl\/sitio\/?s={search_term_string}\"},\"query-input\":{\"@type\":\"PropertyValueSpecification\",\"valueRequired\":true,\"valueName\":\"search_term_string\"}}],\"inLanguage\":\"es\"},{\"@type\":[\"Person\",\"Organization\"],\"@id\":\"https:\/\/www.fraczinet.cl\/sitio\/#\/schema\/person\/aec8ee4da68df2b9b0eefdad24a0d582\",\"name\":\"Luis Fernando Fraczinet\",\"image\":{\"@type\":\"ImageObject\",\"inLanguage\":\"es\",\"@id\":\"https:\/\/www.fraczinet.cl\/sitio\/#\/schema\/person\/image\/\",\"url\":\"https:\/\/www.fraczinet.cl\/sitio\/wp-content\/uploads\/2021\/07\/bannerlogo-1.gif\",\"contentUrl\":\"https:\/\/www.fraczinet.cl\/sitio\/wp-content\/uploads\/2021\/07\/bannerlogo-1.gif\",\"width\":159,\"height\":79,\"caption\":\"Luis Fernando Fraczinet\"},\"logo\":{\"@id\":\"https:\/\/www.fraczinet.cl\/sitio\/#\/schema\/person\/image\/\"},\"sameAs\":[\"https:\/\/www.fraczinet.cl\/sitio\/\"]},{\"@type\":\"Person\",\"@id\":\"https:\/\/www.fraczinet.cl\/sitio\/#\/schema\/person\/bc30f98e9cb10ae7e119dbe14bc93784\",\"name\":\"admin\",\"image\":{\"@type\":\"ImageObject\",\"inLanguage\":\"es\",\"@id\":\"https:\/\/www.fraczinet.cl\/sitio\/#\/schema\/person\/image\/\",\"url\":\"https:\/\/secure.gravatar.com\/avatar\/d5ad3cf7ef3b23a2bb5be73be780c86b2fc8545c3ad6b149f3913ff458c00099?s=96&d=mm&r=g\",\"contentUrl\":\"https:\/\/secure.gravatar.com\/avatar\/d5ad3cf7ef3b23a2bb5be73be780c86b2fc8545c3ad6b149f3913ff458c00099?s=96&d=mm&r=g\",\"caption\":\"admin\"},\"sameAs\":[\"https:\/\/www.fraczinet.cl\/sitio\"]}]}<\/script>\n<!-- \/ Yoast SEO plugin. -->","yoast_head_json":{"title":"Fuerza Y Pasi\u00f3n Del Flamenco En El Parque Alessandri - Nuestro Bio B\u00edo","robots":{"index":"index","follow":"follow","max-snippet":"max-snippet:-1","max-image-preview":"max-image-preview:large","max-video-preview":"max-video-preview:-1"},"canonical":"https:\/\/www.fraczinet.cl\/sitio\/2011\/02\/04\/fuerza-y-pasion-del-flamenco-en-el-parque-alessandri\/","og_locale":"es_ES","og_type":"article","og_title":"Fuerza Y Pasi\u00f3n Del Flamenco En El Parque Alessandri - Nuestro Bio B\u00edo","og_description":"Este s\u00e1bado 05 de febrero la invitaci\u00f3n a partir de las 15:00 hrs. en nuestra zona infantil, los m\u00e1s peque\u00f1itos podr\u00e1n realizar entretenidas creaciones en el taller de Disfraces de Papel, luego en nuestra Plaza a las 15:00 hrs. la exposici\u00f3n \u201cAntejard\u00edn\u201d de Armando Cruces nos invita a disfrutar de los detalles de la naturaleza [&hellip;]","og_url":"https:\/\/www.fraczinet.cl\/sitio\/2011\/02\/04\/fuerza-y-pasion-del-flamenco-en-el-parque-alessandri\/","og_site_name":"Nuestro Bio B\u00edo","article_published_time":"2011-02-04T15:51:00+00:00","article_modified_time":"2022-09-27T00:47:48+00:00","og_image":[{"width":236,"height":177,"url":"https:\/\/www.fraczinet.cl\/sitio\/wp-content\/uploads\/2011\/02\/foto11.jpeg","type":"image\/jpeg"}],"author":"admin","twitter_card":"summary_large_image","twitter_creator":"@nuestrobiobio","twitter_site":"@nuestrobiobio","twitter_misc":{"Escrito por":"admin","Tiempo de lectura":"1 minuto"},"schema":{"@context":"https:\/\/schema.org","@graph":[{"@type":"Article","@id":"https:\/\/www.fraczinet.cl\/sitio\/2011\/02\/04\/fuerza-y-pasion-del-flamenco-en-el-parque-alessandri\/#article","isPartOf":{"@id":"https:\/\/www.fraczinet.cl\/sitio\/2011\/02\/04\/fuerza-y-pasion-del-flamenco-en-el-parque-alessandri\/"},"author":{"name":"admin","@id":"https:\/\/www.fraczinet.cl\/sitio\/#\/schema\/person\/bc30f98e9cb10ae7e119dbe14bc93784"},"headline":"Fuerza Y Pasi\u00f3n Del Flamenco En El Parque Alessandri","datePublished":"2011-02-04T15:51:00+00:00","dateModified":"2022-09-27T00:47:48+00:00","mainEntityOfPage":{"@id":"https:\/\/www.fraczinet.cl\/sitio\/2011\/02\/04\/fuerza-y-pasion-del-flamenco-en-el-parque-alessandri\/"},"wordCount":296,"commentCount":0,"publisher":{"@id":"https:\/\/www.fraczinet.cl\/sitio\/#\/schema\/person\/aec8ee4da68df2b9b0eefdad24a0d582"},"image":{"@id":"https:\/\/www.fraczinet.cl\/sitio\/2011\/02\/04\/fuerza-y-pasion-del-flamenco-en-el-parque-alessandri\/#primaryimage"},"thumbnailUrl":"https:\/\/www.fraczinet.cl\/sitio\/wp-content\/uploads\/2011\/02\/foto11.jpeg","articleSection":["Danza"],"inLanguage":"es","potentialAction":[{"@type":"CommentAction","name":"Comment","target":["https:\/\/www.fraczinet.cl\/sitio\/2011\/02\/04\/fuerza-y-pasion-del-flamenco-en-el-parque-alessandri\/#respond"]}]},{"@type":"WebPage","@id":"https:\/\/www.fraczinet.cl\/sitio\/2011\/02\/04\/fuerza-y-pasion-del-flamenco-en-el-parque-alessandri\/","url":"https:\/\/www.fraczinet.cl\/sitio\/2011\/02\/04\/fuerza-y-pasion-del-flamenco-en-el-parque-alessandri\/","name":"Fuerza Y Pasi\u00f3n Del Flamenco En El Parque Alessandri - Nuestro Bio B\u00edo","isPartOf":{"@id":"https:\/\/www.fraczinet.cl\/sitio\/#website"},"primaryImageOfPage":{"@id":"https:\/\/www.fraczinet.cl\/sitio\/2011\/02\/04\/fuerza-y-pasion-del-flamenco-en-el-parque-alessandri\/#primaryimage"},"image":{"@id":"https:\/\/www.fraczinet.cl\/sitio\/2011\/02\/04\/fuerza-y-pasion-del-flamenco-en-el-parque-alessandri\/#primaryimage"},"thumbnailUrl":"https:\/\/www.fraczinet.cl\/sitio\/wp-content\/uploads\/2011\/02\/foto11.jpeg","datePublished":"2011-02-04T15:51:00+00:00","dateModified":"2022-09-27T00:47:48+00:00","breadcrumb":{"@id":"https:\/\/www.fraczinet.cl\/sitio\/2011\/02\/04\/fuerza-y-pasion-del-flamenco-en-el-parque-alessandri\/#breadcrumb"},"inLanguage":"es","potentialAction":[{"@type":"ReadAction","target":["https:\/\/www.fraczinet.cl\/sitio\/2011\/02\/04\/fuerza-y-pasion-del-flamenco-en-el-parque-alessandri\/"]}]},{"@type":"ImageObject","inLanguage":"es","@id":"https:\/\/www.fraczinet.cl\/sitio\/2011\/02\/04\/fuerza-y-pasion-del-flamenco-en-el-parque-alessandri\/#primaryimage","url":"https:\/\/www.fraczinet.cl\/sitio\/wp-content\/uploads\/2011\/02\/foto11.jpeg","contentUrl":"https:\/\/www.fraczinet.cl\/sitio\/wp-content\/uploads\/2011\/02\/foto11.jpeg","width":236,"height":177},{"@type":"BreadcrumbList","@id":"https:\/\/www.fraczinet.cl\/sitio\/2011\/02\/04\/fuerza-y-pasion-del-flamenco-en-el-parque-alessandri\/#breadcrumb","itemListElement":[{"@type":"ListItem","position":1,"name":"Portada","item":"https:\/\/www.fraczinet.cl\/sitio\/"},{"@type":"ListItem","position":2,"name":"Fuerza Y Pasi\u00f3n Del Flamenco En El Parque Alessandri"}]},{"@type":"WebSite","@id":"https:\/\/www.fraczinet.cl\/sitio\/#website","url":"https:\/\/www.fraczinet.cl\/sitio\/","name":"Nuestro Bio B\u00edo","description":"Tierra de Encuentros","publisher":{"@id":"https:\/\/www.fraczinet.cl\/sitio\/#\/schema\/person\/aec8ee4da68df2b9b0eefdad24a0d582"},"potentialAction":[{"@type":"SearchAction","target":{"@type":"EntryPoint","urlTemplate":"https:\/\/www.fraczinet.cl\/sitio\/?s={search_term_string}"},"query-input":{"@type":"PropertyValueSpecification","valueRequired":true,"valueName":"search_term_string"}}],"inLanguage":"es"},{"@type":["Person","Organization"],"@id":"https:\/\/www.fraczinet.cl\/sitio\/#\/schema\/person\/aec8ee4da68df2b9b0eefdad24a0d582","name":"Luis Fernando Fraczinet","image":{"@type":"ImageObject","inLanguage":"es","@id":"https:\/\/www.fraczinet.cl\/sitio\/#\/schema\/person\/image\/","url":"https:\/\/www.fraczinet.cl\/sitio\/wp-content\/uploads\/2021\/07\/bannerlogo-1.gif","contentUrl":"https:\/\/www.fraczinet.cl\/sitio\/wp-content\/uploads\/2021\/07\/bannerlogo-1.gif","width":159,"height":79,"caption":"Luis Fernando Fraczinet"},"logo":{"@id":"https:\/\/www.fraczinet.cl\/sitio\/#\/schema\/person\/image\/"},"sameAs":["https:\/\/www.fraczinet.cl\/sitio\/"]},{"@type":"Person","@id":"https:\/\/www.fraczinet.cl\/sitio\/#\/schema\/person\/bc30f98e9cb10ae7e119dbe14bc93784","name":"admin","image":{"@type":"ImageObject","inLanguage":"es","@id":"https:\/\/www.fraczinet.cl\/sitio\/#\/schema\/person\/image\/","url":"https:\/\/secure.gravatar.com\/avatar\/d5ad3cf7ef3b23a2bb5be73be780c86b2fc8545c3ad6b149f3913ff458c00099?s=96&d=mm&r=g","contentUrl":"https:\/\/secure.gravatar.com\/avatar\/d5ad3cf7ef3b23a2bb5be73be780c86b2fc8545c3ad6b149f3913ff458c00099?s=96&d=mm&r=g","caption":"admin"},"sameAs":["https:\/\/www.fraczinet.cl\/sitio"]}]}},"_links":{"self":[{"href":"https:\/\/www.fraczinet.cl\/sitio\/wp-json\/wp\/v2\/posts\/8913","targetHints":{"allow":["GET"]}}],"collection":[{"href":"https:\/\/www.fraczinet.cl\/sitio\/wp-json\/wp\/v2\/posts"}],"about":[{"href":"https:\/\/www.fraczinet.cl\/sitio\/wp-json\/wp\/v2\/types\/post"}],"author":[{"embeddable":true,"href":"https:\/\/www.fraczinet.cl\/sitio\/wp-json\/wp\/v2\/users\/1"}],"replies":[{"embeddable":true,"href":"https:\/\/www.fraczinet.cl\/sitio\/wp-json\/wp\/v2\/comments?post=8913"}],"version-history":[{"count":1,"href":"https:\/\/www.fraczinet.cl\/sitio\/wp-json\/wp\/v2\/posts\/8913\/revisions"}],"predecessor-version":[{"id":13511,"href":"https:\/\/www.fraczinet.cl\/sitio\/wp-json\/wp\/v2\/posts\/8913\/revisions\/13511"}],"wp:featuredmedia":[{"embeddable":true,"href":"https:\/\/www.fraczinet.cl\/sitio\/wp-json\/wp\/v2\/media\/13510"}],"wp:attachment":[{"href":"https:\/\/www.fraczinet.cl\/sitio\/wp-json\/wp\/v2\/media?parent=8913"}],"wp:term":[{"taxonomy":"category","embeddable":true,"href":"https:\/\/www.fraczinet.cl\/sitio\/wp-json\/wp\/v2\/categories?post=8913"},{"taxonomy":"post_tag","embeddable":true,"href":"https:\/\/www.fraczinet.cl\/sitio\/wp-json\/wp\/v2\/tags?post=8913"}],"curies":[{"name":"wp","href":"https:\/\/api.w.org\/{rel}","templated":true}]}}