{"id":8919,"date":"2011-01-31T22:09:00","date_gmt":"2011-01-31T22:09:00","guid":{"rendered":"https:\/\/www.fraczinet.cl\/sitio\/2011\/01\/31\/taiwan-invita-a-escolares-chilenos-a-participar-en-exposicion-mundial-de-arte\/"},"modified":"2011-01-31T22:09:00","modified_gmt":"2011-01-31T22:09:00","slug":"taiwan-invita-a-escolares-chilenos-a-participar-en-exposicion-mundial-de-arte","status":"publish","type":"post","link":"https:\/\/www.fraczinet.cl\/sitio\/2011\/01\/31\/taiwan-invita-a-escolares-chilenos-a-participar-en-exposicion-mundial-de-arte\/","title":{"rendered":"Taiw\u00e1n Invita A Escolares Chilenos A Participar En Exposici\u00f3n Mundial De Arte"},"content":{"rendered":"<p><a href=\"http:\/\/2.bp.blogspot.com\/_2S_RxGRVjis\/TUczn3eV7GI\/AAAAAAAASGg\/RCaBdAeNXf8\/s1600\/expo%2Barte%2Bescolar.jpg\" style=\"clear: left; float: left; margin-bottom: 1em; margin-right: 1em;\"><img decoding=\"async\" alt=\"\" border=\"0\" id=\"BLOGGER_PHOTO_ID_5568476224266038370\" src=\"https:\/\/2.bp.blogspot.com\/_2S_RxGRVjis\/TUczn3eV7GI\/AAAAAAAASGg\/RCaBdAeNXf8\/s400\/expo%2Barte%2Bescolar.jpg\" style=\"height: 400px; width: 261px;\" \/><\/a><\/p>\n<div style=\"text-align: justify;\">Entre el 25 de agosto y el 27 de septiembre de 2011, tendr\u00e1 lugar la 42\u00aa Exposici\u00f3n Mundial de Arte Escolar, a desarrollarse en Taipei, Taiw\u00e1n, a la que est\u00e1n invitados a participar los ni\u00f1os de todo el mundo.<\/div>\n<p><\/p>\n<div style=\"text-align: justify;\"><\/div>\n<div style=\"text-align: justify;\">Organizada por la Asociaci\u00f3n para la Educaci\u00f3n a Trav\u00e9s del Arte y la Asociaci\u00f3n para la Educaci\u00f3n Formativa Art\u00edstica de Taiw\u00e1n, el prop\u00f3sito de esta muestra es promover el entendimiento mutuo y la amistad entre las generaciones m\u00e1s j\u00f3venes del mundo mediante el intercambio cultural, en este caso a trav\u00e9s del arte infantil. <\/div>\n<div style=\"text-align: justify;\"><\/div>\n<div style=\"text-align: justify;\">Podr\u00e1n participar escolares entre los 6 y los 15 a\u00f1os, en las t\u00e9cnicas de pintura al \u00f3leo, acuarela, grabado en madera, dibujo a l\u00e1piz, l\u00e1piz de cera, pastel, collage, grabado al aguafuerte, dise\u00f1o, etc.; y el tama\u00f1o de la obra no debe exceder de los 55 cm. x 40 cm.  <\/div>\n<div style=\"text-align: justify;\"><\/div>\n<div style=\"text-align: justify;\">Cada pa\u00eds podr\u00e1 participar con un m\u00e1ximo de 60 obras y cada ni\u00f1o puede participar s\u00f3lo con un (1) trabajo; siendo el 20 de abril de 2011 la fecha l\u00edmite para que estos trabajos lleguen a la Asociaci\u00f3n para la Educaci\u00f3n a Trav\u00e9s del Arte de Taiw\u00e1n (The Association for Education through Art of the Republic of China, No.47, Nanhai Road, Taipei, Taiwan, R.O.C.)<\/div>\n<div style=\"text-align: justify;\"><\/div>\n<div style=\"text-align: justify;\">Para mayores antecedentes, se puede consultar la P\u00e1gina Web: <a href=\"http:\/\/ed.arte.gov.tw\/\">http:\/\/ed.arte.gov.tw<\/a> de la Asociaci\u00f3n para la Educaci\u00f3n a Trav\u00e9s del Arte de Taiw\u00e1n o al e-mail: divisionprensa.taiwan@gmail.com.<\/div>\n","protected":false},"excerpt":{"rendered":"<p>Entre el 25 de agosto y el 27 de septiembre de 2011, tendr\u00e1 lugar la 42\u00aa Exposici\u00f3n Mundial de Arte Escolar, a desarrollarse en Taipei, Taiw\u00e1n, a la que est\u00e1n invitados a participar los ni\u00f1os de todo el mundo. Organizada por la Asociaci\u00f3n para la Educaci\u00f3n a Trav\u00e9s del Arte y la Asociaci\u00f3n para la [&hellip;]<\/p>\n","protected":false},"author":1,"featured_media":0,"comment_status":"open","ping_status":"open","sticky":false,"template":"","format":"standard","meta":{"footnotes":""},"categories":[68],"tags":[],"class_list":["post-8919","post","type-post","status-publish","format-standard","hentry","category-artes-visuales"],"yoast_head":"<!-- This site is optimized with the Yoast SEO plugin v25.0 - https:\/\/yoast.com\/wordpress\/plugins\/seo\/ -->\n<title>Taiw\u00e1n Invita A Escolares Chilenos A Participar En Exposici\u00f3n Mundial De Arte - Nuestro Bio B\u00edo<\/title>\n<meta name=\"robots\" content=\"index, follow, max-snippet:-1, max-image-preview:large, max-video-preview:-1\" \/>\n<link rel=\"canonical\" href=\"https:\/\/www.fraczinet.cl\/sitio\/2011\/01\/31\/taiwan-invita-a-escolares-chilenos-a-participar-en-exposicion-mundial-de-arte\/\" \/>\n<meta property=\"og:locale\" content=\"es_ES\" \/>\n<meta property=\"og:type\" content=\"article\" \/>\n<meta property=\"og:title\" content=\"Taiw\u00e1n Invita A Escolares Chilenos A Participar En Exposici\u00f3n Mundial De Arte - Nuestro Bio B\u00edo\" \/>\n<meta property=\"og:description\" content=\"Entre el 25 de agosto y el 27 de septiembre de 2011, tendr\u00e1 lugar la 42\u00aa Exposici\u00f3n Mundial de Arte Escolar, a desarrollarse en Taipei, Taiw\u00e1n, a la que est\u00e1n invitados a participar los ni\u00f1os de todo el mundo. Organizada por la Asociaci\u00f3n para la Educaci\u00f3n a Trav\u00e9s del Arte y la Asociaci\u00f3n para la [&hellip;]\" \/>\n<meta property=\"og:url\" content=\"https:\/\/www.fraczinet.cl\/sitio\/2011\/01\/31\/taiwan-invita-a-escolares-chilenos-a-participar-en-exposicion-mundial-de-arte\/\" \/>\n<meta property=\"og:site_name\" content=\"Nuestro Bio B\u00edo\" \/>\n<meta property=\"article:published_time\" content=\"2011-01-31T22:09:00+00:00\" \/>\n<meta property=\"og:image\" content=\"https:\/\/2.bp.blogspot.com\/_2S_RxGRVjis\/TUczn3eV7GI\/AAAAAAAASGg\/RCaBdAeNXf8\/s400\/expo%2Barte%2Bescolar.jpg\" \/>\n<meta name=\"author\" content=\"admin\" \/>\n<meta name=\"twitter:card\" content=\"summary_large_image\" \/>\n<meta name=\"twitter:creator\" content=\"@nuestrobiobio\" \/>\n<meta name=\"twitter:site\" content=\"@nuestrobiobio\" \/>\n<meta name=\"twitter:label1\" content=\"Escrito por\" \/>\n\t<meta name=\"twitter:data1\" content=\"admin\" \/>\n\t<meta name=\"twitter:label2\" content=\"Tiempo de lectura\" \/>\n\t<meta name=\"twitter:data2\" content=\"1 minuto\" \/>\n<script type=\"application\/ld+json\" class=\"yoast-schema-graph\">{\"@context\":\"https:\/\/schema.org\",\"@graph\":[{\"@type\":\"Article\",\"@id\":\"https:\/\/www.fraczinet.cl\/sitio\/2011\/01\/31\/taiwan-invita-a-escolares-chilenos-a-participar-en-exposicion-mundial-de-arte\/#article\",\"isPartOf\":{\"@id\":\"https:\/\/www.fraczinet.cl\/sitio\/2011\/01\/31\/taiwan-invita-a-escolares-chilenos-a-participar-en-exposicion-mundial-de-arte\/\"},\"author\":{\"name\":\"admin\",\"@id\":\"https:\/\/www.fraczinet.cl\/sitio\/#\/schema\/person\/bc30f98e9cb10ae7e119dbe14bc93784\"},\"headline\":\"Taiw\u00e1n Invita A Escolares Chilenos A Participar En Exposici\u00f3n Mundial De Arte\",\"datePublished\":\"2011-01-31T22:09:00+00:00\",\"mainEntityOfPage\":{\"@id\":\"https:\/\/www.fraczinet.cl\/sitio\/2011\/01\/31\/taiwan-invita-a-escolares-chilenos-a-participar-en-exposicion-mundial-de-arte\/\"},\"wordCount\":279,\"commentCount\":0,\"publisher\":{\"@id\":\"https:\/\/www.fraczinet.cl\/sitio\/#\/schema\/person\/aec8ee4da68df2b9b0eefdad24a0d582\"},\"image\":{\"@id\":\"https:\/\/www.fraczinet.cl\/sitio\/2011\/01\/31\/taiwan-invita-a-escolares-chilenos-a-participar-en-exposicion-mundial-de-arte\/#primaryimage\"},\"thumbnailUrl\":\"https:\/\/2.bp.blogspot.com\/_2S_RxGRVjis\/TUczn3eV7GI\/AAAAAAAASGg\/RCaBdAeNXf8\/s400\/expo%2Barte%2Bescolar.jpg\",\"articleSection\":[\"Artes Visuales\"],\"inLanguage\":\"es\",\"potentialAction\":[{\"@type\":\"CommentAction\",\"name\":\"Comment\",\"target\":[\"https:\/\/www.fraczinet.cl\/sitio\/2011\/01\/31\/taiwan-invita-a-escolares-chilenos-a-participar-en-exposicion-mundial-de-arte\/#respond\"]}]},{\"@type\":\"WebPage\",\"@id\":\"https:\/\/www.fraczinet.cl\/sitio\/2011\/01\/31\/taiwan-invita-a-escolares-chilenos-a-participar-en-exposicion-mundial-de-arte\/\",\"url\":\"https:\/\/www.fraczinet.cl\/sitio\/2011\/01\/31\/taiwan-invita-a-escolares-chilenos-a-participar-en-exposicion-mundial-de-arte\/\",\"name\":\"Taiw\u00e1n Invita A Escolares Chilenos A Participar En Exposici\u00f3n Mundial De Arte - Nuestro Bio B\u00edo\",\"isPartOf\":{\"@id\":\"https:\/\/www.fraczinet.cl\/sitio\/#website\"},\"primaryImageOfPage\":{\"@id\":\"https:\/\/www.fraczinet.cl\/sitio\/2011\/01\/31\/taiwan-invita-a-escolares-chilenos-a-participar-en-exposicion-mundial-de-arte\/#primaryimage\"},\"image\":{\"@id\":\"https:\/\/www.fraczinet.cl\/sitio\/2011\/01\/31\/taiwan-invita-a-escolares-chilenos-a-participar-en-exposicion-mundial-de-arte\/#primaryimage\"},\"thumbnailUrl\":\"https:\/\/2.bp.blogspot.com\/_2S_RxGRVjis\/TUczn3eV7GI\/AAAAAAAASGg\/RCaBdAeNXf8\/s400\/expo%2Barte%2Bescolar.jpg\",\"datePublished\":\"2011-01-31T22:09:00+00:00\",\"breadcrumb\":{\"@id\":\"https:\/\/www.fraczinet.cl\/sitio\/2011\/01\/31\/taiwan-invita-a-escolares-chilenos-a-participar-en-exposicion-mundial-de-arte\/#breadcrumb\"},\"inLanguage\":\"es\",\"potentialAction\":[{\"@type\":\"ReadAction\",\"target\":[\"https:\/\/www.fraczinet.cl\/sitio\/2011\/01\/31\/taiwan-invita-a-escolares-chilenos-a-participar-en-exposicion-mundial-de-arte\/\"]}]},{\"@type\":\"ImageObject\",\"inLanguage\":\"es\",\"@id\":\"https:\/\/www.fraczinet.cl\/sitio\/2011\/01\/31\/taiwan-invita-a-escolares-chilenos-a-participar-en-exposicion-mundial-de-arte\/#primaryimage\",\"url\":\"https:\/\/2.bp.blogspot.com\/_2S_RxGRVjis\/TUczn3eV7GI\/AAAAAAAASGg\/RCaBdAeNXf8\/s400\/expo%2Barte%2Bescolar.jpg\",\"contentUrl\":\"https:\/\/2.bp.blogspot.com\/_2S_RxGRVjis\/TUczn3eV7GI\/AAAAAAAASGg\/RCaBdAeNXf8\/s400\/expo%2Barte%2Bescolar.jpg\"},{\"@type\":\"BreadcrumbList\",\"@id\":\"https:\/\/www.fraczinet.cl\/sitio\/2011\/01\/31\/taiwan-invita-a-escolares-chilenos-a-participar-en-exposicion-mundial-de-arte\/#breadcrumb\",\"itemListElement\":[{\"@type\":\"ListItem\",\"position\":1,\"name\":\"Portada\",\"item\":\"https:\/\/www.fraczinet.cl\/sitio\/\"},{\"@type\":\"ListItem\",\"position\":2,\"name\":\"Taiw\u00e1n Invita A Escolares Chilenos A Participar En Exposici\u00f3n Mundial De Arte\"}]},{\"@type\":\"WebSite\",\"@id\":\"https:\/\/www.fraczinet.cl\/sitio\/#website\",\"url\":\"https:\/\/www.fraczinet.cl\/sitio\/\",\"name\":\"Nuestro Bio B\u00edo\",\"description\":\"Tierra de Encuentros\",\"publisher\":{\"@id\":\"https:\/\/www.fraczinet.cl\/sitio\/#\/schema\/person\/aec8ee4da68df2b9b0eefdad24a0d582\"},\"potentialAction\":[{\"@type\":\"SearchAction\",\"target\":{\"@type\":\"EntryPoint\",\"urlTemplate\":\"https:\/\/www.fraczinet.cl\/sitio\/?s={search_term_string}\"},\"query-input\":{\"@type\":\"PropertyValueSpecification\",\"valueRequired\":true,\"valueName\":\"search_term_string\"}}],\"inLanguage\":\"es\"},{\"@type\":[\"Person\",\"Organization\"],\"@id\":\"https:\/\/www.fraczinet.cl\/sitio\/#\/schema\/person\/aec8ee4da68df2b9b0eefdad24a0d582\",\"name\":\"Luis Fernando Fraczinet\",\"image\":{\"@type\":\"ImageObject\",\"inLanguage\":\"es\",\"@id\":\"https:\/\/www.fraczinet.cl\/sitio\/#\/schema\/person\/image\/\",\"url\":\"https:\/\/www.fraczinet.cl\/sitio\/wp-content\/uploads\/2021\/07\/bannerlogo-1.gif\",\"contentUrl\":\"https:\/\/www.fraczinet.cl\/sitio\/wp-content\/uploads\/2021\/07\/bannerlogo-1.gif\",\"width\":159,\"height\":79,\"caption\":\"Luis Fernando Fraczinet\"},\"logo\":{\"@id\":\"https:\/\/www.fraczinet.cl\/sitio\/#\/schema\/person\/image\/\"},\"sameAs\":[\"https:\/\/www.fraczinet.cl\/sitio\/\"]},{\"@type\":\"Person\",\"@id\":\"https:\/\/www.fraczinet.cl\/sitio\/#\/schema\/person\/bc30f98e9cb10ae7e119dbe14bc93784\",\"name\":\"admin\",\"image\":{\"@type\":\"ImageObject\",\"inLanguage\":\"es\",\"@id\":\"https:\/\/www.fraczinet.cl\/sitio\/#\/schema\/person\/image\/\",\"url\":\"https:\/\/secure.gravatar.com\/avatar\/d5ad3cf7ef3b23a2bb5be73be780c86b2fc8545c3ad6b149f3913ff458c00099?s=96&d=mm&r=g\",\"contentUrl\":\"https:\/\/secure.gravatar.com\/avatar\/d5ad3cf7ef3b23a2bb5be73be780c86b2fc8545c3ad6b149f3913ff458c00099?s=96&d=mm&r=g\",\"caption\":\"admin\"},\"sameAs\":[\"https:\/\/www.fraczinet.cl\/sitio\"]}]}<\/script>\n<!-- \/ Yoast SEO plugin. -->","yoast_head_json":{"title":"Taiw\u00e1n Invita A Escolares Chilenos A Participar En Exposici\u00f3n Mundial De Arte - Nuestro Bio B\u00edo","robots":{"index":"index","follow":"follow","max-snippet":"max-snippet:-1","max-image-preview":"max-image-preview:large","max-video-preview":"max-video-preview:-1"},"canonical":"https:\/\/www.fraczinet.cl\/sitio\/2011\/01\/31\/taiwan-invita-a-escolares-chilenos-a-participar-en-exposicion-mundial-de-arte\/","og_locale":"es_ES","og_type":"article","og_title":"Taiw\u00e1n Invita A Escolares Chilenos A Participar En Exposici\u00f3n Mundial De Arte - Nuestro Bio B\u00edo","og_description":"Entre el 25 de agosto y el 27 de septiembre de 2011, tendr\u00e1 lugar la 42\u00aa Exposici\u00f3n Mundial de Arte Escolar, a desarrollarse en Taipei, Taiw\u00e1n, a la que est\u00e1n invitados a participar los ni\u00f1os de todo el mundo. Organizada por la Asociaci\u00f3n para la Educaci\u00f3n a Trav\u00e9s del Arte y la Asociaci\u00f3n para la [&hellip;]","og_url":"https:\/\/www.fraczinet.cl\/sitio\/2011\/01\/31\/taiwan-invita-a-escolares-chilenos-a-participar-en-exposicion-mundial-de-arte\/","og_site_name":"Nuestro Bio B\u00edo","article_published_time":"2011-01-31T22:09:00+00:00","og_image":[{"url":"https:\/\/2.bp.blogspot.com\/_2S_RxGRVjis\/TUczn3eV7GI\/AAAAAAAASGg\/RCaBdAeNXf8\/s400\/expo%2Barte%2Bescolar.jpg","type":"","width":"","height":""}],"author":"admin","twitter_card":"summary_large_image","twitter_creator":"@nuestrobiobio","twitter_site":"@nuestrobiobio","twitter_misc":{"Escrito por":"admin","Tiempo de lectura":"1 minuto"},"schema":{"@context":"https:\/\/schema.org","@graph":[{"@type":"Article","@id":"https:\/\/www.fraczinet.cl\/sitio\/2011\/01\/31\/taiwan-invita-a-escolares-chilenos-a-participar-en-exposicion-mundial-de-arte\/#article","isPartOf":{"@id":"https:\/\/www.fraczinet.cl\/sitio\/2011\/01\/31\/taiwan-invita-a-escolares-chilenos-a-participar-en-exposicion-mundial-de-arte\/"},"author":{"name":"admin","@id":"https:\/\/www.fraczinet.cl\/sitio\/#\/schema\/person\/bc30f98e9cb10ae7e119dbe14bc93784"},"headline":"Taiw\u00e1n Invita A Escolares Chilenos A Participar En Exposici\u00f3n Mundial De Arte","datePublished":"2011-01-31T22:09:00+00:00","mainEntityOfPage":{"@id":"https:\/\/www.fraczinet.cl\/sitio\/2011\/01\/31\/taiwan-invita-a-escolares-chilenos-a-participar-en-exposicion-mundial-de-arte\/"},"wordCount":279,"commentCount":0,"publisher":{"@id":"https:\/\/www.fraczinet.cl\/sitio\/#\/schema\/person\/aec8ee4da68df2b9b0eefdad24a0d582"},"image":{"@id":"https:\/\/www.fraczinet.cl\/sitio\/2011\/01\/31\/taiwan-invita-a-escolares-chilenos-a-participar-en-exposicion-mundial-de-arte\/#primaryimage"},"thumbnailUrl":"https:\/\/2.bp.blogspot.com\/_2S_RxGRVjis\/TUczn3eV7GI\/AAAAAAAASGg\/RCaBdAeNXf8\/s400\/expo%2Barte%2Bescolar.jpg","articleSection":["Artes Visuales"],"inLanguage":"es","potentialAction":[{"@type":"CommentAction","name":"Comment","target":["https:\/\/www.fraczinet.cl\/sitio\/2011\/01\/31\/taiwan-invita-a-escolares-chilenos-a-participar-en-exposicion-mundial-de-arte\/#respond"]}]},{"@type":"WebPage","@id":"https:\/\/www.fraczinet.cl\/sitio\/2011\/01\/31\/taiwan-invita-a-escolares-chilenos-a-participar-en-exposicion-mundial-de-arte\/","url":"https:\/\/www.fraczinet.cl\/sitio\/2011\/01\/31\/taiwan-invita-a-escolares-chilenos-a-participar-en-exposicion-mundial-de-arte\/","name":"Taiw\u00e1n Invita A Escolares Chilenos A Participar En Exposici\u00f3n Mundial De Arte - Nuestro Bio B\u00edo","isPartOf":{"@id":"https:\/\/www.fraczinet.cl\/sitio\/#website"},"primaryImageOfPage":{"@id":"https:\/\/www.fraczinet.cl\/sitio\/2011\/01\/31\/taiwan-invita-a-escolares-chilenos-a-participar-en-exposicion-mundial-de-arte\/#primaryimage"},"image":{"@id":"https:\/\/www.fraczinet.cl\/sitio\/2011\/01\/31\/taiwan-invita-a-escolares-chilenos-a-participar-en-exposicion-mundial-de-arte\/#primaryimage"},"thumbnailUrl":"https:\/\/2.bp.blogspot.com\/_2S_RxGRVjis\/TUczn3eV7GI\/AAAAAAAASGg\/RCaBdAeNXf8\/s400\/expo%2Barte%2Bescolar.jpg","datePublished":"2011-01-31T22:09:00+00:00","breadcrumb":{"@id":"https:\/\/www.fraczinet.cl\/sitio\/2011\/01\/31\/taiwan-invita-a-escolares-chilenos-a-participar-en-exposicion-mundial-de-arte\/#breadcrumb"},"inLanguage":"es","potentialAction":[{"@type":"ReadAction","target":["https:\/\/www.fraczinet.cl\/sitio\/2011\/01\/31\/taiwan-invita-a-escolares-chilenos-a-participar-en-exposicion-mundial-de-arte\/"]}]},{"@type":"ImageObject","inLanguage":"es","@id":"https:\/\/www.fraczinet.cl\/sitio\/2011\/01\/31\/taiwan-invita-a-escolares-chilenos-a-participar-en-exposicion-mundial-de-arte\/#primaryimage","url":"https:\/\/2.bp.blogspot.com\/_2S_RxGRVjis\/TUczn3eV7GI\/AAAAAAAASGg\/RCaBdAeNXf8\/s400\/expo%2Barte%2Bescolar.jpg","contentUrl":"https:\/\/2.bp.blogspot.com\/_2S_RxGRVjis\/TUczn3eV7GI\/AAAAAAAASGg\/RCaBdAeNXf8\/s400\/expo%2Barte%2Bescolar.jpg"},{"@type":"BreadcrumbList","@id":"https:\/\/www.fraczinet.cl\/sitio\/2011\/01\/31\/taiwan-invita-a-escolares-chilenos-a-participar-en-exposicion-mundial-de-arte\/#breadcrumb","itemListElement":[{"@type":"ListItem","position":1,"name":"Portada","item":"https:\/\/www.fraczinet.cl\/sitio\/"},{"@type":"ListItem","position":2,"name":"Taiw\u00e1n Invita A Escolares Chilenos A Participar En Exposici\u00f3n Mundial De Arte"}]},{"@type":"WebSite","@id":"https:\/\/www.fraczinet.cl\/sitio\/#website","url":"https:\/\/www.fraczinet.cl\/sitio\/","name":"Nuestro Bio B\u00edo","description":"Tierra de Encuentros","publisher":{"@id":"https:\/\/www.fraczinet.cl\/sitio\/#\/schema\/person\/aec8ee4da68df2b9b0eefdad24a0d582"},"potentialAction":[{"@type":"SearchAction","target":{"@type":"EntryPoint","urlTemplate":"https:\/\/www.fraczinet.cl\/sitio\/?s={search_term_string}"},"query-input":{"@type":"PropertyValueSpecification","valueRequired":true,"valueName":"search_term_string"}}],"inLanguage":"es"},{"@type":["Person","Organization"],"@id":"https:\/\/www.fraczinet.cl\/sitio\/#\/schema\/person\/aec8ee4da68df2b9b0eefdad24a0d582","name":"Luis Fernando Fraczinet","image":{"@type":"ImageObject","inLanguage":"es","@id":"https:\/\/www.fraczinet.cl\/sitio\/#\/schema\/person\/image\/","url":"https:\/\/www.fraczinet.cl\/sitio\/wp-content\/uploads\/2021\/07\/bannerlogo-1.gif","contentUrl":"https:\/\/www.fraczinet.cl\/sitio\/wp-content\/uploads\/2021\/07\/bannerlogo-1.gif","width":159,"height":79,"caption":"Luis Fernando Fraczinet"},"logo":{"@id":"https:\/\/www.fraczinet.cl\/sitio\/#\/schema\/person\/image\/"},"sameAs":["https:\/\/www.fraczinet.cl\/sitio\/"]},{"@type":"Person","@id":"https:\/\/www.fraczinet.cl\/sitio\/#\/schema\/person\/bc30f98e9cb10ae7e119dbe14bc93784","name":"admin","image":{"@type":"ImageObject","inLanguage":"es","@id":"https:\/\/www.fraczinet.cl\/sitio\/#\/schema\/person\/image\/","url":"https:\/\/secure.gravatar.com\/avatar\/d5ad3cf7ef3b23a2bb5be73be780c86b2fc8545c3ad6b149f3913ff458c00099?s=96&d=mm&r=g","contentUrl":"https:\/\/secure.gravatar.com\/avatar\/d5ad3cf7ef3b23a2bb5be73be780c86b2fc8545c3ad6b149f3913ff458c00099?s=96&d=mm&r=g","caption":"admin"},"sameAs":["https:\/\/www.fraczinet.cl\/sitio"]}]}},"_links":{"self":[{"href":"https:\/\/www.fraczinet.cl\/sitio\/wp-json\/wp\/v2\/posts\/8919","targetHints":{"allow":["GET"]}}],"collection":[{"href":"https:\/\/www.fraczinet.cl\/sitio\/wp-json\/wp\/v2\/posts"}],"about":[{"href":"https:\/\/www.fraczinet.cl\/sitio\/wp-json\/wp\/v2\/types\/post"}],"author":[{"embeddable":true,"href":"https:\/\/www.fraczinet.cl\/sitio\/wp-json\/wp\/v2\/users\/1"}],"replies":[{"embeddable":true,"href":"https:\/\/www.fraczinet.cl\/sitio\/wp-json\/wp\/v2\/comments?post=8919"}],"version-history":[{"count":0,"href":"https:\/\/www.fraczinet.cl\/sitio\/wp-json\/wp\/v2\/posts\/8919\/revisions"}],"wp:attachment":[{"href":"https:\/\/www.fraczinet.cl\/sitio\/wp-json\/wp\/v2\/media?parent=8919"}],"wp:term":[{"taxonomy":"category","embeddable":true,"href":"https:\/\/www.fraczinet.cl\/sitio\/wp-json\/wp\/v2\/categories?post=8919"},{"taxonomy":"post_tag","embeddable":true,"href":"https:\/\/www.fraczinet.cl\/sitio\/wp-json\/wp\/v2\/tags?post=8919"}],"curies":[{"name":"wp","href":"https:\/\/api.w.org\/{rel}","templated":true}]}}