{"id":8922,"date":"2011-01-30T20:01:00","date_gmt":"2011-01-30T20:01:00","guid":{"rendered":"https:\/\/www.fraczinet.cl\/sitio\/2011\/01\/30\/gestores-culturales-se-organizan-nace-la-asociacion-nacional-de-gestores-y-organizaciones-culturales-ag\/"},"modified":"2011-01-30T20:01:00","modified_gmt":"2011-01-30T20:01:00","slug":"gestores-culturales-se-organizan-nace-la-asociacion-nacional-de-gestores-y-organizaciones-culturales-ag","status":"publish","type":"post","link":"https:\/\/www.fraczinet.cl\/sitio\/2011\/01\/30\/gestores-culturales-se-organizan-nace-la-asociacion-nacional-de-gestores-y-organizaciones-culturales-ag\/","title":{"rendered":"Gestores Culturales Se Organizan: Nace La Asociaci\u00f3n Nacional De Gestores Y Organizaciones Culturales, AG"},"content":{"rendered":"<div style=\"text-align: justify;\">En lo que fue definido como un paso hist\u00f3rico en el proceso de asociatividad de los gestores culturales chilenos, el pasado 26 de Enero el Diario oficial, inform\u00f3 sobre la constituci\u00f3n de la <span style=\"font-weight: bold;\">Asociaci\u00f3n Nacional de Gestores y Organizaciones Culturales de Chile (ANGECU \u2013 AG.)<\/span>.<\/div>\n<div style=\"text-align: justify;\"><\/div>\n<div style=\"text-align: justify;\">Teniendo como socios fundadores a 14 personas jur\u00eddicas y 43 personas naturales, la Asociaci\u00f3n agrupa a la fecha a gestores de Santiago, Coquimbo, Temuco y Coyhaique, siendo resultado del intenso proceso de asociatividad desarrollado a partir de los Encuentros Nacionales de Gestores y Animadores Culturales, realizados en Santiago 2009 y Concepci\u00f3n 2010.<\/div>\n<div style=\"text-align: justify;\"><\/div>\n<div style=\"text-align: justify;\">ANGECU es una organizaci\u00f3n de car\u00e1cter nacional, sin fines de lucro, de car\u00e1cter no confesional, no partidaria, ni gubernamental que expresa la voluntad de sus asociados de vincularse entre si y actuar colectivamente en pos del fortalecimiento del campo profesional de los gestores culturales y el desarrollo de la cultura y las artes en el pa\u00eds. De esta forma, busca constituirse en un espacio de encuentro, di\u00e1logo y cooperaci\u00f3n en funci\u00f3n del reconocimiento y valoraci\u00f3n del campo de la gesti\u00f3n cultural, sus pr\u00e1cticas, procesos y aprendizajes, en especial de los agentes comunitarios,  desarrollando iniciativas concretas en el plano de la formaci\u00f3n, seguridad social y participaci\u00f3n de sus asociados.<\/div>\n<div style=\"text-align: justify;\"><\/div>\n<div style=\"text-align: justify;\">ANGECU se plantea fortalecer una cultura de la participaci\u00f3n ciudadana en el sector, favoreciendo el di\u00e1logo entre los agentes culturales y el Estado en pos de un desarrollo cultural inclusivo, a la vez que estimular la asociatividad de los diversos agentes culturales. En lo que constituye una de sus caracter\u00edsticas principales, la Asociaci\u00f3n agrupa a personas naturales y jur\u00eddicas que se desenvuelven en el campo de la cultura y las artes, pudiendo adherirse a esta, gestores culturales, artistas, investigadores, as\u00ed como las organizaciones de finalidad art\u00edstica y cultural que posean Personalidad Jur\u00eddica vigente.<\/div>\n<div style=\"text-align: justify;\"><\/div>\n<div style=\"text-align: justify;\">Para continuar su trabajo, ANGECU realizar\u00e1 su primera Asamblea anual el s\u00e1bado 5 de febrero a las 11:30 horas en la Biblioteca de Santiago, invitando a las organizaciones, gestores culturales y artistas, que deseen incorporarse.<\/div>\n","protected":false},"excerpt":{"rendered":"<p>En lo que fue definido como un paso hist\u00f3rico en el proceso de asociatividad de los gestores culturales chilenos, el pasado 26 de Enero el Diario oficial, inform\u00f3 sobre la constituci\u00f3n de la Asociaci\u00f3n Nacional de Gestores y Organizaciones Culturales de Chile (ANGECU \u2013 AG.). Teniendo como socios fundadores a 14 personas jur\u00eddicas y 43 [&hellip;]<\/p>\n","protected":false},"author":1,"featured_media":0,"comment_status":"open","ping_status":"open","sticky":false,"template":"","format":"standard","meta":{"footnotes":""},"categories":[207],"tags":[],"class_list":["post-8922","post","type-post","status-publish","format-standard","hentry","category-gestion-cultural"],"yoast_head":"<!-- This site is optimized with the Yoast SEO plugin v25.0 - https:\/\/yoast.com\/wordpress\/plugins\/seo\/ -->\n<title>Gestores Culturales Se Organizan: Nace La Asociaci\u00f3n Nacional De Gestores Y Organizaciones Culturales, AG - Nuestro Bio B\u00edo<\/title>\n<meta name=\"robots\" content=\"index, follow, max-snippet:-1, max-image-preview:large, max-video-preview:-1\" \/>\n<link rel=\"canonical\" href=\"https:\/\/www.fraczinet.cl\/sitio\/2011\/01\/30\/gestores-culturales-se-organizan-nace-la-asociacion-nacional-de-gestores-y-organizaciones-culturales-ag\/\" \/>\n<meta property=\"og:locale\" content=\"es_ES\" \/>\n<meta property=\"og:type\" content=\"article\" \/>\n<meta property=\"og:title\" content=\"Gestores Culturales Se Organizan: Nace La Asociaci\u00f3n Nacional De Gestores Y Organizaciones Culturales, AG - Nuestro Bio B\u00edo\" \/>\n<meta property=\"og:description\" content=\"En lo que fue definido como un paso hist\u00f3rico en el proceso de asociatividad de los gestores culturales chilenos, el pasado 26 de Enero el Diario oficial, inform\u00f3 sobre la constituci\u00f3n de la Asociaci\u00f3n Nacional de Gestores y Organizaciones Culturales de Chile (ANGECU \u2013 AG.). Teniendo como socios fundadores a 14 personas jur\u00eddicas y 43 [&hellip;]\" \/>\n<meta property=\"og:url\" content=\"https:\/\/www.fraczinet.cl\/sitio\/2011\/01\/30\/gestores-culturales-se-organizan-nace-la-asociacion-nacional-de-gestores-y-organizaciones-culturales-ag\/\" \/>\n<meta property=\"og:site_name\" content=\"Nuestro Bio B\u00edo\" \/>\n<meta property=\"article:published_time\" content=\"2011-01-30T20:01:00+00:00\" \/>\n<meta property=\"og:image\" content=\"https:\/\/www.fraczinet.cl\/sitio\/wp-content\/uploads\/2021\/07\/bannerlogo-1.gif\" \/>\n\t<meta property=\"og:image:width\" content=\"159\" \/>\n\t<meta property=\"og:image:height\" content=\"79\" \/>\n\t<meta property=\"og:image:type\" content=\"image\/gif\" \/>\n<meta name=\"author\" content=\"admin\" \/>\n<meta name=\"twitter:card\" content=\"summary_large_image\" \/>\n<meta name=\"twitter:creator\" content=\"@nuestrobiobio\" \/>\n<meta name=\"twitter:site\" content=\"@nuestrobiobio\" \/>\n<meta name=\"twitter:label1\" content=\"Escrito por\" \/>\n\t<meta name=\"twitter:data1\" content=\"admin\" \/>\n\t<meta name=\"twitter:label2\" content=\"Tiempo de lectura\" \/>\n\t<meta name=\"twitter:data2\" content=\"2 minutos\" \/>\n<script type=\"application\/ld+json\" class=\"yoast-schema-graph\">{\"@context\":\"https:\/\/schema.org\",\"@graph\":[{\"@type\":\"Article\",\"@id\":\"https:\/\/www.fraczinet.cl\/sitio\/2011\/01\/30\/gestores-culturales-se-organizan-nace-la-asociacion-nacional-de-gestores-y-organizaciones-culturales-ag\/#article\",\"isPartOf\":{\"@id\":\"https:\/\/www.fraczinet.cl\/sitio\/2011\/01\/30\/gestores-culturales-se-organizan-nace-la-asociacion-nacional-de-gestores-y-organizaciones-culturales-ag\/\"},\"author\":{\"name\":\"admin\",\"@id\":\"https:\/\/www.fraczinet.cl\/sitio\/#\/schema\/person\/bc30f98e9cb10ae7e119dbe14bc93784\"},\"headline\":\"Gestores Culturales Se Organizan: Nace La Asociaci\u00f3n Nacional De Gestores Y Organizaciones Culturales, AG\",\"datePublished\":\"2011-01-30T20:01:00+00:00\",\"mainEntityOfPage\":{\"@id\":\"https:\/\/www.fraczinet.cl\/sitio\/2011\/01\/30\/gestores-culturales-se-organizan-nace-la-asociacion-nacional-de-gestores-y-organizaciones-culturales-ag\/\"},\"wordCount\":366,\"commentCount\":0,\"publisher\":{\"@id\":\"https:\/\/www.fraczinet.cl\/sitio\/#\/schema\/person\/aec8ee4da68df2b9b0eefdad24a0d582\"},\"articleSection\":[\"Gesti\u00f3n Cultural\"],\"inLanguage\":\"es\",\"potentialAction\":[{\"@type\":\"CommentAction\",\"name\":\"Comment\",\"target\":[\"https:\/\/www.fraczinet.cl\/sitio\/2011\/01\/30\/gestores-culturales-se-organizan-nace-la-asociacion-nacional-de-gestores-y-organizaciones-culturales-ag\/#respond\"]}]},{\"@type\":\"WebPage\",\"@id\":\"https:\/\/www.fraczinet.cl\/sitio\/2011\/01\/30\/gestores-culturales-se-organizan-nace-la-asociacion-nacional-de-gestores-y-organizaciones-culturales-ag\/\",\"url\":\"https:\/\/www.fraczinet.cl\/sitio\/2011\/01\/30\/gestores-culturales-se-organizan-nace-la-asociacion-nacional-de-gestores-y-organizaciones-culturales-ag\/\",\"name\":\"Gestores Culturales Se Organizan: Nace La Asociaci\u00f3n Nacional De Gestores Y Organizaciones Culturales, AG - Nuestro Bio B\u00edo\",\"isPartOf\":{\"@id\":\"https:\/\/www.fraczinet.cl\/sitio\/#website\"},\"datePublished\":\"2011-01-30T20:01:00+00:00\",\"breadcrumb\":{\"@id\":\"https:\/\/www.fraczinet.cl\/sitio\/2011\/01\/30\/gestores-culturales-se-organizan-nace-la-asociacion-nacional-de-gestores-y-organizaciones-culturales-ag\/#breadcrumb\"},\"inLanguage\":\"es\",\"potentialAction\":[{\"@type\":\"ReadAction\",\"target\":[\"https:\/\/www.fraczinet.cl\/sitio\/2011\/01\/30\/gestores-culturales-se-organizan-nace-la-asociacion-nacional-de-gestores-y-organizaciones-culturales-ag\/\"]}]},{\"@type\":\"BreadcrumbList\",\"@id\":\"https:\/\/www.fraczinet.cl\/sitio\/2011\/01\/30\/gestores-culturales-se-organizan-nace-la-asociacion-nacional-de-gestores-y-organizaciones-culturales-ag\/#breadcrumb\",\"itemListElement\":[{\"@type\":\"ListItem\",\"position\":1,\"name\":\"Portada\",\"item\":\"https:\/\/www.fraczinet.cl\/sitio\/\"},{\"@type\":\"ListItem\",\"position\":2,\"name\":\"Gestores Culturales Se Organizan: Nace La Asociaci\u00f3n Nacional De Gestores Y Organizaciones Culturales, AG\"}]},{\"@type\":\"WebSite\",\"@id\":\"https:\/\/www.fraczinet.cl\/sitio\/#website\",\"url\":\"https:\/\/www.fraczinet.cl\/sitio\/\",\"name\":\"Nuestro Bio B\u00edo\",\"description\":\"Tierra de Encuentros\",\"publisher\":{\"@id\":\"https:\/\/www.fraczinet.cl\/sitio\/#\/schema\/person\/aec8ee4da68df2b9b0eefdad24a0d582\"},\"potentialAction\":[{\"@type\":\"SearchAction\",\"target\":{\"@type\":\"EntryPoint\",\"urlTemplate\":\"https:\/\/www.fraczinet.cl\/sitio\/?s={search_term_string}\"},\"query-input\":{\"@type\":\"PropertyValueSpecification\",\"valueRequired\":true,\"valueName\":\"search_term_string\"}}],\"inLanguage\":\"es\"},{\"@type\":[\"Person\",\"Organization\"],\"@id\":\"https:\/\/www.fraczinet.cl\/sitio\/#\/schema\/person\/aec8ee4da68df2b9b0eefdad24a0d582\",\"name\":\"Luis Fernando Fraczinet\",\"image\":{\"@type\":\"ImageObject\",\"inLanguage\":\"es\",\"@id\":\"https:\/\/www.fraczinet.cl\/sitio\/#\/schema\/person\/image\/\",\"url\":\"https:\/\/www.fraczinet.cl\/sitio\/wp-content\/uploads\/2021\/07\/bannerlogo-1.gif\",\"contentUrl\":\"https:\/\/www.fraczinet.cl\/sitio\/wp-content\/uploads\/2021\/07\/bannerlogo-1.gif\",\"width\":159,\"height\":79,\"caption\":\"Luis Fernando Fraczinet\"},\"logo\":{\"@id\":\"https:\/\/www.fraczinet.cl\/sitio\/#\/schema\/person\/image\/\"},\"sameAs\":[\"https:\/\/www.fraczinet.cl\/sitio\/\"]},{\"@type\":\"Person\",\"@id\":\"https:\/\/www.fraczinet.cl\/sitio\/#\/schema\/person\/bc30f98e9cb10ae7e119dbe14bc93784\",\"name\":\"admin\",\"image\":{\"@type\":\"ImageObject\",\"inLanguage\":\"es\",\"@id\":\"https:\/\/www.fraczinet.cl\/sitio\/#\/schema\/person\/image\/\",\"url\":\"https:\/\/secure.gravatar.com\/avatar\/d5ad3cf7ef3b23a2bb5be73be780c86b2fc8545c3ad6b149f3913ff458c00099?s=96&d=mm&r=g\",\"contentUrl\":\"https:\/\/secure.gravatar.com\/avatar\/d5ad3cf7ef3b23a2bb5be73be780c86b2fc8545c3ad6b149f3913ff458c00099?s=96&d=mm&r=g\",\"caption\":\"admin\"},\"sameAs\":[\"https:\/\/www.fraczinet.cl\/sitio\"]}]}<\/script>\n<!-- \/ Yoast SEO plugin. -->","yoast_head_json":{"title":"Gestores Culturales Se Organizan: Nace La Asociaci\u00f3n Nacional De Gestores Y Organizaciones Culturales, AG - Nuestro Bio B\u00edo","robots":{"index":"index","follow":"follow","max-snippet":"max-snippet:-1","max-image-preview":"max-image-preview:large","max-video-preview":"max-video-preview:-1"},"canonical":"https:\/\/www.fraczinet.cl\/sitio\/2011\/01\/30\/gestores-culturales-se-organizan-nace-la-asociacion-nacional-de-gestores-y-organizaciones-culturales-ag\/","og_locale":"es_ES","og_type":"article","og_title":"Gestores Culturales Se Organizan: Nace La Asociaci\u00f3n Nacional De Gestores Y Organizaciones Culturales, AG - Nuestro Bio B\u00edo","og_description":"En lo que fue definido como un paso hist\u00f3rico en el proceso de asociatividad de los gestores culturales chilenos, el pasado 26 de Enero el Diario oficial, inform\u00f3 sobre la constituci\u00f3n de la Asociaci\u00f3n Nacional de Gestores y Organizaciones Culturales de Chile (ANGECU \u2013 AG.). Teniendo como socios fundadores a 14 personas jur\u00eddicas y 43 [&hellip;]","og_url":"https:\/\/www.fraczinet.cl\/sitio\/2011\/01\/30\/gestores-culturales-se-organizan-nace-la-asociacion-nacional-de-gestores-y-organizaciones-culturales-ag\/","og_site_name":"Nuestro Bio B\u00edo","article_published_time":"2011-01-30T20:01:00+00:00","og_image":[{"width":159,"height":79,"url":"https:\/\/www.fraczinet.cl\/sitio\/wp-content\/uploads\/2021\/07\/bannerlogo-1.gif","type":"image\/gif"}],"author":"admin","twitter_card":"summary_large_image","twitter_creator":"@nuestrobiobio","twitter_site":"@nuestrobiobio","twitter_misc":{"Escrito por":"admin","Tiempo de lectura":"2 minutos"},"schema":{"@context":"https:\/\/schema.org","@graph":[{"@type":"Article","@id":"https:\/\/www.fraczinet.cl\/sitio\/2011\/01\/30\/gestores-culturales-se-organizan-nace-la-asociacion-nacional-de-gestores-y-organizaciones-culturales-ag\/#article","isPartOf":{"@id":"https:\/\/www.fraczinet.cl\/sitio\/2011\/01\/30\/gestores-culturales-se-organizan-nace-la-asociacion-nacional-de-gestores-y-organizaciones-culturales-ag\/"},"author":{"name":"admin","@id":"https:\/\/www.fraczinet.cl\/sitio\/#\/schema\/person\/bc30f98e9cb10ae7e119dbe14bc93784"},"headline":"Gestores Culturales Se Organizan: Nace La Asociaci\u00f3n Nacional De Gestores Y Organizaciones Culturales, AG","datePublished":"2011-01-30T20:01:00+00:00","mainEntityOfPage":{"@id":"https:\/\/www.fraczinet.cl\/sitio\/2011\/01\/30\/gestores-culturales-se-organizan-nace-la-asociacion-nacional-de-gestores-y-organizaciones-culturales-ag\/"},"wordCount":366,"commentCount":0,"publisher":{"@id":"https:\/\/www.fraczinet.cl\/sitio\/#\/schema\/person\/aec8ee4da68df2b9b0eefdad24a0d582"},"articleSection":["Gesti\u00f3n Cultural"],"inLanguage":"es","potentialAction":[{"@type":"CommentAction","name":"Comment","target":["https:\/\/www.fraczinet.cl\/sitio\/2011\/01\/30\/gestores-culturales-se-organizan-nace-la-asociacion-nacional-de-gestores-y-organizaciones-culturales-ag\/#respond"]}]},{"@type":"WebPage","@id":"https:\/\/www.fraczinet.cl\/sitio\/2011\/01\/30\/gestores-culturales-se-organizan-nace-la-asociacion-nacional-de-gestores-y-organizaciones-culturales-ag\/","url":"https:\/\/www.fraczinet.cl\/sitio\/2011\/01\/30\/gestores-culturales-se-organizan-nace-la-asociacion-nacional-de-gestores-y-organizaciones-culturales-ag\/","name":"Gestores Culturales Se Organizan: Nace La Asociaci\u00f3n Nacional De Gestores Y Organizaciones Culturales, AG - Nuestro Bio B\u00edo","isPartOf":{"@id":"https:\/\/www.fraczinet.cl\/sitio\/#website"},"datePublished":"2011-01-30T20:01:00+00:00","breadcrumb":{"@id":"https:\/\/www.fraczinet.cl\/sitio\/2011\/01\/30\/gestores-culturales-se-organizan-nace-la-asociacion-nacional-de-gestores-y-organizaciones-culturales-ag\/#breadcrumb"},"inLanguage":"es","potentialAction":[{"@type":"ReadAction","target":["https:\/\/www.fraczinet.cl\/sitio\/2011\/01\/30\/gestores-culturales-se-organizan-nace-la-asociacion-nacional-de-gestores-y-organizaciones-culturales-ag\/"]}]},{"@type":"BreadcrumbList","@id":"https:\/\/www.fraczinet.cl\/sitio\/2011\/01\/30\/gestores-culturales-se-organizan-nace-la-asociacion-nacional-de-gestores-y-organizaciones-culturales-ag\/#breadcrumb","itemListElement":[{"@type":"ListItem","position":1,"name":"Portada","item":"https:\/\/www.fraczinet.cl\/sitio\/"},{"@type":"ListItem","position":2,"name":"Gestores Culturales Se Organizan: Nace La Asociaci\u00f3n Nacional De Gestores Y Organizaciones Culturales, AG"}]},{"@type":"WebSite","@id":"https:\/\/www.fraczinet.cl\/sitio\/#website","url":"https:\/\/www.fraczinet.cl\/sitio\/","name":"Nuestro Bio B\u00edo","description":"Tierra de Encuentros","publisher":{"@id":"https:\/\/www.fraczinet.cl\/sitio\/#\/schema\/person\/aec8ee4da68df2b9b0eefdad24a0d582"},"potentialAction":[{"@type":"SearchAction","target":{"@type":"EntryPoint","urlTemplate":"https:\/\/www.fraczinet.cl\/sitio\/?s={search_term_string}"},"query-input":{"@type":"PropertyValueSpecification","valueRequired":true,"valueName":"search_term_string"}}],"inLanguage":"es"},{"@type":["Person","Organization"],"@id":"https:\/\/www.fraczinet.cl\/sitio\/#\/schema\/person\/aec8ee4da68df2b9b0eefdad24a0d582","name":"Luis Fernando Fraczinet","image":{"@type":"ImageObject","inLanguage":"es","@id":"https:\/\/www.fraczinet.cl\/sitio\/#\/schema\/person\/image\/","url":"https:\/\/www.fraczinet.cl\/sitio\/wp-content\/uploads\/2021\/07\/bannerlogo-1.gif","contentUrl":"https:\/\/www.fraczinet.cl\/sitio\/wp-content\/uploads\/2021\/07\/bannerlogo-1.gif","width":159,"height":79,"caption":"Luis Fernando Fraczinet"},"logo":{"@id":"https:\/\/www.fraczinet.cl\/sitio\/#\/schema\/person\/image\/"},"sameAs":["https:\/\/www.fraczinet.cl\/sitio\/"]},{"@type":"Person","@id":"https:\/\/www.fraczinet.cl\/sitio\/#\/schema\/person\/bc30f98e9cb10ae7e119dbe14bc93784","name":"admin","image":{"@type":"ImageObject","inLanguage":"es","@id":"https:\/\/www.fraczinet.cl\/sitio\/#\/schema\/person\/image\/","url":"https:\/\/secure.gravatar.com\/avatar\/d5ad3cf7ef3b23a2bb5be73be780c86b2fc8545c3ad6b149f3913ff458c00099?s=96&d=mm&r=g","contentUrl":"https:\/\/secure.gravatar.com\/avatar\/d5ad3cf7ef3b23a2bb5be73be780c86b2fc8545c3ad6b149f3913ff458c00099?s=96&d=mm&r=g","caption":"admin"},"sameAs":["https:\/\/www.fraczinet.cl\/sitio"]}]}},"_links":{"self":[{"href":"https:\/\/www.fraczinet.cl\/sitio\/wp-json\/wp\/v2\/posts\/8922","targetHints":{"allow":["GET"]}}],"collection":[{"href":"https:\/\/www.fraczinet.cl\/sitio\/wp-json\/wp\/v2\/posts"}],"about":[{"href":"https:\/\/www.fraczinet.cl\/sitio\/wp-json\/wp\/v2\/types\/post"}],"author":[{"embeddable":true,"href":"https:\/\/www.fraczinet.cl\/sitio\/wp-json\/wp\/v2\/users\/1"}],"replies":[{"embeddable":true,"href":"https:\/\/www.fraczinet.cl\/sitio\/wp-json\/wp\/v2\/comments?post=8922"}],"version-history":[{"count":0,"href":"https:\/\/www.fraczinet.cl\/sitio\/wp-json\/wp\/v2\/posts\/8922\/revisions"}],"wp:attachment":[{"href":"https:\/\/www.fraczinet.cl\/sitio\/wp-json\/wp\/v2\/media?parent=8922"}],"wp:term":[{"taxonomy":"category","embeddable":true,"href":"https:\/\/www.fraczinet.cl\/sitio\/wp-json\/wp\/v2\/categories?post=8922"},{"taxonomy":"post_tag","embeddable":true,"href":"https:\/\/www.fraczinet.cl\/sitio\/wp-json\/wp\/v2\/tags?post=8922"}],"curies":[{"name":"wp","href":"https:\/\/api.w.org\/{rel}","templated":true}]}}